{"id":892,"date":"2018-05-12T16:35:32","date_gmt":"2018-05-12T14:35:32","guid":{"rendered":"http:\/\/voyages-en-france.fr\/?p=892"},"modified":"2019-02-02T15:26:26","modified_gmt":"2019-02-02T14:26:26","slug":"collegiale-royale-sainte-marthe-a-tarascon","status":"publish","type":"post","link":"https:\/\/voyages-en-france.fr\/index.php\/2018\/05\/12\/collegiale-royale-sainte-marthe-a-tarascon\/","title":{"rendered":"Coll\u00e9giale Royale Sainte-Marthe \u00e0 Tarascon"},"content":{"rendered":"<span itemprop=\"description\"><h2>Sainte Marthe de B\u00e9thanie \u00e0 Tarascon en Provence<\/h2>\n<p>L&rsquo;\u00e9glise Sainte-Marthe fut \u00e9rig\u00e9e aux XI\u00e9me et XII\u00e9me si\u00e8cles en l&rsquo;honneur de Marthe de B\u00e9thanie (soeur de Marie de B\u00e9thanie, et Lazare). Elle est venue de Palestine probablement pourchass\u00e9e par les premi\u00e8res pers\u00e9cutions avec Marie de B\u00e9thanie, Marie Jacob\u00e9e et Marie Salom\u00e9e, les <a href=\"https:\/\/voyages-en-france.fr\/index.php\/2017\/12\/18\/saintes-maries-de-mer-capitale-de-camargue\/\">Saintes Maries<\/a>.\u00a0Selon l&rsquo;histoire proven\u00e7ale, c&rsquo;est elle qui dompta la Tarasque, un monstre amphibien qui vivait dans le Rh\u00f4ne et terrorisait la population de Tarascon. Elle s&rsquo;installa \u00e0 Tarascon \u00e0 l&rsquo;endroit o\u00f9 se trouve maintenant la Coll\u00e9giale Royale.<\/p>\n<figure id=\"attachment_900\" aria-describedby=\"caption-attachment-900\" style=\"width: 844px\" class=\"wp-caption aligncenter\"><img data-recalc-dims=\"1\" loading=\"lazy\" decoding=\"async\" data-attachment-id=\"900\" data-permalink=\"https:\/\/voyages-en-france.fr\/index.php\/2018\/05\/12\/collegiale-royale-sainte-marthe-a-tarascon\/p1880042-35pc\/\" data-orig-file=\"https:\/\/i0.wp.com\/voyages-en-france.fr\/wp-content\/uploads\/2018\/05\/P1880042-35pc.jpg?fit=1915%2C1277&amp;ssl=1\" data-orig-size=\"1915,1277\" data-comments-opened=\"1\" data-image-meta=\"{&quot;aperture&quot;:&quot;8&quot;,&quot;credit&quot;:&quot;&quot;,&quot;camera&quot;:&quot;DMC-FZ1000&quot;,&quot;caption&quot;:&quot;&quot;,&quot;created_timestamp&quot;:&quot;1526034884&quot;,&quot;copyright&quot;:&quot;&quot;,&quot;focal_length&quot;:&quot;18.44&quot;,&quot;iso&quot;:&quot;125&quot;,&quot;shutter_speed&quot;:&quot;0.000625&quot;,&quot;title&quot;:&quot;&quot;,&quot;orientation&quot;:&quot;1&quot;}\" data-image-title=\"P1880042 [35pc]\" data-image-description=\"&lt;p&gt;la tarasque de Tarascon&lt;\/p&gt;\n\" data-image-caption=\"&lt;p&gt;la tarasque de Tarascon&lt;\/p&gt;\n\" data-medium-file=\"https:\/\/i0.wp.com\/voyages-en-france.fr\/wp-content\/uploads\/2018\/05\/P1880042-35pc.jpg?fit=300%2C200&amp;ssl=1\" data-large-file=\"https:\/\/i0.wp.com\/voyages-en-france.fr\/wp-content\/uploads\/2018\/05\/P1880042-35pc.jpg?fit=1024%2C683&amp;ssl=1\" class=\" wp-image-900\" src=\"https:\/\/i0.wp.com\/voyages-en-france.fr\/wp-content\/uploads\/2018\/05\/P1880042-35pc.jpg?resize=844%2C563&#038;ssl=1\" alt=\"la tarasque de Tarascon\" width=\"844\" height=\"563\" srcset=\"https:\/\/i0.wp.com\/voyages-en-france.fr\/wp-content\/uploads\/2018\/05\/P1880042-35pc.jpg?resize=1024%2C683&amp;ssl=1 1024w, https:\/\/i0.wp.com\/voyages-en-france.fr\/wp-content\/uploads\/2018\/05\/P1880042-35pc.jpg?resize=300%2C200&amp;ssl=1 300w, https:\/\/i0.wp.com\/voyages-en-france.fr\/wp-content\/uploads\/2018\/05\/P1880042-35pc.jpg?resize=768%2C512&amp;ssl=1 768w, https:\/\/i0.wp.com\/voyages-en-france.fr\/wp-content\/uploads\/2018\/05\/P1880042-35pc.jpg?resize=1200%2C800&amp;ssl=1 1200w, https:\/\/i0.wp.com\/voyages-en-france.fr\/wp-content\/uploads\/2018\/05\/P1880042-35pc.jpg?w=1915&amp;ssl=1 1915w\" sizes=\"auto, (max-width: 844px) 100vw, 844px\" \/><figcaption id=\"caption-attachment-900\" class=\"wp-caption-text\">la tarasque de Tarascon<\/figcaption><\/figure>\n<p>La Coll\u00e9giale Royale fut consacr\u00e9e le 1er juin 1197, par Imbert d&rsquo;Eygui\u00e8res, archev\u00eaque d&rsquo;Arles, assist\u00e9 de Rostaing de Marguerite, \u00e9v\u00eaque d&rsquo;Avignon.\u00a0L&rsquo;\u00e9glise fut reconstruite au XIV\u00e9me si\u00e8cle, remani\u00e9e au XV\u00e9me si\u00e8cle et encore au XVII\u00e9me si\u00e8cle. Elle fut endommag\u00e9e en 1944 et restaur\u00e9e. Le quartier tout autour est typique des reconstructions suite aux bombardements de la 2\u00e9me Guerre Mondiale.\u00a0Le sanctuaire, dont la crypte renferme le tombeau de sainte Marthe, fut \u00e9lev\u00e9 au titre de coll\u00e9giale en 1482.<\/p>\n<figure id=\"attachment_896\" aria-describedby=\"caption-attachment-896\" style=\"width: 570px\" class=\"wp-caption aligncenter\"><img data-recalc-dims=\"1\" loading=\"lazy\" decoding=\"async\" data-attachment-id=\"896\" data-permalink=\"https:\/\/voyages-en-france.fr\/index.php\/2018\/05\/12\/collegiale-royale-sainte-marthe-a-tarascon\/2018-05-11-11-07-34-35pc\/\" data-orig-file=\"https:\/\/i0.wp.com\/voyages-en-france.fr\/wp-content\/uploads\/2018\/05\/2018-05-11-11.07.34-35pc.jpg?fit=1058%2C1411&amp;ssl=1\" data-orig-size=\"1058,1411\" data-comments-opened=\"1\" data-image-meta=\"{&quot;aperture&quot;:&quot;1.8&quot;,&quot;credit&quot;:&quot;&quot;,&quot;camera&quot;:&quot;iPhone 7&quot;,&quot;caption&quot;:&quot;&quot;,&quot;created_timestamp&quot;:&quot;1526036854&quot;,&quot;copyright&quot;:&quot;&quot;,&quot;focal_length&quot;:&quot;3.99&quot;,&quot;iso&quot;:&quot;64&quot;,&quot;shutter_speed&quot;:&quot;0.058823529411765&quot;,&quot;title&quot;:&quot;&quot;,&quot;orientation&quot;:&quot;1&quot;}\" data-image-title=\"2018-05-11 11.07.34 [35pc]\" data-image-description=\"&lt;p&gt;Coll\u00e9giale Royale Sainte-Marthe \u00e0 Tarascon&lt;\/p&gt;\n\" data-image-caption=\"&lt;p&gt;Coll\u00e9giale Royale Sainte-Marthe \u00e0 Tarascon&lt;\/p&gt;\n\" data-medium-file=\"https:\/\/i0.wp.com\/voyages-en-france.fr\/wp-content\/uploads\/2018\/05\/2018-05-11-11.07.34-35pc.jpg?fit=225%2C300&amp;ssl=1\" data-large-file=\"https:\/\/i0.wp.com\/voyages-en-france.fr\/wp-content\/uploads\/2018\/05\/2018-05-11-11.07.34-35pc.jpg?fit=768%2C1024&amp;ssl=1\" class=\" wp-image-896\" src=\"https:\/\/i0.wp.com\/voyages-en-france.fr\/wp-content\/uploads\/2018\/05\/2018-05-11-11.07.34-35pc.jpg?resize=570%2C760&#038;ssl=1\" alt=\"Coll\u00e9giale Royale Sainte-Marthe \u00e0 Tarascon\" width=\"570\" height=\"760\" srcset=\"https:\/\/i0.wp.com\/voyages-en-france.fr\/wp-content\/uploads\/2018\/05\/2018-05-11-11.07.34-35pc.jpg?resize=768%2C1024&amp;ssl=1 768w, https:\/\/i0.wp.com\/voyages-en-france.fr\/wp-content\/uploads\/2018\/05\/2018-05-11-11.07.34-35pc.jpg?resize=225%2C300&amp;ssl=1 225w, https:\/\/i0.wp.com\/voyages-en-france.fr\/wp-content\/uploads\/2018\/05\/2018-05-11-11.07.34-35pc.jpg?w=1058&amp;ssl=1 1058w\" sizes=\"auto, (max-width: 570px) 100vw, 570px\" \/><figcaption id=\"caption-attachment-896\" class=\"wp-caption-text\">Coll\u00e9giale Royale Sainte-Marthe \u00e0 Tarascon<\/figcaption><\/figure>\n<p>Dans cette \u00e9glise b\u00e2tie sur l&#8217;emplacement du tombeau de Marthe, les fid\u00e8les sont venus prier en grand nombre \u00e0 toutes les \u00e9poques.\u00a0Tout d&rsquo;abord Clovis en l&rsquo;an 500, qui \u00e9tait tomb\u00e9 malade au cours du si\u00e8ge d&rsquo;Avignon et qu&rsquo;elle avait gu\u00e9ri ; Louis IX se rendant \u00e0 Aigues-Mortes (1248) ; de 1314 \u00e0 1404 les papes d&rsquo;Avignon Cl\u00e9ment V, Jean XXII, Beno\u00eet XII, Cl\u00e9ment VI, Cl\u00e9ment VII, Urbain V et Beno\u00eet XIII ; le roi Ren\u00e9 (1434 \u00e0 1480) ; le dauphin de France futur Louis XI (1447) ; Fran\u00e7ois Ier et la reine Claude de France apr\u00e8s Marignan (1516) ; le roi Charles IX et sa m\u00e8re Catherine de M\u00e9dicis (07\/12\/1564) ; la reine Anne d&rsquo;Autriche (1632) et le cardinal de Richelieu (26\/09\/1632) ; le cardinal de Richelieu puis Louis XIII (1642) ; Louis XIV, sa m\u00e8re Anne d&rsquo;Autriche et le cardinal Mazarin (12\/01\/1660) ; Napol\u00e9on Bonaparte capitaine du 4e r\u00e9giment d&rsquo;artillerie (29\/07\/1793) ; le pape Pie VII apr\u00e8s sa lib\u00e9ration \u00e0 Fontainebleau (1814) ; l&#8217;empereur Napol\u00e9on III venu visiter les sinistr\u00e9s des inondations (1856) ; Mgr Roncalli, nonce \u00e0 Paris et futur pape Jean XXIII (1948).<\/p>\n<figure id=\"attachment_899\" aria-describedby=\"caption-attachment-899\" style=\"width: 1024px\" class=\"wp-caption aligncenter\"><img data-recalc-dims=\"1\" loading=\"lazy\" decoding=\"async\" data-attachment-id=\"899\" data-permalink=\"https:\/\/voyages-en-france.fr\/index.php\/2018\/05\/12\/collegiale-royale-sainte-marthe-a-tarascon\/p1870994-35pc\/\" data-orig-file=\"https:\/\/i0.wp.com\/voyages-en-france.fr\/wp-content\/uploads\/2018\/05\/P1870994-35pc.jpg?fit=1915%2C1277&amp;ssl=1\" data-orig-size=\"1915,1277\" data-comments-opened=\"1\" data-image-meta=\"{&quot;aperture&quot;:&quot;3.7&quot;,&quot;credit&quot;:&quot;&quot;,&quot;camera&quot;:&quot;DMC-FZ1000&quot;,&quot;caption&quot;:&quot;&quot;,&quot;created_timestamp&quot;:&quot;1526031269&quot;,&quot;copyright&quot;:&quot;&quot;,&quot;focal_length&quot;:&quot;28.55&quot;,&quot;iso&quot;:&quot;1600&quot;,&quot;shutter_speed&quot;:&quot;0.016666666666667&quot;,&quot;title&quot;:&quot;&quot;,&quot;orientation&quot;:&quot;1&quot;}\" data-image-title=\"P1870994 [35pc]\" data-image-description=\"&lt;p&gt;Coll\u00e9giale Royale Sainte-Marthe \u00e0 Tarascon&lt;\/p&gt;\n\" data-image-caption=\"&lt;p&gt;Coll\u00e9giale Royale Sainte-Marthe \u00e0 Tarascon&lt;\/p&gt;\n\" data-medium-file=\"https:\/\/i0.wp.com\/voyages-en-france.fr\/wp-content\/uploads\/2018\/05\/P1870994-35pc.jpg?fit=300%2C200&amp;ssl=1\" data-large-file=\"https:\/\/i0.wp.com\/voyages-en-france.fr\/wp-content\/uploads\/2018\/05\/P1870994-35pc.jpg?fit=1024%2C683&amp;ssl=1\" class=\"size-large wp-image-899\" src=\"https:\/\/i0.wp.com\/voyages-en-france.fr\/wp-content\/uploads\/2018\/05\/P1870994-35pc.jpg?resize=1024%2C683&#038;ssl=1\" alt=\"Coll\u00e9giale Royale Sainte-Marthe \u00e0 Tarascon\" width=\"1024\" height=\"683\" srcset=\"https:\/\/i0.wp.com\/voyages-en-france.fr\/wp-content\/uploads\/2018\/05\/P1870994-35pc.jpg?resize=1024%2C683&amp;ssl=1 1024w, https:\/\/i0.wp.com\/voyages-en-france.fr\/wp-content\/uploads\/2018\/05\/P1870994-35pc.jpg?resize=300%2C200&amp;ssl=1 300w, https:\/\/i0.wp.com\/voyages-en-france.fr\/wp-content\/uploads\/2018\/05\/P1870994-35pc.jpg?resize=768%2C512&amp;ssl=1 768w, https:\/\/i0.wp.com\/voyages-en-france.fr\/wp-content\/uploads\/2018\/05\/P1870994-35pc.jpg?resize=1200%2C800&amp;ssl=1 1200w, https:\/\/i0.wp.com\/voyages-en-france.fr\/wp-content\/uploads\/2018\/05\/P1870994-35pc.jpg?w=1915&amp;ssl=1 1915w\" sizes=\"auto, (max-width: 1024px) 100vw, 1024px\" \/><figcaption id=\"caption-attachment-899\" class=\"wp-caption-text\">Coll\u00e9giale Royale Sainte-Marthe \u00e0 Tarascon<\/figcaption><\/figure>\n<p>C&rsquo;est l&rsquo;un des sanctuaires les plus c\u00e9l\u00e8bres de Provence. Au c\u0153ur d&rsquo;une maison romaine, d\u00e9couverte en 1979 sous la crypte actuelle, se trouve une\u00a0tombe du 1<sup>er<\/sup> si\u00e8cle. Au IVe si\u00e8cle une premi\u00e8re basilique accueille le sarcophage de sainte.<\/p>\n<figure id=\"attachment_897\" aria-describedby=\"caption-attachment-897\" style=\"width: 1024px\" class=\"wp-caption aligncenter\"><img data-recalc-dims=\"1\" loading=\"lazy\" decoding=\"async\" data-attachment-id=\"897\" data-permalink=\"https:\/\/voyages-en-france.fr\/index.php\/2018\/05\/12\/collegiale-royale-sainte-marthe-a-tarascon\/p1870963-35pc\/\" data-orig-file=\"https:\/\/i0.wp.com\/voyages-en-france.fr\/wp-content\/uploads\/2018\/05\/P1870963-35pc.jpg?fit=1915%2C1277&amp;ssl=1\" data-orig-size=\"1915,1277\" data-comments-opened=\"1\" data-image-meta=\"{&quot;aperture&quot;:&quot;2.8&quot;,&quot;credit&quot;:&quot;&quot;,&quot;camera&quot;:&quot;DMC-FZ1000&quot;,&quot;caption&quot;:&quot;&quot;,&quot;created_timestamp&quot;:&quot;1525984668&quot;,&quot;copyright&quot;:&quot;&quot;,&quot;focal_length&quot;:&quot;9.12&quot;,&quot;iso&quot;:&quot;1250&quot;,&quot;shutter_speed&quot;:&quot;0.016666666666667&quot;,&quot;title&quot;:&quot;&quot;,&quot;orientation&quot;:&quot;1&quot;}\" data-image-title=\"P1870963 [35pc]\" data-image-description=\"&lt;p&gt;Coll\u00e9giale Royale Sainte-Marthe \u00e0 Tarascon&lt;\/p&gt;\n\" data-image-caption=\"&lt;p&gt;Coll\u00e9giale Royale Sainte-Marthe \u00e0 Tarascon&lt;\/p&gt;\n\" data-medium-file=\"https:\/\/i0.wp.com\/voyages-en-france.fr\/wp-content\/uploads\/2018\/05\/P1870963-35pc.jpg?fit=300%2C200&amp;ssl=1\" data-large-file=\"https:\/\/i0.wp.com\/voyages-en-france.fr\/wp-content\/uploads\/2018\/05\/P1870963-35pc.jpg?fit=1024%2C683&amp;ssl=1\" class=\"size-large wp-image-897\" src=\"https:\/\/i0.wp.com\/voyages-en-france.fr\/wp-content\/uploads\/2018\/05\/P1870963-35pc.jpg?resize=1024%2C683&#038;ssl=1\" alt=\"Coll\u00e9giale Royale Sainte-Marthe \u00e0 Tarascon\" width=\"1024\" height=\"683\" srcset=\"https:\/\/i0.wp.com\/voyages-en-france.fr\/wp-content\/uploads\/2018\/05\/P1870963-35pc.jpg?resize=1024%2C683&amp;ssl=1 1024w, https:\/\/i0.wp.com\/voyages-en-france.fr\/wp-content\/uploads\/2018\/05\/P1870963-35pc.jpg?resize=300%2C200&amp;ssl=1 300w, https:\/\/i0.wp.com\/voyages-en-france.fr\/wp-content\/uploads\/2018\/05\/P1870963-35pc.jpg?resize=768%2C512&amp;ssl=1 768w, https:\/\/i0.wp.com\/voyages-en-france.fr\/wp-content\/uploads\/2018\/05\/P1870963-35pc.jpg?resize=1200%2C800&amp;ssl=1 1200w, https:\/\/i0.wp.com\/voyages-en-france.fr\/wp-content\/uploads\/2018\/05\/P1870963-35pc.jpg?w=1915&amp;ssl=1 1915w\" sizes=\"auto, (max-width: 1024px) 100vw, 1024px\" \/><figcaption id=\"caption-attachment-897\" class=\"wp-caption-text\">Coll\u00e9giale Royale Sainte-Marthe \u00e0 Tarascon<\/figcaption><\/figure>\n<h2>Tarascon, o\u00f9 est-ce?<\/h2>\n<p>Tarascon est une ville moyenne (15 000 habitants) sur le Rh\u00f4ne (dans les Bouches du Rh\u00f4ne), en face de Beaucaire (ville similaire du Gard). Tarascon est \u00e0 25 kilom\u00e8tre en aval d&rsquo;Avignon et 20 kilom\u00e8tre en amont d&rsquo;Arles. Les 2 villes forment une agglom\u00e9ration de 30 000 habitants et souffrent toutes les deux d&rsquo;un manque d&rsquo;attraction \u00e9conomique.<\/p>\n<p style=\"text-align: center;\"><iframe loading=\"lazy\" style=\"border: 0;\" src=\"https:\/\/www.google.com\/maps\/embed?pb=!1m18!1m12!1m3!1d154937.34992393473!2d4.561273857335798!3d43.8154616914383!2m3!1f0!2f0!3f0!3m2!1i1024!2i768!4f13.1!3m3!1m2!1s0x12b5dc64b17e98d1%3A0xf6287472632bbc6d!2sColl%C3%A9giale+Royale+Sainte+Marthe!5e0!3m2!1sfr!2sfr!4v1526133787559\" width=\"750\" height=\"450\" frameborder=\"0\" allowfullscreen=\"allowfullscreen\"><span data-mce-type=\"bookmark\" style=\"display: inline-block; width: 0px; overflow: hidden; line-height: 0;\" class=\"mce_SELRES_start\">\ufeff<\/span><\/iframe><\/p>\n<h2>Qui est Sainte Marthe?<\/h2>\n<p>Marthe est la s\u0153ur de <a href=\"https:\/\/voyages-en-france.fr\/index.php\/tag\/sainte-marie-madeleine\/\">Marie-Madeleine<\/a> et de Lazare.\u00a0\u00a0Noble femme juive de Palestine, elle\u00a0vit \u00e0 B\u00e9thanie, pr\u00e8s de J\u00e9rusalem.\u00a0\u00a0Ma\u00eetresse-femme, c&rsquo;est le sens de son nom en h\u00e9breu, elle se distingue par son \u00e9nergie, son amabilit\u00e9,\u00a0\u00a0sa charit\u00e9 envers les pauvres et par l&rsquo;hospitalit\u00e9 d\u00e9licate qu&rsquo;elle r\u00e9serve \u00e0 J\u00e9sus et \u00e0 ses disciples.<\/p>\n<figure id=\"attachment_898\" aria-describedby=\"caption-attachment-898\" style=\"width: 760px\" class=\"wp-caption aligncenter\"><img data-recalc-dims=\"1\" loading=\"lazy\" decoding=\"async\" data-attachment-id=\"898\" data-permalink=\"https:\/\/voyages-en-france.fr\/index.php\/2018\/05\/12\/collegiale-royale-sainte-marthe-a-tarascon\/p1870972-35pc\/\" data-orig-file=\"https:\/\/i0.wp.com\/voyages-en-france.fr\/wp-content\/uploads\/2018\/05\/P1870972-35pc.jpg?fit=1915%2C1277&amp;ssl=1\" data-orig-size=\"1915,1277\" data-comments-opened=\"1\" data-image-meta=\"{&quot;aperture&quot;:&quot;3.9&quot;,&quot;credit&quot;:&quot;&quot;,&quot;camera&quot;:&quot;DMC-FZ1000&quot;,&quot;caption&quot;:&quot;&quot;,&quot;created_timestamp&quot;:&quot;1526030540&quot;,&quot;copyright&quot;:&quot;&quot;,&quot;focal_length&quot;:&quot;39.97&quot;,&quot;iso&quot;:&quot;1000&quot;,&quot;shutter_speed&quot;:&quot;0.008&quot;,&quot;title&quot;:&quot;&quot;,&quot;orientation&quot;:&quot;1&quot;}\" data-image-title=\"P1870972 [35pc]\" data-image-description=\"&lt;p&gt;Coll\u00e9giale Royale Sainte-Marthe \u00e0 Tarascon&lt;\/p&gt;\n\" data-image-caption=\"&lt;p&gt;Coll\u00e9giale Royale Sainte-Marthe \u00e0 Tarascon&lt;\/p&gt;\n\" data-medium-file=\"https:\/\/i0.wp.com\/voyages-en-france.fr\/wp-content\/uploads\/2018\/05\/P1870972-35pc.jpg?fit=300%2C200&amp;ssl=1\" data-large-file=\"https:\/\/i0.wp.com\/voyages-en-france.fr\/wp-content\/uploads\/2018\/05\/P1870972-35pc.jpg?fit=1024%2C683&amp;ssl=1\" class=\" wp-image-898\" src=\"https:\/\/i0.wp.com\/voyages-en-france.fr\/wp-content\/uploads\/2018\/05\/P1870972-35pc.jpg?resize=760%2C507&#038;ssl=1\" alt=\"Coll\u00e9giale Royale Sainte-Marthe \u00e0 Tarascon\" width=\"760\" height=\"507\" srcset=\"https:\/\/i0.wp.com\/voyages-en-france.fr\/wp-content\/uploads\/2018\/05\/P1870972-35pc.jpg?resize=1024%2C683&amp;ssl=1 1024w, https:\/\/i0.wp.com\/voyages-en-france.fr\/wp-content\/uploads\/2018\/05\/P1870972-35pc.jpg?resize=300%2C200&amp;ssl=1 300w, https:\/\/i0.wp.com\/voyages-en-france.fr\/wp-content\/uploads\/2018\/05\/P1870972-35pc.jpg?resize=768%2C512&amp;ssl=1 768w, https:\/\/i0.wp.com\/voyages-en-france.fr\/wp-content\/uploads\/2018\/05\/P1870972-35pc.jpg?resize=1200%2C800&amp;ssl=1 1200w, https:\/\/i0.wp.com\/voyages-en-france.fr\/wp-content\/uploads\/2018\/05\/P1870972-35pc.jpg?w=1915&amp;ssl=1 1915w\" sizes=\"auto, (max-width: 760px) 100vw, 760px\" \/><figcaption id=\"caption-attachment-898\" class=\"wp-caption-text\">Coll\u00e9giale Royale Sainte-Marthe \u00e0 Tarascon<\/figcaption><\/figure>\n<p>La tradition proven\u00e7ale, attest\u00e9e \u00e0 partir du Xe si\u00e8cle, fait de Marthe une des ap\u00f4tres de la Provence.\u00a0Vers l&rsquo;an 48, lors des pers\u00e9cutions contre les chr\u00e9tiens, sa famille aurait quitt\u00e9 la Palestine et abord\u00e9 pr\u00e8s de Marseille o\u00f9 Lazare organise la premi\u00e8re communaut\u00e9 chr\u00e9tienne et Marie-Madeleine \u00e9vang\u00e9lise la r\u00e9gion d&rsquo;Aix et se retire \u00e0 la <a href=\"https:\/\/voyages-en-france.fr\/index.php\/2018\/01\/02\/grotte-de-sainte-baume-plan-daups-marie-madeleine-provence\/\">Sainte Baume<\/a>. Marthe gagne le territoire d&rsquo;Avignon et implante la foi au Christ \u00e0 Tarascon en Provence.<\/p>\n<p>En effet, on lui attribue de grands miracles dont celui d&rsquo;avoir terrass\u00e9 un monstre appel\u00e9 Tarasque &#8211; probablement un crocodile \u00e9chapp\u00e9 des ar\u00e8nes d&rsquo;Arles &#8211; qui g\u00eetait sous le rocher de l&rsquo;actuel Ch\u00e2teau\u00a0Royal, au bord du Rh\u00f4ne et qui terrorisait la contr\u00e9e.<\/p>\n<p>Sa parole fut persuasive: si vous \u00eates dispos\u00e9 \u00e0 croire, tout est possible \u00e0 celui qui croit. Apr\u00e8s avoir fait le signe de la croix sur la b\u00eate et l&rsquo;avoir attach\u00e9e avec sa ceinture, elle l&rsquo;amena aux\u00a0tarasconnais qui la taill\u00e8rent en pi\u00e8ces. La Tarasque est devenue l&#8217;embl\u00e8me de la cit\u00e9 et Marthe sa protectrice.<\/p>\n<p>Marthe termina sa vie dans la pri\u00e8re, le secours des pauvres et l&rsquo;enseignement de l&rsquo;\u00c9vangile aux humbles et aux jeunes vierges qui composaient une communaut\u00e9 l\u00e0 o\u00f9 se dresse aujourd&rsquo;hui la\u00a0Coll\u00e9giale qui lui est consacr\u00e9e.<\/p>\n<p>De nombreuses congr\u00e9gations religieuses se sont plac\u00e9es sous son patronage dont les s\u0153urs des Hospices de Beaune et son culte est r\u00e9pandu dans le monde entier.\u00a0Marthe est la patronne des m\u00e9tiers de bouche et de service, des aubergistes, des p\u00e2tissiers et des serruriers.<\/p>\n<figure id=\"attachment_901\" aria-describedby=\"caption-attachment-901\" style=\"width: 683px\" class=\"wp-caption aligncenter\"><img data-recalc-dims=\"1\" loading=\"lazy\" decoding=\"async\" data-attachment-id=\"901\" data-permalink=\"https:\/\/voyages-en-france.fr\/index.php\/2018\/05\/12\/collegiale-royale-sainte-marthe-a-tarascon\/p1880202-35pc\/\" data-orig-file=\"https:\/\/i0.wp.com\/voyages-en-france.fr\/wp-content\/uploads\/2018\/05\/P1880202-35pc.jpg?fit=1277%2C1915&amp;ssl=1\" data-orig-size=\"1277,1915\" data-comments-opened=\"1\" data-image-meta=\"{&quot;aperture&quot;:&quot;4&quot;,&quot;credit&quot;:&quot;&quot;,&quot;camera&quot;:&quot;DMC-FZ1000&quot;,&quot;caption&quot;:&quot;&quot;,&quot;created_timestamp&quot;:&quot;1526037648&quot;,&quot;copyright&quot;:&quot;&quot;,&quot;focal_length&quot;:&quot;22.2&quot;,&quot;iso&quot;:&quot;125&quot;,&quot;shutter_speed&quot;:&quot;0.001&quot;,&quot;title&quot;:&quot;&quot;,&quot;orientation&quot;:&quot;1&quot;}\" data-image-title=\"P1880202 [35pc]\" data-image-description=\"&lt;p&gt;Coll\u00e9giale Royale Sainte-Marthe \u00e0 Tarascon&lt;\/p&gt;\n\" data-image-caption=\"&lt;p&gt;Coll\u00e9giale Royale Sainte-Marthe \u00e0 Tarascon&lt;\/p&gt;\n\" data-medium-file=\"https:\/\/i0.wp.com\/voyages-en-france.fr\/wp-content\/uploads\/2018\/05\/P1880202-35pc.jpg?fit=200%2C300&amp;ssl=1\" data-large-file=\"https:\/\/i0.wp.com\/voyages-en-france.fr\/wp-content\/uploads\/2018\/05\/P1880202-35pc.jpg?fit=683%2C1024&amp;ssl=1\" class=\"size-large wp-image-901\" src=\"https:\/\/i0.wp.com\/voyages-en-france.fr\/wp-content\/uploads\/2018\/05\/P1880202-35pc.jpg?resize=683%2C1024&#038;ssl=1\" alt=\"Coll\u00e9giale Royale Sainte-Marthe \u00e0 Tarascon\" width=\"683\" height=\"1024\" srcset=\"https:\/\/i0.wp.com\/voyages-en-france.fr\/wp-content\/uploads\/2018\/05\/P1880202-35pc.jpg?resize=683%2C1024&amp;ssl=1 683w, https:\/\/i0.wp.com\/voyages-en-france.fr\/wp-content\/uploads\/2018\/05\/P1880202-35pc.jpg?resize=200%2C300&amp;ssl=1 200w, https:\/\/i0.wp.com\/voyages-en-france.fr\/wp-content\/uploads\/2018\/05\/P1880202-35pc.jpg?resize=768%2C1152&amp;ssl=1 768w, https:\/\/i0.wp.com\/voyages-en-france.fr\/wp-content\/uploads\/2018\/05\/P1880202-35pc.jpg?resize=1200%2C1800&amp;ssl=1 1200w, https:\/\/i0.wp.com\/voyages-en-france.fr\/wp-content\/uploads\/2018\/05\/P1880202-35pc.jpg?w=1277&amp;ssl=1 1277w\" sizes=\"auto, (max-width: 683px) 100vw, 683px\" \/><figcaption id=\"caption-attachment-901\" class=\"wp-caption-text\">Coll\u00e9giale Royale Sainte-Marthe \u00e0 Tarascon<\/figcaption><\/figure>\n<span>","protected":false},"excerpt":{"rendered":"<p class=\"excerpt\"><span itemprop=\"description\">Sainte Marthe de B\u00e9thanie \u00e0 Tarascon en Provence L&rsquo;\u00e9glise Sainte-Marthe fut \u00e9rig\u00e9e aux XI\u00e9me et XII\u00e9me si\u00e8cles en l&rsquo;honneur de Marthe de B\u00e9thanie (soeur de Marie de B\u00e9thanie, et Lazare). Elle est venue de Palestine probablement pourchass\u00e9e par les premi\u00e8res&hellip;<\/span><\/p>\n<p class=\"more-link-p btn-align-right\"><a class=\"blue zoom-btn\" href=\"https:\/\/voyages-en-france.fr\/index.php\/2018\/05\/12\/collegiale-royale-sainte-marthe-a-tarascon\/\">Lire la suite<\/a><\/p>\n","protected":false},"author":1,"featured_media":895,"comment_status":"open","ping_status":"open","sticky":false,"template":"","format":"standard","meta":{"pgc_sgb_lightbox_settings":"","jetpack_post_was_ever_published":false,"_bos_mb_destination":[""],"_jetpack_newsletter_access":"","_jetpack_dont_email_post_to_subs":false,"_jetpack_newsletter_tier_id":0,"_jetpack_memberships_contains_paywalled_content":false,"_jetpack_memberships_contains_paid_content":false,"footnotes":"","jetpack_publicize_message":"","jetpack_publicize_feature_enabled":true,"jetpack_social_post_already_shared":true,"jetpack_social_options":{"image_generator_settings":{"template":"highway","default_image_id":0,"font":"","enabled":false},"version":2}},"categories":[18],"tags":[90,91,6,166],"class_list":["post-892","post","type-post","status-publish","format-standard","has-post-thumbnail","hentry","category-sanctuaire","tag-90","tag-bouches-du-rhone","tag-provence-alpes-cote-dazur","tag-tarascon","zoom-theme-has-thumb"],"yoast_head":"<!-- This site is optimized with the Yoast SEO plugin v27.1.1 - https:\/\/yoast.com\/product\/yoast-seo-wordpress\/ -->\n<title>Coll\u00e9giale Royale Sainte-Marthe \u00e0 Tarascon - Voyages-en-France.fr<\/title>\n<meta name=\"description\" content=\"Coll\u00e9giale Royale Sainte-Marthe \u00e0 Tarascon Sanctuaire % -\" \/>\n<meta name=\"robots\" content=\"index, follow, max-snippet:-1, max-image-preview:large, max-video-preview:-1\" \/>\n<link rel=\"canonical\" href=\"https:\/\/voyages-en-france.fr\/index.php\/2018\/05\/12\/collegiale-royale-sainte-marthe-a-tarascon\/\" \/>\n<meta property=\"og:locale\" content=\"fr_FR\" \/>\n<meta property=\"og:type\" content=\"article\" \/>\n<meta property=\"og:title\" content=\"Coll\u00e9giale Royale Sainte-Marthe \u00e0 Tarascon - Voyages-en-France.fr\" \/>\n<meta property=\"og:description\" content=\"Coll\u00e9giale Royale Sainte-Marthe \u00e0 Tarascon Sanctuaire % -\" \/>\n<meta property=\"og:url\" content=\"https:\/\/voyages-en-france.fr\/index.php\/2018\/05\/12\/collegiale-royale-sainte-marthe-a-tarascon\/\" \/>\n<meta property=\"og:site_name\" content=\"Voyages-en-France.fr\" \/>\n<meta property=\"article:publisher\" content=\"https:\/\/www.facebook.com\/voyages.au.coeur.de.la.france\/\" \/>\n<meta property=\"article:author\" content=\"https:\/\/www.facebook.com\/voyages.au.coeur.de.la.france\/\" \/>\n<meta property=\"article:published_time\" content=\"2018-05-12T14:35:32+00:00\" \/>\n<meta property=\"article:modified_time\" content=\"2019-02-02T14:26:26+00:00\" \/>\n<meta property=\"og:image\" content=\"https:\/\/i0.wp.com\/voyages-en-france.fr\/wp-content\/uploads\/2018\/05\/P1880263-35pc.jpg?fit=1915%2C1277&ssl=1\" \/>\n\t<meta property=\"og:image:width\" content=\"1915\" \/>\n\t<meta property=\"og:image:height\" content=\"1277\" \/>\n\t<meta property=\"og:image:type\" content=\"image\/jpeg\" \/>\n<meta name=\"author\" content=\"Christophe\" \/>\n<meta name=\"twitter:card\" content=\"summary_large_image\" \/>\n<meta name=\"twitter:creator\" content=\"@Voyages_France\" \/>\n<meta name=\"twitter:site\" content=\"@Voyages_France\" \/>\n<meta name=\"twitter:label1\" content=\"\u00c9crit par\" \/>\n\t<meta name=\"twitter:data1\" content=\"Christophe\" \/>\n\t<meta name=\"twitter:label2\" content=\"Dur\u00e9e de lecture estim\u00e9e\" \/>\n\t<meta name=\"twitter:data2\" content=\"4 minutes\" \/>\n<script type=\"application\/ld+json\" class=\"yoast-schema-graph\">{\"@context\":\"https:\/\/schema.org\",\"@graph\":[{\"@type\":\"Article\",\"@id\":\"https:\/\/voyages-en-france.fr\/index.php\/2018\/05\/12\/collegiale-royale-sainte-marthe-a-tarascon\/#article\",\"isPartOf\":{\"@id\":\"https:\/\/voyages-en-france.fr\/index.php\/2018\/05\/12\/collegiale-royale-sainte-marthe-a-tarascon\/\"},\"author\":{\"name\":\"Christophe\",\"@id\":\"https:\/\/voyages-en-france.fr\/#\/schema\/person\/611a624b57cd68dd2e4c3f7d385420e2\"},\"headline\":\"Coll\u00e9giale Royale Sainte-Marthe \u00e0 Tarascon\",\"datePublished\":\"2018-05-12T14:35:32+00:00\",\"dateModified\":\"2019-02-02T14:26:26+00:00\",\"mainEntityOfPage\":{\"@id\":\"https:\/\/voyages-en-france.fr\/index.php\/2018\/05\/12\/collegiale-royale-sainte-marthe-a-tarascon\/\"},\"wordCount\":886,\"commentCount\":0,\"publisher\":{\"@id\":\"https:\/\/voyages-en-france.fr\/#\/schema\/person\/611a624b57cd68dd2e4c3f7d385420e2\"},\"image\":{\"@id\":\"https:\/\/voyages-en-france.fr\/index.php\/2018\/05\/12\/collegiale-royale-sainte-marthe-a-tarascon\/#primaryimage\"},\"thumbnailUrl\":\"https:\/\/i0.wp.com\/voyages-en-france.fr\/wp-content\/uploads\/2018\/05\/P1880263-35pc.jpg?fit=1915%2C1277&ssl=1\",\"keywords\":[\"13\",\"Bouches du Rh\u00f4ne\",\"Provence Alpes C\u00f4te d'Azur\",\"Tarascon\"],\"articleSection\":[\"Sanctuaire\"],\"inLanguage\":\"fr-FR\",\"potentialAction\":[{\"@type\":\"CommentAction\",\"name\":\"Comment\",\"target\":[\"https:\/\/voyages-en-france.fr\/index.php\/2018\/05\/12\/collegiale-royale-sainte-marthe-a-tarascon\/#respond\"]}]},{\"@type\":\"WebPage\",\"@id\":\"https:\/\/voyages-en-france.fr\/index.php\/2018\/05\/12\/collegiale-royale-sainte-marthe-a-tarascon\/\",\"url\":\"https:\/\/voyages-en-france.fr\/index.php\/2018\/05\/12\/collegiale-royale-sainte-marthe-a-tarascon\/\",\"name\":\"Coll\u00e9giale Royale Sainte-Marthe \u00e0 Tarascon - Voyages-en-France.fr\",\"isPartOf\":{\"@id\":\"https:\/\/voyages-en-france.fr\/#website\"},\"primaryImageOfPage\":{\"@id\":\"https:\/\/voyages-en-france.fr\/index.php\/2018\/05\/12\/collegiale-royale-sainte-marthe-a-tarascon\/#primaryimage\"},\"image\":{\"@id\":\"https:\/\/voyages-en-france.fr\/index.php\/2018\/05\/12\/collegiale-royale-sainte-marthe-a-tarascon\/#primaryimage\"},\"thumbnailUrl\":\"https:\/\/i0.wp.com\/voyages-en-france.fr\/wp-content\/uploads\/2018\/05\/P1880263-35pc.jpg?fit=1915%2C1277&ssl=1\",\"datePublished\":\"2018-05-12T14:35:32+00:00\",\"dateModified\":\"2019-02-02T14:26:26+00:00\",\"description\":\"Coll\u00e9giale Royale Sainte-Marthe \u00e0 Tarascon Sanctuaire % -\",\"breadcrumb\":{\"@id\":\"https:\/\/voyages-en-france.fr\/index.php\/2018\/05\/12\/collegiale-royale-sainte-marthe-a-tarascon\/#breadcrumb\"},\"inLanguage\":\"fr-FR\",\"potentialAction\":[{\"@type\":\"ReadAction\",\"target\":[\"https:\/\/voyages-en-france.fr\/index.php\/2018\/05\/12\/collegiale-royale-sainte-marthe-a-tarascon\/\"]}]},{\"@type\":\"ImageObject\",\"inLanguage\":\"fr-FR\",\"@id\":\"https:\/\/voyages-en-france.fr\/index.php\/2018\/05\/12\/collegiale-royale-sainte-marthe-a-tarascon\/#primaryimage\",\"url\":\"https:\/\/i0.wp.com\/voyages-en-france.fr\/wp-content\/uploads\/2018\/05\/P1880263-35pc.jpg?fit=1915%2C1277&ssl=1\",\"contentUrl\":\"https:\/\/i0.wp.com\/voyages-en-france.fr\/wp-content\/uploads\/2018\/05\/P1880263-35pc.jpg?fit=1915%2C1277&ssl=1\",\"width\":1915,\"height\":1277,\"caption\":\"Coll\u00e9giale Royale Sainte-Marthe \u00e0 Tarascon\"},{\"@type\":\"BreadcrumbList\",\"@id\":\"https:\/\/voyages-en-france.fr\/index.php\/2018\/05\/12\/collegiale-royale-sainte-marthe-a-tarascon\/#breadcrumb\",\"itemListElement\":[{\"@type\":\"ListItem\",\"position\":1,\"name\":\"Accueil\",\"item\":\"https:\/\/voyages-en-france.fr\/\"},{\"@type\":\"ListItem\",\"position\":2,\"name\":\"Coll\u00e9giale Royale Sainte-Marthe \u00e0 Tarascon\"}]},{\"@type\":\"WebSite\",\"@id\":\"https:\/\/voyages-en-france.fr\/#website\",\"url\":\"https:\/\/voyages-en-france.fr\/\",\"name\":\"Voyages-en-France.fr\",\"description\":\"D\u00e9couvrir la France, son patrimoine, ses richesses naturelles, son histoire...\",\"publisher\":{\"@id\":\"https:\/\/voyages-en-france.fr\/#\/schema\/person\/611a624b57cd68dd2e4c3f7d385420e2\"},\"potentialAction\":[{\"@type\":\"SearchAction\",\"target\":{\"@type\":\"EntryPoint\",\"urlTemplate\":\"https:\/\/voyages-en-france.fr\/?s={search_term_string}\"},\"query-input\":{\"@type\":\"PropertyValueSpecification\",\"valueRequired\":true,\"valueName\":\"search_term_string\"}}],\"inLanguage\":\"fr-FR\"},{\"@type\":[\"Person\",\"Organization\"],\"@id\":\"https:\/\/voyages-en-france.fr\/#\/schema\/person\/611a624b57cd68dd2e4c3f7d385420e2\",\"name\":\"Christophe\",\"image\":{\"@type\":\"ImageObject\",\"inLanguage\":\"fr-FR\",\"@id\":\"https:\/\/voyages-en-france.fr\/#\/schema\/person\/image\/\",\"url\":\"https:\/\/i0.wp.com\/voyages-en-france.fr\/wp-content\/uploads\/2017\/11\/cropped-FRANCE-1.jpg?fit=324%2C324&ssl=1\",\"contentUrl\":\"https:\/\/i0.wp.com\/voyages-en-france.fr\/wp-content\/uploads\/2017\/11\/cropped-FRANCE-1.jpg?fit=324%2C324&ssl=1\",\"width\":324,\"height\":324,\"caption\":\"Christophe\"},\"logo\":{\"@id\":\"https:\/\/voyages-en-france.fr\/#\/schema\/person\/image\/\"},\"sameAs\":[\"http:\/\/voyages-en-france.fr\/\",\"https:\/\/www.facebook.com\/voyages.au.coeur.de.la.france\/\",\"https:\/\/www.instagram.com\/voyages_en_france\/\",\"https:\/\/x.com\/Voyages_France\"]}]}<\/script>\n<!-- \/ Yoast SEO plugin. -->","yoast_head_json":{"title":"Coll\u00e9giale Royale Sainte-Marthe \u00e0 Tarascon - Voyages-en-France.fr","description":"Coll\u00e9giale Royale Sainte-Marthe \u00e0 Tarascon Sanctuaire % -","robots":{"index":"index","follow":"follow","max-snippet":"max-snippet:-1","max-image-preview":"max-image-preview:large","max-video-preview":"max-video-preview:-1"},"canonical":"https:\/\/voyages-en-france.fr\/index.php\/2018\/05\/12\/collegiale-royale-sainte-marthe-a-tarascon\/","og_locale":"fr_FR","og_type":"article","og_title":"Coll\u00e9giale Royale Sainte-Marthe \u00e0 Tarascon - Voyages-en-France.fr","og_description":"Coll\u00e9giale Royale Sainte-Marthe \u00e0 Tarascon Sanctuaire % -","og_url":"https:\/\/voyages-en-france.fr\/index.php\/2018\/05\/12\/collegiale-royale-sainte-marthe-a-tarascon\/","og_site_name":"Voyages-en-France.fr","article_publisher":"https:\/\/www.facebook.com\/voyages.au.coeur.de.la.france\/","article_author":"https:\/\/www.facebook.com\/voyages.au.coeur.de.la.france\/","article_published_time":"2018-05-12T14:35:32+00:00","article_modified_time":"2019-02-02T14:26:26+00:00","og_image":[{"width":1915,"height":1277,"url":"https:\/\/i0.wp.com\/voyages-en-france.fr\/wp-content\/uploads\/2018\/05\/P1880263-35pc.jpg?fit=1915%2C1277&ssl=1","type":"image\/jpeg"}],"author":"Christophe","twitter_card":"summary_large_image","twitter_creator":"@Voyages_France","twitter_site":"@Voyages_France","twitter_misc":{"\u00c9crit par":"Christophe","Dur\u00e9e de lecture estim\u00e9e":"4 minutes"},"schema":{"@context":"https:\/\/schema.org","@graph":[{"@type":"Article","@id":"https:\/\/voyages-en-france.fr\/index.php\/2018\/05\/12\/collegiale-royale-sainte-marthe-a-tarascon\/#article","isPartOf":{"@id":"https:\/\/voyages-en-france.fr\/index.php\/2018\/05\/12\/collegiale-royale-sainte-marthe-a-tarascon\/"},"author":{"name":"Christophe","@id":"https:\/\/voyages-en-france.fr\/#\/schema\/person\/611a624b57cd68dd2e4c3f7d385420e2"},"headline":"Coll\u00e9giale Royale Sainte-Marthe \u00e0 Tarascon","datePublished":"2018-05-12T14:35:32+00:00","dateModified":"2019-02-02T14:26:26+00:00","mainEntityOfPage":{"@id":"https:\/\/voyages-en-france.fr\/index.php\/2018\/05\/12\/collegiale-royale-sainte-marthe-a-tarascon\/"},"wordCount":886,"commentCount":0,"publisher":{"@id":"https:\/\/voyages-en-france.fr\/#\/schema\/person\/611a624b57cd68dd2e4c3f7d385420e2"},"image":{"@id":"https:\/\/voyages-en-france.fr\/index.php\/2018\/05\/12\/collegiale-royale-sainte-marthe-a-tarascon\/#primaryimage"},"thumbnailUrl":"https:\/\/i0.wp.com\/voyages-en-france.fr\/wp-content\/uploads\/2018\/05\/P1880263-35pc.jpg?fit=1915%2C1277&ssl=1","keywords":["13","Bouches du Rh\u00f4ne","Provence Alpes C\u00f4te d'Azur","Tarascon"],"articleSection":["Sanctuaire"],"inLanguage":"fr-FR","potentialAction":[{"@type":"CommentAction","name":"Comment","target":["https:\/\/voyages-en-france.fr\/index.php\/2018\/05\/12\/collegiale-royale-sainte-marthe-a-tarascon\/#respond"]}]},{"@type":"WebPage","@id":"https:\/\/voyages-en-france.fr\/index.php\/2018\/05\/12\/collegiale-royale-sainte-marthe-a-tarascon\/","url":"https:\/\/voyages-en-france.fr\/index.php\/2018\/05\/12\/collegiale-royale-sainte-marthe-a-tarascon\/","name":"Coll\u00e9giale Royale Sainte-Marthe \u00e0 Tarascon - Voyages-en-France.fr","isPartOf":{"@id":"https:\/\/voyages-en-france.fr\/#website"},"primaryImageOfPage":{"@id":"https:\/\/voyages-en-france.fr\/index.php\/2018\/05\/12\/collegiale-royale-sainte-marthe-a-tarascon\/#primaryimage"},"image":{"@id":"https:\/\/voyages-en-france.fr\/index.php\/2018\/05\/12\/collegiale-royale-sainte-marthe-a-tarascon\/#primaryimage"},"thumbnailUrl":"https:\/\/i0.wp.com\/voyages-en-france.fr\/wp-content\/uploads\/2018\/05\/P1880263-35pc.jpg?fit=1915%2C1277&ssl=1","datePublished":"2018-05-12T14:35:32+00:00","dateModified":"2019-02-02T14:26:26+00:00","description":"Coll\u00e9giale Royale Sainte-Marthe \u00e0 Tarascon Sanctuaire % -","breadcrumb":{"@id":"https:\/\/voyages-en-france.fr\/index.php\/2018\/05\/12\/collegiale-royale-sainte-marthe-a-tarascon\/#breadcrumb"},"inLanguage":"fr-FR","potentialAction":[{"@type":"ReadAction","target":["https:\/\/voyages-en-france.fr\/index.php\/2018\/05\/12\/collegiale-royale-sainte-marthe-a-tarascon\/"]}]},{"@type":"ImageObject","inLanguage":"fr-FR","@id":"https:\/\/voyages-en-france.fr\/index.php\/2018\/05\/12\/collegiale-royale-sainte-marthe-a-tarascon\/#primaryimage","url":"https:\/\/i0.wp.com\/voyages-en-france.fr\/wp-content\/uploads\/2018\/05\/P1880263-35pc.jpg?fit=1915%2C1277&ssl=1","contentUrl":"https:\/\/i0.wp.com\/voyages-en-france.fr\/wp-content\/uploads\/2018\/05\/P1880263-35pc.jpg?fit=1915%2C1277&ssl=1","width":1915,"height":1277,"caption":"Coll\u00e9giale Royale Sainte-Marthe \u00e0 Tarascon"},{"@type":"BreadcrumbList","@id":"https:\/\/voyages-en-france.fr\/index.php\/2018\/05\/12\/collegiale-royale-sainte-marthe-a-tarascon\/#breadcrumb","itemListElement":[{"@type":"ListItem","position":1,"name":"Accueil","item":"https:\/\/voyages-en-france.fr\/"},{"@type":"ListItem","position":2,"name":"Coll\u00e9giale Royale Sainte-Marthe \u00e0 Tarascon"}]},{"@type":"WebSite","@id":"https:\/\/voyages-en-france.fr\/#website","url":"https:\/\/voyages-en-france.fr\/","name":"Voyages-en-France.fr","description":"D\u00e9couvrir la France, son patrimoine, ses richesses naturelles, son histoire...","publisher":{"@id":"https:\/\/voyages-en-france.fr\/#\/schema\/person\/611a624b57cd68dd2e4c3f7d385420e2"},"potentialAction":[{"@type":"SearchAction","target":{"@type":"EntryPoint","urlTemplate":"https:\/\/voyages-en-france.fr\/?s={search_term_string}"},"query-input":{"@type":"PropertyValueSpecification","valueRequired":true,"valueName":"search_term_string"}}],"inLanguage":"fr-FR"},{"@type":["Person","Organization"],"@id":"https:\/\/voyages-en-france.fr\/#\/schema\/person\/611a624b57cd68dd2e4c3f7d385420e2","name":"Christophe","image":{"@type":"ImageObject","inLanguage":"fr-FR","@id":"https:\/\/voyages-en-france.fr\/#\/schema\/person\/image\/","url":"https:\/\/i0.wp.com\/voyages-en-france.fr\/wp-content\/uploads\/2017\/11\/cropped-FRANCE-1.jpg?fit=324%2C324&ssl=1","contentUrl":"https:\/\/i0.wp.com\/voyages-en-france.fr\/wp-content\/uploads\/2017\/11\/cropped-FRANCE-1.jpg?fit=324%2C324&ssl=1","width":324,"height":324,"caption":"Christophe"},"logo":{"@id":"https:\/\/voyages-en-france.fr\/#\/schema\/person\/image\/"},"sameAs":["http:\/\/voyages-en-france.fr\/","https:\/\/www.facebook.com\/voyages.au.coeur.de.la.france\/","https:\/\/www.instagram.com\/voyages_en_france\/","https:\/\/x.com\/Voyages_France"]}]}},"jetpack_publicize_connections":[],"jetpack_featured_media_url":"https:\/\/i0.wp.com\/voyages-en-france.fr\/wp-content\/uploads\/2018\/05\/P1880263-35pc.jpg?fit=1915%2C1277&ssl=1","jetpack_sharing_enabled":true,"jetpack_shortlink":"https:\/\/wp.me\/p9pWxx-eo","jetpack_likes_enabled":true,"_links":{"self":[{"href":"https:\/\/voyages-en-france.fr\/index.php\/wp-json\/wp\/v2\/posts\/892","targetHints":{"allow":["GET"]}}],"collection":[{"href":"https:\/\/voyages-en-france.fr\/index.php\/wp-json\/wp\/v2\/posts"}],"about":[{"href":"https:\/\/voyages-en-france.fr\/index.php\/wp-json\/wp\/v2\/types\/post"}],"author":[{"embeddable":true,"href":"https:\/\/voyages-en-france.fr\/index.php\/wp-json\/wp\/v2\/users\/1"}],"replies":[{"embeddable":true,"href":"https:\/\/voyages-en-france.fr\/index.php\/wp-json\/wp\/v2\/comments?post=892"}],"version-history":[{"count":10,"href":"https:\/\/voyages-en-france.fr\/index.php\/wp-json\/wp\/v2\/posts\/892\/revisions"}],"predecessor-version":[{"id":1585,"href":"https:\/\/voyages-en-france.fr\/index.php\/wp-json\/wp\/v2\/posts\/892\/revisions\/1585"}],"wp:featuredmedia":[{"embeddable":true,"href":"https:\/\/voyages-en-france.fr\/index.php\/wp-json\/wp\/v2\/media\/895"}],"wp:attachment":[{"href":"https:\/\/voyages-en-france.fr\/index.php\/wp-json\/wp\/v2\/media?parent=892"}],"wp:term":[{"taxonomy":"category","embeddable":true,"href":"https:\/\/voyages-en-france.fr\/index.php\/wp-json\/wp\/v2\/categories?post=892"},{"taxonomy":"post_tag","embeddable":true,"href":"https:\/\/voyages-en-france.fr\/index.php\/wp-json\/wp\/v2\/tags?post=892"}],"curies":[{"name":"wp","href":"https:\/\/api.w.org\/{rel}","templated":true}]}}