{"id":850,"date":"2018-03-30T23:39:34","date_gmt":"2018-03-30T21:39:34","guid":{"rendered":"http:\/\/voyages-en-france.fr\/?p=850"},"modified":"2019-11-09T22:46:52","modified_gmt":"2019-11-09T21:46:52","slug":"vezelay-une-basilique-romane-sur-la-colline-des-pelerins","status":"publish","type":"post","link":"https:\/\/voyages-en-france.fr\/index.php\/2018\/03\/30\/vezelay-une-basilique-romane-sur-la-colline-des-pelerins\/","title":{"rendered":"V\u00e9zelay, une basilique romane sur la colline des p\u00e8lerins"},"content":{"rendered":"<span itemprop=\"description\"><h2>V\u00e9zelay, une basilique au sommet d&rsquo;une colline<\/h2>\n<p>C&rsquo;est depuis des si\u00e8cles un haut lieu du christianisme, le village de V\u00e9zelay frappe imm\u00e9diatement la vue du visiteur qui s&rsquo;approche.\u00a0Aux portes de l&rsquo;Avallonnais, V\u00e9zelay est\u00a0 un charmant village perch\u00e9 domin\u00e9e par la basilique Sainte Marie Madeleine. Elle fut construite entre 1120 et 1150. Elle est consid\u00e9r\u00e9e comme un de joyaux de l&rsquo;art roman.\u00a0 La mont\u00e9e vers la basilique est une exp\u00e9rience quasi initiatique. Au fil des si\u00e8cles, de nombreux artistes se sont senti inspir\u00e9s sur ce chemin.<\/p>\n<figure id=\"attachment_613\" aria-describedby=\"caption-attachment-613\" style=\"width: 1024px\" class=\"wp-caption aligncenter\"><img data-recalc-dims=\"1\" loading=\"lazy\" decoding=\"async\" data-attachment-id=\"613\" data-permalink=\"https:\/\/voyages-en-france.fr\/index.php\/2018\/03\/30\/vezelay-une-basilique-romane-sur-la-colline-des-pelerins\/p1810092-35pc\/\" data-orig-file=\"https:\/\/i0.wp.com\/voyages-en-france.fr\/wp-content\/uploads\/2017\/12\/P1810092-35pc.jpg?fit=1277%2C958&amp;ssl=1\" data-orig-size=\"1277,958\" data-comments-opened=\"1\" data-image-meta=\"{&quot;aperture&quot;:&quot;4.5&quot;,&quot;credit&quot;:&quot;&quot;,&quot;camera&quot;:&quot;DMC-FZ28&quot;,&quot;caption&quot;:&quot;&quot;,&quot;created_timestamp&quot;:&quot;1509559132&quot;,&quot;copyright&quot;:&quot;&quot;,&quot;focal_length&quot;:&quot;78.9&quot;,&quot;iso&quot;:&quot;160&quot;,&quot;shutter_speed&quot;:&quot;0.005&quot;,&quot;title&quot;:&quot;&quot;,&quot;orientation&quot;:&quot;1&quot;}\" data-image-title=\"P1810092 [35pc]\" data-image-description=\"\" data-image-caption=\"&lt;p&gt; V\u00e9zelay, basilique Sainte-Marie-Madeleine&lt;\/p&gt;\n\" data-medium-file=\"https:\/\/i0.wp.com\/voyages-en-france.fr\/wp-content\/uploads\/2017\/12\/P1810092-35pc.jpg?fit=300%2C225&amp;ssl=1\" data-large-file=\"https:\/\/i0.wp.com\/voyages-en-france.fr\/wp-content\/uploads\/2017\/12\/P1810092-35pc.jpg?fit=1024%2C768&amp;ssl=1\" class=\"size-large wp-image-613\" src=\"https:\/\/i0.wp.com\/voyages-en-france.fr\/wp-content\/uploads\/2017\/12\/P1810092-35pc.jpg?resize=1024%2C768&#038;ssl=1\" alt=\" V\u00e9zelay, basilique Sainte-Marie-Madeleine\" width=\"1024\" height=\"768\" srcset=\"https:\/\/i0.wp.com\/voyages-en-france.fr\/wp-content\/uploads\/2017\/12\/P1810092-35pc.jpg?resize=1024%2C768&amp;ssl=1 1024w, https:\/\/i0.wp.com\/voyages-en-france.fr\/wp-content\/uploads\/2017\/12\/P1810092-35pc.jpg?resize=300%2C225&amp;ssl=1 300w, https:\/\/i0.wp.com\/voyages-en-france.fr\/wp-content\/uploads\/2017\/12\/P1810092-35pc.jpg?resize=768%2C576&amp;ssl=1 768w, https:\/\/i0.wp.com\/voyages-en-france.fr\/wp-content\/uploads\/2017\/12\/P1810092-35pc.jpg?resize=1200%2C900&amp;ssl=1 1200w, https:\/\/i0.wp.com\/voyages-en-france.fr\/wp-content\/uploads\/2017\/12\/P1810092-35pc.jpg?w=1277&amp;ssl=1 1277w\" sizes=\"auto, (max-width: 1024px) 100vw, 1024px\" \/><figcaption id=\"caption-attachment-613\" class=\"wp-caption-text\">V\u00e9zelay, basilique Sainte-Marie-Madeleine<\/figcaption><\/figure>\n<h2>V\u00e9zelay,\u00a0haut lieu du christianisme<\/h2>\n<p>Au XIIe si\u00e8cle, <a href=\"https:\/\/voyages-en-france.fr\/index.php\/tag\/saint-bernard\/\">Bernard de Clairvaux<\/a> lance \u00e0 V\u00e9zelay un appel \u00e0 la deuxi\u00e8me croisade. Abritant les reliques de Sainte Madeleine, le village devient une grande \u00e9tape spirituelle sur les chemins de Saint-Jacques de Compostelle. A son apog\u00e9e, La petite ville compte alors pr\u00e8s de 10 000 habitants. Les p\u00e8lerins viennent alors de toute l&rsquo;Europe. Ses caves \u00e0 hauts piliers comptent plus d&rsquo;occupants que les maisons ne peuvent en accueillir !<br \/>\nLe d\u00e9clin arrive toutefois rapidement surtout apr\u00e8s la d\u00e9couverte du tombeau de Marie Madeleine \u00e0 <a href=\"https:\/\/voyages-en-france.fr\/index.php\/2017\/12\/12\/saint-maximin-tombeau-de-marie-madeleine\/\">Saint Maximin<\/a> en Provence en 1279.\u00a0Saccag\u00e9e pendant la guerre de Cent Ans, la ville est encore affaiblie par les guerres de religions.<\/p>\n<figure id=\"attachment_610\" aria-describedby=\"caption-attachment-610\" style=\"width: 1024px\" class=\"wp-caption aligncenter\"><img data-recalc-dims=\"1\" loading=\"lazy\" decoding=\"async\" data-attachment-id=\"610\" data-permalink=\"https:\/\/voyages-en-france.fr\/index.php\/2018\/03\/30\/vezelay-une-basilique-romane-sur-la-colline-des-pelerins\/p1800885-35pc\/\" data-orig-file=\"https:\/\/i0.wp.com\/voyages-en-france.fr\/wp-content\/uploads\/2017\/12\/P1800885-35pc.jpg?fit=1277%2C958&amp;ssl=1\" data-orig-size=\"1277,958\" data-comments-opened=\"1\" data-image-meta=\"{&quot;aperture&quot;:&quot;6.3&quot;,&quot;credit&quot;:&quot;&quot;,&quot;camera&quot;:&quot;DMC-FZ28&quot;,&quot;caption&quot;:&quot;&quot;,&quot;created_timestamp&quot;:&quot;1509545366&quot;,&quot;copyright&quot;:&quot;&quot;,&quot;focal_length&quot;:&quot;22.3&quot;,&quot;iso&quot;:&quot;160&quot;,&quot;shutter_speed&quot;:&quot;0.002&quot;,&quot;title&quot;:&quot;&quot;,&quot;orientation&quot;:&quot;1&quot;}\" data-image-title=\"P1800885 [35pc]\" data-image-description=\"&lt;p&gt; V\u00e9zelay, basilique Sainte-Marie-Madeleine&lt;\/p&gt;\n\" data-image-caption=\"\" data-medium-file=\"https:\/\/i0.wp.com\/voyages-en-france.fr\/wp-content\/uploads\/2017\/12\/P1800885-35pc.jpg?fit=300%2C225&amp;ssl=1\" data-large-file=\"https:\/\/i0.wp.com\/voyages-en-france.fr\/wp-content\/uploads\/2017\/12\/P1800885-35pc.jpg?fit=1024%2C768&amp;ssl=1\" class=\"size-large wp-image-610\" src=\"https:\/\/i0.wp.com\/voyages-en-france.fr\/wp-content\/uploads\/2017\/12\/P1800885-35pc.jpg?resize=1024%2C768&#038;ssl=1\" alt=\" V\u00e9zelay, basilique Sainte-Marie-Madeleine\" width=\"1024\" height=\"768\" srcset=\"https:\/\/i0.wp.com\/voyages-en-france.fr\/wp-content\/uploads\/2017\/12\/P1800885-35pc.jpg?resize=1024%2C768&amp;ssl=1 1024w, https:\/\/i0.wp.com\/voyages-en-france.fr\/wp-content\/uploads\/2017\/12\/P1800885-35pc.jpg?resize=300%2C225&amp;ssl=1 300w, https:\/\/i0.wp.com\/voyages-en-france.fr\/wp-content\/uploads\/2017\/12\/P1800885-35pc.jpg?resize=768%2C576&amp;ssl=1 768w, https:\/\/i0.wp.com\/voyages-en-france.fr\/wp-content\/uploads\/2017\/12\/P1800885-35pc.jpg?resize=1200%2C900&amp;ssl=1 1200w, https:\/\/i0.wp.com\/voyages-en-france.fr\/wp-content\/uploads\/2017\/12\/P1800885-35pc.jpg?w=1277&amp;ssl=1 1277w\" sizes=\"auto, (max-width: 1024px) 100vw, 1024px\" \/><figcaption id=\"caption-attachment-610\" class=\"wp-caption-text\">V\u00e9zelay, basilique Sainte-Marie-Madeleine<\/figcaption><\/figure>\n<h2>La basilique Sainte Marie Madeleine<\/h2>\n<p>La basilique de Sainte Marie Madeleine a \u00e9t\u00e9 construite entre 1120 et 1150. Elle est\u00a0 un \u00e9difice majeur de l&rsquo;art roman. Le tympan int\u00e9rieur du narthex, pr\u00e9sentant un Christ en gloire, est un des chefs-d&rsquo;\u0153uvre de la sculpture romane.<\/p>\n<figure id=\"attachment_609\" aria-describedby=\"caption-attachment-609\" style=\"width: 863px\" class=\"wp-caption aligncenter\"><img data-recalc-dims=\"1\" loading=\"lazy\" decoding=\"async\" data-attachment-id=\"609\" data-permalink=\"https:\/\/voyages-en-france.fr\/index.php\/2018\/03\/30\/vezelay-une-basilique-romane-sur-la-colline-des-pelerins\/p1800873-35pc\/\" data-orig-file=\"https:\/\/i0.wp.com\/voyages-en-france.fr\/wp-content\/uploads\/2017\/12\/P1800873-35pc.jpg?fit=1277%2C958&amp;ssl=1\" data-orig-size=\"1277,958\" data-comments-opened=\"1\" data-image-meta=\"{&quot;aperture&quot;:&quot;5.6&quot;,&quot;credit&quot;:&quot;&quot;,&quot;camera&quot;:&quot;DMC-FZ28&quot;,&quot;caption&quot;:&quot;&quot;,&quot;created_timestamp&quot;:&quot;1509544494&quot;,&quot;copyright&quot;:&quot;&quot;,&quot;focal_length&quot;:&quot;11.5&quot;,&quot;iso&quot;:&quot;100&quot;,&quot;shutter_speed&quot;:&quot;0.004&quot;,&quot;title&quot;:&quot;&quot;,&quot;orientation&quot;:&quot;1&quot;}\" data-image-title=\"P1800873 [35pc]\" data-image-description=\"&lt;p&gt; V\u00e9zelay, basilique Sainte-Marie-Madeleine&lt;\/p&gt;\n\" data-image-caption=\"&lt;p&gt; V\u00e9zelay, basilique Sainte-Marie-Madeleine&lt;\/p&gt;\n\" data-medium-file=\"https:\/\/i0.wp.com\/voyages-en-france.fr\/wp-content\/uploads\/2017\/12\/P1800873-35pc.jpg?fit=300%2C225&amp;ssl=1\" data-large-file=\"https:\/\/i0.wp.com\/voyages-en-france.fr\/wp-content\/uploads\/2017\/12\/P1800873-35pc.jpg?fit=1024%2C768&amp;ssl=1\" class=\" wp-image-609\" src=\"https:\/\/i0.wp.com\/voyages-en-france.fr\/wp-content\/uploads\/2017\/12\/P1800873-35pc.jpg?resize=863%2C647&#038;ssl=1\" alt=\" V\u00e9zelay, basilique Sainte-Marie-Madeleine\" width=\"863\" height=\"647\" srcset=\"https:\/\/i0.wp.com\/voyages-en-france.fr\/wp-content\/uploads\/2017\/12\/P1800873-35pc.jpg?resize=1024%2C768&amp;ssl=1 1024w, https:\/\/i0.wp.com\/voyages-en-france.fr\/wp-content\/uploads\/2017\/12\/P1800873-35pc.jpg?resize=300%2C225&amp;ssl=1 300w, https:\/\/i0.wp.com\/voyages-en-france.fr\/wp-content\/uploads\/2017\/12\/P1800873-35pc.jpg?resize=768%2C576&amp;ssl=1 768w, https:\/\/i0.wp.com\/voyages-en-france.fr\/wp-content\/uploads\/2017\/12\/P1800873-35pc.jpg?resize=1200%2C900&amp;ssl=1 1200w, https:\/\/i0.wp.com\/voyages-en-france.fr\/wp-content\/uploads\/2017\/12\/P1800873-35pc.jpg?w=1277&amp;ssl=1 1277w\" sizes=\"auto, (max-width: 863px) 100vw, 863px\" \/><figcaption id=\"caption-attachment-609\" class=\"wp-caption-text\">V\u00e9zelay, basilique Sainte-Marie-Madeleine<\/figcaption><\/figure>\n<p>La basilique comporte aussi un\u00a0ch\u0153ur de style gothique car reconstruit \u00e0 la fin du XII\u00e9me si\u00e8cle. Le ch\u0153ur est tr\u00e8s lumineux et donne un aspect incomparable \u00e0 la basilique.<\/p>\n<p>La basilique fait l\u2019objet d\u2019un classement au titre des monuments historiques par la liste de 1840. En effet apr\u00e8s avoir \u00e9t\u00e9 ruin\u00e9e pendant la guerre de Cent Ans et presque abandonn\u00e9e, la basilique a servi de carri\u00e8re de pierres apr\u00e8s la R\u00e9volution. La basilique fut sauv\u00e9e de justesse par Prosper M\u00e9rim\u00e9e et <a href=\"https:\/\/voyages-en-france.fr\/index.php\/tag\/viollet-le-duc\/\">Eug\u00e8ne Viollet-le-Duc<\/a> \u00e0 partir de 1840.<\/p>\n<p>En 1979, elle est inscrite sur la liste du patrimoine mondial de <a href=\"https:\/\/voyages-en-france.fr\/index.php\/tag\/unesco\/\">l&rsquo;UNESCO<\/a>.<\/p>\n<p>Depuis 1993, les Fraternit\u00e9s monastiques de J\u00e9rusalem ont en charge la paroisse et animent les offices fr\u00e9quents.<\/p>\n<figure id=\"attachment_608\" aria-describedby=\"caption-attachment-608\" style=\"width: 768px\" class=\"wp-caption aligncenter\"><img data-recalc-dims=\"1\" loading=\"lazy\" decoding=\"async\" data-attachment-id=\"608\" data-permalink=\"https:\/\/voyages-en-france.fr\/index.php\/2018\/03\/30\/vezelay-une-basilique-romane-sur-la-colline-des-pelerins\/p1800831-35pc\/\" data-orig-file=\"https:\/\/i0.wp.com\/voyages-en-france.fr\/wp-content\/uploads\/2017\/12\/P1800831-35pc.jpg?fit=958%2C1277&amp;ssl=1\" data-orig-size=\"958,1277\" data-comments-opened=\"1\" data-image-meta=\"{&quot;aperture&quot;:&quot;3.6&quot;,&quot;credit&quot;:&quot;&quot;,&quot;camera&quot;:&quot;DMC-FZ28&quot;,&quot;caption&quot;:&quot;&quot;,&quot;created_timestamp&quot;:&quot;1509543912&quot;,&quot;copyright&quot;:&quot;&quot;,&quot;focal_length&quot;:&quot;20.8&quot;,&quot;iso&quot;:&quot;400&quot;,&quot;shutter_speed&quot;:&quot;0.02&quot;,&quot;title&quot;:&quot;&quot;,&quot;orientation&quot;:&quot;1&quot;}\" data-image-title=\"P1800831 [35pc]\" data-image-description=\"&lt;p&gt; V\u00e9zelay, basilique Sainte-Marie-Madeleine&lt;\/p&gt;\n\" data-image-caption=\"&lt;p&gt; V\u00e9zelay, basilique Sainte-Marie-Madeleine&lt;\/p&gt;\n\" data-medium-file=\"https:\/\/i0.wp.com\/voyages-en-france.fr\/wp-content\/uploads\/2017\/12\/P1800831-35pc.jpg?fit=225%2C300&amp;ssl=1\" data-large-file=\"https:\/\/i0.wp.com\/voyages-en-france.fr\/wp-content\/uploads\/2017\/12\/P1800831-35pc.jpg?fit=768%2C1024&amp;ssl=1\" class=\"size-large wp-image-608\" src=\"https:\/\/i0.wp.com\/voyages-en-france.fr\/wp-content\/uploads\/2017\/12\/P1800831-35pc.jpg?resize=768%2C1024&#038;ssl=1\" alt=\" V\u00e9zelay, basilique Sainte-Marie-Madeleine\" width=\"768\" height=\"1024\" srcset=\"https:\/\/i0.wp.com\/voyages-en-france.fr\/wp-content\/uploads\/2017\/12\/P1800831-35pc.jpg?resize=768%2C1024&amp;ssl=1 768w, https:\/\/i0.wp.com\/voyages-en-france.fr\/wp-content\/uploads\/2017\/12\/P1800831-35pc.jpg?resize=225%2C300&amp;ssl=1 225w, https:\/\/i0.wp.com\/voyages-en-france.fr\/wp-content\/uploads\/2017\/12\/P1800831-35pc.jpg?w=958&amp;ssl=1 958w\" sizes=\"auto, (max-width: 768px) 100vw, 768px\" \/><figcaption id=\"caption-attachment-608\" class=\"wp-caption-text\">V\u00e9zelay, basilique Sainte-Marie-Madeleine<\/figcaption><\/figure>\n<h2>V\u00e9zelay un village agr\u00e9able<\/h2>\n<p>De V\u00e9zelay on domine les collines du Morvan. On se gare en bas du village, on remonte une rue charg\u00e9e d&rsquo;histoire jusqu&rsquo;\u00e0 la basilique. Ensuite des jardins derri\u00e8re la basilique sont tr\u00e8s agr\u00e9ables et offrent une vue magnifique le paysage reposant du Morvan.<\/p>\n<p style=\"text-align: center;\"><iframe loading=\"lazy\" style=\"border: 0;\" src=\"https:\/\/www.google.com\/maps\/embed?pb=!1m18!1m12!1m3!1d824924.5486375883!2d3.292701984221624!3d47.22299496078674!2m3!1f0!2f0!3f0!3m2!1i1024!2i768!4f13.1!3m3!1m2!1s0x47ee18acd2d0d0ed%3A0x43a69e9663abbd26!2s89450+V%C3%A9zelay!5e0!3m2!1sfr!2sfr!4v1522445990408\" width=\"800\" height=\"600\" frameborder=\"0\" allowfullscreen=\"allowfullscreen\"><\/iframe><\/p>\n<p>&nbsp;<\/p>\n<figure id=\"attachment_611\" aria-describedby=\"caption-attachment-611\" style=\"width: 1024px\" class=\"wp-caption aligncenter\"><img data-recalc-dims=\"1\" loading=\"lazy\" decoding=\"async\" data-attachment-id=\"611\" data-permalink=\"https:\/\/voyages-en-france.fr\/p1800892-35pc\/\" data-orig-file=\"https:\/\/i0.wp.com\/voyages-en-france.fr\/wp-content\/uploads\/2017\/12\/P1800892-35pc.jpg?fit=1277%2C958&amp;ssl=1\" data-orig-size=\"1277,958\" data-comments-opened=\"1\" data-image-meta=\"{&quot;aperture&quot;:&quot;5.6&quot;,&quot;credit&quot;:&quot;&quot;,&quot;camera&quot;:&quot;DMC-FZ28&quot;,&quot;caption&quot;:&quot;&quot;,&quot;created_timestamp&quot;:&quot;1509545459&quot;,&quot;copyright&quot;:&quot;&quot;,&quot;focal_length&quot;:&quot;4.8&quot;,&quot;iso&quot;:&quot;100&quot;,&quot;shutter_speed&quot;:&quot;0.0025&quot;,&quot;title&quot;:&quot;&quot;,&quot;orientation&quot;:&quot;1&quot;}\" data-image-title=\"P1800892 [35pc]\" data-image-description=\"\" data-image-caption=\"\" data-medium-file=\"https:\/\/i0.wp.com\/voyages-en-france.fr\/wp-content\/uploads\/2017\/12\/P1800892-35pc.jpg?fit=300%2C225&amp;ssl=1\" data-large-file=\"https:\/\/i0.wp.com\/voyages-en-france.fr\/wp-content\/uploads\/2017\/12\/P1800892-35pc.jpg?fit=1024%2C768&amp;ssl=1\" class=\"size-large wp-image-611\" src=\"https:\/\/i0.wp.com\/voyages-en-france.fr\/wp-content\/uploads\/2017\/12\/P1800892-35pc.jpg?resize=1024%2C768&#038;ssl=1\" alt=\"V\u00e9zelay, vue sur les collines du Morvan\" width=\"1024\" height=\"768\" srcset=\"https:\/\/i0.wp.com\/voyages-en-france.fr\/wp-content\/uploads\/2017\/12\/P1800892-35pc.jpg?resize=1024%2C768&amp;ssl=1 1024w, https:\/\/i0.wp.com\/voyages-en-france.fr\/wp-content\/uploads\/2017\/12\/P1800892-35pc.jpg?resize=300%2C225&amp;ssl=1 300w, https:\/\/i0.wp.com\/voyages-en-france.fr\/wp-content\/uploads\/2017\/12\/P1800892-35pc.jpg?resize=768%2C576&amp;ssl=1 768w, https:\/\/i0.wp.com\/voyages-en-france.fr\/wp-content\/uploads\/2017\/12\/P1800892-35pc.jpg?resize=1200%2C900&amp;ssl=1 1200w, https:\/\/i0.wp.com\/voyages-en-france.fr\/wp-content\/uploads\/2017\/12\/P1800892-35pc.jpg?w=1277&amp;ssl=1 1277w\" sizes=\"auto, (max-width: 1024px) 100vw, 1024px\" \/><figcaption id=\"caption-attachment-611\" class=\"wp-caption-text\">V\u00e9zelay, vue sur les collines du Morvan<\/figcaption><\/figure>\n<span>","protected":false},"excerpt":{"rendered":"<p class=\"excerpt\"><span itemprop=\"description\">V\u00e9zelay, une basilique au sommet d&rsquo;une colline C&rsquo;est depuis des si\u00e8cles un haut lieu du christianisme, le village de V\u00e9zelay frappe imm\u00e9diatement la vue du visiteur qui s&rsquo;approche.\u00a0Aux portes de l&rsquo;Avallonnais, V\u00e9zelay est\u00a0 un charmant village perch\u00e9 domin\u00e9e par la&hellip;<\/span><\/p>\n<p class=\"more-link-p btn-align-right\"><a class=\"blue zoom-btn\" href=\"https:\/\/voyages-en-france.fr\/index.php\/2018\/03\/30\/vezelay-une-basilique-romane-sur-la-colline-des-pelerins\/\">Lire la suite<\/a><\/p>\n","protected":false},"author":1,"featured_media":612,"comment_status":"open","ping_status":"open","sticky":false,"template":"","format":"standard","meta":{"pgc_sgb_lightbox_settings":"","jetpack_post_was_ever_published":false,"_bos_mb_destination":[""],"_jetpack_newsletter_access":"","_jetpack_dont_email_post_to_subs":false,"_jetpack_newsletter_tier_id":0,"_jetpack_memberships_contains_paywalled_content":false,"_jetpack_memberships_contains_paid_content":false,"footnotes":"","jetpack_publicize_message":"","jetpack_publicize_feature_enabled":true,"jetpack_social_post_already_shared":true,"jetpack_social_options":{"image_generator_settings":{"template":"highway","default_image_id":0,"font":"","enabled":false},"version":2}},"categories":[18,66],"tags":[159,58,254,105,266,157,265,158],"class_list":["post-850","post","type-post","status-publish","format-standard","has-post-thumbnail","hentry","category-sanctuaire","category-village-perche","tag-159","tag-bourgogne","tag-saint-bernard","tag-sainte-marie-madeleine","tag-unesco","tag-vezelay","tag-viollet-le-duc","tag-yonne","zoom-theme-has-thumb"],"yoast_head":"<!-- This site is optimized with the Yoast SEO plugin v27.1.1 - https:\/\/yoast.com\/product\/yoast-seo-wordpress\/ -->\n<title>V\u00e9zelay, une basilique romane sur la colline des p\u00e8lerins - Voyages-en-France.fr<\/title>\n<meta name=\"description\" content=\"V\u00e9zelay, une basilique romane sur la colline des p\u00e8lerins Sanctuaire % -\" \/>\n<meta name=\"robots\" content=\"index, follow, max-snippet:-1, max-image-preview:large, max-video-preview:-1\" \/>\n<link rel=\"canonical\" href=\"https:\/\/voyages-en-france.fr\/index.php\/2018\/03\/30\/vezelay-une-basilique-romane-sur-la-colline-des-pelerins\/\" \/>\n<meta property=\"og:locale\" content=\"fr_FR\" \/>\n<meta property=\"og:type\" content=\"article\" \/>\n<meta property=\"og:title\" content=\"V\u00e9zelay, une basilique romane sur la colline des p\u00e8lerins - Voyages-en-France.fr\" \/>\n<meta property=\"og:description\" content=\"V\u00e9zelay, une basilique romane sur la colline des p\u00e8lerins Sanctuaire % -\" \/>\n<meta property=\"og:url\" content=\"https:\/\/voyages-en-france.fr\/index.php\/2018\/03\/30\/vezelay-une-basilique-romane-sur-la-colline-des-pelerins\/\" \/>\n<meta property=\"og:site_name\" content=\"Voyages-en-France.fr\" \/>\n<meta property=\"article:publisher\" content=\"https:\/\/www.facebook.com\/voyages.au.coeur.de.la.france\/\" \/>\n<meta property=\"article:author\" content=\"https:\/\/www.facebook.com\/voyages.au.coeur.de.la.france\/\" \/>\n<meta property=\"article:published_time\" content=\"2018-03-30T21:39:34+00:00\" \/>\n<meta property=\"article:modified_time\" content=\"2019-11-09T21:46:52+00:00\" \/>\n<meta property=\"og:image\" content=\"https:\/\/i0.wp.com\/voyages-en-france.fr\/wp-content\/uploads\/2017\/12\/P1800921-35pc.jpg?fit=958%2C1277&ssl=1\" \/>\n\t<meta property=\"og:image:width\" content=\"958\" \/>\n\t<meta property=\"og:image:height\" content=\"1277\" \/>\n\t<meta property=\"og:image:type\" content=\"image\/jpeg\" \/>\n<meta name=\"author\" content=\"Christophe\" \/>\n<meta name=\"twitter:card\" content=\"summary_large_image\" \/>\n<meta name=\"twitter:creator\" content=\"@Voyages_France\" \/>\n<meta name=\"twitter:site\" content=\"@Voyages_France\" \/>\n<meta name=\"twitter:label1\" content=\"\u00c9crit par\" \/>\n\t<meta name=\"twitter:data1\" content=\"Christophe\" \/>\n\t<meta name=\"twitter:label2\" content=\"Dur\u00e9e de lecture estim\u00e9e\" \/>\n\t<meta name=\"twitter:data2\" content=\"3 minutes\" \/>\n<script type=\"application\/ld+json\" class=\"yoast-schema-graph\">{\"@context\":\"https:\/\/schema.org\",\"@graph\":[{\"@type\":\"Article\",\"@id\":\"https:\/\/voyages-en-france.fr\/index.php\/2018\/03\/30\/vezelay-une-basilique-romane-sur-la-colline-des-pelerins\/#article\",\"isPartOf\":{\"@id\":\"https:\/\/voyages-en-france.fr\/index.php\/2018\/03\/30\/vezelay-une-basilique-romane-sur-la-colline-des-pelerins\/\"},\"author\":{\"name\":\"Christophe\",\"@id\":\"https:\/\/voyages-en-france.fr\/#\/schema\/person\/611a624b57cd68dd2e4c3f7d385420e2\"},\"headline\":\"V\u00e9zelay, une basilique romane sur la colline des p\u00e8lerins\",\"datePublished\":\"2018-03-30T21:39:34+00:00\",\"dateModified\":\"2019-11-09T21:46:52+00:00\",\"mainEntityOfPage\":{\"@id\":\"https:\/\/voyages-en-france.fr\/index.php\/2018\/03\/30\/vezelay-une-basilique-romane-sur-la-colline-des-pelerins\/\"},\"wordCount\":514,\"commentCount\":0,\"publisher\":{\"@id\":\"https:\/\/voyages-en-france.fr\/#\/schema\/person\/611a624b57cd68dd2e4c3f7d385420e2\"},\"image\":{\"@id\":\"https:\/\/voyages-en-france.fr\/index.php\/2018\/03\/30\/vezelay-une-basilique-romane-sur-la-colline-des-pelerins\/#primaryimage\"},\"thumbnailUrl\":\"https:\/\/i0.wp.com\/voyages-en-france.fr\/wp-content\/uploads\/2017\/12\/P1800921-35pc.jpg?fit=958%2C1277&ssl=1\",\"keywords\":[\"89\",\"Bourgogne\",\"Saint Bernard\",\"Sainte Marie Madeleine\",\"UNESCO\",\"V\u00e9zelay\",\"Viollet-le-Duc\",\"Yonne\"],\"articleSection\":[\"Sanctuaire\",\"village perch\u00e9\"],\"inLanguage\":\"fr-FR\",\"potentialAction\":[{\"@type\":\"CommentAction\",\"name\":\"Comment\",\"target\":[\"https:\/\/voyages-en-france.fr\/index.php\/2018\/03\/30\/vezelay-une-basilique-romane-sur-la-colline-des-pelerins\/#respond\"]}]},{\"@type\":\"WebPage\",\"@id\":\"https:\/\/voyages-en-france.fr\/index.php\/2018\/03\/30\/vezelay-une-basilique-romane-sur-la-colline-des-pelerins\/\",\"url\":\"https:\/\/voyages-en-france.fr\/index.php\/2018\/03\/30\/vezelay-une-basilique-romane-sur-la-colline-des-pelerins\/\",\"name\":\"V\u00e9zelay, une basilique romane sur la colline des p\u00e8lerins - Voyages-en-France.fr\",\"isPartOf\":{\"@id\":\"https:\/\/voyages-en-france.fr\/#website\"},\"primaryImageOfPage\":{\"@id\":\"https:\/\/voyages-en-france.fr\/index.php\/2018\/03\/30\/vezelay-une-basilique-romane-sur-la-colline-des-pelerins\/#primaryimage\"},\"image\":{\"@id\":\"https:\/\/voyages-en-france.fr\/index.php\/2018\/03\/30\/vezelay-une-basilique-romane-sur-la-colline-des-pelerins\/#primaryimage\"},\"thumbnailUrl\":\"https:\/\/i0.wp.com\/voyages-en-france.fr\/wp-content\/uploads\/2017\/12\/P1800921-35pc.jpg?fit=958%2C1277&ssl=1\",\"datePublished\":\"2018-03-30T21:39:34+00:00\",\"dateModified\":\"2019-11-09T21:46:52+00:00\",\"description\":\"V\u00e9zelay, une basilique romane sur la colline des p\u00e8lerins Sanctuaire % -\",\"breadcrumb\":{\"@id\":\"https:\/\/voyages-en-france.fr\/index.php\/2018\/03\/30\/vezelay-une-basilique-romane-sur-la-colline-des-pelerins\/#breadcrumb\"},\"inLanguage\":\"fr-FR\",\"potentialAction\":[{\"@type\":\"ReadAction\",\"target\":[\"https:\/\/voyages-en-france.fr\/index.php\/2018\/03\/30\/vezelay-une-basilique-romane-sur-la-colline-des-pelerins\/\"]}]},{\"@type\":\"ImageObject\",\"inLanguage\":\"fr-FR\",\"@id\":\"https:\/\/voyages-en-france.fr\/index.php\/2018\/03\/30\/vezelay-une-basilique-romane-sur-la-colline-des-pelerins\/#primaryimage\",\"url\":\"https:\/\/i0.wp.com\/voyages-en-france.fr\/wp-content\/uploads\/2017\/12\/P1800921-35pc.jpg?fit=958%2C1277&ssl=1\",\"contentUrl\":\"https:\/\/i0.wp.com\/voyages-en-france.fr\/wp-content\/uploads\/2017\/12\/P1800921-35pc.jpg?fit=958%2C1277&ssl=1\",\"width\":958,\"height\":1277,\"caption\":\"V\u00e9zelay, basilique Sainte-Marie-Madeleine\"},{\"@type\":\"BreadcrumbList\",\"@id\":\"https:\/\/voyages-en-france.fr\/index.php\/2018\/03\/30\/vezelay-une-basilique-romane-sur-la-colline-des-pelerins\/#breadcrumb\",\"itemListElement\":[{\"@type\":\"ListItem\",\"position\":1,\"name\":\"Accueil\",\"item\":\"https:\/\/voyages-en-france.fr\/\"},{\"@type\":\"ListItem\",\"position\":2,\"name\":\"V\u00e9zelay, une basilique romane sur la colline des p\u00e8lerins\"}]},{\"@type\":\"WebSite\",\"@id\":\"https:\/\/voyages-en-france.fr\/#website\",\"url\":\"https:\/\/voyages-en-france.fr\/\",\"name\":\"Voyages-en-France.fr\",\"description\":\"D\u00e9couvrir la France, son patrimoine, ses richesses naturelles, son histoire...\",\"publisher\":{\"@id\":\"https:\/\/voyages-en-france.fr\/#\/schema\/person\/611a624b57cd68dd2e4c3f7d385420e2\"},\"potentialAction\":[{\"@type\":\"SearchAction\",\"target\":{\"@type\":\"EntryPoint\",\"urlTemplate\":\"https:\/\/voyages-en-france.fr\/?s={search_term_string}\"},\"query-input\":{\"@type\":\"PropertyValueSpecification\",\"valueRequired\":true,\"valueName\":\"search_term_string\"}}],\"inLanguage\":\"fr-FR\"},{\"@type\":[\"Person\",\"Organization\"],\"@id\":\"https:\/\/voyages-en-france.fr\/#\/schema\/person\/611a624b57cd68dd2e4c3f7d385420e2\",\"name\":\"Christophe\",\"image\":{\"@type\":\"ImageObject\",\"inLanguage\":\"fr-FR\",\"@id\":\"https:\/\/voyages-en-france.fr\/#\/schema\/person\/image\/\",\"url\":\"https:\/\/i0.wp.com\/voyages-en-france.fr\/wp-content\/uploads\/2017\/11\/cropped-FRANCE-1.jpg?fit=324%2C324&ssl=1\",\"contentUrl\":\"https:\/\/i0.wp.com\/voyages-en-france.fr\/wp-content\/uploads\/2017\/11\/cropped-FRANCE-1.jpg?fit=324%2C324&ssl=1\",\"width\":324,\"height\":324,\"caption\":\"Christophe\"},\"logo\":{\"@id\":\"https:\/\/voyages-en-france.fr\/#\/schema\/person\/image\/\"},\"sameAs\":[\"http:\/\/voyages-en-france.fr\/\",\"https:\/\/www.facebook.com\/voyages.au.coeur.de.la.france\/\",\"https:\/\/www.instagram.com\/voyages_en_france\/\",\"https:\/\/x.com\/Voyages_France\"]}]}<\/script>\n<!-- \/ Yoast SEO plugin. -->","yoast_head_json":{"title":"V\u00e9zelay, une basilique romane sur la colline des p\u00e8lerins - Voyages-en-France.fr","description":"V\u00e9zelay, une basilique romane sur la colline des p\u00e8lerins Sanctuaire % -","robots":{"index":"index","follow":"follow","max-snippet":"max-snippet:-1","max-image-preview":"max-image-preview:large","max-video-preview":"max-video-preview:-1"},"canonical":"https:\/\/voyages-en-france.fr\/index.php\/2018\/03\/30\/vezelay-une-basilique-romane-sur-la-colline-des-pelerins\/","og_locale":"fr_FR","og_type":"article","og_title":"V\u00e9zelay, une basilique romane sur la colline des p\u00e8lerins - Voyages-en-France.fr","og_description":"V\u00e9zelay, une basilique romane sur la colline des p\u00e8lerins Sanctuaire % -","og_url":"https:\/\/voyages-en-france.fr\/index.php\/2018\/03\/30\/vezelay-une-basilique-romane-sur-la-colline-des-pelerins\/","og_site_name":"Voyages-en-France.fr","article_publisher":"https:\/\/www.facebook.com\/voyages.au.coeur.de.la.france\/","article_author":"https:\/\/www.facebook.com\/voyages.au.coeur.de.la.france\/","article_published_time":"2018-03-30T21:39:34+00:00","article_modified_time":"2019-11-09T21:46:52+00:00","og_image":[{"width":958,"height":1277,"url":"https:\/\/i0.wp.com\/voyages-en-france.fr\/wp-content\/uploads\/2017\/12\/P1800921-35pc.jpg?fit=958%2C1277&ssl=1","type":"image\/jpeg"}],"author":"Christophe","twitter_card":"summary_large_image","twitter_creator":"@Voyages_France","twitter_site":"@Voyages_France","twitter_misc":{"\u00c9crit par":"Christophe","Dur\u00e9e de lecture estim\u00e9e":"3 minutes"},"schema":{"@context":"https:\/\/schema.org","@graph":[{"@type":"Article","@id":"https:\/\/voyages-en-france.fr\/index.php\/2018\/03\/30\/vezelay-une-basilique-romane-sur-la-colline-des-pelerins\/#article","isPartOf":{"@id":"https:\/\/voyages-en-france.fr\/index.php\/2018\/03\/30\/vezelay-une-basilique-romane-sur-la-colline-des-pelerins\/"},"author":{"name":"Christophe","@id":"https:\/\/voyages-en-france.fr\/#\/schema\/person\/611a624b57cd68dd2e4c3f7d385420e2"},"headline":"V\u00e9zelay, une basilique romane sur la colline des p\u00e8lerins","datePublished":"2018-03-30T21:39:34+00:00","dateModified":"2019-11-09T21:46:52+00:00","mainEntityOfPage":{"@id":"https:\/\/voyages-en-france.fr\/index.php\/2018\/03\/30\/vezelay-une-basilique-romane-sur-la-colline-des-pelerins\/"},"wordCount":514,"commentCount":0,"publisher":{"@id":"https:\/\/voyages-en-france.fr\/#\/schema\/person\/611a624b57cd68dd2e4c3f7d385420e2"},"image":{"@id":"https:\/\/voyages-en-france.fr\/index.php\/2018\/03\/30\/vezelay-une-basilique-romane-sur-la-colline-des-pelerins\/#primaryimage"},"thumbnailUrl":"https:\/\/i0.wp.com\/voyages-en-france.fr\/wp-content\/uploads\/2017\/12\/P1800921-35pc.jpg?fit=958%2C1277&ssl=1","keywords":["89","Bourgogne","Saint Bernard","Sainte Marie Madeleine","UNESCO","V\u00e9zelay","Viollet-le-Duc","Yonne"],"articleSection":["Sanctuaire","village perch\u00e9"],"inLanguage":"fr-FR","potentialAction":[{"@type":"CommentAction","name":"Comment","target":["https:\/\/voyages-en-france.fr\/index.php\/2018\/03\/30\/vezelay-une-basilique-romane-sur-la-colline-des-pelerins\/#respond"]}]},{"@type":"WebPage","@id":"https:\/\/voyages-en-france.fr\/index.php\/2018\/03\/30\/vezelay-une-basilique-romane-sur-la-colline-des-pelerins\/","url":"https:\/\/voyages-en-france.fr\/index.php\/2018\/03\/30\/vezelay-une-basilique-romane-sur-la-colline-des-pelerins\/","name":"V\u00e9zelay, une basilique romane sur la colline des p\u00e8lerins - Voyages-en-France.fr","isPartOf":{"@id":"https:\/\/voyages-en-france.fr\/#website"},"primaryImageOfPage":{"@id":"https:\/\/voyages-en-france.fr\/index.php\/2018\/03\/30\/vezelay-une-basilique-romane-sur-la-colline-des-pelerins\/#primaryimage"},"image":{"@id":"https:\/\/voyages-en-france.fr\/index.php\/2018\/03\/30\/vezelay-une-basilique-romane-sur-la-colline-des-pelerins\/#primaryimage"},"thumbnailUrl":"https:\/\/i0.wp.com\/voyages-en-france.fr\/wp-content\/uploads\/2017\/12\/P1800921-35pc.jpg?fit=958%2C1277&ssl=1","datePublished":"2018-03-30T21:39:34+00:00","dateModified":"2019-11-09T21:46:52+00:00","description":"V\u00e9zelay, une basilique romane sur la colline des p\u00e8lerins Sanctuaire % -","breadcrumb":{"@id":"https:\/\/voyages-en-france.fr\/index.php\/2018\/03\/30\/vezelay-une-basilique-romane-sur-la-colline-des-pelerins\/#breadcrumb"},"inLanguage":"fr-FR","potentialAction":[{"@type":"ReadAction","target":["https:\/\/voyages-en-france.fr\/index.php\/2018\/03\/30\/vezelay-une-basilique-romane-sur-la-colline-des-pelerins\/"]}]},{"@type":"ImageObject","inLanguage":"fr-FR","@id":"https:\/\/voyages-en-france.fr\/index.php\/2018\/03\/30\/vezelay-une-basilique-romane-sur-la-colline-des-pelerins\/#primaryimage","url":"https:\/\/i0.wp.com\/voyages-en-france.fr\/wp-content\/uploads\/2017\/12\/P1800921-35pc.jpg?fit=958%2C1277&ssl=1","contentUrl":"https:\/\/i0.wp.com\/voyages-en-france.fr\/wp-content\/uploads\/2017\/12\/P1800921-35pc.jpg?fit=958%2C1277&ssl=1","width":958,"height":1277,"caption":"V\u00e9zelay, basilique Sainte-Marie-Madeleine"},{"@type":"BreadcrumbList","@id":"https:\/\/voyages-en-france.fr\/index.php\/2018\/03\/30\/vezelay-une-basilique-romane-sur-la-colline-des-pelerins\/#breadcrumb","itemListElement":[{"@type":"ListItem","position":1,"name":"Accueil","item":"https:\/\/voyages-en-france.fr\/"},{"@type":"ListItem","position":2,"name":"V\u00e9zelay, une basilique romane sur la colline des p\u00e8lerins"}]},{"@type":"WebSite","@id":"https:\/\/voyages-en-france.fr\/#website","url":"https:\/\/voyages-en-france.fr\/","name":"Voyages-en-France.fr","description":"D\u00e9couvrir la France, son patrimoine, ses richesses naturelles, son histoire...","publisher":{"@id":"https:\/\/voyages-en-france.fr\/#\/schema\/person\/611a624b57cd68dd2e4c3f7d385420e2"},"potentialAction":[{"@type":"SearchAction","target":{"@type":"EntryPoint","urlTemplate":"https:\/\/voyages-en-france.fr\/?s={search_term_string}"},"query-input":{"@type":"PropertyValueSpecification","valueRequired":true,"valueName":"search_term_string"}}],"inLanguage":"fr-FR"},{"@type":["Person","Organization"],"@id":"https:\/\/voyages-en-france.fr\/#\/schema\/person\/611a624b57cd68dd2e4c3f7d385420e2","name":"Christophe","image":{"@type":"ImageObject","inLanguage":"fr-FR","@id":"https:\/\/voyages-en-france.fr\/#\/schema\/person\/image\/","url":"https:\/\/i0.wp.com\/voyages-en-france.fr\/wp-content\/uploads\/2017\/11\/cropped-FRANCE-1.jpg?fit=324%2C324&ssl=1","contentUrl":"https:\/\/i0.wp.com\/voyages-en-france.fr\/wp-content\/uploads\/2017\/11\/cropped-FRANCE-1.jpg?fit=324%2C324&ssl=1","width":324,"height":324,"caption":"Christophe"},"logo":{"@id":"https:\/\/voyages-en-france.fr\/#\/schema\/person\/image\/"},"sameAs":["http:\/\/voyages-en-france.fr\/","https:\/\/www.facebook.com\/voyages.au.coeur.de.la.france\/","https:\/\/www.instagram.com\/voyages_en_france\/","https:\/\/x.com\/Voyages_France"]}]}},"jetpack_publicize_connections":[],"jetpack_featured_media_url":"https:\/\/i0.wp.com\/voyages-en-france.fr\/wp-content\/uploads\/2017\/12\/P1800921-35pc.jpg?fit=958%2C1277&ssl=1","jetpack_sharing_enabled":true,"jetpack_shortlink":"https:\/\/wp.me\/p9pWxx-dI","jetpack_likes_enabled":true,"_links":{"self":[{"href":"https:\/\/voyages-en-france.fr\/index.php\/wp-json\/wp\/v2\/posts\/850","targetHints":{"allow":["GET"]}}],"collection":[{"href":"https:\/\/voyages-en-france.fr\/index.php\/wp-json\/wp\/v2\/posts"}],"about":[{"href":"https:\/\/voyages-en-france.fr\/index.php\/wp-json\/wp\/v2\/types\/post"}],"author":[{"embeddable":true,"href":"https:\/\/voyages-en-france.fr\/index.php\/wp-json\/wp\/v2\/users\/1"}],"replies":[{"embeddable":true,"href":"https:\/\/voyages-en-france.fr\/index.php\/wp-json\/wp\/v2\/comments?post=850"}],"version-history":[{"count":8,"href":"https:\/\/voyages-en-france.fr\/index.php\/wp-json\/wp\/v2\/posts\/850\/revisions"}],"predecessor-version":[{"id":1762,"href":"https:\/\/voyages-en-france.fr\/index.php\/wp-json\/wp\/v2\/posts\/850\/revisions\/1762"}],"wp:featuredmedia":[{"embeddable":true,"href":"https:\/\/voyages-en-france.fr\/index.php\/wp-json\/wp\/v2\/media\/612"}],"wp:attachment":[{"href":"https:\/\/voyages-en-france.fr\/index.php\/wp-json\/wp\/v2\/media?parent=850"}],"wp:term":[{"taxonomy":"category","embeddable":true,"href":"https:\/\/voyages-en-france.fr\/index.php\/wp-json\/wp\/v2\/categories?post=850"},{"taxonomy":"post_tag","embeddable":true,"href":"https:\/\/voyages-en-france.fr\/index.php\/wp-json\/wp\/v2\/tags?post=850"}],"curies":[{"name":"wp","href":"https:\/\/api.w.org\/{rel}","templated":true}]}}