{"id":744,"date":"2018-01-27T01:11:17","date_gmt":"2018-01-27T00:11:17","guid":{"rendered":"http:\/\/voyages-en-france.fr\/?p=744"},"modified":"2019-02-17T15:36:07","modified_gmt":"2019-02-17T14:36:07","slug":"beaujeu","status":"publish","type":"post","link":"https:\/\/voyages-en-france.fr\/index.php\/2018\/01\/27\/beaujeu\/","title":{"rendered":"Beaujeu, capitale du Beaujolais et le mont Brouilly"},"content":{"rendered":"<span itemprop=\"description\"><h2>Beaujeu<\/h2>\n<p>Beaujeu est la capitale historique de l&rsquo;ancienne province du Beaujolais. La r\u00e9gion autour de Beaujeu s&rsquo;appelle\u00a0le Beaujolais.\u00a0 C&rsquo;est aussi le nom de c\u00e9l\u00e8bres vins. Cette petite villee est mondialement connue pour ses vins et notamment le m\u00e9diatis\u00e9 beaujolais nouveau.<\/p>\n<p>L\u2019\u00e9glise \u00c9glise Saint-Nicolas de Beaujeu a \u00e9t\u00e9 construite au d\u00e9but du XIIe si\u00e8cle. Elle a \u00e9t\u00e9 consacr\u00e9e par le pape Innocent II en 1129 venu sur place.<\/p>\n<figure id=\"attachment_142\" aria-describedby=\"caption-attachment-142\" style=\"width: 866px\" class=\"wp-caption aligncenter\"><img data-recalc-dims=\"1\" loading=\"lazy\" decoding=\"async\" data-attachment-id=\"142\" data-permalink=\"https:\/\/voyages-en-france.fr\/index.php\/2018\/01\/27\/beaujeu\/p1620583-35pc\/\" data-orig-file=\"https:\/\/i0.wp.com\/voyages-en-france.fr\/wp-content\/uploads\/2017\/11\/P1620583-35pc.jpg?fit=1277%2C958&amp;ssl=1\" data-orig-size=\"1277,958\" data-comments-opened=\"1\" data-image-meta=\"{&quot;aperture&quot;:&quot;4&quot;,&quot;credit&quot;:&quot;&quot;,&quot;camera&quot;:&quot;DMC-FZ28&quot;,&quot;caption&quot;:&quot;&quot;,&quot;created_timestamp&quot;:&quot;1432480259&quot;,&quot;copyright&quot;:&quot;&quot;,&quot;focal_length&quot;:&quot;4.8&quot;,&quot;iso&quot;:&quot;100&quot;,&quot;shutter_speed&quot;:&quot;0.00625&quot;,&quot;title&quot;:&quot;&quot;,&quot;orientation&quot;:&quot;1&quot;}\" data-image-title=\"P1620583 [35pc]\" data-image-description=\"&lt;p&gt;Beaujeu&lt;\/p&gt;\n\" data-image-caption=\"&lt;p&gt;Beaujeu&lt;\/p&gt;\n\" data-medium-file=\"https:\/\/i0.wp.com\/voyages-en-france.fr\/wp-content\/uploads\/2017\/11\/P1620583-35pc.jpg?fit=300%2C225&amp;ssl=1\" data-large-file=\"https:\/\/i0.wp.com\/voyages-en-france.fr\/wp-content\/uploads\/2017\/11\/P1620583-35pc.jpg?fit=1024%2C768&amp;ssl=1\" class=\" wp-image-142\" src=\"https:\/\/i0.wp.com\/voyages-en-france.fr\/wp-content\/uploads\/2017\/11\/P1620583-35pc.jpg?resize=866%2C650&#038;ssl=1\" alt=\"Beaujeu\" width=\"866\" height=\"650\" srcset=\"https:\/\/i0.wp.com\/voyages-en-france.fr\/wp-content\/uploads\/2017\/11\/P1620583-35pc.jpg?resize=1024%2C768&amp;ssl=1 1024w, https:\/\/i0.wp.com\/voyages-en-france.fr\/wp-content\/uploads\/2017\/11\/P1620583-35pc.jpg?resize=300%2C225&amp;ssl=1 300w, https:\/\/i0.wp.com\/voyages-en-france.fr\/wp-content\/uploads\/2017\/11\/P1620583-35pc.jpg?resize=768%2C576&amp;ssl=1 768w, https:\/\/i0.wp.com\/voyages-en-france.fr\/wp-content\/uploads\/2017\/11\/P1620583-35pc.jpg?w=1277&amp;ssl=1 1277w\" sizes=\"auto, (max-width: 866px) 100vw, 866px\" \/><figcaption id=\"caption-attachment-142\" class=\"wp-caption-text\">Beaujeu<\/figcaption><\/figure>\n<p>La seigneurie de Beaujeu est une puissante seigneurie du Moyen \u00c2ge. Le titre de seigneur de Beaujeu a \u00e9t\u00e9\u00a0 en usage du Xe\u00a0 au XVIIIe si\u00e8cles. De nombreux personnages de cette seigneurie ont marqu\u00e9 l&rsquo;histoire de France. La famille de Beaujeu garde le titre entre 944 et 1265. Plus tard le titre passe \u00e0 la famille de Bourbon. Le plus c\u00e9l\u00e8bre personnage est Anne de France la fille du roi Louis XI qu&rsquo;on appelle Anne de Beaujeu. A la mort de son p\u00e8re elle exerce la r\u00e9gence pour son fr\u00e8re cadet Charles VIII.<\/p>\n<p style=\"text-align: left;\">La ville poss\u00e8de une <strong>\u00ab\u00a0Maison du Terroir Beaujolais<\/strong>\u00a0\u00bb dont la visite permet de d\u00e9couvrir le riche terroir du Beaujolais.<\/p>\n<p>Une voie verte permet de d\u00e9couvrir la r\u00e9gion \u00e0 v\u00e9lo.<\/p>\n<p style=\"text-align: center;\"><iframe loading=\"lazy\" style=\"border: 0;\" src=\"https:\/\/www.google.com\/maps\/embed?pb=!1m18!1m12!1m3!1d210400.6423329768!2d4.409769192196492!3d46.14167699637811!2m3!1f0!2f0!3f0!3m2!1i1024!2i768!4f13.1!3m3!1m2!1s0x47f3802c88c5c30b%3A0x51df34630113cadc!2s69430+Beaujeu!5e0!3m2!1sfr!2sfr!4v1517011287093\" width=\"800\" height=\"600\" frameborder=\"0\" allowfullscreen=\"allowfullscreen\"><\/iframe><\/p>\n<p style=\"text-align: left;\">Pour se rendre \u00e0 Beaujeu ou au mont Brouilly il suffit de sortir de l&rsquo;autoroute A6 \u00e0 Belleville entre M\u00e2con et Villefranche sur Sa\u00f4ne. Beaujeu se trouve \u00e0 60km de long et l&rsquo;on s&rsquo;y rend en moins d&rsquo;une heure.<\/p>\n<figure id=\"attachment_141\" aria-describedby=\"caption-attachment-141\" style=\"width: 1024px\" class=\"wp-caption aligncenter\"><img data-recalc-dims=\"1\" loading=\"lazy\" decoding=\"async\" data-attachment-id=\"141\" data-permalink=\"https:\/\/voyages-en-france.fr\/index.php\/2018\/01\/27\/beaujeu\/p1620566-35pc\/\" data-orig-file=\"https:\/\/i0.wp.com\/voyages-en-france.fr\/wp-content\/uploads\/2017\/11\/P1620566-35pc.jpg?fit=1277%2C958&amp;ssl=1\" data-orig-size=\"1277,958\" data-comments-opened=\"1\" data-image-meta=\"{&quot;aperture&quot;:&quot;5.6&quot;,&quot;credit&quot;:&quot;&quot;,&quot;camera&quot;:&quot;DMC-FZ28&quot;,&quot;caption&quot;:&quot;&quot;,&quot;created_timestamp&quot;:&quot;1432478877&quot;,&quot;copyright&quot;:&quot;&quot;,&quot;focal_length&quot;:&quot;4.8&quot;,&quot;iso&quot;:&quot;100&quot;,&quot;shutter_speed&quot;:&quot;0.0025&quot;,&quot;title&quot;:&quot;&quot;,&quot;orientation&quot;:&quot;1&quot;}\" data-image-title=\"P1620566 [35pc]\" data-image-description=\"&lt;p&gt;C\u00f4te de Brouilly&lt;\/p&gt;\n\" data-image-caption=\"&lt;p&gt;C\u00f4te de Brouilly &#8211; Beaujolais&lt;\/p&gt;\n\" data-medium-file=\"https:\/\/i0.wp.com\/voyages-en-france.fr\/wp-content\/uploads\/2017\/11\/P1620566-35pc.jpg?fit=300%2C225&amp;ssl=1\" data-large-file=\"https:\/\/i0.wp.com\/voyages-en-france.fr\/wp-content\/uploads\/2017\/11\/P1620566-35pc.jpg?fit=1024%2C768&amp;ssl=1\" class=\"size-large wp-image-141\" src=\"https:\/\/i0.wp.com\/voyages-en-france.fr\/wp-content\/uploads\/2017\/11\/P1620566-35pc.jpg?resize=1024%2C768&#038;ssl=1\" alt=\"C\u00f4te de Brouilly - Beaujolais\" width=\"1024\" height=\"768\" srcset=\"https:\/\/i0.wp.com\/voyages-en-france.fr\/wp-content\/uploads\/2017\/11\/P1620566-35pc.jpg?resize=1024%2C768&amp;ssl=1 1024w, https:\/\/i0.wp.com\/voyages-en-france.fr\/wp-content\/uploads\/2017\/11\/P1620566-35pc.jpg?resize=300%2C225&amp;ssl=1 300w, https:\/\/i0.wp.com\/voyages-en-france.fr\/wp-content\/uploads\/2017\/11\/P1620566-35pc.jpg?resize=768%2C576&amp;ssl=1 768w, https:\/\/i0.wp.com\/voyages-en-france.fr\/wp-content\/uploads\/2017\/11\/P1620566-35pc.jpg?w=1277&amp;ssl=1 1277w\" sizes=\"auto, (max-width: 1024px) 100vw, 1024px\" \/><figcaption id=\"caption-attachment-141\" class=\"wp-caption-text\">C\u00f4te de Brouilly &#8211; Beaujolais<\/figcaption><\/figure>\n<h2>Le mont Brouilly<\/h2>\n<p>Le mont Brouilly est le sommet d&rsquo;une colline du Beaujolais situ\u00e9 dans le d\u00e9partement du Rh\u00f4ne. Son versant m\u00e9ridional est couvert de vignobles produisant un vin rouge connu sous le m\u00eame nom de Brouilly. Au sommet se trouve une jolie chapelle: Notre-Dame aux Raisins. Tous les ans pour la nativit\u00e9 de la vierge, le 8 septembre se d\u00e9roule un p\u00e8lerinage annuel.<\/p>\n<figure id=\"attachment_140\" aria-describedby=\"caption-attachment-140\" style=\"width: 768px\" class=\"wp-caption aligncenter\"><img data-recalc-dims=\"1\" loading=\"lazy\" decoding=\"async\" data-attachment-id=\"140\" data-permalink=\"https:\/\/voyages-en-france.fr\/index.php\/2018\/01\/27\/beaujeu\/p1620532-35pc\/\" data-orig-file=\"https:\/\/i0.wp.com\/voyages-en-france.fr\/wp-content\/uploads\/2017\/11\/P1620532-35pc.jpg?fit=958%2C1277&amp;ssl=1\" data-orig-size=\"958,1277\" data-comments-opened=\"1\" data-image-meta=\"{&quot;aperture&quot;:&quot;5.6&quot;,&quot;credit&quot;:&quot;&quot;,&quot;camera&quot;:&quot;DMC-FZ28&quot;,&quot;caption&quot;:&quot;&quot;,&quot;created_timestamp&quot;:&quot;1432477371&quot;,&quot;copyright&quot;:&quot;&quot;,&quot;focal_length&quot;:&quot;22.3&quot;,&quot;iso&quot;:&quot;100&quot;,&quot;shutter_speed&quot;:&quot;0.002&quot;,&quot;title&quot;:&quot;&quot;,&quot;orientation&quot;:&quot;1&quot;}\" data-image-title=\"P1620532 [35pc]\" data-image-description=\"\" data-image-caption=\"&lt;p&gt;Chapelle du Mont Brouilly&lt;\/p&gt;\n\" data-medium-file=\"https:\/\/i0.wp.com\/voyages-en-france.fr\/wp-content\/uploads\/2017\/11\/P1620532-35pc.jpg?fit=225%2C300&amp;ssl=1\" data-large-file=\"https:\/\/i0.wp.com\/voyages-en-france.fr\/wp-content\/uploads\/2017\/11\/P1620532-35pc.jpg?fit=768%2C1024&amp;ssl=1\" class=\"size-large wp-image-140\" src=\"https:\/\/i0.wp.com\/voyages-en-france.fr\/wp-content\/uploads\/2017\/11\/P1620532-35pc.jpg?resize=768%2C1024&#038;ssl=1\" alt=\"Chapelle du Mont Brouilly\" width=\"768\" height=\"1024\" srcset=\"https:\/\/i0.wp.com\/voyages-en-france.fr\/wp-content\/uploads\/2017\/11\/P1620532-35pc.jpg?resize=768%2C1024&amp;ssl=1 768w, https:\/\/i0.wp.com\/voyages-en-france.fr\/wp-content\/uploads\/2017\/11\/P1620532-35pc.jpg?resize=225%2C300&amp;ssl=1 225w, https:\/\/i0.wp.com\/voyages-en-france.fr\/wp-content\/uploads\/2017\/11\/P1620532-35pc.jpg?w=958&amp;ssl=1 958w\" sizes=\"auto, (max-width: 768px) 100vw, 768px\" \/><figcaption id=\"caption-attachment-140\" class=\"wp-caption-text\">Chapelle du Mont Brouilly<\/figcaption><\/figure>\n<p>La chapelle fut construite pour prot\u00e9ger le vignoble apr\u00e8s les gr\u00eales, les gel\u00e9es et l&rsquo;o\u00efdium qui l&rsquo;avaient ravag\u00e9 entre 1850 et 1852. La premi\u00e8re pierre fut pos\u00e9e en 1854 et l&rsquo;inauguration eut lieu en 1857. L&rsquo;autel pr\u00e9sente l&rsquo;inscription \u00ab \u00c0 Marie contre l\u2019o\u00efdium \u00bb tandis que sur la fa\u00e7ade est inscrit \u00ab \u00c0 Marie protectrice du Beaujolais \u00bb<\/p>\n<p>Autour de la chapelle se trouve une grande prairie. L&rsquo;endroit est id\u00e9al pour un pique nique dominical.<\/p>\n<p>Brouilly aurait pour origine le nom d&rsquo;un lieutenant de l&rsquo;arm\u00e9e romaine nomm\u00e9 Brulius, install\u00e9 dans la r\u00e9gion.<\/p>\n<figure id=\"attachment_139\" aria-describedby=\"caption-attachment-139\" style=\"width: 1024px\" class=\"wp-caption aligncenter\"><img data-recalc-dims=\"1\" loading=\"lazy\" decoding=\"async\" data-attachment-id=\"139\" data-permalink=\"https:\/\/voyages-en-france.fr\/index.php\/2018\/01\/27\/beaujeu\/p1620476-35pc\/\" data-orig-file=\"https:\/\/i0.wp.com\/voyages-en-france.fr\/wp-content\/uploads\/2017\/11\/P1620476-35pc.jpg?fit=1277%2C958&amp;ssl=1\" data-orig-size=\"1277,958\" data-comments-opened=\"1\" data-image-meta=\"{&quot;aperture&quot;:&quot;5.6&quot;,&quot;credit&quot;:&quot;&quot;,&quot;camera&quot;:&quot;DMC-FZ28&quot;,&quot;caption&quot;:&quot;&quot;,&quot;created_timestamp&quot;:&quot;1432476236&quot;,&quot;copyright&quot;:&quot;&quot;,&quot;focal_length&quot;:&quot;79.4&quot;,&quot;iso&quot;:&quot;100&quot;,&quot;shutter_speed&quot;:&quot;0.002&quot;,&quot;title&quot;:&quot;&quot;,&quot;orientation&quot;:&quot;1&quot;}\" data-image-title=\"P1620476 [35pc]\" data-image-description=\"&lt;p&gt;Saint Lager vu depuis le Mont Brouilly&lt;\/p&gt;\n\" data-image-caption=\"&lt;p&gt;Saint Lager vu depuis le Mont Brouilly&lt;\/p&gt;\n\" data-medium-file=\"https:\/\/i0.wp.com\/voyages-en-france.fr\/wp-content\/uploads\/2017\/11\/P1620476-35pc.jpg?fit=300%2C225&amp;ssl=1\" data-large-file=\"https:\/\/i0.wp.com\/voyages-en-france.fr\/wp-content\/uploads\/2017\/11\/P1620476-35pc.jpg?fit=1024%2C768&amp;ssl=1\" class=\"size-large wp-image-139\" src=\"https:\/\/i0.wp.com\/voyages-en-france.fr\/wp-content\/uploads\/2017\/11\/P1620476-35pc.jpg?resize=1024%2C768&#038;ssl=1\" alt=\"Saint Lager vu depuis le Mont Brouilly\" width=\"1024\" height=\"768\" srcset=\"https:\/\/i0.wp.com\/voyages-en-france.fr\/wp-content\/uploads\/2017\/11\/P1620476-35pc.jpg?resize=1024%2C768&amp;ssl=1 1024w, https:\/\/i0.wp.com\/voyages-en-france.fr\/wp-content\/uploads\/2017\/11\/P1620476-35pc.jpg?resize=300%2C225&amp;ssl=1 300w, https:\/\/i0.wp.com\/voyages-en-france.fr\/wp-content\/uploads\/2017\/11\/P1620476-35pc.jpg?resize=768%2C576&amp;ssl=1 768w, https:\/\/i0.wp.com\/voyages-en-france.fr\/wp-content\/uploads\/2017\/11\/P1620476-35pc.jpg?w=1277&amp;ssl=1 1277w\" sizes=\"auto, (max-width: 1024px) 100vw, 1024px\" \/><figcaption id=\"caption-attachment-139\" class=\"wp-caption-text\">Saint Lager vu depuis le Mont Brouilly<\/figcaption><\/figure>\n<p>&nbsp;<\/p>\n<span>","protected":false},"excerpt":{"rendered":"<p class=\"excerpt\"><span itemprop=\"description\">Beaujeu Beaujeu est la capitale historique de l&rsquo;ancienne province du Beaujolais. La r\u00e9gion autour de Beaujeu s&rsquo;appelle\u00a0le Beaujolais.\u00a0 C&rsquo;est aussi le nom de c\u00e9l\u00e8bres vins. Cette petite villee est mondialement connue pour ses vins et notamment le m\u00e9diatis\u00e9 beaujolais nouveau.&hellip;<\/span><\/p>\n<p class=\"more-link-p btn-align-right\"><a class=\"blue zoom-btn\" href=\"https:\/\/voyages-en-france.fr\/index.php\/2018\/01\/27\/beaujeu\/\">Lire la suite<\/a><\/p>\n","protected":false},"author":1,"featured_media":143,"comment_status":"open","ping_status":"open","sticky":false,"template":"","format":"standard","meta":{"pgc_sgb_lightbox_settings":"","jetpack_post_was_ever_published":false,"_bos_mb_destination":[""],"_jetpack_newsletter_access":"","_jetpack_dont_email_post_to_subs":false,"_jetpack_newsletter_tier_id":0,"_jetpack_memberships_contains_paywalled_content":false,"_jetpack_memberships_contains_paid_content":false,"footnotes":"","jetpack_publicize_message":"","jetpack_publicize_feature_enabled":true,"jetpack_social_post_already_shared":true,"jetpack_social_options":{"image_generator_settings":{"template":"highway","default_image_id":0,"font":"","enabled":false},"version":2}},"categories":[13,2],"tags":[54,127,129,128,55,34],"class_list":["post-744","post","type-post","status-publish","format-standard","has-post-thumbnail","hentry","category-region","category-ville","tag-54","tag-beaujeu","tag-beaujolais","tag-mont-brouilly","tag-rhone","tag-rhone-alpes","zoom-theme-has-thumb"],"yoast_head":"<!-- This site is optimized with the Yoast SEO plugin v27.1.1 - https:\/\/yoast.com\/product\/yoast-seo-wordpress\/ -->\n<title>Beaujeu, capitale du Beaujolais et le mont Brouilly - Voyages-en-France.fr<\/title>\n<meta name=\"description\" content=\"Beaujeu, capitale du Beaujolais et le mont Brouilly ville % -\" \/>\n<meta name=\"robots\" content=\"index, follow, max-snippet:-1, max-image-preview:large, max-video-preview:-1\" \/>\n<link rel=\"canonical\" href=\"https:\/\/voyages-en-france.fr\/index.php\/2018\/01\/27\/beaujeu\/\" \/>\n<meta property=\"og:locale\" content=\"fr_FR\" \/>\n<meta property=\"og:type\" content=\"article\" \/>\n<meta property=\"og:title\" content=\"Beaujeu, capitale du Beaujolais et le mont Brouilly - Voyages-en-France.fr\" \/>\n<meta property=\"og:description\" content=\"Beaujeu, capitale du Beaujolais et le mont Brouilly ville % -\" \/>\n<meta property=\"og:url\" content=\"https:\/\/voyages-en-france.fr\/index.php\/2018\/01\/27\/beaujeu\/\" \/>\n<meta property=\"og:site_name\" content=\"Voyages-en-France.fr\" \/>\n<meta property=\"article:publisher\" content=\"https:\/\/www.facebook.com\/voyages.au.coeur.de.la.france\/\" \/>\n<meta property=\"article:author\" content=\"https:\/\/www.facebook.com\/voyages.au.coeur.de.la.france\/\" \/>\n<meta property=\"article:published_time\" content=\"2018-01-27T00:11:17+00:00\" \/>\n<meta property=\"article:modified_time\" content=\"2019-02-17T14:36:07+00:00\" \/>\n<meta property=\"og:image\" content=\"https:\/\/i0.wp.com\/voyages-en-france.fr\/wp-content\/uploads\/2017\/11\/P1620592-35pc.jpg?fit=1277%2C958&ssl=1\" \/>\n\t<meta property=\"og:image:width\" content=\"1277\" \/>\n\t<meta property=\"og:image:height\" content=\"958\" \/>\n\t<meta property=\"og:image:type\" content=\"image\/jpeg\" \/>\n<meta name=\"author\" content=\"Christophe\" \/>\n<meta name=\"twitter:card\" content=\"summary_large_image\" \/>\n<meta name=\"twitter:creator\" content=\"@Voyages_France\" \/>\n<meta name=\"twitter:site\" content=\"@Voyages_France\" \/>\n<meta name=\"twitter:label1\" content=\"\u00c9crit par\" \/>\n\t<meta name=\"twitter:data1\" content=\"Christophe\" \/>\n\t<meta name=\"twitter:label2\" content=\"Dur\u00e9e de lecture estim\u00e9e\" \/>\n\t<meta name=\"twitter:data2\" content=\"2 minutes\" \/>\n<script type=\"application\/ld+json\" class=\"yoast-schema-graph\">{\"@context\":\"https:\/\/schema.org\",\"@graph\":[{\"@type\":\"Article\",\"@id\":\"https:\/\/voyages-en-france.fr\/index.php\/2018\/01\/27\/beaujeu\/#article\",\"isPartOf\":{\"@id\":\"https:\/\/voyages-en-france.fr\/index.php\/2018\/01\/27\/beaujeu\/\"},\"author\":{\"name\":\"Christophe\",\"@id\":\"https:\/\/voyages-en-france.fr\/#\/schema\/person\/611a624b57cd68dd2e4c3f7d385420e2\"},\"headline\":\"Beaujeu, capitale du Beaujolais et le mont Brouilly\",\"datePublished\":\"2018-01-27T00:11:17+00:00\",\"dateModified\":\"2019-02-17T14:36:07+00:00\",\"mainEntityOfPage\":{\"@id\":\"https:\/\/voyages-en-france.fr\/index.php\/2018\/01\/27\/beaujeu\/\"},\"wordCount\":462,\"commentCount\":0,\"publisher\":{\"@id\":\"https:\/\/voyages-en-france.fr\/#\/schema\/person\/611a624b57cd68dd2e4c3f7d385420e2\"},\"image\":{\"@id\":\"https:\/\/voyages-en-france.fr\/index.php\/2018\/01\/27\/beaujeu\/#primaryimage\"},\"thumbnailUrl\":\"https:\/\/i0.wp.com\/voyages-en-france.fr\/wp-content\/uploads\/2017\/11\/P1620592-35pc.jpg?fit=1277%2C958&ssl=1\",\"keywords\":[\"69\",\"Beaujeu\",\"Beaujolais\",\"Mont Brouilly\",\"Rh\u00f4ne\",\"Rh\u00f4ne-Alpes\"],\"articleSection\":[\"R\u00e9gion\",\"ville\"],\"inLanguage\":\"fr-FR\",\"potentialAction\":[{\"@type\":\"CommentAction\",\"name\":\"Comment\",\"target\":[\"https:\/\/voyages-en-france.fr\/index.php\/2018\/01\/27\/beaujeu\/#respond\"]}]},{\"@type\":\"WebPage\",\"@id\":\"https:\/\/voyages-en-france.fr\/index.php\/2018\/01\/27\/beaujeu\/\",\"url\":\"https:\/\/voyages-en-france.fr\/index.php\/2018\/01\/27\/beaujeu\/\",\"name\":\"Beaujeu, capitale du Beaujolais et le mont Brouilly - Voyages-en-France.fr\",\"isPartOf\":{\"@id\":\"https:\/\/voyages-en-france.fr\/#website\"},\"primaryImageOfPage\":{\"@id\":\"https:\/\/voyages-en-france.fr\/index.php\/2018\/01\/27\/beaujeu\/#primaryimage\"},\"image\":{\"@id\":\"https:\/\/voyages-en-france.fr\/index.php\/2018\/01\/27\/beaujeu\/#primaryimage\"},\"thumbnailUrl\":\"https:\/\/i0.wp.com\/voyages-en-france.fr\/wp-content\/uploads\/2017\/11\/P1620592-35pc.jpg?fit=1277%2C958&ssl=1\",\"datePublished\":\"2018-01-27T00:11:17+00:00\",\"dateModified\":\"2019-02-17T14:36:07+00:00\",\"description\":\"Beaujeu, capitale du Beaujolais et le mont Brouilly ville % -\",\"breadcrumb\":{\"@id\":\"https:\/\/voyages-en-france.fr\/index.php\/2018\/01\/27\/beaujeu\/#breadcrumb\"},\"inLanguage\":\"fr-FR\",\"potentialAction\":[{\"@type\":\"ReadAction\",\"target\":[\"https:\/\/voyages-en-france.fr\/index.php\/2018\/01\/27\/beaujeu\/\"]}]},{\"@type\":\"ImageObject\",\"inLanguage\":\"fr-FR\",\"@id\":\"https:\/\/voyages-en-france.fr\/index.php\/2018\/01\/27\/beaujeu\/#primaryimage\",\"url\":\"https:\/\/i0.wp.com\/voyages-en-france.fr\/wp-content\/uploads\/2017\/11\/P1620592-35pc.jpg?fit=1277%2C958&ssl=1\",\"contentUrl\":\"https:\/\/i0.wp.com\/voyages-en-france.fr\/wp-content\/uploads\/2017\/11\/P1620592-35pc.jpg?fit=1277%2C958&ssl=1\",\"width\":1277,\"height\":958,\"caption\":\"\u00c9glise Saint-Nicolas de Beaujeu\"},{\"@type\":\"BreadcrumbList\",\"@id\":\"https:\/\/voyages-en-france.fr\/index.php\/2018\/01\/27\/beaujeu\/#breadcrumb\",\"itemListElement\":[{\"@type\":\"ListItem\",\"position\":1,\"name\":\"Accueil\",\"item\":\"https:\/\/voyages-en-france.fr\/\"},{\"@type\":\"ListItem\",\"position\":2,\"name\":\"Beaujeu, capitale du Beaujolais et le mont Brouilly\"}]},{\"@type\":\"WebSite\",\"@id\":\"https:\/\/voyages-en-france.fr\/#website\",\"url\":\"https:\/\/voyages-en-france.fr\/\",\"name\":\"Voyages-en-France.fr\",\"description\":\"D\u00e9couvrir la France, son patrimoine, ses richesses naturelles, son histoire...\",\"publisher\":{\"@id\":\"https:\/\/voyages-en-france.fr\/#\/schema\/person\/611a624b57cd68dd2e4c3f7d385420e2\"},\"potentialAction\":[{\"@type\":\"SearchAction\",\"target\":{\"@type\":\"EntryPoint\",\"urlTemplate\":\"https:\/\/voyages-en-france.fr\/?s={search_term_string}\"},\"query-input\":{\"@type\":\"PropertyValueSpecification\",\"valueRequired\":true,\"valueName\":\"search_term_string\"}}],\"inLanguage\":\"fr-FR\"},{\"@type\":[\"Person\",\"Organization\"],\"@id\":\"https:\/\/voyages-en-france.fr\/#\/schema\/person\/611a624b57cd68dd2e4c3f7d385420e2\",\"name\":\"Christophe\",\"image\":{\"@type\":\"ImageObject\",\"inLanguage\":\"fr-FR\",\"@id\":\"https:\/\/voyages-en-france.fr\/#\/schema\/person\/image\/\",\"url\":\"https:\/\/i0.wp.com\/voyages-en-france.fr\/wp-content\/uploads\/2017\/11\/cropped-FRANCE-1.jpg?fit=324%2C324&ssl=1\",\"contentUrl\":\"https:\/\/i0.wp.com\/voyages-en-france.fr\/wp-content\/uploads\/2017\/11\/cropped-FRANCE-1.jpg?fit=324%2C324&ssl=1\",\"width\":324,\"height\":324,\"caption\":\"Christophe\"},\"logo\":{\"@id\":\"https:\/\/voyages-en-france.fr\/#\/schema\/person\/image\/\"},\"sameAs\":[\"http:\/\/voyages-en-france.fr\/\",\"https:\/\/www.facebook.com\/voyages.au.coeur.de.la.france\/\",\"https:\/\/www.instagram.com\/voyages_en_france\/\",\"https:\/\/x.com\/Voyages_France\"]}]}<\/script>\n<!-- \/ Yoast SEO plugin. -->","yoast_head_json":{"title":"Beaujeu, capitale du Beaujolais et le mont Brouilly - Voyages-en-France.fr","description":"Beaujeu, capitale du Beaujolais et le mont Brouilly ville % -","robots":{"index":"index","follow":"follow","max-snippet":"max-snippet:-1","max-image-preview":"max-image-preview:large","max-video-preview":"max-video-preview:-1"},"canonical":"https:\/\/voyages-en-france.fr\/index.php\/2018\/01\/27\/beaujeu\/","og_locale":"fr_FR","og_type":"article","og_title":"Beaujeu, capitale du Beaujolais et le mont Brouilly - Voyages-en-France.fr","og_description":"Beaujeu, capitale du Beaujolais et le mont Brouilly ville % -","og_url":"https:\/\/voyages-en-france.fr\/index.php\/2018\/01\/27\/beaujeu\/","og_site_name":"Voyages-en-France.fr","article_publisher":"https:\/\/www.facebook.com\/voyages.au.coeur.de.la.france\/","article_author":"https:\/\/www.facebook.com\/voyages.au.coeur.de.la.france\/","article_published_time":"2018-01-27T00:11:17+00:00","article_modified_time":"2019-02-17T14:36:07+00:00","og_image":[{"width":1277,"height":958,"url":"https:\/\/i0.wp.com\/voyages-en-france.fr\/wp-content\/uploads\/2017\/11\/P1620592-35pc.jpg?fit=1277%2C958&ssl=1","type":"image\/jpeg"}],"author":"Christophe","twitter_card":"summary_large_image","twitter_creator":"@Voyages_France","twitter_site":"@Voyages_France","twitter_misc":{"\u00c9crit par":"Christophe","Dur\u00e9e de lecture estim\u00e9e":"2 minutes"},"schema":{"@context":"https:\/\/schema.org","@graph":[{"@type":"Article","@id":"https:\/\/voyages-en-france.fr\/index.php\/2018\/01\/27\/beaujeu\/#article","isPartOf":{"@id":"https:\/\/voyages-en-france.fr\/index.php\/2018\/01\/27\/beaujeu\/"},"author":{"name":"Christophe","@id":"https:\/\/voyages-en-france.fr\/#\/schema\/person\/611a624b57cd68dd2e4c3f7d385420e2"},"headline":"Beaujeu, capitale du Beaujolais et le mont Brouilly","datePublished":"2018-01-27T00:11:17+00:00","dateModified":"2019-02-17T14:36:07+00:00","mainEntityOfPage":{"@id":"https:\/\/voyages-en-france.fr\/index.php\/2018\/01\/27\/beaujeu\/"},"wordCount":462,"commentCount":0,"publisher":{"@id":"https:\/\/voyages-en-france.fr\/#\/schema\/person\/611a624b57cd68dd2e4c3f7d385420e2"},"image":{"@id":"https:\/\/voyages-en-france.fr\/index.php\/2018\/01\/27\/beaujeu\/#primaryimage"},"thumbnailUrl":"https:\/\/i0.wp.com\/voyages-en-france.fr\/wp-content\/uploads\/2017\/11\/P1620592-35pc.jpg?fit=1277%2C958&ssl=1","keywords":["69","Beaujeu","Beaujolais","Mont Brouilly","Rh\u00f4ne","Rh\u00f4ne-Alpes"],"articleSection":["R\u00e9gion","ville"],"inLanguage":"fr-FR","potentialAction":[{"@type":"CommentAction","name":"Comment","target":["https:\/\/voyages-en-france.fr\/index.php\/2018\/01\/27\/beaujeu\/#respond"]}]},{"@type":"WebPage","@id":"https:\/\/voyages-en-france.fr\/index.php\/2018\/01\/27\/beaujeu\/","url":"https:\/\/voyages-en-france.fr\/index.php\/2018\/01\/27\/beaujeu\/","name":"Beaujeu, capitale du Beaujolais et le mont Brouilly - Voyages-en-France.fr","isPartOf":{"@id":"https:\/\/voyages-en-france.fr\/#website"},"primaryImageOfPage":{"@id":"https:\/\/voyages-en-france.fr\/index.php\/2018\/01\/27\/beaujeu\/#primaryimage"},"image":{"@id":"https:\/\/voyages-en-france.fr\/index.php\/2018\/01\/27\/beaujeu\/#primaryimage"},"thumbnailUrl":"https:\/\/i0.wp.com\/voyages-en-france.fr\/wp-content\/uploads\/2017\/11\/P1620592-35pc.jpg?fit=1277%2C958&ssl=1","datePublished":"2018-01-27T00:11:17+00:00","dateModified":"2019-02-17T14:36:07+00:00","description":"Beaujeu, capitale du Beaujolais et le mont Brouilly ville % -","breadcrumb":{"@id":"https:\/\/voyages-en-france.fr\/index.php\/2018\/01\/27\/beaujeu\/#breadcrumb"},"inLanguage":"fr-FR","potentialAction":[{"@type":"ReadAction","target":["https:\/\/voyages-en-france.fr\/index.php\/2018\/01\/27\/beaujeu\/"]}]},{"@type":"ImageObject","inLanguage":"fr-FR","@id":"https:\/\/voyages-en-france.fr\/index.php\/2018\/01\/27\/beaujeu\/#primaryimage","url":"https:\/\/i0.wp.com\/voyages-en-france.fr\/wp-content\/uploads\/2017\/11\/P1620592-35pc.jpg?fit=1277%2C958&ssl=1","contentUrl":"https:\/\/i0.wp.com\/voyages-en-france.fr\/wp-content\/uploads\/2017\/11\/P1620592-35pc.jpg?fit=1277%2C958&ssl=1","width":1277,"height":958,"caption":"\u00c9glise Saint-Nicolas de Beaujeu"},{"@type":"BreadcrumbList","@id":"https:\/\/voyages-en-france.fr\/index.php\/2018\/01\/27\/beaujeu\/#breadcrumb","itemListElement":[{"@type":"ListItem","position":1,"name":"Accueil","item":"https:\/\/voyages-en-france.fr\/"},{"@type":"ListItem","position":2,"name":"Beaujeu, capitale du Beaujolais et le mont Brouilly"}]},{"@type":"WebSite","@id":"https:\/\/voyages-en-france.fr\/#website","url":"https:\/\/voyages-en-france.fr\/","name":"Voyages-en-France.fr","description":"D\u00e9couvrir la France, son patrimoine, ses richesses naturelles, son histoire...","publisher":{"@id":"https:\/\/voyages-en-france.fr\/#\/schema\/person\/611a624b57cd68dd2e4c3f7d385420e2"},"potentialAction":[{"@type":"SearchAction","target":{"@type":"EntryPoint","urlTemplate":"https:\/\/voyages-en-france.fr\/?s={search_term_string}"},"query-input":{"@type":"PropertyValueSpecification","valueRequired":true,"valueName":"search_term_string"}}],"inLanguage":"fr-FR"},{"@type":["Person","Organization"],"@id":"https:\/\/voyages-en-france.fr\/#\/schema\/person\/611a624b57cd68dd2e4c3f7d385420e2","name":"Christophe","image":{"@type":"ImageObject","inLanguage":"fr-FR","@id":"https:\/\/voyages-en-france.fr\/#\/schema\/person\/image\/","url":"https:\/\/i0.wp.com\/voyages-en-france.fr\/wp-content\/uploads\/2017\/11\/cropped-FRANCE-1.jpg?fit=324%2C324&ssl=1","contentUrl":"https:\/\/i0.wp.com\/voyages-en-france.fr\/wp-content\/uploads\/2017\/11\/cropped-FRANCE-1.jpg?fit=324%2C324&ssl=1","width":324,"height":324,"caption":"Christophe"},"logo":{"@id":"https:\/\/voyages-en-france.fr\/#\/schema\/person\/image\/"},"sameAs":["http:\/\/voyages-en-france.fr\/","https:\/\/www.facebook.com\/voyages.au.coeur.de.la.france\/","https:\/\/www.instagram.com\/voyages_en_france\/","https:\/\/x.com\/Voyages_France"]}]}},"jetpack_publicize_connections":[],"jetpack_featured_media_url":"https:\/\/i0.wp.com\/voyages-en-france.fr\/wp-content\/uploads\/2017\/11\/P1620592-35pc.jpg?fit=1277%2C958&ssl=1","jetpack_sharing_enabled":true,"jetpack_shortlink":"https:\/\/wp.me\/s9pWxx-beaujeu","jetpack_likes_enabled":true,"_links":{"self":[{"href":"https:\/\/voyages-en-france.fr\/index.php\/wp-json\/wp\/v2\/posts\/744","targetHints":{"allow":["GET"]}}],"collection":[{"href":"https:\/\/voyages-en-france.fr\/index.php\/wp-json\/wp\/v2\/posts"}],"about":[{"href":"https:\/\/voyages-en-france.fr\/index.php\/wp-json\/wp\/v2\/types\/post"}],"author":[{"embeddable":true,"href":"https:\/\/voyages-en-france.fr\/index.php\/wp-json\/wp\/v2\/users\/1"}],"replies":[{"embeddable":true,"href":"https:\/\/voyages-en-france.fr\/index.php\/wp-json\/wp\/v2\/comments?post=744"}],"version-history":[{"count":3,"href":"https:\/\/voyages-en-france.fr\/index.php\/wp-json\/wp\/v2\/posts\/744\/revisions"}],"predecessor-version":[{"id":1613,"href":"https:\/\/voyages-en-france.fr\/index.php\/wp-json\/wp\/v2\/posts\/744\/revisions\/1613"}],"wp:featuredmedia":[{"embeddable":true,"href":"https:\/\/voyages-en-france.fr\/index.php\/wp-json\/wp\/v2\/media\/143"}],"wp:attachment":[{"href":"https:\/\/voyages-en-france.fr\/index.php\/wp-json\/wp\/v2\/media?parent=744"}],"wp:term":[{"taxonomy":"category","embeddable":true,"href":"https:\/\/voyages-en-france.fr\/index.php\/wp-json\/wp\/v2\/categories?post=744"},{"taxonomy":"post_tag","embeddable":true,"href":"https:\/\/voyages-en-france.fr\/index.php\/wp-json\/wp\/v2\/tags?post=744"}],"curies":[{"name":"wp","href":"https:\/\/api.w.org\/{rel}","templated":true}]}}