{"id":692,"date":"2018-01-09T22:42:29","date_gmt":"2018-01-09T21:42:29","guid":{"rendered":"http:\/\/voyages-en-france.fr\/?p=692"},"modified":"2021-12-30T00:09:33","modified_gmt":"2021-12-29T23:09:33","slug":"basilique-sacre-coeur-de-montmartre","status":"publish","type":"post","link":"https:\/\/voyages-en-france.fr\/index.php\/2018\/01\/09\/basilique-sacre-coeur-de-montmartre\/","title":{"rendered":"la Basilique du Sacr\u00e9 C\u0153ur de Montmartre"},"content":{"rendered":"<span itemprop=\"description\"><div data-blogger-escaped-style=\"text-align: left;\">\n<h2><span style=\"color: #666666; font-family: verdana, sans-serif;\" data-blogger-escaped-style=\"color: #666666; font-family: &quot;verdana&quot; , sans-serif;\"><b data-blogger-escaped-style=\"line-height: 18.2px;\">Basilique du Sacr\u00e9 C\u0153ur de Montmartre \u00a0O\u00f9 est ce?<\/b><b data-blogger-escaped-style=\"line-height: 18.2px;\">\u00a0\u00a0<\/b><\/span><\/h2>\n<p><span style=\"color: #666666; font-family: verdana, sans-serif;\" data-blogger-escaped-style=\"color: #666666; font-family: &quot;verdana&quot; , sans-serif;\"><span data-blogger-escaped-style=\"line-height: 18.2px;\">En plein\u00a0c\u0153ur\u00a0de Paris sur la colline de Montmartre, le plus haut \u00e9difice de Paris gr\u00e2ce \u00e0 son altitude jusqu&rsquo;\u00e0 la construction de la <a href=\"https:\/\/voyages-en-france.fr\/index.php\/2017\/12\/02\/la-tour-eiffel-symbole-de-paris-et-de-la-france\/\">Tour Eiffel<\/a> quelques ann\u00e9es apr\u00e8s&#8230; On y acc\u00e8de soit \u00e0 pied soit en funiculaire. Sur la butte outre la basilique du Sacr\u00e9-C\u0153ur, on trouve un v\u00e9ritable village.\u00a0<\/span><\/span><\/p>\n<\/div>\n<div data-blogger-escaped-style=\"text-align: center;\">\n<p style=\"text-align: center;\"><iframe loading=\"lazy\" src=\"https:\/\/www.google.com\/maps\/embed?pb=!1m18!1m12!1m3!1d2623.505402114285!2d2.3409102515751674!3d48.88670457918864!2m3!1f0!2f0!3f0!3m2!1i1024!2i768!4f13.1!3m3!1m2!1s0x47e66e4334868de3%3A0xcfc3870abe2b8519!2zU2FjcsOpLUPFk3Vy!5e0!3m2!1sfr!2sfr!4v1463346706085\" width=\"750\" height=\"500\" frameborder=\"0\" data-blogger-escaped-allowfullscreen=\"\" data-blogger-escaped-style=\"border-style: initial; border-width: 0px;\" data-mce-fragment=\"1\"><span data-mce-type=\"bookmark\" style=\"display: inline-block; width: 0px; overflow: hidden; line-height: 0;\" class=\"mce_SELRES_start\">\ufeff<\/span><\/iframe><\/p>\n<\/div>\n<div data-blogger-escaped-style=\"text-align: center;\"><\/div>\n<h3><span style=\"font-family: verdana, sans-serif;\" data-blogger-escaped-style=\"font-family: &quot;verdana&quot; , sans-serif;\"><u><span style=\"font-family: verdana, sans-serif;\">Histoire de la Basilique du Sacr\u00e9 <span style=\"font-size: 18.72px;\">C\u0153ur<\/span>:<\/span><\/u><span style=\"font-family: verdana, sans-serif;\">\u00a0\u00a0<\/span><\/span><\/h3>\n<p><span style=\"font-family: verdana, sans-serif;\" data-blogger-escaped-style=\"font-family: &quot;verdana&quot; , sans-serif;\"><span style=\"color: #555555;\" data-blogger-escaped-style=\"color: #555555; line-height: 22.4px; text-align: justify;\">L\u2019Abbaye de Montmartre est un foyer intense de vie religieuse\u00a0<\/span><span style=\"color: #555555;\" data-blogger-escaped-style=\"color: #555555; line-height: 22.4px; text-align: justify;\">durant des si\u00e8cles<\/span><span style=\"color: #555555;\" data-blogger-escaped-style=\"color: #555555; line-height: 22.4px; text-align: justify;\">\u00a0et un lieu fr\u00e9quent\u00e9 de p\u00e8lerinages.\u00a0<\/span><\/span> <span style=\"color: #555555;\" data-blogger-escaped-style=\"color: #555555; line-height: 22.4px; text-align: justify;\"><span style=\"font-family: verdana, sans-serif;\" data-blogger-escaped-style=\"font-family: &quot;verdana&quot; , sans-serif;\">En 1792, les B\u00e9n\u00e9dictines sont dispers\u00e9es par la R\u00e9volution fran\u00e7aise et le monast\u00e8re d\u00e9truit de fond en comble. La derni\u00e8re abbesse, Marie-Louise de Montmorency-Laval, monte sur l\u2019\u00e9chafaud le 24\u00a0juillet 1794. Son sang permet la miraculeuse r\u00e9surrection de vie religieuse qui s\u2019op\u00e9rera quatre-vingts ans plus tard sur la Butte sacr\u00e9e.<\/span><\/span><\/p>\n<figure id=\"attachment_325\" aria-describedby=\"caption-attachment-325\" style=\"width: 698px\" class=\"wp-caption aligncenter\"><img data-recalc-dims=\"1\" loading=\"lazy\" decoding=\"async\" data-attachment-id=\"325\" data-permalink=\"https:\/\/voyages-en-france.fr\/p1490137-35pc\/\" data-orig-file=\"https:\/\/i0.wp.com\/voyages-en-france.fr\/wp-content\/uploads\/2017\/11\/P1490137-35pc.jpg?fit=1277%2C958&amp;ssl=1\" data-orig-size=\"1277,958\" data-comments-opened=\"1\" data-image-meta=\"{&quot;aperture&quot;:&quot;5.6&quot;,&quot;credit&quot;:&quot;&quot;,&quot;camera&quot;:&quot;DMC-FZ28&quot;,&quot;caption&quot;:&quot;&quot;,&quot;created_timestamp&quot;:&quot;1376074483&quot;,&quot;copyright&quot;:&quot;&quot;,&quot;focal_length&quot;:&quot;47.8&quot;,&quot;iso&quot;:&quot;100&quot;,&quot;shutter_speed&quot;:&quot;0.002&quot;,&quot;title&quot;:&quot;&quot;,&quot;orientation&quot;:&quot;1&quot;}\" data-image-title=\"P1490137 [35pc]\" data-image-description=\"&lt;p&gt;Tour Montparnasse depuis Montmartre &#8211; Paris &lt;\/p&gt;\n\" data-image-caption=\"&lt;p&gt;La butte Montmartre domine Paris &#8211;  Tour Montparnasse depuis Montmartre&lt;\/p&gt;\n\" data-medium-file=\"https:\/\/i0.wp.com\/voyages-en-france.fr\/wp-content\/uploads\/2017\/11\/P1490137-35pc.jpg?fit=300%2C225&amp;ssl=1\" data-large-file=\"https:\/\/i0.wp.com\/voyages-en-france.fr\/wp-content\/uploads\/2017\/11\/P1490137-35pc.jpg?fit=1024%2C768&amp;ssl=1\" class=\" wp-image-325\" src=\"https:\/\/i0.wp.com\/voyages-en-france.fr\/wp-content\/uploads\/2017\/11\/P1490137-35pc.jpg?resize=698%2C524&#038;ssl=1\" alt=\"Tour Montparnasse depuis Montmartre - Paris\" width=\"698\" height=\"524\" srcset=\"https:\/\/i0.wp.com\/voyages-en-france.fr\/wp-content\/uploads\/2017\/11\/P1490137-35pc.jpg?w=1277&amp;ssl=1 1277w, https:\/\/i0.wp.com\/voyages-en-france.fr\/wp-content\/uploads\/2017\/11\/P1490137-35pc.jpg?resize=300%2C225&amp;ssl=1 300w, https:\/\/i0.wp.com\/voyages-en-france.fr\/wp-content\/uploads\/2017\/11\/P1490137-35pc.jpg?resize=768%2C576&amp;ssl=1 768w, https:\/\/i0.wp.com\/voyages-en-france.fr\/wp-content\/uploads\/2017\/11\/P1490137-35pc.jpg?resize=1024%2C768&amp;ssl=1 1024w\" sizes=\"auto, (max-width: 698px) 100vw, 698px\" \/><figcaption id=\"caption-attachment-325\" class=\"wp-caption-text\">La butte Montmartre domine Paris &#8211; Tour Montparnasse depuis Montmartre<\/figcaption><\/figure>\n<p><span style=\"color: #555555;\" data-blogger-escaped-style=\"color: #555555; line-height: 22.4px; text-align: justify;\"><span style=\"font-family: verdana, sans-serif;\" data-blogger-escaped-style=\"font-family: &quot;verdana&quot; , sans-serif;\">Il ne subsiste \u00e0 l\u2019heure actuelle de l\u2019abbaye des Dames de Montmartre que l\u2019\u00e9glise Saint-Pierre, dont le ch\u0153ur servait de chapelle aux religieuses.<\/span><\/span><\/p>\n<div>\n<h2 style=\"text-align: center;\" data-blogger-escaped-style=\"line-height: 22.4px; margin: 0px; padding: 0px; text-transform: uppercase;\"><span style=\"font-family: verdana, sans-serif; font-size: medium;\" data-blogger-escaped-style=\"font-family: &quot;verdana&quot; , sans-serif; font-size: small; line-height: 22.4px;\">UN \u00ab<\/span><small class=\"fine\" data-blogger-escaped-style=\"font-family: verdana, sans-serif; line-height: 22.4px;\">\u00a0<\/small><span style=\"font-family: verdana, sans-serif; font-size: medium;\" data-blogger-escaped-style=\"font-family: &quot;verdana&quot; , sans-serif; font-size: small; line-height: 22.4px;\">V\u0152U NATIONAL<\/span><small class=\"fine\" data-blogger-escaped-style=\"font-family: verdana, sans-serif; line-height: 22.4px;\">\u00a0<\/small><span style=\"font-family: verdana, sans-serif; font-size: medium;\" data-blogger-escaped-style=\"font-family: &quot;verdana&quot; , sans-serif; font-size: small; line-height: 22.4px;\">\u00bb<\/span><\/h2>\n<\/div>\n<div>\n<figure id=\"attachment_327\" aria-describedby=\"caption-attachment-327\" style=\"width: 1277px\" class=\"wp-caption aligncenter\"><img data-recalc-dims=\"1\" loading=\"lazy\" decoding=\"async\" data-attachment-id=\"327\" data-permalink=\"https:\/\/voyages-en-france.fr\/index.php\/2018\/01\/09\/basilique-sacre-coeur-de-montmartre\/p1490162-35pc\/\" data-orig-file=\"https:\/\/i0.wp.com\/voyages-en-france.fr\/wp-content\/uploads\/2017\/11\/P1490162-35pc.jpg?fit=1277%2C958&amp;ssl=1\" data-orig-size=\"1277,958\" data-comments-opened=\"1\" data-image-meta=\"{&quot;aperture&quot;:&quot;5.6&quot;,&quot;credit&quot;:&quot;&quot;,&quot;camera&quot;:&quot;DMC-FZ28&quot;,&quot;caption&quot;:&quot;&quot;,&quot;created_timestamp&quot;:&quot;1376077972&quot;,&quot;copyright&quot;:&quot;&quot;,&quot;focal_length&quot;:&quot;4.8&quot;,&quot;iso&quot;:&quot;160&quot;,&quot;shutter_speed&quot;:&quot;0.004&quot;,&quot;title&quot;:&quot;&quot;,&quot;orientation&quot;:&quot;1&quot;}\" data-image-title=\"P1490162 [35pc]\" data-image-description=\"&lt;p&gt;Sacr\u00e9 C\u0153ur de Montmartre &#8211; Paris&lt;\/p&gt;\n\" data-image-caption=\"&lt;p&gt;Sacr\u00e9 C\u0153ur de Montmartre &#8211; Paris&lt;\/p&gt;\n\" data-medium-file=\"https:\/\/i0.wp.com\/voyages-en-france.fr\/wp-content\/uploads\/2017\/11\/P1490162-35pc.jpg?fit=300%2C225&amp;ssl=1\" data-large-file=\"https:\/\/i0.wp.com\/voyages-en-france.fr\/wp-content\/uploads\/2017\/11\/P1490162-35pc.jpg?fit=1024%2C768&amp;ssl=1\" class=\"wp-image-327 size-full\" src=\"https:\/\/i0.wp.com\/voyages-en-france.fr\/wp-content\/uploads\/2017\/11\/P1490162-35pc.jpg?resize=1200%2C900&#038;ssl=1\" alt=\"Sacr\u00e9 C\u0153ur de Montmartre - Paris\" width=\"1200\" height=\"900\" srcset=\"https:\/\/i0.wp.com\/voyages-en-france.fr\/wp-content\/uploads\/2017\/11\/P1490162-35pc.jpg?w=1277&amp;ssl=1 1277w, https:\/\/i0.wp.com\/voyages-en-france.fr\/wp-content\/uploads\/2017\/11\/P1490162-35pc.jpg?resize=300%2C225&amp;ssl=1 300w, https:\/\/i0.wp.com\/voyages-en-france.fr\/wp-content\/uploads\/2017\/11\/P1490162-35pc.jpg?resize=768%2C576&amp;ssl=1 768w, https:\/\/i0.wp.com\/voyages-en-france.fr\/wp-content\/uploads\/2017\/11\/P1490162-35pc.jpg?resize=1024%2C768&amp;ssl=1 1024w\" sizes=\"auto, (max-width: 1200px) 100vw, 1200px\" \/><figcaption id=\"caption-attachment-327\" class=\"wp-caption-text\">Basilique du Sacr\u00e9 C\u0153ur &#8211; Paris<\/figcaption><\/figure>\n<\/div>\n<div>\n<h2 class=\"spip\" data-blogger-escaped-style=\"font-weight: 400; line-height: 22.4px; margin: 0px; padding: 0px; text-transform: uppercase;\">A L\u2019ORIGINE DE LA CONSTRUCTION DE LA BASILIQUE DE MONTMARTE, UN \u00ab\u00a0V\u0152U NATIONAL\u00a0\u00bb<\/h2>\n<div data-blogger-escaped-style=\"color: #555555; line-height: 22.4px; text-align: justify;\">\n<div data-blogger-escaped-style=\"text-align: center;\">\n<p><span style=\"font-family: verdana, sans-serif;\" data-blogger-escaped-style=\"font-family: &quot;verdana&quot; , sans-serif;\">En 1870, la guerre \u00e9clate entre la France et l\u2019Allemagne.\u00a0Le Concile qui se tenait au Vatican est interrompu et le pape, qui n\u2019est plus prot\u00e9g\u00e9 par les troupes fran\u00e7aises, se consid\u00e8re prisonnier dans la cit\u00e9 du Vatican<small class=\"fine\">\u00a0<\/small>!\u00a0<\/span><\/p>\n<\/div>\n<\/div>\n<div data-blogger-escaped-style=\"color: #555555; line-height: 22.4px; text-align: justify;\"><span style=\"font-family: verdana, sans-serif; font-size: 14px; word-spacing: normal;\">En France, c\u2019est la d\u00e9faite militaire et l\u2019occupation d\u2019une partie du pays par les troupes allemandes.<\/span><\/div>\n<div data-blogger-escaped-style=\"color: #555555; line-height: 22.4px; text-align: justify;\">\n<p><span style=\"font-family: verdana, sans-serif;\" data-blogger-escaped-style=\"font-family: &quot;verdana&quot; , sans-serif;\">La d\u00e9marche de Messieurs Alexandre Legentil et Hubert Rohault de Fleury est spirituelle. Ils font v\u0153u de construire une Eglise consacr\u00e9e au C\u0153ur du Christ \u00ab<small class=\"fine\">\u00a0<\/small>en r\u00e9paration<small class=\"fine\">\u00a0<\/small>\u00bb (c\u2019est-\u00e0-dire en p\u00e9nitence pour les infid\u00e9lit\u00e9s et les p\u00e9ch\u00e9s commis) car pour eux, les malheurs de la France proviennent de causes spirituelles plut\u00f4t que politiques.\u00a0Fin 1872, le Cardinal Guibert, archev\u00eaque de Paris, approuve ce v\u0153u et choisit Montmartre.<\/span><\/p>\n<div data-blogger-escaped-style=\"line-height: 22.4px;\"><\/div>\n<div data-blogger-escaped-style=\"line-height: 22.4px;\"><\/div>\n<div data-blogger-escaped-style=\"line-height: 22.4px;\">\n<figure id=\"attachment_328\" aria-describedby=\"caption-attachment-328\" style=\"width: 809px\" class=\"wp-caption aligncenter\"><img data-recalc-dims=\"1\" loading=\"lazy\" decoding=\"async\" data-attachment-id=\"328\" data-permalink=\"https:\/\/voyages-en-france.fr\/index.php\/2018\/01\/09\/basilique-sacre-coeur-de-montmartre\/p1490219-35pc\/\" data-orig-file=\"https:\/\/i0.wp.com\/voyages-en-france.fr\/wp-content\/uploads\/2017\/11\/P1490219-35pc.jpg?fit=1277%2C958&amp;ssl=1\" data-orig-size=\"1277,958\" data-comments-opened=\"1\" data-image-meta=\"{&quot;aperture&quot;:&quot;2.8&quot;,&quot;credit&quot;:&quot;&quot;,&quot;camera&quot;:&quot;DMC-FZ28&quot;,&quot;caption&quot;:&quot;&quot;,&quot;created_timestamp&quot;:&quot;1376085981&quot;,&quot;copyright&quot;:&quot;&quot;,&quot;focal_length&quot;:&quot;4.8&quot;,&quot;iso&quot;:&quot;800&quot;,&quot;shutter_speed&quot;:&quot;0.066666666666667&quot;,&quot;title&quot;:&quot;&quot;,&quot;orientation&quot;:&quot;1&quot;}\" data-image-title=\"P1490219 [35pc]\" data-image-description=\"&lt;p&gt;Sacr\u00e9 C\u0153ur de Montmartre &#8211; Paris&lt;\/p&gt;\n\" data-image-caption=\"&lt;p&gt;Sacr\u00e9 C\u0153ur de Montmartre &#8211; Paris&lt;\/p&gt;\n\" data-medium-file=\"https:\/\/i0.wp.com\/voyages-en-france.fr\/wp-content\/uploads\/2017\/11\/P1490219-35pc.jpg?fit=300%2C225&amp;ssl=1\" data-large-file=\"https:\/\/i0.wp.com\/voyages-en-france.fr\/wp-content\/uploads\/2017\/11\/P1490219-35pc.jpg?fit=1024%2C768&amp;ssl=1\" class=\" wp-image-328\" src=\"https:\/\/i0.wp.com\/voyages-en-france.fr\/wp-content\/uploads\/2017\/11\/P1490219-35pc.jpg?resize=809%2C607&#038;ssl=1\" alt=\"Sacr\u00e9 C\u0153ur de Montmartre - Paris\" width=\"809\" height=\"607\" srcset=\"https:\/\/i0.wp.com\/voyages-en-france.fr\/wp-content\/uploads\/2017\/11\/P1490219-35pc.jpg?w=1277&amp;ssl=1 1277w, https:\/\/i0.wp.com\/voyages-en-france.fr\/wp-content\/uploads\/2017\/11\/P1490219-35pc.jpg?resize=300%2C225&amp;ssl=1 300w, https:\/\/i0.wp.com\/voyages-en-france.fr\/wp-content\/uploads\/2017\/11\/P1490219-35pc.jpg?resize=768%2C576&amp;ssl=1 768w, https:\/\/i0.wp.com\/voyages-en-france.fr\/wp-content\/uploads\/2017\/11\/P1490219-35pc.jpg?resize=1024%2C768&amp;ssl=1 1024w\" sizes=\"auto, (max-width: 809px) 100vw, 809px\" \/><figcaption id=\"caption-attachment-328\" class=\"wp-caption-text\">Sacr\u00e9 C\u0153ur de Montmartre &#8211; Paris<\/figcaption><\/figure>\n<\/div>\n<h2>Montmartre, un lieu de martyre des premiers chr\u00e9tiens.<\/h2>\n<p>C&rsquo;est sur la colline de Montmartre au IIIe si\u00e8cle qu&rsquo;ont \u00e9t\u00e9 martyris\u00e9s les premiers chr\u00e9tiens de Paris. Il s&rsquo;agit notamment de Saint Denis (Dionysius en latin), premier \u00e9v\u00eaque Lut\u00e8ce (cette ville qui ne s&rsquo;appelle pas encore Paris).<\/p>\n<p>Selon la l\u00e9gende, Denis fut d\u00e9capit\u00e9 \u00e0 Montmartre et aurait march\u00e9 vers le nord pendant six kilom\u00e8tres, sa t\u00eate sous le bras, traversant Montmartre par le chemin qui sera nomm\u00e9 rue des Martyrs. \u00c0 la fin de son trajet, il donna sa t\u00eate \u00e0 une femme pieuse originaire de la noblesse romaine et nomm\u00e9e Catulla, puis s&rsquo;\u00e9croula. On l&rsquo;ensevelit \u00e0 cet endroit pr\u00e9cis et on y \u00e9difia une basilique en son honneur. La ville s&rsquo;appelle aujourd&rsquo;hui Saint-Denis.<\/p>\n<p>Montmartre est le \u00ab mont des martyrs \u00bb. \u00ab C\u2019est ici que sont les martyrs, c\u2019est ici que le Sacr\u00e9-C\u0153ur doit r\u00e9gner\u2026 \u00bb (Cardinal Guibert). \u00a0Vers 475, sainte Genevi\u00e8ve d\u00e9cida le peuple parisien \u00e0 \u00e9lever une chapelle sur le lieu o\u00f9 saint Denis fut martyris\u00e9. La chapelle primitive tombait en ruine au IXe si\u00e8cle. Elle fut reconstruite \u00e0 cette \u00e9poque, la colline de Montmartre \u00e9tant un lieu de p\u00e8lerinage extr\u00eamement fr\u00e9quent\u00e9. Du XIIe si\u00e8cle \u00e0 la R\u00e9volution fran\u00e7aise, c\u2019est un monast\u00e8re de S\u0153urs b\u00e9n\u00e9dictines d\u00e9di\u00e9 \u00e0 la Vierge Marie qui occupait la colline.<\/p>\n<figure id=\"attachment_1022\" aria-describedby=\"caption-attachment-1022\" style=\"width: 1024px\" class=\"wp-caption aligncenter\"><img data-recalc-dims=\"1\" loading=\"lazy\" decoding=\"async\" data-attachment-id=\"1022\" data-permalink=\"https:\/\/voyages-en-france.fr\/index.php\/2018\/01\/09\/basilique-sacre-coeur-de-montmartre\/p1490174-35pc\/\" data-orig-file=\"https:\/\/i0.wp.com\/voyages-en-france.fr\/wp-content\/uploads\/2018\/01\/P1490174-35pc.jpg?fit=1277%2C958&amp;ssl=1\" data-orig-size=\"1277,958\" data-comments-opened=\"1\" data-image-meta=\"{&quot;aperture&quot;:&quot;4&quot;,&quot;credit&quot;:&quot;&quot;,&quot;camera&quot;:&quot;DMC-FZ28&quot;,&quot;caption&quot;:&quot;&quot;,&quot;created_timestamp&quot;:&quot;1376078231&quot;,&quot;copyright&quot;:&quot;&quot;,&quot;focal_length&quot;:&quot;20.1&quot;,&quot;iso&quot;:&quot;160&quot;,&quot;shutter_speed&quot;:&quot;0.004&quot;,&quot;title&quot;:&quot;&quot;,&quot;orientation&quot;:&quot;1&quot;}\" data-image-title=\"Montmartre &#8211; vue vers Saint Denis\" data-image-description=\"&lt;p&gt;Montmartre &#8211; vue vers Saint Denis&lt;\/p&gt;\n\" data-image-caption=\"&lt;p&gt;Montmartre &#8211; vue vers Saint Denis&lt;\/p&gt;\n\" data-medium-file=\"https:\/\/i0.wp.com\/voyages-en-france.fr\/wp-content\/uploads\/2018\/01\/P1490174-35pc.jpg?fit=300%2C225&amp;ssl=1\" data-large-file=\"https:\/\/i0.wp.com\/voyages-en-france.fr\/wp-content\/uploads\/2018\/01\/P1490174-35pc.jpg?fit=1024%2C768&amp;ssl=1\" class=\"size-large wp-image-1022\" src=\"https:\/\/i0.wp.com\/voyages-en-france.fr\/wp-content\/uploads\/2018\/01\/P1490174-35pc.jpg?resize=1024%2C768&#038;ssl=1\" alt=\"Montmartre - vue vers Saint Denis\" width=\"1024\" height=\"768\" srcset=\"https:\/\/i0.wp.com\/voyages-en-france.fr\/wp-content\/uploads\/2018\/01\/P1490174-35pc.jpg?resize=1024%2C768&amp;ssl=1 1024w, https:\/\/i0.wp.com\/voyages-en-france.fr\/wp-content\/uploads\/2018\/01\/P1490174-35pc.jpg?resize=300%2C225&amp;ssl=1 300w, https:\/\/i0.wp.com\/voyages-en-france.fr\/wp-content\/uploads\/2018\/01\/P1490174-35pc.jpg?resize=768%2C576&amp;ssl=1 768w, https:\/\/i0.wp.com\/voyages-en-france.fr\/wp-content\/uploads\/2018\/01\/P1490174-35pc.jpg?resize=1200%2C900&amp;ssl=1 1200w, https:\/\/i0.wp.com\/voyages-en-france.fr\/wp-content\/uploads\/2018\/01\/P1490174-35pc.jpg?w=1277&amp;ssl=1 1277w\" sizes=\"auto, (max-width: 1024px) 100vw, 1024px\" \/><figcaption id=\"caption-attachment-1022\" class=\"wp-caption-text\">Montmartre &#8211; vue vers Saint Denis<\/figcaption><\/figure>\n<\/div>\n<\/div>\n<span>","protected":false},"excerpt":{"rendered":"<p class=\"excerpt\"><span itemprop=\"description\">Basilique du Sacr\u00e9 C\u0153ur de Montmartre \u00a0O\u00f9 est ce?\u00a0\u00a0 En plein\u00a0c\u0153ur\u00a0de Paris sur la colline de Montmartre, le plus haut \u00e9difice de Paris gr\u00e2ce \u00e0 son altitude jusqu&rsquo;\u00e0 la construction de la Tour Eiffel quelques ann\u00e9es apr\u00e8s&#8230; On y acc\u00e8de&hellip;<\/span><\/p>\n<p class=\"more-link-p btn-align-right\"><a class=\"blue zoom-btn\" href=\"https:\/\/voyages-en-france.fr\/index.php\/2018\/01\/09\/basilique-sacre-coeur-de-montmartre\/\">Lire la suite<\/a><\/p>\n","protected":false},"author":1,"featured_media":324,"comment_status":"open","ping_status":"open","sticky":false,"template":"","format":"standard","meta":{"pgc_sgb_lightbox_settings":"","jetpack_post_was_ever_published":false,"_bos_mb_destination":[""],"_jetpack_newsletter_access":"","_jetpack_dont_email_post_to_subs":false,"_jetpack_newsletter_tier_id":0,"_jetpack_memberships_contains_paywalled_content":false,"_jetpack_memberships_contains_paid_content":false,"footnotes":"","jetpack_publicize_message":"","jetpack_publicize_feature_enabled":true,"jetpack_social_post_already_shared":true,"jetpack_social_options":{"image_generator_settings":{"template":"highway","default_image_id":0,"font":"","enabled":false},"version":2}},"categories":[27,18,2],"tags":[23,26,112,24,61],"class_list":["post-692","post","type-post","status-publish","format-standard","has-post-thumbnail","hentry","category-monument","category-sanctuaire","category-ville","tag-23","tag-ile-de-france","tag-montmartre","tag-paris","tag-sacre-coeur","zoom-theme-has-thumb"],"yoast_head":"<!-- This site is optimized with the Yoast SEO plugin v27.1.1 - https:\/\/yoast.com\/product\/yoast-seo-wordpress\/ -->\n<title>la Basilique du Sacr\u00e9 C\u0153ur de Montmartre - Voyages-en-France.fr<\/title>\n<meta name=\"description\" content=\"C&#039;est sur la colline de la Basilique de Montmartre au IIIe si\u00e8cle qu&#039;ont \u00e9t\u00e9 martyris\u00e9s les premiers chr\u00e9tiens de Paris.\" \/>\n<meta name=\"robots\" content=\"index, follow, max-snippet:-1, max-image-preview:large, max-video-preview:-1\" \/>\n<link rel=\"canonical\" href=\"https:\/\/voyages-en-france.fr\/index.php\/2018\/01\/09\/basilique-sacre-coeur-de-montmartre\/\" \/>\n<meta property=\"og:locale\" content=\"fr_FR\" \/>\n<meta property=\"og:type\" content=\"article\" \/>\n<meta property=\"og:title\" content=\"la Basilique du Sacr\u00e9 C\u0153ur de Montmartre - Voyages-en-France.fr\" \/>\n<meta property=\"og:description\" content=\"C&#039;est sur la colline de la Basilique de Montmartre au IIIe si\u00e8cle qu&#039;ont \u00e9t\u00e9 martyris\u00e9s les premiers chr\u00e9tiens de Paris.\" \/>\n<meta property=\"og:url\" content=\"https:\/\/voyages-en-france.fr\/index.php\/2018\/01\/09\/basilique-sacre-coeur-de-montmartre\/\" \/>\n<meta property=\"og:site_name\" content=\"Voyages-en-France.fr\" \/>\n<meta property=\"article:publisher\" content=\"https:\/\/www.facebook.com\/voyages.au.coeur.de.la.france\/\" \/>\n<meta property=\"article:author\" content=\"https:\/\/www.facebook.com\/voyages.au.coeur.de.la.france\/\" \/>\n<meta property=\"article:published_time\" content=\"2018-01-09T21:42:29+00:00\" \/>\n<meta property=\"article:modified_time\" content=\"2021-12-29T23:09:33+00:00\" \/>\n<meta property=\"og:image\" content=\"https:\/\/i0.wp.com\/voyages-en-france.fr\/wp-content\/uploads\/2017\/11\/P1490130-35pc.jpg?fit=1277%2C958&ssl=1\" \/>\n\t<meta property=\"og:image:width\" content=\"1277\" \/>\n\t<meta property=\"og:image:height\" content=\"958\" \/>\n\t<meta property=\"og:image:type\" content=\"image\/jpeg\" \/>\n<meta name=\"author\" content=\"Christophe\" \/>\n<meta name=\"twitter:card\" content=\"summary_large_image\" \/>\n<meta name=\"twitter:creator\" content=\"@Voyages_France\" \/>\n<meta name=\"twitter:site\" content=\"@Voyages_France\" \/>\n<meta name=\"twitter:label1\" content=\"\u00c9crit par\" \/>\n\t<meta name=\"twitter:data1\" content=\"Christophe\" \/>\n\t<meta name=\"twitter:label2\" content=\"Dur\u00e9e de lecture estim\u00e9e\" \/>\n\t<meta name=\"twitter:data2\" content=\"4 minutes\" \/>\n<script type=\"application\/ld+json\" class=\"yoast-schema-graph\">{\"@context\":\"https:\/\/schema.org\",\"@graph\":[{\"@type\":\"Article\",\"@id\":\"https:\/\/voyages-en-france.fr\/index.php\/2018\/01\/09\/basilique-sacre-coeur-de-montmartre\/#article\",\"isPartOf\":{\"@id\":\"https:\/\/voyages-en-france.fr\/index.php\/2018\/01\/09\/basilique-sacre-coeur-de-montmartre\/\"},\"author\":{\"name\":\"Christophe\",\"@id\":\"https:\/\/voyages-en-france.fr\/#\/schema\/person\/611a624b57cd68dd2e4c3f7d385420e2\"},\"headline\":\"la Basilique du Sacr\u00e9 C\u0153ur de Montmartre\",\"datePublished\":\"2018-01-09T21:42:29+00:00\",\"dateModified\":\"2021-12-29T23:09:33+00:00\",\"mainEntityOfPage\":{\"@id\":\"https:\/\/voyages-en-france.fr\/index.php\/2018\/01\/09\/basilique-sacre-coeur-de-montmartre\/\"},\"wordCount\":648,\"commentCount\":0,\"publisher\":{\"@id\":\"https:\/\/voyages-en-france.fr\/#\/schema\/person\/611a624b57cd68dd2e4c3f7d385420e2\"},\"image\":{\"@id\":\"https:\/\/voyages-en-france.fr\/index.php\/2018\/01\/09\/basilique-sacre-coeur-de-montmartre\/#primaryimage\"},\"thumbnailUrl\":\"https:\/\/i0.wp.com\/voyages-en-france.fr\/wp-content\/uploads\/2017\/11\/P1490130-35pc.jpg?fit=1277%2C958&ssl=1\",\"keywords\":[\"75\",\"\u00cele de France\",\"Montmartre\",\"Paris\",\"Sacr\u00e9-Coeur\"],\"articleSection\":[\"monument\",\"Sanctuaire\",\"ville\"],\"inLanguage\":\"fr-FR\",\"potentialAction\":[{\"@type\":\"CommentAction\",\"name\":\"Comment\",\"target\":[\"https:\/\/voyages-en-france.fr\/index.php\/2018\/01\/09\/basilique-sacre-coeur-de-montmartre\/#respond\"]}]},{\"@type\":\"WebPage\",\"@id\":\"https:\/\/voyages-en-france.fr\/index.php\/2018\/01\/09\/basilique-sacre-coeur-de-montmartre\/\",\"url\":\"https:\/\/voyages-en-france.fr\/index.php\/2018\/01\/09\/basilique-sacre-coeur-de-montmartre\/\",\"name\":\"la Basilique du Sacr\u00e9 C\u0153ur de Montmartre - Voyages-en-France.fr\",\"isPartOf\":{\"@id\":\"https:\/\/voyages-en-france.fr\/#website\"},\"primaryImageOfPage\":{\"@id\":\"https:\/\/voyages-en-france.fr\/index.php\/2018\/01\/09\/basilique-sacre-coeur-de-montmartre\/#primaryimage\"},\"image\":{\"@id\":\"https:\/\/voyages-en-france.fr\/index.php\/2018\/01\/09\/basilique-sacre-coeur-de-montmartre\/#primaryimage\"},\"thumbnailUrl\":\"https:\/\/i0.wp.com\/voyages-en-france.fr\/wp-content\/uploads\/2017\/11\/P1490130-35pc.jpg?fit=1277%2C958&ssl=1\",\"datePublished\":\"2018-01-09T21:42:29+00:00\",\"dateModified\":\"2021-12-29T23:09:33+00:00\",\"description\":\"C'est sur la colline de la Basilique de Montmartre au IIIe si\u00e8cle qu'ont \u00e9t\u00e9 martyris\u00e9s les premiers chr\u00e9tiens de Paris.\",\"breadcrumb\":{\"@id\":\"https:\/\/voyages-en-france.fr\/index.php\/2018\/01\/09\/basilique-sacre-coeur-de-montmartre\/#breadcrumb\"},\"inLanguage\":\"fr-FR\",\"potentialAction\":[{\"@type\":\"ReadAction\",\"target\":[\"https:\/\/voyages-en-france.fr\/index.php\/2018\/01\/09\/basilique-sacre-coeur-de-montmartre\/\"]}]},{\"@type\":\"ImageObject\",\"inLanguage\":\"fr-FR\",\"@id\":\"https:\/\/voyages-en-france.fr\/index.php\/2018\/01\/09\/basilique-sacre-coeur-de-montmartre\/#primaryimage\",\"url\":\"https:\/\/i0.wp.com\/voyages-en-france.fr\/wp-content\/uploads\/2017\/11\/P1490130-35pc.jpg?fit=1277%2C958&ssl=1\",\"contentUrl\":\"https:\/\/i0.wp.com\/voyages-en-france.fr\/wp-content\/uploads\/2017\/11\/P1490130-35pc.jpg?fit=1277%2C958&ssl=1\",\"width\":1277,\"height\":958,\"caption\":\"Sacr\u00e9 C\u0153ur de Montmartre - Paris\"},{\"@type\":\"BreadcrumbList\",\"@id\":\"https:\/\/voyages-en-france.fr\/index.php\/2018\/01\/09\/basilique-sacre-coeur-de-montmartre\/#breadcrumb\",\"itemListElement\":[{\"@type\":\"ListItem\",\"position\":1,\"name\":\"Accueil\",\"item\":\"https:\/\/voyages-en-france.fr\/\"},{\"@type\":\"ListItem\",\"position\":2,\"name\":\"la Basilique du Sacr\u00e9 C\u0153ur de Montmartre\"}]},{\"@type\":\"WebSite\",\"@id\":\"https:\/\/voyages-en-france.fr\/#website\",\"url\":\"https:\/\/voyages-en-france.fr\/\",\"name\":\"Voyages-en-France.fr\",\"description\":\"D\u00e9couvrir la France, son patrimoine, ses richesses naturelles, son histoire...\",\"publisher\":{\"@id\":\"https:\/\/voyages-en-france.fr\/#\/schema\/person\/611a624b57cd68dd2e4c3f7d385420e2\"},\"potentialAction\":[{\"@type\":\"SearchAction\",\"target\":{\"@type\":\"EntryPoint\",\"urlTemplate\":\"https:\/\/voyages-en-france.fr\/?s={search_term_string}\"},\"query-input\":{\"@type\":\"PropertyValueSpecification\",\"valueRequired\":true,\"valueName\":\"search_term_string\"}}],\"inLanguage\":\"fr-FR\"},{\"@type\":[\"Person\",\"Organization\"],\"@id\":\"https:\/\/voyages-en-france.fr\/#\/schema\/person\/611a624b57cd68dd2e4c3f7d385420e2\",\"name\":\"Christophe\",\"image\":{\"@type\":\"ImageObject\",\"inLanguage\":\"fr-FR\",\"@id\":\"https:\/\/voyages-en-france.fr\/#\/schema\/person\/image\/\",\"url\":\"https:\/\/i0.wp.com\/voyages-en-france.fr\/wp-content\/uploads\/2017\/11\/cropped-FRANCE-1.jpg?fit=324%2C324&ssl=1\",\"contentUrl\":\"https:\/\/i0.wp.com\/voyages-en-france.fr\/wp-content\/uploads\/2017\/11\/cropped-FRANCE-1.jpg?fit=324%2C324&ssl=1\",\"width\":324,\"height\":324,\"caption\":\"Christophe\"},\"logo\":{\"@id\":\"https:\/\/voyages-en-france.fr\/#\/schema\/person\/image\/\"},\"sameAs\":[\"http:\/\/voyages-en-france.fr\/\",\"https:\/\/www.facebook.com\/voyages.au.coeur.de.la.france\/\",\"https:\/\/www.instagram.com\/voyages_en_france\/\",\"https:\/\/x.com\/Voyages_France\"]}]}<\/script>\n<!-- \/ Yoast SEO plugin. -->","yoast_head_json":{"title":"la Basilique du Sacr\u00e9 C\u0153ur de Montmartre - Voyages-en-France.fr","description":"C'est sur la colline de la Basilique de Montmartre au IIIe si\u00e8cle qu'ont \u00e9t\u00e9 martyris\u00e9s les premiers chr\u00e9tiens de Paris.","robots":{"index":"index","follow":"follow","max-snippet":"max-snippet:-1","max-image-preview":"max-image-preview:large","max-video-preview":"max-video-preview:-1"},"canonical":"https:\/\/voyages-en-france.fr\/index.php\/2018\/01\/09\/basilique-sacre-coeur-de-montmartre\/","og_locale":"fr_FR","og_type":"article","og_title":"la Basilique du Sacr\u00e9 C\u0153ur de Montmartre - Voyages-en-France.fr","og_description":"C'est sur la colline de la Basilique de Montmartre au IIIe si\u00e8cle qu'ont \u00e9t\u00e9 martyris\u00e9s les premiers chr\u00e9tiens de Paris.","og_url":"https:\/\/voyages-en-france.fr\/index.php\/2018\/01\/09\/basilique-sacre-coeur-de-montmartre\/","og_site_name":"Voyages-en-France.fr","article_publisher":"https:\/\/www.facebook.com\/voyages.au.coeur.de.la.france\/","article_author":"https:\/\/www.facebook.com\/voyages.au.coeur.de.la.france\/","article_published_time":"2018-01-09T21:42:29+00:00","article_modified_time":"2021-12-29T23:09:33+00:00","og_image":[{"width":1277,"height":958,"url":"https:\/\/i0.wp.com\/voyages-en-france.fr\/wp-content\/uploads\/2017\/11\/P1490130-35pc.jpg?fit=1277%2C958&ssl=1","type":"image\/jpeg"}],"author":"Christophe","twitter_card":"summary_large_image","twitter_creator":"@Voyages_France","twitter_site":"@Voyages_France","twitter_misc":{"\u00c9crit par":"Christophe","Dur\u00e9e de lecture estim\u00e9e":"4 minutes"},"schema":{"@context":"https:\/\/schema.org","@graph":[{"@type":"Article","@id":"https:\/\/voyages-en-france.fr\/index.php\/2018\/01\/09\/basilique-sacre-coeur-de-montmartre\/#article","isPartOf":{"@id":"https:\/\/voyages-en-france.fr\/index.php\/2018\/01\/09\/basilique-sacre-coeur-de-montmartre\/"},"author":{"name":"Christophe","@id":"https:\/\/voyages-en-france.fr\/#\/schema\/person\/611a624b57cd68dd2e4c3f7d385420e2"},"headline":"la Basilique du Sacr\u00e9 C\u0153ur de Montmartre","datePublished":"2018-01-09T21:42:29+00:00","dateModified":"2021-12-29T23:09:33+00:00","mainEntityOfPage":{"@id":"https:\/\/voyages-en-france.fr\/index.php\/2018\/01\/09\/basilique-sacre-coeur-de-montmartre\/"},"wordCount":648,"commentCount":0,"publisher":{"@id":"https:\/\/voyages-en-france.fr\/#\/schema\/person\/611a624b57cd68dd2e4c3f7d385420e2"},"image":{"@id":"https:\/\/voyages-en-france.fr\/index.php\/2018\/01\/09\/basilique-sacre-coeur-de-montmartre\/#primaryimage"},"thumbnailUrl":"https:\/\/i0.wp.com\/voyages-en-france.fr\/wp-content\/uploads\/2017\/11\/P1490130-35pc.jpg?fit=1277%2C958&ssl=1","keywords":["75","\u00cele de France","Montmartre","Paris","Sacr\u00e9-Coeur"],"articleSection":["monument","Sanctuaire","ville"],"inLanguage":"fr-FR","potentialAction":[{"@type":"CommentAction","name":"Comment","target":["https:\/\/voyages-en-france.fr\/index.php\/2018\/01\/09\/basilique-sacre-coeur-de-montmartre\/#respond"]}]},{"@type":"WebPage","@id":"https:\/\/voyages-en-france.fr\/index.php\/2018\/01\/09\/basilique-sacre-coeur-de-montmartre\/","url":"https:\/\/voyages-en-france.fr\/index.php\/2018\/01\/09\/basilique-sacre-coeur-de-montmartre\/","name":"la Basilique du Sacr\u00e9 C\u0153ur de Montmartre - Voyages-en-France.fr","isPartOf":{"@id":"https:\/\/voyages-en-france.fr\/#website"},"primaryImageOfPage":{"@id":"https:\/\/voyages-en-france.fr\/index.php\/2018\/01\/09\/basilique-sacre-coeur-de-montmartre\/#primaryimage"},"image":{"@id":"https:\/\/voyages-en-france.fr\/index.php\/2018\/01\/09\/basilique-sacre-coeur-de-montmartre\/#primaryimage"},"thumbnailUrl":"https:\/\/i0.wp.com\/voyages-en-france.fr\/wp-content\/uploads\/2017\/11\/P1490130-35pc.jpg?fit=1277%2C958&ssl=1","datePublished":"2018-01-09T21:42:29+00:00","dateModified":"2021-12-29T23:09:33+00:00","description":"C'est sur la colline de la Basilique de Montmartre au IIIe si\u00e8cle qu'ont \u00e9t\u00e9 martyris\u00e9s les premiers chr\u00e9tiens de Paris.","breadcrumb":{"@id":"https:\/\/voyages-en-france.fr\/index.php\/2018\/01\/09\/basilique-sacre-coeur-de-montmartre\/#breadcrumb"},"inLanguage":"fr-FR","potentialAction":[{"@type":"ReadAction","target":["https:\/\/voyages-en-france.fr\/index.php\/2018\/01\/09\/basilique-sacre-coeur-de-montmartre\/"]}]},{"@type":"ImageObject","inLanguage":"fr-FR","@id":"https:\/\/voyages-en-france.fr\/index.php\/2018\/01\/09\/basilique-sacre-coeur-de-montmartre\/#primaryimage","url":"https:\/\/i0.wp.com\/voyages-en-france.fr\/wp-content\/uploads\/2017\/11\/P1490130-35pc.jpg?fit=1277%2C958&ssl=1","contentUrl":"https:\/\/i0.wp.com\/voyages-en-france.fr\/wp-content\/uploads\/2017\/11\/P1490130-35pc.jpg?fit=1277%2C958&ssl=1","width":1277,"height":958,"caption":"Sacr\u00e9 C\u0153ur de Montmartre - Paris"},{"@type":"BreadcrumbList","@id":"https:\/\/voyages-en-france.fr\/index.php\/2018\/01\/09\/basilique-sacre-coeur-de-montmartre\/#breadcrumb","itemListElement":[{"@type":"ListItem","position":1,"name":"Accueil","item":"https:\/\/voyages-en-france.fr\/"},{"@type":"ListItem","position":2,"name":"la Basilique du Sacr\u00e9 C\u0153ur de Montmartre"}]},{"@type":"WebSite","@id":"https:\/\/voyages-en-france.fr\/#website","url":"https:\/\/voyages-en-france.fr\/","name":"Voyages-en-France.fr","description":"D\u00e9couvrir la France, son patrimoine, ses richesses naturelles, son histoire...","publisher":{"@id":"https:\/\/voyages-en-france.fr\/#\/schema\/person\/611a624b57cd68dd2e4c3f7d385420e2"},"potentialAction":[{"@type":"SearchAction","target":{"@type":"EntryPoint","urlTemplate":"https:\/\/voyages-en-france.fr\/?s={search_term_string}"},"query-input":{"@type":"PropertyValueSpecification","valueRequired":true,"valueName":"search_term_string"}}],"inLanguage":"fr-FR"},{"@type":["Person","Organization"],"@id":"https:\/\/voyages-en-france.fr\/#\/schema\/person\/611a624b57cd68dd2e4c3f7d385420e2","name":"Christophe","image":{"@type":"ImageObject","inLanguage":"fr-FR","@id":"https:\/\/voyages-en-france.fr\/#\/schema\/person\/image\/","url":"https:\/\/i0.wp.com\/voyages-en-france.fr\/wp-content\/uploads\/2017\/11\/cropped-FRANCE-1.jpg?fit=324%2C324&ssl=1","contentUrl":"https:\/\/i0.wp.com\/voyages-en-france.fr\/wp-content\/uploads\/2017\/11\/cropped-FRANCE-1.jpg?fit=324%2C324&ssl=1","width":324,"height":324,"caption":"Christophe"},"logo":{"@id":"https:\/\/voyages-en-france.fr\/#\/schema\/person\/image\/"},"sameAs":["http:\/\/voyages-en-france.fr\/","https:\/\/www.facebook.com\/voyages.au.coeur.de.la.france\/","https:\/\/www.instagram.com\/voyages_en_france\/","https:\/\/x.com\/Voyages_France"]}]}},"jetpack_publicize_connections":[],"jetpack_featured_media_url":"https:\/\/i0.wp.com\/voyages-en-france.fr\/wp-content\/uploads\/2017\/11\/P1490130-35pc.jpg?fit=1277%2C958&ssl=1","jetpack_sharing_enabled":true,"jetpack_shortlink":"https:\/\/wp.me\/p9pWxx-ba","jetpack_likes_enabled":true,"_links":{"self":[{"href":"https:\/\/voyages-en-france.fr\/index.php\/wp-json\/wp\/v2\/posts\/692","targetHints":{"allow":["GET"]}}],"collection":[{"href":"https:\/\/voyages-en-france.fr\/index.php\/wp-json\/wp\/v2\/posts"}],"about":[{"href":"https:\/\/voyages-en-france.fr\/index.php\/wp-json\/wp\/v2\/types\/post"}],"author":[{"embeddable":true,"href":"https:\/\/voyages-en-france.fr\/index.php\/wp-json\/wp\/v2\/users\/1"}],"replies":[{"embeddable":true,"href":"https:\/\/voyages-en-france.fr\/index.php\/wp-json\/wp\/v2\/comments?post=692"}],"version-history":[{"count":9,"href":"https:\/\/voyages-en-france.fr\/index.php\/wp-json\/wp\/v2\/posts\/692\/revisions"}],"predecessor-version":[{"id":2339,"href":"https:\/\/voyages-en-france.fr\/index.php\/wp-json\/wp\/v2\/posts\/692\/revisions\/2339"}],"wp:featuredmedia":[{"embeddable":true,"href":"https:\/\/voyages-en-france.fr\/index.php\/wp-json\/wp\/v2\/media\/324"}],"wp:attachment":[{"href":"https:\/\/voyages-en-france.fr\/index.php\/wp-json\/wp\/v2\/media?parent=692"}],"wp:term":[{"taxonomy":"category","embeddable":true,"href":"https:\/\/voyages-en-france.fr\/index.php\/wp-json\/wp\/v2\/categories?post=692"},{"taxonomy":"post_tag","embeddable":true,"href":"https:\/\/voyages-en-france.fr\/index.php\/wp-json\/wp\/v2\/tags?post=692"}],"curies":[{"name":"wp","href":"https:\/\/api.w.org\/{rel}","templated":true}]}}