{"id":573,"date":"2017-12-18T22:23:38","date_gmt":"2017-12-18T21:23:38","guid":{"rendered":"http:\/\/voyages-en-france.fr\/?p=573"},"modified":"2020-05-30T14:36:48","modified_gmt":"2020-05-30T12:36:48","slug":"domremy-ville-natale-de-sainte-jeanne-darc","status":"publish","type":"post","link":"https:\/\/voyages-en-france.fr\/index.php\/2017\/12\/18\/domremy-ville-natale-de-sainte-jeanne-darc\/","title":{"rendered":"Domr\u00e9my, la ville natale de sainte Jeanne d&rsquo;Arc"},"content":{"rendered":"<span itemprop=\"description\"><h1><u data-blogger-escaped-style=\"font-family: Verdana, sans-serif; font-weight: bold;\">Domr\u00e9my, o\u00f9 est ce?<\/u><span style=\"font-family: verdana, sans-serif;\" data-blogger-escaped-style=\"font-family: &quot;verdana&quot; , sans-serif;\">\u00a0<\/span><\/h1>\n<div data-blogger-escaped-style=\"text-align: justify;\">\n<p><span style=\"font-family: verdana, sans-serif;\" data-blogger-escaped-style=\"font-family: &quot;verdana&quot; , sans-serif;\">Domr\u00e9my est un village du nord des Vosges, sur la Meuse&#8230; C&rsquo;est une \u00e9tape entre Nancy et Dijon, n\u00e9cessitant un petit d\u00e9tour.<\/span><\/p>\n<p><span style=\"font-family: verdana, sans-serif; font-size: 14px; word-spacing: normal;\">C&rsquo;est de nos jours un petit village calme aux confins de la Lorraine et des Vosges. Il faut faire un d\u00e9tour depuis le principal axe de communication, l&rsquo;autoroute A31 entre Dijon et Nancy.\u00a0<\/span><\/p>\n<\/div>\n<div style=\"text-align: center;\" data-blogger-escaped-style=\"text-align: center;\">\u00a0<iframe loading=\"lazy\" src=\"https:\/\/www.google.com\/maps\/embed?pb=!1m18!1m12!1m3!1d21174.524646346465!2d5.639085062114777!3d48.44087916538941!2m3!1f0!2f0!3f0!3m2!1i1024!2i768!4f13.1!3m3!1m2!1s0x47ecada302c5a011%3A0x8d5c4362f9b5d232!2sDomr%C3%A9my-la-Pucelle!5e0!3m2!1sfr!2sfr!4v1451487201960\" width=\"750\" height=\"450\" frameborder=\"0\" data-blogger-escaped-allowfullscreen=\"\" data-blogger-escaped-style=\"border: 0;\"><span data-mce-type=\"bookmark\" style=\"display: inline-block; width: 0px; overflow: hidden; line-height: 0;\" class=\"mce_SELRES_start\">\ufeff<\/span><\/iframe><\/div>\n<div data-blogger-escaped-style=\"text-align: center;\">\n<h3 data-blogger-escaped-style=\"text-align: justify;\"><\/h3>\n<h2 data-blogger-escaped-style=\"text-align: justify;\"><span style=\"font-family: verdana, sans-serif;\" data-blogger-escaped-style=\"font-family: &quot;verdana&quot; , sans-serif;\"><u>Que s&rsquo;est il pass\u00e9 \u00e0 Domr\u00e9my?\u00a0<\/u><\/span><\/h2>\n<div data-blogger-escaped-style=\"text-align: justify;\">\n<p><span style=\"font-family: verdana, sans-serif;\" data-blogger-escaped-style=\"font-family: verdana, sans-serif;\">C&rsquo;est dans ce petit village qu&rsquo; est n\u00e9e et a grandit Sainte Jeanne d&rsquo;Arc. N\u00e9e le jour de l\u2019\u00c9piphanie 1412, elle grandit dans une famille pieuse. Vers 13 ans, Jeanne commence \u00e0 entendre dans le jardin de son p\u00e8re les voix c\u00e9lestes des saintes\u00a0<\/span><a href=\"https:\/\/fr.wikipedia.org\/wiki\/Catherine_d%27Alexandrie\" data-blogger-escaped-style=\"font-family: verdana, sans-serif;\">Catherine<\/a><span style=\"font-family: verdana, sans-serif;\" data-blogger-escaped-style=\"font-family: verdana, sans-serif;\">\u00a0et\u00a0<\/span><a href=\"https:\/\/fr.wikipedia.org\/wiki\/Marguerite_d%27Antioche\" data-blogger-escaped-style=\"font-family: verdana, sans-serif;\">Marguerite<\/a><span style=\"font-family: verdana, sans-serif;\" data-blogger-escaped-style=\"font-family: verdana, sans-serif;\">\u00a0et de l&rsquo;<\/span><a href=\"https:\/\/fr.wikipedia.org\/wiki\/Michel_(archange)\" data-blogger-escaped-style=\"font-family: verdana, sans-serif;\">archange saint Michel<\/a><span style=\"font-family: verdana, sans-serif;\" data-blogger-escaped-style=\"font-family: verdana, sans-serif;\">\u00a0lui demandant d&rsquo;\u00eatre pieuse, de lib\u00e9rer le royaume de France de l&rsquo;envahisseur et de conduire le dauphin sur le tr\u00f4ne.<\/span><\/p>\n<\/div>\n<p><span style=\"font-family: verdana, sans-serif;\" data-blogger-escaped-style=\"font-family: verdana, sans-serif;\">Elle part de sa Lorraine natale, r\u00e9ussit \u00e0 convaincre le dauphin et galvanise les troupes qu&rsquo;elle conduit \u00e0 lib\u00e9rer Orl\u00e9ans le 8 mai 1430 puis jusqu&rsquo;\u00e0 la cath\u00e9drale de Reims (l&rsquo;autre \u00e9glise de St R\u00e9my!) pour le sacre du roi.\u00a0\u00a0<\/span><span style=\"font-family: verdana, sans-serif;\" data-blogger-escaped-style=\"font-family: &quot;verdana&quot; , sans-serif;\">Un an plus tard, captur\u00e9e et livr\u00e9e aux anglais, elle est br\u00fbl\u00e9e vive \u00e0 Rouen et 30 mai 1431.<br \/>\nSuite \u00e0 son proc\u00e8s menant \u00e0 sa condamnation, puis son proc\u00e8s en r\u00e9habilitation peu apr\u00e8s, c&rsquo;est l&rsquo;un des personnages du Moyen-Age le mieux connu de tous!<\/span><\/p>\n<h2><b data-blogger-escaped-style=\"font-family: Verdana, sans-serif; text-decoration: underline;\">Que voir \u00e0\u00a0 Domr\u00e9my?<\/b><span style=\"font-family: verdana, sans-serif;\" data-blogger-escaped-style=\"font-family: &quot;verdana&quot; , sans-serif;\">\u00a0<\/span><\/h2>\n<\/div>\n<p>A Domr\u00e9my m\u00eame on peut visiter:<\/p>\n<p>&#8211; la maison natale de Jeanne d&rsquo;Arc<\/p>\n<figure id=\"attachment_575\" aria-describedby=\"caption-attachment-575\" style=\"width: 908px\" class=\"wp-caption aligncenter\"><img data-recalc-dims=\"1\" loading=\"lazy\" decoding=\"async\" data-attachment-id=\"575\" data-permalink=\"https:\/\/voyages-en-france.fr\/index.php\/2017\/12\/18\/domremy-ville-natale-de-sainte-jeanne-darc\/p1670001-35pc\/\" data-orig-file=\"https:\/\/i0.wp.com\/voyages-en-france.fr\/wp-content\/uploads\/2017\/12\/P1670001-35pc.jpg?fit=1642%2C1231&amp;ssl=1\" data-orig-size=\"1642,1231\" data-comments-opened=\"1\" data-image-meta=\"{&quot;aperture&quot;:&quot;5.6&quot;,&quot;credit&quot;:&quot;&quot;,&quot;camera&quot;:&quot;DMC-FZ28&quot;,&quot;caption&quot;:&quot;&quot;,&quot;created_timestamp&quot;:&quot;1440152850&quot;,&quot;copyright&quot;:&quot;&quot;,&quot;focal_length&quot;:&quot;5.2&quot;,&quot;iso&quot;:&quot;160&quot;,&quot;shutter_speed&quot;:&quot;0.004&quot;,&quot;title&quot;:&quot;&quot;,&quot;orientation&quot;:&quot;1&quot;}\" data-image-title=\"P1670001 [35pc]\" data-image-description=\"&lt;p&gt;Maison natale de Jeanne d&amp;rsquo;Arc \u00e0 Domr\u00e9my&lt;\/p&gt;\n\" data-image-caption=\"&lt;p&gt;Maison natale de Jeanne d&amp;rsquo;Arc \u00e0 Domr\u00e9my&lt;\/p&gt;\n\" data-medium-file=\"https:\/\/i0.wp.com\/voyages-en-france.fr\/wp-content\/uploads\/2017\/12\/P1670001-35pc.jpg?fit=300%2C225&amp;ssl=1\" data-large-file=\"https:\/\/i0.wp.com\/voyages-en-france.fr\/wp-content\/uploads\/2017\/12\/P1670001-35pc.jpg?fit=1024%2C768&amp;ssl=1\" class=\" wp-image-575\" src=\"https:\/\/i0.wp.com\/voyages-en-france.fr\/wp-content\/uploads\/2017\/12\/P1670001-35pc.jpg?resize=908%2C681&#038;ssl=1\" alt=\"Maison natale de Jeanne d'Arc \u00e0 Domr\u00e9my\" width=\"908\" height=\"681\" srcset=\"https:\/\/i0.wp.com\/voyages-en-france.fr\/wp-content\/uploads\/2017\/12\/P1670001-35pc.jpg?w=1642&amp;ssl=1 1642w, https:\/\/i0.wp.com\/voyages-en-france.fr\/wp-content\/uploads\/2017\/12\/P1670001-35pc.jpg?resize=300%2C225&amp;ssl=1 300w, https:\/\/i0.wp.com\/voyages-en-france.fr\/wp-content\/uploads\/2017\/12\/P1670001-35pc.jpg?resize=768%2C576&amp;ssl=1 768w, https:\/\/i0.wp.com\/voyages-en-france.fr\/wp-content\/uploads\/2017\/12\/P1670001-35pc.jpg?resize=1024%2C768&amp;ssl=1 1024w, https:\/\/i0.wp.com\/voyages-en-france.fr\/wp-content\/uploads\/2017\/12\/P1670001-35pc.jpg?resize=1200%2C900&amp;ssl=1 1200w\" sizes=\"auto, (max-width: 908px) 100vw, 908px\" \/><figcaption id=\"caption-attachment-575\" class=\"wp-caption-text\">Maison natale de Jeanne d&rsquo;Arc \u00e0 Domr\u00e9my<\/figcaption><\/figure>\n<p>&#8211; l&rsquo;\u00e9glise paroissiale\u00a0Saint R\u00e9my\u00a0o\u00f9 elle a \u00e9t\u00e9 baptis\u00e9e<\/p>\n<figure id=\"attachment_562\" aria-describedby=\"caption-attachment-562\" style=\"width: 913px\" class=\"wp-caption aligncenter\"><img data-recalc-dims=\"1\" loading=\"lazy\" decoding=\"async\" data-attachment-id=\"562\" data-permalink=\"https:\/\/voyages-en-france.fr\/index.php\/2017\/12\/18\/domremy-ville-natale-de-sainte-jeanne-darc\/p1670052-35pc\/\" data-orig-file=\"https:\/\/i0.wp.com\/voyages-en-france.fr\/wp-content\/uploads\/2017\/12\/P1670052-35pc.jpg?fit=1642%2C1231&amp;ssl=1\" data-orig-size=\"1642,1231\" data-comments-opened=\"1\" data-image-meta=\"{&quot;aperture&quot;:&quot;7.1&quot;,&quot;credit&quot;:&quot;&quot;,&quot;camera&quot;:&quot;DMC-FZ28&quot;,&quot;caption&quot;:&quot;&quot;,&quot;created_timestamp&quot;:&quot;1440159154&quot;,&quot;copyright&quot;:&quot;&quot;,&quot;focal_length&quot;:&quot;13.8&quot;,&quot;iso&quot;:&quot;100&quot;,&quot;shutter_speed&quot;:&quot;0.002&quot;,&quot;title&quot;:&quot;&quot;,&quot;orientation&quot;:&quot;1&quot;}\" data-image-title=\"P1670052 [35pc]\" data-image-description=\"&lt;p&gt;\u00e9glise Saint R\u00e9my de Domr\u00e9my&lt;\/p&gt;\n\" data-image-caption=\"&lt;p&gt;\u00e9glise Saint R\u00e9my de Domr\u00e9my&lt;\/p&gt;\n\" data-medium-file=\"https:\/\/i0.wp.com\/voyages-en-france.fr\/wp-content\/uploads\/2017\/12\/P1670052-35pc.jpg?fit=300%2C225&amp;ssl=1\" data-large-file=\"https:\/\/i0.wp.com\/voyages-en-france.fr\/wp-content\/uploads\/2017\/12\/P1670052-35pc.jpg?fit=1024%2C768&amp;ssl=1\" class=\" wp-image-562\" src=\"https:\/\/i0.wp.com\/voyages-en-france.fr\/wp-content\/uploads\/2017\/12\/P1670052-35pc.jpg?resize=913%2C684&#038;ssl=1\" alt=\"\u00e9glise Saint R\u00e9my de Domr\u00e9my\" width=\"913\" height=\"684\" srcset=\"https:\/\/i0.wp.com\/voyages-en-france.fr\/wp-content\/uploads\/2017\/12\/P1670052-35pc.jpg?w=1642&amp;ssl=1 1642w, https:\/\/i0.wp.com\/voyages-en-france.fr\/wp-content\/uploads\/2017\/12\/P1670052-35pc.jpg?resize=300%2C225&amp;ssl=1 300w, https:\/\/i0.wp.com\/voyages-en-france.fr\/wp-content\/uploads\/2017\/12\/P1670052-35pc.jpg?resize=768%2C576&amp;ssl=1 768w, https:\/\/i0.wp.com\/voyages-en-france.fr\/wp-content\/uploads\/2017\/12\/P1670052-35pc.jpg?resize=1024%2C768&amp;ssl=1 1024w, https:\/\/i0.wp.com\/voyages-en-france.fr\/wp-content\/uploads\/2017\/12\/P1670052-35pc.jpg?resize=1200%2C900&amp;ssl=1 1200w\" sizes=\"auto, (max-width: 913px) 100vw, 913px\" \/><figcaption id=\"caption-attachment-562\" class=\"wp-caption-text\">\u00e9glise Saint R\u00e9my de Domr\u00e9my<\/figcaption><\/figure>\n<p>&#8211; un centre Johannique, un mus\u00e9e tr\u00e8s int\u00e9ressant<\/p>\n<div data-blogger-escaped-style=\"text-align: center;\">\n<figure id=\"attachment_561\" aria-describedby=\"caption-attachment-561\" style=\"width: 828px\" class=\"wp-caption aligncenter\"><img data-recalc-dims=\"1\" loading=\"lazy\" decoding=\"async\" data-attachment-id=\"561\" data-permalink=\"https:\/\/voyages-en-france.fr\/index.php\/2017\/12\/18\/domremy-ville-natale-de-sainte-jeanne-darc\/musee-domremy\/\" data-orig-file=\"https:\/\/i0.wp.com\/voyages-en-france.fr\/wp-content\/uploads\/2017\/12\/Mus%C3%A9e-Domr%C3%A9my.jpg?fit=1277%2C958&amp;ssl=1\" data-orig-size=\"1277,958\" data-comments-opened=\"1\" data-image-meta=\"{&quot;aperture&quot;:&quot;2.8&quot;,&quot;credit&quot;:&quot;&quot;,&quot;camera&quot;:&quot;DMC-FZ28&quot;,&quot;caption&quot;:&quot;&quot;,&quot;created_timestamp&quot;:&quot;1440154072&quot;,&quot;copyright&quot;:&quot;&quot;,&quot;focal_length&quot;:&quot;4.8&quot;,&quot;iso&quot;:&quot;400&quot;,&quot;shutter_speed&quot;:&quot;0.4&quot;,&quot;title&quot;:&quot;&quot;,&quot;orientation&quot;:&quot;1&quot;}\" data-image-title=\"Mus\u00e9e Domr\u00e9my\" data-image-description=\"&lt;p&gt;Mus\u00e9e de Domr\u00e9my&lt;\/p&gt;\n\" data-image-caption=\"\" data-medium-file=\"https:\/\/i0.wp.com\/voyages-en-france.fr\/wp-content\/uploads\/2017\/12\/Mus%C3%A9e-Domr%C3%A9my.jpg?fit=300%2C225&amp;ssl=1\" data-large-file=\"https:\/\/i0.wp.com\/voyages-en-france.fr\/wp-content\/uploads\/2017\/12\/Mus%C3%A9e-Domr%C3%A9my.jpg?fit=1024%2C768&amp;ssl=1\" class=\" wp-image-561\" src=\"https:\/\/i0.wp.com\/voyages-en-france.fr\/wp-content\/uploads\/2017\/12\/Mus%C3%A9e-Domr%C3%A9my.jpg?resize=828%2C621&#038;ssl=1\" alt=\"Mus\u00e9e de Domr\u00e9my\" width=\"828\" height=\"621\" srcset=\"https:\/\/i0.wp.com\/voyages-en-france.fr\/wp-content\/uploads\/2017\/12\/Mus%C3%A9e-Domr%C3%A9my.jpg?w=1277&amp;ssl=1 1277w, https:\/\/i0.wp.com\/voyages-en-france.fr\/wp-content\/uploads\/2017\/12\/Mus%C3%A9e-Domr%C3%A9my.jpg?resize=300%2C225&amp;ssl=1 300w, https:\/\/i0.wp.com\/voyages-en-france.fr\/wp-content\/uploads\/2017\/12\/Mus%C3%A9e-Domr%C3%A9my.jpg?resize=768%2C576&amp;ssl=1 768w, https:\/\/i0.wp.com\/voyages-en-france.fr\/wp-content\/uploads\/2017\/12\/Mus%C3%A9e-Domr%C3%A9my.jpg?resize=1024%2C768&amp;ssl=1 1024w, https:\/\/i0.wp.com\/voyages-en-france.fr\/wp-content\/uploads\/2017\/12\/Mus%C3%A9e-Domr%C3%A9my.jpg?resize=1200%2C900&amp;ssl=1 1200w\" sizes=\"auto, (max-width: 828px) 100vw, 828px\" \/><figcaption id=\"caption-attachment-561\" class=\"wp-caption-text\">Mus\u00e9e de Domr\u00e9my<\/figcaption><\/figure>\n<\/div>\n<div data-blogger-escaped-style=\"text-align: center;\">\n<div data-blogger-escaped-style=\"text-align: justify;\">\n<p>&#8211; \u00e0 2 kilom\u00e8tres du village se trouve la basilique de Bois-Chenu.<\/p>\n<figure id=\"attachment_563\" aria-describedby=\"caption-attachment-563\" style=\"width: 872px\" class=\"wp-caption aligncenter\"><img data-recalc-dims=\"1\" loading=\"lazy\" decoding=\"async\" data-attachment-id=\"563\" data-permalink=\"https:\/\/voyages-en-france.fr\/index.php\/2017\/12\/18\/domremy-ville-natale-de-sainte-jeanne-darc\/p1670091-35pc\/\" data-orig-file=\"https:\/\/i0.wp.com\/voyages-en-france.fr\/wp-content\/uploads\/2017\/12\/P1670091-35pc.jpg?fit=1642%2C1231&amp;ssl=1\" data-orig-size=\"1642,1231\" data-comments-opened=\"1\" data-image-meta=\"{&quot;aperture&quot;:&quot;5.6&quot;,&quot;credit&quot;:&quot;&quot;,&quot;camera&quot;:&quot;DMC-FZ28&quot;,&quot;caption&quot;:&quot;&quot;,&quot;created_timestamp&quot;:&quot;1440161085&quot;,&quot;copyright&quot;:&quot;&quot;,&quot;focal_length&quot;:&quot;4.8&quot;,&quot;iso&quot;:&quot;100&quot;,&quot;shutter_speed&quot;:&quot;0.003125&quot;,&quot;title&quot;:&quot;&quot;,&quot;orientation&quot;:&quot;1&quot;}\" data-image-title=\"P1670091 [35pc]\" data-image-description=\"&lt;p&gt;Basilique Sainte Jeanne d&amp;rsquo;Arc de Bois Chenu&lt;\/p&gt;\n\" data-image-caption=\"&lt;p&gt;Basilique Sainte Jeanne d&amp;rsquo;Arc de Bois Chenu&lt;\/p&gt;\n\" data-medium-file=\"https:\/\/i0.wp.com\/voyages-en-france.fr\/wp-content\/uploads\/2017\/12\/P1670091-35pc.jpg?fit=300%2C225&amp;ssl=1\" data-large-file=\"https:\/\/i0.wp.com\/voyages-en-france.fr\/wp-content\/uploads\/2017\/12\/P1670091-35pc.jpg?fit=1024%2C768&amp;ssl=1\" class=\" wp-image-563\" src=\"https:\/\/i0.wp.com\/voyages-en-france.fr\/wp-content\/uploads\/2017\/12\/P1670091-35pc.jpg?resize=872%2C653&#038;ssl=1\" alt=\"Basilique Sainte Jeanne d'Arc de Bois Chenu\" width=\"872\" height=\"653\" srcset=\"https:\/\/i0.wp.com\/voyages-en-france.fr\/wp-content\/uploads\/2017\/12\/P1670091-35pc.jpg?w=1642&amp;ssl=1 1642w, https:\/\/i0.wp.com\/voyages-en-france.fr\/wp-content\/uploads\/2017\/12\/P1670091-35pc.jpg?resize=300%2C225&amp;ssl=1 300w, https:\/\/i0.wp.com\/voyages-en-france.fr\/wp-content\/uploads\/2017\/12\/P1670091-35pc.jpg?resize=768%2C576&amp;ssl=1 768w, https:\/\/i0.wp.com\/voyages-en-france.fr\/wp-content\/uploads\/2017\/12\/P1670091-35pc.jpg?resize=1024%2C768&amp;ssl=1 1024w, https:\/\/i0.wp.com\/voyages-en-france.fr\/wp-content\/uploads\/2017\/12\/P1670091-35pc.jpg?resize=1200%2C900&amp;ssl=1 1200w\" sizes=\"auto, (max-width: 872px) 100vw, 872px\" \/><figcaption id=\"caption-attachment-563\" class=\"wp-caption-text\">Basilique Sainte Jeanne d&rsquo;Arc de Bois Chenu<\/figcaption><\/figure>\n<h2><span style=\"font-family: verdana, sans-serif;\" data-blogger-escaped-style=\"font-family: &quot;verdana&quot; , sans-serif;\"><b><u>Coup de\u00a0c\u0153ur?<\/u><\/b>\u00a0<\/span><\/h2>\n<figure id=\"attachment_565\" aria-describedby=\"caption-attachment-565\" style=\"width: 349px\" class=\"wp-caption alignright\"><img data-recalc-dims=\"1\" loading=\"lazy\" decoding=\"async\" data-attachment-id=\"565\" data-permalink=\"https:\/\/voyages-en-france.fr\/index.php\/2017\/12\/18\/domremy-ville-natale-de-sainte-jeanne-darc\/p1670104-35pc\/\" data-orig-file=\"https:\/\/i0.wp.com\/voyages-en-france.fr\/wp-content\/uploads\/2017\/12\/P1670104-35pc.jpg?fit=1642%2C1231&amp;ssl=1\" data-orig-size=\"1642,1231\" data-comments-opened=\"1\" data-image-meta=\"{&quot;aperture&quot;:&quot;7.1&quot;,&quot;credit&quot;:&quot;&quot;,&quot;camera&quot;:&quot;DMC-FZ28&quot;,&quot;caption&quot;:&quot;&quot;,&quot;created_timestamp&quot;:&quot;1440166704&quot;,&quot;copyright&quot;:&quot;&quot;,&quot;focal_length&quot;:&quot;83.2&quot;,&quot;iso&quot;:&quot;100&quot;,&quot;shutter_speed&quot;:&quot;0.002&quot;,&quot;title&quot;:&quot;&quot;,&quot;orientation&quot;:&quot;1&quot;}\" data-image-title=\"P1670104 [35pc]\" data-image-description=\"&lt;p&gt;Domr\u00e9my la Pucelle&lt;\/p&gt;\n\" data-image-caption=\"&lt;p&gt;Domr\u00e9my la Pucelle&lt;\/p&gt;\n\" data-medium-file=\"https:\/\/i0.wp.com\/voyages-en-france.fr\/wp-content\/uploads\/2017\/12\/P1670104-35pc.jpg?fit=300%2C225&amp;ssl=1\" data-large-file=\"https:\/\/i0.wp.com\/voyages-en-france.fr\/wp-content\/uploads\/2017\/12\/P1670104-35pc.jpg?fit=1024%2C768&amp;ssl=1\" class=\" wp-image-565\" src=\"https:\/\/i0.wp.com\/voyages-en-france.fr\/wp-content\/uploads\/2017\/12\/P1670104-35pc.jpg?resize=349%2C262&#038;ssl=1\" alt=\"Domr\u00e9my la Pucelle\" width=\"349\" height=\"262\" srcset=\"https:\/\/i0.wp.com\/voyages-en-france.fr\/wp-content\/uploads\/2017\/12\/P1670104-35pc.jpg?resize=300%2C225&amp;ssl=1 300w, https:\/\/i0.wp.com\/voyages-en-france.fr\/wp-content\/uploads\/2017\/12\/P1670104-35pc.jpg?resize=768%2C576&amp;ssl=1 768w, https:\/\/i0.wp.com\/voyages-en-france.fr\/wp-content\/uploads\/2017\/12\/P1670104-35pc.jpg?resize=1024%2C768&amp;ssl=1 1024w, https:\/\/i0.wp.com\/voyages-en-france.fr\/wp-content\/uploads\/2017\/12\/P1670104-35pc.jpg?resize=1200%2C900&amp;ssl=1 1200w, https:\/\/i0.wp.com\/voyages-en-france.fr\/wp-content\/uploads\/2017\/12\/P1670104-35pc.jpg?w=1642&amp;ssl=1 1642w\" sizes=\"auto, (max-width: 349px) 100vw, 349px\" \/><figcaption id=\"caption-attachment-565\" class=\"wp-caption-text\">Domr\u00e9my la Pucelle<\/figcaption><\/figure>\n<p><span style=\"font-family: verdana, sans-serif;\" data-blogger-escaped-style=\"font-family: &quot;verdana&quot; , sans-serif;\">Jeanne d&rsquo;Arc \u00e9tait \u00e0 la fois simple et d\u00e9termin\u00e9e&#8230; Ses voix! elle trouvait cela normal pour une chr\u00e9tienne d&rsquo;\u00eatre proche de Dieu&#8230;\u00a0<\/span><\/p>\n<\/div>\n<div data-blogger-escaped-style=\"text-align: justify;\">\n<p><span style=\"font-family: verdana, sans-serif;\" data-blogger-escaped-style=\"font-family: &quot;verdana&quot; , sans-serif;\">Il faut red\u00e9couvrir Jeanne d&rsquo;Arc, une jeune fille simple et pieuse, confiante dans la providence, qui par la gr\u00e2ce de Dieu fit des choses extraordinaires.\u00a0<\/span><\/p>\n<h3><b data-blogger-escaped-style=\"font-family: verdana, sans-serif;\"><u>Extrait le plus c\u00e9l\u00e8bre du proc\u00e8s de Rouen en 1431&#8230;\u00a0<\/u><\/b><\/h3>\n<p><span style=\"font-family: verdana, sans-serif;\" data-blogger-escaped-style=\"font-family: &quot;verdana&quot; , sans-serif;\">Les juges tentent de pi\u00e9ger Jeanne d&rsquo;Arc en lui demandant si elle est dans la gr\u00e2ce de Dieu&#8230; si elle r\u00e9pond OUI elle fait p\u00e9ch\u00e9 d&rsquo;orgueil, si elle r\u00e9pond NON, les juges r\u00e9cusent le caract\u00e8re sacr\u00e9 de sa mission!<\/span><\/p>\n<p><u><b>L\u2019interrogateur:<\/b><\/u>\u00a0Savez-vous \u00eatre en la gr\u00e2ce de Dieu?<\/p>\n<p><u><b>Jeanne:\u00a0<\/b><\/u>Si je n\u2019y suis, Dieu m\u2019y mette; et, si j\u2019y suis, Dieu m\u2019y tienne ! Je serais la plus dolente du monde si je savais ne pas \u00eatre en la gr\u00e2ce de Dieu.<\/p>\n<p>La foi et les voix ont guid\u00e9 Jeanne qui sans instruction \u00e9vite les pi\u00e8ges des th\u00e9ologiens de son \u00e9poque&#8230; Le proc\u00e8s \u00e9tant avant tout politique, elle sera condamn\u00e9e!<\/p>\n<figure id=\"attachment_560\" aria-describedby=\"caption-attachment-560\" style=\"width: 1024px\" class=\"wp-caption aligncenter\"><img data-recalc-dims=\"1\" loading=\"lazy\" decoding=\"async\" data-attachment-id=\"560\" data-permalink=\"https:\/\/voyages-en-france.fr\/index.php\/2017\/12\/18\/domremy-ville-natale-de-sainte-jeanne-darc\/jeanne-d-arc-domremy\/\" data-orig-file=\"https:\/\/i0.wp.com\/voyages-en-france.fr\/wp-content\/uploads\/2017\/12\/Jeanne-D-Arc-Domr%C3%A9my.jpg?fit=1277%2C958&amp;ssl=1\" data-orig-size=\"1277,958\" data-comments-opened=\"1\" data-image-meta=\"{&quot;aperture&quot;:&quot;5.6&quot;,&quot;credit&quot;:&quot;&quot;,&quot;camera&quot;:&quot;DMC-FZ28&quot;,&quot;caption&quot;:&quot;&quot;,&quot;created_timestamp&quot;:&quot;1440161253&quot;,&quot;copyright&quot;:&quot;&quot;,&quot;focal_length&quot;:&quot;23&quot;,&quot;iso&quot;:&quot;100&quot;,&quot;shutter_speed&quot;:&quot;0.0025&quot;,&quot;title&quot;:&quot;&quot;,&quot;orientation&quot;:&quot;1&quot;}\" data-image-title=\"Jeanne D Arc Domr\u00e9my\" data-image-description=\"&lt;p&gt;Domr\u00e9my &#8211; village natal de Jeanne d&amp;rsquo;Arc&lt;\/p&gt;\n\" data-image-caption=\"&lt;p&gt;Domr\u00e9my &#8211; village natal de Jeanne d&amp;rsquo;Arc&lt;\/p&gt;\n\" data-medium-file=\"https:\/\/i0.wp.com\/voyages-en-france.fr\/wp-content\/uploads\/2017\/12\/Jeanne-D-Arc-Domr%C3%A9my.jpg?fit=300%2C225&amp;ssl=1\" data-large-file=\"https:\/\/i0.wp.com\/voyages-en-france.fr\/wp-content\/uploads\/2017\/12\/Jeanne-D-Arc-Domr%C3%A9my.jpg?fit=1024%2C768&amp;ssl=1\" class=\"size-large wp-image-560\" src=\"https:\/\/i0.wp.com\/voyages-en-france.fr\/wp-content\/uploads\/2017\/12\/Jeanne-D-Arc-Domr%C3%A9my.jpg?resize=1024%2C768&#038;ssl=1\" alt=\"Domr\u00e9my - village natal de Jeanne d'Arc\" width=\"1024\" height=\"768\" srcset=\"https:\/\/i0.wp.com\/voyages-en-france.fr\/wp-content\/uploads\/2017\/12\/Jeanne-D-Arc-Domr%C3%A9my.jpg?resize=1024%2C768&amp;ssl=1 1024w, https:\/\/i0.wp.com\/voyages-en-france.fr\/wp-content\/uploads\/2017\/12\/Jeanne-D-Arc-Domr%C3%A9my.jpg?resize=300%2C225&amp;ssl=1 300w, https:\/\/i0.wp.com\/voyages-en-france.fr\/wp-content\/uploads\/2017\/12\/Jeanne-D-Arc-Domr%C3%A9my.jpg?resize=768%2C576&amp;ssl=1 768w, https:\/\/i0.wp.com\/voyages-en-france.fr\/wp-content\/uploads\/2017\/12\/Jeanne-D-Arc-Domr%C3%A9my.jpg?resize=1200%2C900&amp;ssl=1 1200w, https:\/\/i0.wp.com\/voyages-en-france.fr\/wp-content\/uploads\/2017\/12\/Jeanne-D-Arc-Domr%C3%A9my.jpg?w=1277&amp;ssl=1 1277w\" sizes=\"auto, (max-width: 1024px) 100vw, 1024px\" \/><figcaption id=\"caption-attachment-560\" class=\"wp-caption-text\">Domr\u00e9my &#8211; village natal de Jeanne d&rsquo;Arc<\/figcaption><\/figure>\n<\/div>\n<\/div>\n<span>","protected":false},"excerpt":{"rendered":"<p class=\"excerpt\"><span itemprop=\"description\">Domr\u00e9my, o\u00f9 est ce?\u00a0 Domr\u00e9my est un village du nord des Vosges, sur la Meuse&#8230; C&rsquo;est une \u00e9tape entre Nancy et Dijon, n\u00e9cessitant un petit d\u00e9tour. C&rsquo;est de nos jours un petit village calme aux confins de la Lorraine et&hellip;<\/span><\/p>\n<p class=\"more-link-p btn-align-right\"><a class=\"blue zoom-btn\" href=\"https:\/\/voyages-en-france.fr\/index.php\/2017\/12\/18\/domremy-ville-natale-de-sainte-jeanne-darc\/\">Lire la suite<\/a><\/p>\n","protected":false},"author":1,"featured_media":1260,"comment_status":"open","ping_status":"open","sticky":false,"template":"","format":"standard","meta":{"pgc_sgb_lightbox_settings":"","jetpack_post_was_ever_published":false,"_bos_mb_destination":[""],"_jetpack_newsletter_access":"","_jetpack_dont_email_post_to_subs":false,"_jetpack_newsletter_tier_id":0,"_jetpack_memberships_contains_paywalled_content":false,"_jetpack_memberships_contains_paid_content":false,"footnotes":"","jetpack_publicize_message":"","jetpack_publicize_feature_enabled":true,"jetpack_social_post_already_shared":true,"jetpack_social_options":{"image_generator_settings":{"template":"highway","default_image_id":0,"font":"","enabled":false},"version":2}},"categories":[18,79],"tags":[80,82,83,84,81],"class_list":["post-573","post","type-post","status-publish","format-standard","has-post-thumbnail","hentry","category-sanctuaire","category-village","tag-80","tag-domremy","tag-jeanne-darc","tag-lorraine","tag-vosges","zoom-theme-has-thumb"],"yoast_head":"<!-- This site is optimized with the Yoast SEO plugin v27.1.1 - https:\/\/yoast.com\/product\/yoast-seo-wordpress\/ -->\n<title>Domr\u00e9my, la ville natale de sainte Jeanne d&#039;Arc - Voyages-en-France.fr<\/title>\n<meta name=\"description\" content=\"Domr\u00e9my, la ville natale de sainte Jeanne d&#039;Arc village % -\" \/>\n<meta name=\"robots\" content=\"index, follow, max-snippet:-1, max-image-preview:large, max-video-preview:-1\" \/>\n<link rel=\"canonical\" href=\"https:\/\/voyages-en-france.fr\/index.php\/2017\/12\/18\/domremy-ville-natale-de-sainte-jeanne-darc\/\" \/>\n<meta property=\"og:locale\" content=\"fr_FR\" \/>\n<meta property=\"og:type\" content=\"article\" \/>\n<meta property=\"og:title\" content=\"Domr\u00e9my, la ville natale de sainte Jeanne d&#039;Arc - Voyages-en-France.fr\" \/>\n<meta property=\"og:description\" content=\"Domr\u00e9my, la ville natale de sainte Jeanne d&#039;Arc village % -\" \/>\n<meta property=\"og:url\" content=\"https:\/\/voyages-en-france.fr\/index.php\/2017\/12\/18\/domremy-ville-natale-de-sainte-jeanne-darc\/\" \/>\n<meta property=\"og:site_name\" content=\"Voyages-en-France.fr\" \/>\n<meta property=\"article:publisher\" content=\"https:\/\/www.facebook.com\/voyages.au.coeur.de.la.france\/\" \/>\n<meta property=\"article:author\" content=\"https:\/\/www.facebook.com\/voyages.au.coeur.de.la.france\/\" \/>\n<meta property=\"article:published_time\" content=\"2017-12-18T21:23:38+00:00\" \/>\n<meta property=\"article:modified_time\" content=\"2020-05-30T12:36:48+00:00\" \/>\n<meta property=\"og:image\" content=\"https:\/\/i0.wp.com\/voyages-en-france.fr\/wp-content\/uploads\/2018\/08\/P1670002-35pc.jpg?fit=1277%2C958&ssl=1\" \/>\n\t<meta property=\"og:image:width\" content=\"1277\" \/>\n\t<meta property=\"og:image:height\" content=\"958\" \/>\n\t<meta property=\"og:image:type\" content=\"image\/jpeg\" \/>\n<meta name=\"author\" content=\"Christophe\" \/>\n<meta name=\"twitter:card\" content=\"summary_large_image\" \/>\n<meta name=\"twitter:creator\" content=\"@Voyages_France\" \/>\n<meta name=\"twitter:site\" content=\"@Voyages_France\" \/>\n<meta name=\"twitter:label1\" content=\"\u00c9crit par\" \/>\n\t<meta name=\"twitter:data1\" content=\"Christophe\" \/>\n\t<meta name=\"twitter:label2\" content=\"Dur\u00e9e de lecture estim\u00e9e\" \/>\n\t<meta name=\"twitter:data2\" content=\"3 minutes\" \/>\n<script type=\"application\/ld+json\" class=\"yoast-schema-graph\">{\"@context\":\"https:\/\/schema.org\",\"@graph\":[{\"@type\":\"Article\",\"@id\":\"https:\/\/voyages-en-france.fr\/index.php\/2017\/12\/18\/domremy-ville-natale-de-sainte-jeanne-darc\/#article\",\"isPartOf\":{\"@id\":\"https:\/\/voyages-en-france.fr\/index.php\/2017\/12\/18\/domremy-ville-natale-de-sainte-jeanne-darc\/\"},\"author\":{\"name\":\"Christophe\",\"@id\":\"https:\/\/voyages-en-france.fr\/#\/schema\/person\/611a624b57cd68dd2e4c3f7d385420e2\"},\"headline\":\"Domr\u00e9my, la ville natale de sainte Jeanne d&rsquo;Arc\",\"datePublished\":\"2017-12-18T21:23:38+00:00\",\"dateModified\":\"2020-05-30T12:36:48+00:00\",\"mainEntityOfPage\":{\"@id\":\"https:\/\/voyages-en-france.fr\/index.php\/2017\/12\/18\/domremy-ville-natale-de-sainte-jeanne-darc\/\"},\"wordCount\":574,\"commentCount\":0,\"publisher\":{\"@id\":\"https:\/\/voyages-en-france.fr\/#\/schema\/person\/611a624b57cd68dd2e4c3f7d385420e2\"},\"image\":{\"@id\":\"https:\/\/voyages-en-france.fr\/index.php\/2017\/12\/18\/domremy-ville-natale-de-sainte-jeanne-darc\/#primaryimage\"},\"thumbnailUrl\":\"https:\/\/i0.wp.com\/voyages-en-france.fr\/wp-content\/uploads\/2018\/08\/P1670002-35pc.jpg?fit=1277%2C958&ssl=1\",\"keywords\":[\"88\",\"Domr\u00e9my\",\"Jeanne d'Arc\",\"Lorraine\",\"Vosges\"],\"articleSection\":[\"Sanctuaire\",\"village\"],\"inLanguage\":\"fr-FR\",\"potentialAction\":[{\"@type\":\"CommentAction\",\"name\":\"Comment\",\"target\":[\"https:\/\/voyages-en-france.fr\/index.php\/2017\/12\/18\/domremy-ville-natale-de-sainte-jeanne-darc\/#respond\"]}]},{\"@type\":\"WebPage\",\"@id\":\"https:\/\/voyages-en-france.fr\/index.php\/2017\/12\/18\/domremy-ville-natale-de-sainte-jeanne-darc\/\",\"url\":\"https:\/\/voyages-en-france.fr\/index.php\/2017\/12\/18\/domremy-ville-natale-de-sainte-jeanne-darc\/\",\"name\":\"Domr\u00e9my, la ville natale de sainte Jeanne d'Arc - Voyages-en-France.fr\",\"isPartOf\":{\"@id\":\"https:\/\/voyages-en-france.fr\/#website\"},\"primaryImageOfPage\":{\"@id\":\"https:\/\/voyages-en-france.fr\/index.php\/2017\/12\/18\/domremy-ville-natale-de-sainte-jeanne-darc\/#primaryimage\"},\"image\":{\"@id\":\"https:\/\/voyages-en-france.fr\/index.php\/2017\/12\/18\/domremy-ville-natale-de-sainte-jeanne-darc\/#primaryimage\"},\"thumbnailUrl\":\"https:\/\/i0.wp.com\/voyages-en-france.fr\/wp-content\/uploads\/2018\/08\/P1670002-35pc.jpg?fit=1277%2C958&ssl=1\",\"datePublished\":\"2017-12-18T21:23:38+00:00\",\"dateModified\":\"2020-05-30T12:36:48+00:00\",\"description\":\"Domr\u00e9my, la ville natale de sainte Jeanne d'Arc village % -\",\"breadcrumb\":{\"@id\":\"https:\/\/voyages-en-france.fr\/index.php\/2017\/12\/18\/domremy-ville-natale-de-sainte-jeanne-darc\/#breadcrumb\"},\"inLanguage\":\"fr-FR\",\"potentialAction\":[{\"@type\":\"ReadAction\",\"target\":[\"https:\/\/voyages-en-france.fr\/index.php\/2017\/12\/18\/domremy-ville-natale-de-sainte-jeanne-darc\/\"]}]},{\"@type\":\"ImageObject\",\"inLanguage\":\"fr-FR\",\"@id\":\"https:\/\/voyages-en-france.fr\/index.php\/2017\/12\/18\/domremy-ville-natale-de-sainte-jeanne-darc\/#primaryimage\",\"url\":\"https:\/\/i0.wp.com\/voyages-en-france.fr\/wp-content\/uploads\/2018\/08\/P1670002-35pc.jpg?fit=1277%2C958&ssl=1\",\"contentUrl\":\"https:\/\/i0.wp.com\/voyages-en-france.fr\/wp-content\/uploads\/2018\/08\/P1670002-35pc.jpg?fit=1277%2C958&ssl=1\",\"width\":1277,\"height\":958,\"caption\":\"Domr\u00e9my - maison natale de Jeanne d'Arc\"},{\"@type\":\"BreadcrumbList\",\"@id\":\"https:\/\/voyages-en-france.fr\/index.php\/2017\/12\/18\/domremy-ville-natale-de-sainte-jeanne-darc\/#breadcrumb\",\"itemListElement\":[{\"@type\":\"ListItem\",\"position\":1,\"name\":\"Accueil\",\"item\":\"https:\/\/voyages-en-france.fr\/\"},{\"@type\":\"ListItem\",\"position\":2,\"name\":\"Domr\u00e9my, la ville natale de sainte Jeanne d&rsquo;Arc\"}]},{\"@type\":\"WebSite\",\"@id\":\"https:\/\/voyages-en-france.fr\/#website\",\"url\":\"https:\/\/voyages-en-france.fr\/\",\"name\":\"Voyages-en-France.fr\",\"description\":\"D\u00e9couvrir la France, son patrimoine, ses richesses naturelles, son histoire...\",\"publisher\":{\"@id\":\"https:\/\/voyages-en-france.fr\/#\/schema\/person\/611a624b57cd68dd2e4c3f7d385420e2\"},\"potentialAction\":[{\"@type\":\"SearchAction\",\"target\":{\"@type\":\"EntryPoint\",\"urlTemplate\":\"https:\/\/voyages-en-france.fr\/?s={search_term_string}\"},\"query-input\":{\"@type\":\"PropertyValueSpecification\",\"valueRequired\":true,\"valueName\":\"search_term_string\"}}],\"inLanguage\":\"fr-FR\"},{\"@type\":[\"Person\",\"Organization\"],\"@id\":\"https:\/\/voyages-en-france.fr\/#\/schema\/person\/611a624b57cd68dd2e4c3f7d385420e2\",\"name\":\"Christophe\",\"image\":{\"@type\":\"ImageObject\",\"inLanguage\":\"fr-FR\",\"@id\":\"https:\/\/voyages-en-france.fr\/#\/schema\/person\/image\/\",\"url\":\"https:\/\/i0.wp.com\/voyages-en-france.fr\/wp-content\/uploads\/2017\/11\/cropped-FRANCE-1.jpg?fit=324%2C324&ssl=1\",\"contentUrl\":\"https:\/\/i0.wp.com\/voyages-en-france.fr\/wp-content\/uploads\/2017\/11\/cropped-FRANCE-1.jpg?fit=324%2C324&ssl=1\",\"width\":324,\"height\":324,\"caption\":\"Christophe\"},\"logo\":{\"@id\":\"https:\/\/voyages-en-france.fr\/#\/schema\/person\/image\/\"},\"sameAs\":[\"http:\/\/voyages-en-france.fr\/\",\"https:\/\/www.facebook.com\/voyages.au.coeur.de.la.france\/\",\"https:\/\/www.instagram.com\/voyages_en_france\/\",\"https:\/\/x.com\/Voyages_France\"]}]}<\/script>\n<!-- \/ Yoast SEO plugin. -->","yoast_head_json":{"title":"Domr\u00e9my, la ville natale de sainte Jeanne d'Arc - Voyages-en-France.fr","description":"Domr\u00e9my, la ville natale de sainte Jeanne d'Arc village % -","robots":{"index":"index","follow":"follow","max-snippet":"max-snippet:-1","max-image-preview":"max-image-preview:large","max-video-preview":"max-video-preview:-1"},"canonical":"https:\/\/voyages-en-france.fr\/index.php\/2017\/12\/18\/domremy-ville-natale-de-sainte-jeanne-darc\/","og_locale":"fr_FR","og_type":"article","og_title":"Domr\u00e9my, la ville natale de sainte Jeanne d'Arc - Voyages-en-France.fr","og_description":"Domr\u00e9my, la ville natale de sainte Jeanne d'Arc village % -","og_url":"https:\/\/voyages-en-france.fr\/index.php\/2017\/12\/18\/domremy-ville-natale-de-sainte-jeanne-darc\/","og_site_name":"Voyages-en-France.fr","article_publisher":"https:\/\/www.facebook.com\/voyages.au.coeur.de.la.france\/","article_author":"https:\/\/www.facebook.com\/voyages.au.coeur.de.la.france\/","article_published_time":"2017-12-18T21:23:38+00:00","article_modified_time":"2020-05-30T12:36:48+00:00","og_image":[{"width":1277,"height":958,"url":"https:\/\/i0.wp.com\/voyages-en-france.fr\/wp-content\/uploads\/2018\/08\/P1670002-35pc.jpg?fit=1277%2C958&ssl=1","type":"image\/jpeg"}],"author":"Christophe","twitter_card":"summary_large_image","twitter_creator":"@Voyages_France","twitter_site":"@Voyages_France","twitter_misc":{"\u00c9crit par":"Christophe","Dur\u00e9e de lecture estim\u00e9e":"3 minutes"},"schema":{"@context":"https:\/\/schema.org","@graph":[{"@type":"Article","@id":"https:\/\/voyages-en-france.fr\/index.php\/2017\/12\/18\/domremy-ville-natale-de-sainte-jeanne-darc\/#article","isPartOf":{"@id":"https:\/\/voyages-en-france.fr\/index.php\/2017\/12\/18\/domremy-ville-natale-de-sainte-jeanne-darc\/"},"author":{"name":"Christophe","@id":"https:\/\/voyages-en-france.fr\/#\/schema\/person\/611a624b57cd68dd2e4c3f7d385420e2"},"headline":"Domr\u00e9my, la ville natale de sainte Jeanne d&rsquo;Arc","datePublished":"2017-12-18T21:23:38+00:00","dateModified":"2020-05-30T12:36:48+00:00","mainEntityOfPage":{"@id":"https:\/\/voyages-en-france.fr\/index.php\/2017\/12\/18\/domremy-ville-natale-de-sainte-jeanne-darc\/"},"wordCount":574,"commentCount":0,"publisher":{"@id":"https:\/\/voyages-en-france.fr\/#\/schema\/person\/611a624b57cd68dd2e4c3f7d385420e2"},"image":{"@id":"https:\/\/voyages-en-france.fr\/index.php\/2017\/12\/18\/domremy-ville-natale-de-sainte-jeanne-darc\/#primaryimage"},"thumbnailUrl":"https:\/\/i0.wp.com\/voyages-en-france.fr\/wp-content\/uploads\/2018\/08\/P1670002-35pc.jpg?fit=1277%2C958&ssl=1","keywords":["88","Domr\u00e9my","Jeanne d'Arc","Lorraine","Vosges"],"articleSection":["Sanctuaire","village"],"inLanguage":"fr-FR","potentialAction":[{"@type":"CommentAction","name":"Comment","target":["https:\/\/voyages-en-france.fr\/index.php\/2017\/12\/18\/domremy-ville-natale-de-sainte-jeanne-darc\/#respond"]}]},{"@type":"WebPage","@id":"https:\/\/voyages-en-france.fr\/index.php\/2017\/12\/18\/domremy-ville-natale-de-sainte-jeanne-darc\/","url":"https:\/\/voyages-en-france.fr\/index.php\/2017\/12\/18\/domremy-ville-natale-de-sainte-jeanne-darc\/","name":"Domr\u00e9my, la ville natale de sainte Jeanne d'Arc - Voyages-en-France.fr","isPartOf":{"@id":"https:\/\/voyages-en-france.fr\/#website"},"primaryImageOfPage":{"@id":"https:\/\/voyages-en-france.fr\/index.php\/2017\/12\/18\/domremy-ville-natale-de-sainte-jeanne-darc\/#primaryimage"},"image":{"@id":"https:\/\/voyages-en-france.fr\/index.php\/2017\/12\/18\/domremy-ville-natale-de-sainte-jeanne-darc\/#primaryimage"},"thumbnailUrl":"https:\/\/i0.wp.com\/voyages-en-france.fr\/wp-content\/uploads\/2018\/08\/P1670002-35pc.jpg?fit=1277%2C958&ssl=1","datePublished":"2017-12-18T21:23:38+00:00","dateModified":"2020-05-30T12:36:48+00:00","description":"Domr\u00e9my, la ville natale de sainte Jeanne d'Arc village % -","breadcrumb":{"@id":"https:\/\/voyages-en-france.fr\/index.php\/2017\/12\/18\/domremy-ville-natale-de-sainte-jeanne-darc\/#breadcrumb"},"inLanguage":"fr-FR","potentialAction":[{"@type":"ReadAction","target":["https:\/\/voyages-en-france.fr\/index.php\/2017\/12\/18\/domremy-ville-natale-de-sainte-jeanne-darc\/"]}]},{"@type":"ImageObject","inLanguage":"fr-FR","@id":"https:\/\/voyages-en-france.fr\/index.php\/2017\/12\/18\/domremy-ville-natale-de-sainte-jeanne-darc\/#primaryimage","url":"https:\/\/i0.wp.com\/voyages-en-france.fr\/wp-content\/uploads\/2018\/08\/P1670002-35pc.jpg?fit=1277%2C958&ssl=1","contentUrl":"https:\/\/i0.wp.com\/voyages-en-france.fr\/wp-content\/uploads\/2018\/08\/P1670002-35pc.jpg?fit=1277%2C958&ssl=1","width":1277,"height":958,"caption":"Domr\u00e9my - maison natale de Jeanne d'Arc"},{"@type":"BreadcrumbList","@id":"https:\/\/voyages-en-france.fr\/index.php\/2017\/12\/18\/domremy-ville-natale-de-sainte-jeanne-darc\/#breadcrumb","itemListElement":[{"@type":"ListItem","position":1,"name":"Accueil","item":"https:\/\/voyages-en-france.fr\/"},{"@type":"ListItem","position":2,"name":"Domr\u00e9my, la ville natale de sainte Jeanne d&rsquo;Arc"}]},{"@type":"WebSite","@id":"https:\/\/voyages-en-france.fr\/#website","url":"https:\/\/voyages-en-france.fr\/","name":"Voyages-en-France.fr","description":"D\u00e9couvrir la France, son patrimoine, ses richesses naturelles, son histoire...","publisher":{"@id":"https:\/\/voyages-en-france.fr\/#\/schema\/person\/611a624b57cd68dd2e4c3f7d385420e2"},"potentialAction":[{"@type":"SearchAction","target":{"@type":"EntryPoint","urlTemplate":"https:\/\/voyages-en-france.fr\/?s={search_term_string}"},"query-input":{"@type":"PropertyValueSpecification","valueRequired":true,"valueName":"search_term_string"}}],"inLanguage":"fr-FR"},{"@type":["Person","Organization"],"@id":"https:\/\/voyages-en-france.fr\/#\/schema\/person\/611a624b57cd68dd2e4c3f7d385420e2","name":"Christophe","image":{"@type":"ImageObject","inLanguage":"fr-FR","@id":"https:\/\/voyages-en-france.fr\/#\/schema\/person\/image\/","url":"https:\/\/i0.wp.com\/voyages-en-france.fr\/wp-content\/uploads\/2017\/11\/cropped-FRANCE-1.jpg?fit=324%2C324&ssl=1","contentUrl":"https:\/\/i0.wp.com\/voyages-en-france.fr\/wp-content\/uploads\/2017\/11\/cropped-FRANCE-1.jpg?fit=324%2C324&ssl=1","width":324,"height":324,"caption":"Christophe"},"logo":{"@id":"https:\/\/voyages-en-france.fr\/#\/schema\/person\/image\/"},"sameAs":["http:\/\/voyages-en-france.fr\/","https:\/\/www.facebook.com\/voyages.au.coeur.de.la.france\/","https:\/\/www.instagram.com\/voyages_en_france\/","https:\/\/x.com\/Voyages_France"]}]}},"jetpack_publicize_connections":[],"jetpack_featured_media_url":"https:\/\/i0.wp.com\/voyages-en-france.fr\/wp-content\/uploads\/2018\/08\/P1670002-35pc.jpg?fit=1277%2C958&ssl=1","jetpack_sharing_enabled":true,"jetpack_shortlink":"https:\/\/wp.me\/p9pWxx-9f","jetpack_likes_enabled":true,"_links":{"self":[{"href":"https:\/\/voyages-en-france.fr\/index.php\/wp-json\/wp\/v2\/posts\/573","targetHints":{"allow":["GET"]}}],"collection":[{"href":"https:\/\/voyages-en-france.fr\/index.php\/wp-json\/wp\/v2\/posts"}],"about":[{"href":"https:\/\/voyages-en-france.fr\/index.php\/wp-json\/wp\/v2\/types\/post"}],"author":[{"embeddable":true,"href":"https:\/\/voyages-en-france.fr\/index.php\/wp-json\/wp\/v2\/users\/1"}],"replies":[{"embeddable":true,"href":"https:\/\/voyages-en-france.fr\/index.php\/wp-json\/wp\/v2\/comments?post=573"}],"version-history":[{"count":5,"href":"https:\/\/voyages-en-france.fr\/index.php\/wp-json\/wp\/v2\/posts\/573\/revisions"}],"predecessor-version":[{"id":1839,"href":"https:\/\/voyages-en-france.fr\/index.php\/wp-json\/wp\/v2\/posts\/573\/revisions\/1839"}],"wp:featuredmedia":[{"embeddable":true,"href":"https:\/\/voyages-en-france.fr\/index.php\/wp-json\/wp\/v2\/media\/1260"}],"wp:attachment":[{"href":"https:\/\/voyages-en-france.fr\/index.php\/wp-json\/wp\/v2\/media?parent=573"}],"wp:term":[{"taxonomy":"category","embeddable":true,"href":"https:\/\/voyages-en-france.fr\/index.php\/wp-json\/wp\/v2\/categories?post=573"},{"taxonomy":"post_tag","embeddable":true,"href":"https:\/\/voyages-en-france.fr\/index.php\/wp-json\/wp\/v2\/tags?post=573"}],"curies":[{"name":"wp","href":"https:\/\/api.w.org\/{rel}","templated":true}]}}