{"id":466,"date":"2017-12-09T00:53:18","date_gmt":"2017-12-08T23:53:18","guid":{"rendered":"http:\/\/voyages-en-france.fr\/?p=466"},"modified":"2018-06-09T21:06:29","modified_gmt":"2018-06-09T19:06:29","slug":"paray-monial-cite-sacre-coeur","status":"publish","type":"post","link":"https:\/\/voyages-en-france.fr\/index.php\/2017\/12\/09\/paray-monial-cite-sacre-coeur\/","title":{"rendered":"Paray-le-Monial, la cit\u00e9 du Sacr\u00e9 Coeur!"},"content":{"rendered":"<span itemprop=\"description\"><h1><span style=\"font-family: verdana, sans-serif;\" data-blogger-escaped-style=\"font-family: &quot;verdana&quot; , sans-serif;\"><b><u>Paray-le-Monial, o\u00f9 est ce?<\/u><\/b><\/span><\/h1>\n<p><span style=\"font-family: verdana, sans-serif;\" data-blogger-escaped-style=\"font-family: &quot;verdana&quot; , sans-serif;\">Cit\u00e9 dite du \u00ab Sacr\u00e9-C\u0153ur \u00bb, Paray-le-Monial est une ville du d\u00e9partement de Sa\u00f4ne-et-Loire , en Bourgogne. Un peu loin des grands axes autoroutiers mais qui vaut le d\u00e9tour!<\/span><\/p>\n<div data-blogger-escaped-style=\"text-align: center;\">\n<p style=\"text-align: center;\"><iframe loading=\"lazy\" style=\"border: 0;\" src=\"https:\/\/www.google.com\/maps\/embed?pb=!1m18!1m12!1m3!1d591475.6088454806!2d3.846567787184462!3d46.476322046405635!2m3!1f0!2f0!3f0!3m2!1i1024!2i768!4f13.1!3m3!1m2!1s0x47f3dd539079c5d7%3A0x71cc5a06fdf94e53!2s71600+Paray-le-Monial!5e0!3m2!1sfr!2sfr!4v1515022979934\" width=\"800\" height=\"500\" frameborder=\"0\" allowfullscreen=\"allowfullscreen\"><span data-mce-type=\"bookmark\" style=\"display: inline-block; width: 0px; overflow: hidden; line-height: 0;\" class=\"mce_SELRES_start\">\ufeff<\/span><\/iframe><\/p>\n<\/div>\n<div data-blogger-escaped-style=\"text-align: center;\"><\/div>\n<div data-blogger-escaped-style=\"text-align: center;\">\n<div data-blogger-escaped-style=\"text-align: justify;\">\n<p><span style=\"font-family: verdana, sans-serif;\" data-blogger-escaped-style=\"font-family: &quot;verdana&quot; , sans-serif;\">Paray-le-Monial se situe dans la partie sud-ouest de la Sa\u00f4ne-et-Loire, au c\u0153ur du Charollais (bien connu pour son \u00e9levage de bovins et sa bonne viande). Paray est dans une plaine que forment les monts du Brionnais, la Loire, l&rsquo;Arroux et la Bourbince. La ville est travers\u00e9e par la Bourbince et le canal du Centre.<\/span><\/p>\n<figure id=\"attachment_247\" aria-describedby=\"caption-attachment-247\" style=\"width: 801px\" class=\"wp-caption aligncenter\"><img data-recalc-dims=\"1\" loading=\"lazy\" decoding=\"async\" data-attachment-id=\"247\" data-permalink=\"https:\/\/voyages-en-france.fr\/index.php\/2017\/12\/09\/paray-monial-cite-sacre-coeur\/pa305577-35pc\/\" data-orig-file=\"https:\/\/i0.wp.com\/voyages-en-france.fr\/wp-content\/uploads\/2017\/11\/PA305577-35pc.jpg?fit=801%2C599&amp;ssl=1\" data-orig-size=\"801,599\" data-comments-opened=\"1\" data-image-meta=\"{&quot;aperture&quot;:&quot;4.5&quot;,&quot;credit&quot;:&quot;&quot;,&quot;camera&quot;:&quot;C4100Z,C4000Z&quot;,&quot;caption&quot;:&quot;&quot;,&quot;created_timestamp&quot;:&quot;1099137457&quot;,&quot;copyright&quot;:&quot;&quot;,&quot;focal_length&quot;:&quot;10.4&quot;,&quot;iso&quot;:&quot;100&quot;,&quot;shutter_speed&quot;:&quot;0.00125&quot;,&quot;title&quot;:&quot;&quot;,&quot;orientation&quot;:&quot;1&quot;}\" data-image-title=\"PA305577 [35pc]\" data-image-description=\"&lt;p&gt;Basilique du Sacr\u00e9 Coeur \u00e0 Paray-le-Monial&lt;\/p&gt;\n\" data-image-caption=\"&lt;p&gt;Basilique du Sacr\u00e9 Coeur \u00e0 Paray-le-Monial &lt;\/p&gt;\n\" data-medium-file=\"https:\/\/i0.wp.com\/voyages-en-france.fr\/wp-content\/uploads\/2017\/11\/PA305577-35pc.jpg?fit=300%2C224&amp;ssl=1\" data-large-file=\"https:\/\/i0.wp.com\/voyages-en-france.fr\/wp-content\/uploads\/2017\/11\/PA305577-35pc.jpg?fit=801%2C599&amp;ssl=1\" class=\"size-full wp-image-247\" src=\"https:\/\/i0.wp.com\/voyages-en-france.fr\/wp-content\/uploads\/2017\/11\/PA305577-35pc.jpg?resize=801%2C599&#038;ssl=1\" alt=\"Basilique du Sacr\u00e9 Coeur \u00e0 Paray-le-Monial \" width=\"801\" height=\"599\" srcset=\"https:\/\/i0.wp.com\/voyages-en-france.fr\/wp-content\/uploads\/2017\/11\/PA305577-35pc.jpg?w=801&amp;ssl=1 801w, https:\/\/i0.wp.com\/voyages-en-france.fr\/wp-content\/uploads\/2017\/11\/PA305577-35pc.jpg?resize=300%2C224&amp;ssl=1 300w, https:\/\/i0.wp.com\/voyages-en-france.fr\/wp-content\/uploads\/2017\/11\/PA305577-35pc.jpg?resize=768%2C574&amp;ssl=1 768w\" sizes=\"auto, (max-width: 801px) 100vw, 801px\" \/><figcaption id=\"caption-attachment-247\" class=\"wp-caption-text\">Basilique du Sacr\u00e9 Coeur \u00e0 Paray-le-Monial<\/figcaption><\/figure>\n<h1><span style=\"font-family: verdana, sans-serif;\" data-blogger-escaped-style=\"font-family: &quot;verdana&quot; , sans-serif;\"><u>La cit\u00e9 du Sacr\u00e9-C\u0153ur&#8230; Pourquoi?\u00a0<\/u><\/span><\/h1>\n<p><span style=\"font-family: verdana, sans-serif;\" data-blogger-escaped-style=\"font-family: &quot;verdana&quot; , sans-serif;\">C&rsquo;est la ville de Sainte Marguerite-Marie. Son nom complet est Marguerite-Marie Alacoque. Elle est n\u00e9e le 22 juillet 1647 \u00e0 Verosvres (village a mi-chemin entre Paray et M\u00e2con).\u00a0 Marguerite-Marie est une mystique de l\u2019ordre de la Visitation, qui suite \u00e0 des apparitions de J\u00e9sus, d\u00e9veloppe le culte du Sacr\u00e9-C\u0153ur.\u00a0Elle est morte le 17 octobre 1690 \u00e0 Paray-le-Monial.<\/span><\/p>\n<div data-blogger-escaped-style=\"text-align: justify;\">\n<h2>Dans l&rsquo;histoire<\/h2>\n<p><span style=\"font-family: verdana, sans-serif;\" data-blogger-escaped-style=\"font-family: &quot;verdana&quot; , sans-serif;\">En 1689, cent ans avant la r\u00e9volution, elle demande par lettre au roi Louis XIV de consacr\u00e9 la France au Sacr\u00e9-Coeur de J\u00e9sus et mettre son embl\u00e8me sur le drapeau pour prot\u00e9ger la France. N\u00e9anmoins, nous ne savons pas si cette lettre est parvenue au roi, mais c&rsquo;est un fait qu&rsquo;elle n&rsquo;a pas \u00e9t\u00e9 suivie d&rsquo;effet.<\/span><\/p>\n<\/div>\n<h2>Au Couvent de la Visitation<\/h2>\n<figure id=\"attachment_246\" aria-describedby=\"caption-attachment-246\" style=\"width: 506px\" class=\"wp-caption aligncenter\"><img data-recalc-dims=\"1\" loading=\"lazy\" decoding=\"async\" data-attachment-id=\"246\" data-permalink=\"https:\/\/voyages-en-france.fr\/index.php\/2017\/12\/09\/paray-monial-cite-sacre-coeur\/pa305576-35pc\/\" data-orig-file=\"https:\/\/i0.wp.com\/voyages-en-france.fr\/wp-content\/uploads\/2017\/11\/PA305576-35pc.jpg?fit=599%2C801&amp;ssl=1\" data-orig-size=\"599,801\" data-comments-opened=\"1\" data-image-meta=\"{&quot;aperture&quot;:&quot;2.8&quot;,&quot;credit&quot;:&quot;&quot;,&quot;camera&quot;:&quot;C4100Z,C4000Z&quot;,&quot;caption&quot;:&quot;&quot;,&quot;created_timestamp&quot;:&quot;1099135050&quot;,&quot;copyright&quot;:&quot;&quot;,&quot;focal_length&quot;:&quot;6.8&quot;,&quot;iso&quot;:&quot;100&quot;,&quot;shutter_speed&quot;:&quot;0.0025&quot;,&quot;title&quot;:&quot;&quot;,&quot;orientation&quot;:&quot;0&quot;}\" data-image-title=\"PA305576 [35pc]\" data-image-description=\"&lt;p&gt;La chapelle de la Visitation, \u00e0 Paray-le-Monial&lt;\/p&gt;\n\" data-image-caption=\"&lt;p&gt;La chapelle de la Visitation, \u00e0 Paray-le-Monial &lt;\/p&gt;\n\" data-medium-file=\"https:\/\/i0.wp.com\/voyages-en-france.fr\/wp-content\/uploads\/2017\/11\/PA305576-35pc.jpg?fit=224%2C300&amp;ssl=1\" data-large-file=\"https:\/\/i0.wp.com\/voyages-en-france.fr\/wp-content\/uploads\/2017\/11\/PA305576-35pc.jpg?fit=599%2C801&amp;ssl=1\" class=\" wp-image-246\" src=\"https:\/\/i0.wp.com\/voyages-en-france.fr\/wp-content\/uploads\/2017\/11\/PA305576-35pc.jpg?resize=506%2C677&#038;ssl=1\" alt=\"La chapelle de la Visitation, \u00e0 Paray-le-Monial \" width=\"506\" height=\"677\" srcset=\"https:\/\/i0.wp.com\/voyages-en-france.fr\/wp-content\/uploads\/2017\/11\/PA305576-35pc.jpg?w=599&amp;ssl=1 599w, https:\/\/i0.wp.com\/voyages-en-france.fr\/wp-content\/uploads\/2017\/11\/PA305576-35pc.jpg?resize=224%2C300&amp;ssl=1 224w\" sizes=\"auto, (max-width: 506px) 100vw, 506px\" \/><figcaption id=\"caption-attachment-246\" class=\"wp-caption-text\">La chapelle de la Visitation, \u00e0 Paray-le-Monial<\/figcaption><\/figure>\n<\/div>\n<p>Le 20 juin 1671, Marguerite-Marie entre \u00e0 24 ans au couvent de la Visitation de Paray apr\u00e8s avoir entendu J\u00e9sus lui dire: \u00ab C\u2019est ici que Je te veux \u00bb. Plus tard, alors qu&rsquo;elle se pr\u00e9pare \u00e0 sa profession religieuse, elle exp\u00e9rimente la pr\u00e9sence de Dieu dans son c\u0153ur. Ces moments la conduisent en\u00a0 extases. Elle comprend alors que sa vocation sera d\u2019\u00eatre un ap\u00f4tre du\u00a0C\u0153ur Sacr\u00e9 de J\u00e9sus.\u00a0 Le Sacr\u00e9-C\u0153ur, c&rsquo;est\u00a0 l&rsquo;Amour que Dieu veut donner aux hommes sans contrepartie.\u00a0Elle fera sa profession religieuse le 6 novembre 1672.<\/p>\n<h2>La basilique du Sacr\u00e9-C\u0153ur<\/h2>\n<\/div>\n<p>La basilique du Sacr\u00e9-C\u0153ur (fin du XIe si\u00e8cle pour le narthex et XIIe-XIVe si\u00e8cles pour l&rsquo;\u00e9glise) est un chef-d&rsquo;\u0153uvre de l&rsquo;art roman. Sans aucun doute, elle est l&rsquo;\u00e9glise la mieux conserv\u00e9e de l&rsquo;architecture clunisienne en Bourgogne. L&rsquo;\u00e9glise a \u00e9t\u00e9 \u00e9difi\u00e9e par Hugues de Semur, le plus important des abb\u00e9s de Cluny. Le clo\u00eetre est accol\u00e9 \u00e0 la basilique et poss\u00e8de un jardin d&rsquo;inspiration m\u00e9di\u00e9vale.<\/p>\n<div data-blogger-escaped-style=\"text-align: center;\">\n<div data-blogger-escaped-style=\"text-align: justify;\">\n<div data-blogger-escaped-style=\"text-align: justify;\">\n<figure id=\"attachment_245\" aria-describedby=\"caption-attachment-245\" style=\"width: 497px\" class=\"wp-caption aligncenter\"><img data-recalc-dims=\"1\" loading=\"lazy\" decoding=\"async\" data-attachment-id=\"245\" data-permalink=\"https:\/\/voyages-en-france.fr\/index.php\/2017\/12\/09\/paray-monial-cite-sacre-coeur\/pa305570-35pc\/\" data-orig-file=\"https:\/\/i0.wp.com\/voyages-en-france.fr\/wp-content\/uploads\/2017\/11\/PA305570-35pc.jpg?fit=599%2C801&amp;ssl=1\" data-orig-size=\"599,801\" data-comments-opened=\"1\" data-image-meta=\"{&quot;aperture&quot;:&quot;4&quot;,&quot;credit&quot;:&quot;&quot;,&quot;camera&quot;:&quot;C4100Z,C4000Z&quot;,&quot;caption&quot;:&quot;&quot;,&quot;created_timestamp&quot;:&quot;1099132264&quot;,&quot;copyright&quot;:&quot;&quot;,&quot;focal_length&quot;:&quot;6.8&quot;,&quot;iso&quot;:&quot;100&quot;,&quot;shutter_speed&quot;:&quot;0.00125&quot;,&quot;title&quot;:&quot;&quot;,&quot;orientation&quot;:&quot;0&quot;}\" data-image-title=\"PA305570 [35pc]\" data-image-description=\"&lt;p&gt;Basilique du Sacr\u00e9 Coeur \u00e0 Paray-le-Monial &lt;\/p&gt;\n\" data-image-caption=\"&lt;p&gt;Basilique du Sacr\u00e9 Coeur \u00e0 Paray-le-Monial &lt;\/p&gt;\n\" data-medium-file=\"https:\/\/i0.wp.com\/voyages-en-france.fr\/wp-content\/uploads\/2017\/11\/PA305570-35pc.jpg?fit=224%2C300&amp;ssl=1\" data-large-file=\"https:\/\/i0.wp.com\/voyages-en-france.fr\/wp-content\/uploads\/2017\/11\/PA305570-35pc.jpg?fit=599%2C801&amp;ssl=1\" class=\"wp-image-245\" style=\"font-weight: bold; text-align: center;\" src=\"https:\/\/i0.wp.com\/voyages-en-france.fr\/wp-content\/uploads\/2017\/11\/PA305570-35pc.jpg?resize=497%2C664&#038;ssl=1\" alt=\"Basilique du Sacr\u00e9 Coeur \u00e0 Paray-le-Monial \" width=\"497\" height=\"664\" srcset=\"https:\/\/i0.wp.com\/voyages-en-france.fr\/wp-content\/uploads\/2017\/11\/PA305570-35pc.jpg?w=599&amp;ssl=1 599w, https:\/\/i0.wp.com\/voyages-en-france.fr\/wp-content\/uploads\/2017\/11\/PA305570-35pc.jpg?resize=224%2C300&amp;ssl=1 224w\" sizes=\"auto, (max-width: 497px) 100vw, 497px\" \/><figcaption id=\"caption-attachment-245\" class=\"wp-caption-text\">Basilique du Sacr\u00e9 Coeur \u00e0 Paray-le-Monial<\/figcaption><\/figure>\n<figure id=\"attachment_248\" aria-describedby=\"caption-attachment-248\" style=\"width: 801px\" class=\"wp-caption aligncenter\"><img data-recalc-dims=\"1\" loading=\"lazy\" decoding=\"async\" data-attachment-id=\"248\" data-permalink=\"https:\/\/voyages-en-france.fr\/index.php\/2017\/12\/09\/paray-monial-cite-sacre-coeur\/pa305578-35pc\/\" data-orig-file=\"https:\/\/i0.wp.com\/voyages-en-france.fr\/wp-content\/uploads\/2017\/11\/PA305578-35pc.jpg?fit=801%2C599&amp;ssl=1\" data-orig-size=\"801,599\" data-comments-opened=\"1\" data-image-meta=\"{&quot;aperture&quot;:&quot;2.8&quot;,&quot;credit&quot;:&quot;&quot;,&quot;camera&quot;:&quot;C4100Z,C4000Z&quot;,&quot;caption&quot;:&quot;&quot;,&quot;created_timestamp&quot;:&quot;1099138409&quot;,&quot;copyright&quot;:&quot;&quot;,&quot;focal_length&quot;:&quot;6.8&quot;,&quot;iso&quot;:&quot;100&quot;,&quot;shutter_speed&quot;:&quot;0.0025&quot;,&quot;title&quot;:&quot;&quot;,&quot;orientation&quot;:&quot;1&quot;}\" data-image-title=\"PA305578 [35pc]\" data-image-description=\"&lt;p&gt;Paray le Monial&lt;\/p&gt;\n\" data-image-caption=\"&lt;p&gt;Paray le Monial&lt;\/p&gt;\n\" data-medium-file=\"https:\/\/i0.wp.com\/voyages-en-france.fr\/wp-content\/uploads\/2017\/11\/PA305578-35pc.jpg?fit=300%2C224&amp;ssl=1\" data-large-file=\"https:\/\/i0.wp.com\/voyages-en-france.fr\/wp-content\/uploads\/2017\/11\/PA305578-35pc.jpg?fit=801%2C599&amp;ssl=1\" class=\"size-full wp-image-248\" src=\"https:\/\/i0.wp.com\/voyages-en-france.fr\/wp-content\/uploads\/2017\/11\/PA305578-35pc.jpg?resize=801%2C599&#038;ssl=1\" alt=\"Paray le Monial\" width=\"801\" height=\"599\" srcset=\"https:\/\/i0.wp.com\/voyages-en-france.fr\/wp-content\/uploads\/2017\/11\/PA305578-35pc.jpg?w=801&amp;ssl=1 801w, https:\/\/i0.wp.com\/voyages-en-france.fr\/wp-content\/uploads\/2017\/11\/PA305578-35pc.jpg?resize=300%2C224&amp;ssl=1 300w, https:\/\/i0.wp.com\/voyages-en-france.fr\/wp-content\/uploads\/2017\/11\/PA305578-35pc.jpg?resize=768%2C574&amp;ssl=1 768w\" sizes=\"auto, (max-width: 801px) 100vw, 801px\" \/><figcaption id=\"caption-attachment-248\" class=\"wp-caption-text\">Paray le Monial &#8211; H\u00f4tel de ville<\/figcaption><\/figure>\n<\/div>\n<div data-blogger-escaped-style=\"text-align: left;\">\n<div class=\"mceTemp\"><\/div>\n<\/div>\n<\/div>\n<\/div>\n<span>","protected":false},"excerpt":{"rendered":"<p class=\"excerpt\"><span itemprop=\"description\">Paray-le-Monial, o\u00f9 est ce? Cit\u00e9 dite du \u00ab Sacr\u00e9-C\u0153ur \u00bb, Paray-le-Monial est une ville du d\u00e9partement de Sa\u00f4ne-et-Loire , en Bourgogne. Un peu loin des grands axes autoroutiers mais qui vaut le d\u00e9tour! \ufeff Paray-le-Monial se situe dans la partie&hellip;<\/span><\/p>\n<p class=\"more-link-p btn-align-right\"><a class=\"blue zoom-btn\" href=\"https:\/\/voyages-en-france.fr\/index.php\/2017\/12\/09\/paray-monial-cite-sacre-coeur\/\">Lire la suite<\/a><\/p>\n","protected":false},"author":1,"featured_media":249,"comment_status":"open","ping_status":"open","sticky":false,"template":"","format":"standard","meta":{"pgc_sgb_lightbox_settings":"","jetpack_post_was_ever_published":false,"_bos_mb_destination":[""],"_jetpack_newsletter_access":"","_jetpack_dont_email_post_to_subs":false,"_jetpack_newsletter_tier_id":0,"_jetpack_memberships_contains_paywalled_content":false,"_jetpack_memberships_contains_paid_content":false,"footnotes":"","jetpack_publicize_message":"","jetpack_publicize_feature_enabled":true,"jetpack_social_post_already_shared":true,"jetpack_social_options":{"image_generator_settings":{"template":"highway","default_image_id":0,"font":"","enabled":false},"version":2}},"categories":[18,2],"tags":[57,58,60,61,59],"class_list":["post-466","post","type-post","status-publish","format-standard","has-post-thumbnail","hentry","category-sanctuaire","category-ville","tag-57","tag-bourgogne","tag-paray-le-monial","tag-sacre-coeur","tag-saone-et-loire","zoom-theme-has-thumb"],"yoast_head":"<!-- This site is optimized with the Yoast SEO plugin v27.1.1 - https:\/\/yoast.com\/product\/yoast-seo-wordpress\/ -->\n<title>Paray-le-Monial, la cit\u00e9 du Sacr\u00e9 Coeur! - Voyages-en-France.fr<\/title>\n<meta name=\"description\" content=\"Paray-le-Monial, la cit\u00e9 du Sacr\u00e9 Coeur! ville % -\" \/>\n<meta name=\"robots\" content=\"index, follow, max-snippet:-1, max-image-preview:large, max-video-preview:-1\" \/>\n<link rel=\"canonical\" href=\"https:\/\/voyages-en-france.fr\/index.php\/2017\/12\/09\/paray-monial-cite-sacre-coeur\/\" \/>\n<meta property=\"og:locale\" content=\"fr_FR\" \/>\n<meta property=\"og:type\" content=\"article\" \/>\n<meta property=\"og:title\" content=\"Paray-le-Monial, la cit\u00e9 du Sacr\u00e9 Coeur! - Voyages-en-France.fr\" \/>\n<meta property=\"og:description\" content=\"Paray-le-Monial, la cit\u00e9 du Sacr\u00e9 Coeur! ville % -\" \/>\n<meta property=\"og:url\" content=\"https:\/\/voyages-en-france.fr\/index.php\/2017\/12\/09\/paray-monial-cite-sacre-coeur\/\" \/>\n<meta property=\"og:site_name\" content=\"Voyages-en-France.fr\" \/>\n<meta property=\"article:publisher\" content=\"https:\/\/www.facebook.com\/voyages.au.coeur.de.la.france\/\" \/>\n<meta property=\"article:author\" content=\"https:\/\/www.facebook.com\/voyages.au.coeur.de.la.france\/\" \/>\n<meta property=\"article:published_time\" content=\"2017-12-08T23:53:18+00:00\" \/>\n<meta property=\"article:modified_time\" content=\"2018-06-09T19:06:29+00:00\" \/>\n<meta property=\"og:image\" content=\"https:\/\/i0.wp.com\/voyages-en-france.fr\/wp-content\/uploads\/2017\/11\/PA305592-35pc.jpg?fit=801%2C599&ssl=1\" \/>\n\t<meta property=\"og:image:width\" content=\"801\" \/>\n\t<meta property=\"og:image:height\" content=\"599\" \/>\n\t<meta property=\"og:image:type\" content=\"image\/jpeg\" \/>\n<meta name=\"author\" content=\"Christophe\" \/>\n<meta name=\"twitter:card\" content=\"summary_large_image\" \/>\n<meta name=\"twitter:creator\" content=\"@Voyages_France\" \/>\n<meta name=\"twitter:site\" content=\"@Voyages_France\" \/>\n<meta name=\"twitter:label1\" content=\"\u00c9crit par\" \/>\n\t<meta name=\"twitter:data1\" content=\"Christophe\" \/>\n\t<meta name=\"twitter:label2\" content=\"Dur\u00e9e de lecture estim\u00e9e\" \/>\n\t<meta name=\"twitter:data2\" content=\"2 minutes\" \/>\n<script type=\"application\/ld+json\" class=\"yoast-schema-graph\">{\"@context\":\"https:\/\/schema.org\",\"@graph\":[{\"@type\":\"Article\",\"@id\":\"https:\/\/voyages-en-france.fr\/index.php\/2017\/12\/09\/paray-monial-cite-sacre-coeur\/#article\",\"isPartOf\":{\"@id\":\"https:\/\/voyages-en-france.fr\/index.php\/2017\/12\/09\/paray-monial-cite-sacre-coeur\/\"},\"author\":{\"name\":\"Christophe\",\"@id\":\"https:\/\/voyages-en-france.fr\/#\/schema\/person\/611a624b57cd68dd2e4c3f7d385420e2\"},\"headline\":\"Paray-le-Monial, la cit\u00e9 du Sacr\u00e9 Coeur!\",\"datePublished\":\"2017-12-08T23:53:18+00:00\",\"dateModified\":\"2018-06-09T19:06:29+00:00\",\"mainEntityOfPage\":{\"@id\":\"https:\/\/voyages-en-france.fr\/index.php\/2017\/12\/09\/paray-monial-cite-sacre-coeur\/\"},\"wordCount\":462,\"commentCount\":0,\"publisher\":{\"@id\":\"https:\/\/voyages-en-france.fr\/#\/schema\/person\/611a624b57cd68dd2e4c3f7d385420e2\"},\"image\":{\"@id\":\"https:\/\/voyages-en-france.fr\/index.php\/2017\/12\/09\/paray-monial-cite-sacre-coeur\/#primaryimage\"},\"thumbnailUrl\":\"https:\/\/i0.wp.com\/voyages-en-france.fr\/wp-content\/uploads\/2017\/11\/PA305592-35pc.jpg?fit=801%2C599&ssl=1\",\"keywords\":[\"71\",\"Bourgogne\",\"Paray le Monial\",\"Sacr\u00e9-Coeur\",\"Sa\u00f4ne et Loire\"],\"articleSection\":[\"Sanctuaire\",\"ville\"],\"inLanguage\":\"fr-FR\",\"potentialAction\":[{\"@type\":\"CommentAction\",\"name\":\"Comment\",\"target\":[\"https:\/\/voyages-en-france.fr\/index.php\/2017\/12\/09\/paray-monial-cite-sacre-coeur\/#respond\"]}]},{\"@type\":\"WebPage\",\"@id\":\"https:\/\/voyages-en-france.fr\/index.php\/2017\/12\/09\/paray-monial-cite-sacre-coeur\/\",\"url\":\"https:\/\/voyages-en-france.fr\/index.php\/2017\/12\/09\/paray-monial-cite-sacre-coeur\/\",\"name\":\"Paray-le-Monial, la cit\u00e9 du Sacr\u00e9 Coeur! - Voyages-en-France.fr\",\"isPartOf\":{\"@id\":\"https:\/\/voyages-en-france.fr\/#website\"},\"primaryImageOfPage\":{\"@id\":\"https:\/\/voyages-en-france.fr\/index.php\/2017\/12\/09\/paray-monial-cite-sacre-coeur\/#primaryimage\"},\"image\":{\"@id\":\"https:\/\/voyages-en-france.fr\/index.php\/2017\/12\/09\/paray-monial-cite-sacre-coeur\/#primaryimage\"},\"thumbnailUrl\":\"https:\/\/i0.wp.com\/voyages-en-france.fr\/wp-content\/uploads\/2017\/11\/PA305592-35pc.jpg?fit=801%2C599&ssl=1\",\"datePublished\":\"2017-12-08T23:53:18+00:00\",\"dateModified\":\"2018-06-09T19:06:29+00:00\",\"description\":\"Paray-le-Monial, la cit\u00e9 du Sacr\u00e9 Coeur! ville % -\",\"breadcrumb\":{\"@id\":\"https:\/\/voyages-en-france.fr\/index.php\/2017\/12\/09\/paray-monial-cite-sacre-coeur\/#breadcrumb\"},\"inLanguage\":\"fr-FR\",\"potentialAction\":[{\"@type\":\"ReadAction\",\"target\":[\"https:\/\/voyages-en-france.fr\/index.php\/2017\/12\/09\/paray-monial-cite-sacre-coeur\/\"]}]},{\"@type\":\"ImageObject\",\"inLanguage\":\"fr-FR\",\"@id\":\"https:\/\/voyages-en-france.fr\/index.php\/2017\/12\/09\/paray-monial-cite-sacre-coeur\/#primaryimage\",\"url\":\"https:\/\/i0.wp.com\/voyages-en-france.fr\/wp-content\/uploads\/2017\/11\/PA305592-35pc.jpg?fit=801%2C599&ssl=1\",\"contentUrl\":\"https:\/\/i0.wp.com\/voyages-en-france.fr\/wp-content\/uploads\/2017\/11\/PA305592-35pc.jpg?fit=801%2C599&ssl=1\",\"width\":801,\"height\":599,\"caption\":\"Paray le Monial\"},{\"@type\":\"BreadcrumbList\",\"@id\":\"https:\/\/voyages-en-france.fr\/index.php\/2017\/12\/09\/paray-monial-cite-sacre-coeur\/#breadcrumb\",\"itemListElement\":[{\"@type\":\"ListItem\",\"position\":1,\"name\":\"Accueil\",\"item\":\"https:\/\/voyages-en-france.fr\/\"},{\"@type\":\"ListItem\",\"position\":2,\"name\":\"Paray-le-Monial, la cit\u00e9 du Sacr\u00e9 Coeur!\"}]},{\"@type\":\"WebSite\",\"@id\":\"https:\/\/voyages-en-france.fr\/#website\",\"url\":\"https:\/\/voyages-en-france.fr\/\",\"name\":\"Voyages-en-France.fr\",\"description\":\"D\u00e9couvrir la France, son patrimoine, ses richesses naturelles, son histoire...\",\"publisher\":{\"@id\":\"https:\/\/voyages-en-france.fr\/#\/schema\/person\/611a624b57cd68dd2e4c3f7d385420e2\"},\"potentialAction\":[{\"@type\":\"SearchAction\",\"target\":{\"@type\":\"EntryPoint\",\"urlTemplate\":\"https:\/\/voyages-en-france.fr\/?s={search_term_string}\"},\"query-input\":{\"@type\":\"PropertyValueSpecification\",\"valueRequired\":true,\"valueName\":\"search_term_string\"}}],\"inLanguage\":\"fr-FR\"},{\"@type\":[\"Person\",\"Organization\"],\"@id\":\"https:\/\/voyages-en-france.fr\/#\/schema\/person\/611a624b57cd68dd2e4c3f7d385420e2\",\"name\":\"Christophe\",\"image\":{\"@type\":\"ImageObject\",\"inLanguage\":\"fr-FR\",\"@id\":\"https:\/\/voyages-en-france.fr\/#\/schema\/person\/image\/\",\"url\":\"https:\/\/i0.wp.com\/voyages-en-france.fr\/wp-content\/uploads\/2017\/11\/cropped-FRANCE-1.jpg?fit=324%2C324&ssl=1\",\"contentUrl\":\"https:\/\/i0.wp.com\/voyages-en-france.fr\/wp-content\/uploads\/2017\/11\/cropped-FRANCE-1.jpg?fit=324%2C324&ssl=1\",\"width\":324,\"height\":324,\"caption\":\"Christophe\"},\"logo\":{\"@id\":\"https:\/\/voyages-en-france.fr\/#\/schema\/person\/image\/\"},\"sameAs\":[\"http:\/\/voyages-en-france.fr\/\",\"https:\/\/www.facebook.com\/voyages.au.coeur.de.la.france\/\",\"https:\/\/www.instagram.com\/voyages_en_france\/\",\"https:\/\/x.com\/Voyages_France\"]}]}<\/script>\n<!-- \/ Yoast SEO plugin. -->","yoast_head_json":{"title":"Paray-le-Monial, la cit\u00e9 du Sacr\u00e9 Coeur! - Voyages-en-France.fr","description":"Paray-le-Monial, la cit\u00e9 du Sacr\u00e9 Coeur! ville % -","robots":{"index":"index","follow":"follow","max-snippet":"max-snippet:-1","max-image-preview":"max-image-preview:large","max-video-preview":"max-video-preview:-1"},"canonical":"https:\/\/voyages-en-france.fr\/index.php\/2017\/12\/09\/paray-monial-cite-sacre-coeur\/","og_locale":"fr_FR","og_type":"article","og_title":"Paray-le-Monial, la cit\u00e9 du Sacr\u00e9 Coeur! - Voyages-en-France.fr","og_description":"Paray-le-Monial, la cit\u00e9 du Sacr\u00e9 Coeur! ville % -","og_url":"https:\/\/voyages-en-france.fr\/index.php\/2017\/12\/09\/paray-monial-cite-sacre-coeur\/","og_site_name":"Voyages-en-France.fr","article_publisher":"https:\/\/www.facebook.com\/voyages.au.coeur.de.la.france\/","article_author":"https:\/\/www.facebook.com\/voyages.au.coeur.de.la.france\/","article_published_time":"2017-12-08T23:53:18+00:00","article_modified_time":"2018-06-09T19:06:29+00:00","og_image":[{"width":801,"height":599,"url":"https:\/\/i0.wp.com\/voyages-en-france.fr\/wp-content\/uploads\/2017\/11\/PA305592-35pc.jpg?fit=801%2C599&ssl=1","type":"image\/jpeg"}],"author":"Christophe","twitter_card":"summary_large_image","twitter_creator":"@Voyages_France","twitter_site":"@Voyages_France","twitter_misc":{"\u00c9crit par":"Christophe","Dur\u00e9e de lecture estim\u00e9e":"2 minutes"},"schema":{"@context":"https:\/\/schema.org","@graph":[{"@type":"Article","@id":"https:\/\/voyages-en-france.fr\/index.php\/2017\/12\/09\/paray-monial-cite-sacre-coeur\/#article","isPartOf":{"@id":"https:\/\/voyages-en-france.fr\/index.php\/2017\/12\/09\/paray-monial-cite-sacre-coeur\/"},"author":{"name":"Christophe","@id":"https:\/\/voyages-en-france.fr\/#\/schema\/person\/611a624b57cd68dd2e4c3f7d385420e2"},"headline":"Paray-le-Monial, la cit\u00e9 du Sacr\u00e9 Coeur!","datePublished":"2017-12-08T23:53:18+00:00","dateModified":"2018-06-09T19:06:29+00:00","mainEntityOfPage":{"@id":"https:\/\/voyages-en-france.fr\/index.php\/2017\/12\/09\/paray-monial-cite-sacre-coeur\/"},"wordCount":462,"commentCount":0,"publisher":{"@id":"https:\/\/voyages-en-france.fr\/#\/schema\/person\/611a624b57cd68dd2e4c3f7d385420e2"},"image":{"@id":"https:\/\/voyages-en-france.fr\/index.php\/2017\/12\/09\/paray-monial-cite-sacre-coeur\/#primaryimage"},"thumbnailUrl":"https:\/\/i0.wp.com\/voyages-en-france.fr\/wp-content\/uploads\/2017\/11\/PA305592-35pc.jpg?fit=801%2C599&ssl=1","keywords":["71","Bourgogne","Paray le Monial","Sacr\u00e9-Coeur","Sa\u00f4ne et Loire"],"articleSection":["Sanctuaire","ville"],"inLanguage":"fr-FR","potentialAction":[{"@type":"CommentAction","name":"Comment","target":["https:\/\/voyages-en-france.fr\/index.php\/2017\/12\/09\/paray-monial-cite-sacre-coeur\/#respond"]}]},{"@type":"WebPage","@id":"https:\/\/voyages-en-france.fr\/index.php\/2017\/12\/09\/paray-monial-cite-sacre-coeur\/","url":"https:\/\/voyages-en-france.fr\/index.php\/2017\/12\/09\/paray-monial-cite-sacre-coeur\/","name":"Paray-le-Monial, la cit\u00e9 du Sacr\u00e9 Coeur! - Voyages-en-France.fr","isPartOf":{"@id":"https:\/\/voyages-en-france.fr\/#website"},"primaryImageOfPage":{"@id":"https:\/\/voyages-en-france.fr\/index.php\/2017\/12\/09\/paray-monial-cite-sacre-coeur\/#primaryimage"},"image":{"@id":"https:\/\/voyages-en-france.fr\/index.php\/2017\/12\/09\/paray-monial-cite-sacre-coeur\/#primaryimage"},"thumbnailUrl":"https:\/\/i0.wp.com\/voyages-en-france.fr\/wp-content\/uploads\/2017\/11\/PA305592-35pc.jpg?fit=801%2C599&ssl=1","datePublished":"2017-12-08T23:53:18+00:00","dateModified":"2018-06-09T19:06:29+00:00","description":"Paray-le-Monial, la cit\u00e9 du Sacr\u00e9 Coeur! ville % -","breadcrumb":{"@id":"https:\/\/voyages-en-france.fr\/index.php\/2017\/12\/09\/paray-monial-cite-sacre-coeur\/#breadcrumb"},"inLanguage":"fr-FR","potentialAction":[{"@type":"ReadAction","target":["https:\/\/voyages-en-france.fr\/index.php\/2017\/12\/09\/paray-monial-cite-sacre-coeur\/"]}]},{"@type":"ImageObject","inLanguage":"fr-FR","@id":"https:\/\/voyages-en-france.fr\/index.php\/2017\/12\/09\/paray-monial-cite-sacre-coeur\/#primaryimage","url":"https:\/\/i0.wp.com\/voyages-en-france.fr\/wp-content\/uploads\/2017\/11\/PA305592-35pc.jpg?fit=801%2C599&ssl=1","contentUrl":"https:\/\/i0.wp.com\/voyages-en-france.fr\/wp-content\/uploads\/2017\/11\/PA305592-35pc.jpg?fit=801%2C599&ssl=1","width":801,"height":599,"caption":"Paray le Monial"},{"@type":"BreadcrumbList","@id":"https:\/\/voyages-en-france.fr\/index.php\/2017\/12\/09\/paray-monial-cite-sacre-coeur\/#breadcrumb","itemListElement":[{"@type":"ListItem","position":1,"name":"Accueil","item":"https:\/\/voyages-en-france.fr\/"},{"@type":"ListItem","position":2,"name":"Paray-le-Monial, la cit\u00e9 du Sacr\u00e9 Coeur!"}]},{"@type":"WebSite","@id":"https:\/\/voyages-en-france.fr\/#website","url":"https:\/\/voyages-en-france.fr\/","name":"Voyages-en-France.fr","description":"D\u00e9couvrir la France, son patrimoine, ses richesses naturelles, son histoire...","publisher":{"@id":"https:\/\/voyages-en-france.fr\/#\/schema\/person\/611a624b57cd68dd2e4c3f7d385420e2"},"potentialAction":[{"@type":"SearchAction","target":{"@type":"EntryPoint","urlTemplate":"https:\/\/voyages-en-france.fr\/?s={search_term_string}"},"query-input":{"@type":"PropertyValueSpecification","valueRequired":true,"valueName":"search_term_string"}}],"inLanguage":"fr-FR"},{"@type":["Person","Organization"],"@id":"https:\/\/voyages-en-france.fr\/#\/schema\/person\/611a624b57cd68dd2e4c3f7d385420e2","name":"Christophe","image":{"@type":"ImageObject","inLanguage":"fr-FR","@id":"https:\/\/voyages-en-france.fr\/#\/schema\/person\/image\/","url":"https:\/\/i0.wp.com\/voyages-en-france.fr\/wp-content\/uploads\/2017\/11\/cropped-FRANCE-1.jpg?fit=324%2C324&ssl=1","contentUrl":"https:\/\/i0.wp.com\/voyages-en-france.fr\/wp-content\/uploads\/2017\/11\/cropped-FRANCE-1.jpg?fit=324%2C324&ssl=1","width":324,"height":324,"caption":"Christophe"},"logo":{"@id":"https:\/\/voyages-en-france.fr\/#\/schema\/person\/image\/"},"sameAs":["http:\/\/voyages-en-france.fr\/","https:\/\/www.facebook.com\/voyages.au.coeur.de.la.france\/","https:\/\/www.instagram.com\/voyages_en_france\/","https:\/\/x.com\/Voyages_France"]}]}},"jetpack_publicize_connections":[],"jetpack_featured_media_url":"https:\/\/i0.wp.com\/voyages-en-france.fr\/wp-content\/uploads\/2017\/11\/PA305592-35pc.jpg?fit=801%2C599&ssl=1","jetpack_sharing_enabled":true,"jetpack_shortlink":"https:\/\/wp.me\/p9pWxx-7w","jetpack_likes_enabled":true,"_links":{"self":[{"href":"https:\/\/voyages-en-france.fr\/index.php\/wp-json\/wp\/v2\/posts\/466","targetHints":{"allow":["GET"]}}],"collection":[{"href":"https:\/\/voyages-en-france.fr\/index.php\/wp-json\/wp\/v2\/posts"}],"about":[{"href":"https:\/\/voyages-en-france.fr\/index.php\/wp-json\/wp\/v2\/types\/post"}],"author":[{"embeddable":true,"href":"https:\/\/voyages-en-france.fr\/index.php\/wp-json\/wp\/v2\/users\/1"}],"replies":[{"embeddable":true,"href":"https:\/\/voyages-en-france.fr\/index.php\/wp-json\/wp\/v2\/comments?post=466"}],"version-history":[{"count":7,"href":"https:\/\/voyages-en-france.fr\/index.php\/wp-json\/wp\/v2\/posts\/466\/revisions"}],"predecessor-version":[{"id":1029,"href":"https:\/\/voyages-en-france.fr\/index.php\/wp-json\/wp\/v2\/posts\/466\/revisions\/1029"}],"wp:featuredmedia":[{"embeddable":true,"href":"https:\/\/voyages-en-france.fr\/index.php\/wp-json\/wp\/v2\/media\/249"}],"wp:attachment":[{"href":"https:\/\/voyages-en-france.fr\/index.php\/wp-json\/wp\/v2\/media?parent=466"}],"wp:term":[{"taxonomy":"category","embeddable":true,"href":"https:\/\/voyages-en-france.fr\/index.php\/wp-json\/wp\/v2\/categories?post=466"},{"taxonomy":"post_tag","embeddable":true,"href":"https:\/\/voyages-en-france.fr\/index.php\/wp-json\/wp\/v2\/tags?post=466"}],"curies":[{"name":"wp","href":"https:\/\/api.w.org\/{rel}","templated":true}]}}