{"id":3167,"date":"2024-10-19T19:43:47","date_gmt":"2024-10-19T17:43:47","guid":{"rendered":"https:\/\/voyages-en-france.fr\/?p=3167"},"modified":"2024-10-19T19:44:52","modified_gmt":"2024-10-19T17:44:52","slug":"thorenc-et-le-col-de-bleine","status":"publish","type":"post","link":"https:\/\/voyages-en-france.fr\/index.php\/2024\/10\/19\/thorenc-et-le-col-de-bleine\/","title":{"rendered":"Thorenc et le col de Bleine"},"content":{"rendered":"<span itemprop=\"description\"><h2>Village de Thorenc<\/h2>\n<p>Thorenc est un charmant petit village situ\u00e9 dans les Alpes-Maritimes, dans le sud-est de la France, \u00e0 environ 1 150 m\u00e8tres d&rsquo;altitude. Il fait partie de la commune d&rsquo;Andon et se trouve au c\u0153ur d&rsquo;une r\u00e9gion montagneuse pittoresque, souvent surnomm\u00e9e la \u00ab\u00a0Suisse proven\u00e7ale\u00a0\u00bb en raison de ses paysages alpins et de son atmosph\u00e8re paisible.<\/p>\n<p style=\"text-align: center;\"><iframe loading=\"lazy\" style=\"border: 0;\" src=\"https:\/\/www.google.com\/maps\/embed?pb=!1m18!1m12!1m3!1d164190.53690967514!2d6.535875923985293!3d43.80086053654595!2m3!1f0!2f0!3f0!3m2!1i1024!2i768!4f13.1!3m3!1m2!1s0x12cc3c17dc9a1447%3A0xfd50dc4def836e7b!2sThorenc%20Station%2C%2006750%20Andon!5e0!3m2!1sfr!2sfr!4v1729359646028!5m2!1sfr!2sfr\" width=\"1024\" height=\"450\" allowfullscreen=\"allowfullscreen\"><span data-mce-type=\"bookmark\" style=\"display: inline-block; width: 0px; overflow: hidden; line-height: 0;\" class=\"mce_SELRES_start\">\ufeff<\/span><\/iframe><\/p>\n<h3>Caract\u00e9ristiques principales :<\/h3>\n<ul>\n<li><strong>Nature et paysages<\/strong> : le village est entour\u00e9 de for\u00eats de pins, de prairies verdoyantes et de montagnes, offrant des panoramas magnifiques. La r\u00e9gion est un lieu id\u00e9al pour les amateurs de randonn\u00e9e, de VTT, et d&rsquo;activit\u00e9s de plein air.<\/li>\n<li><strong>Lac de Thorenc<\/strong> : Il s&rsquo;agit d&rsquo;un petit lac situ\u00e9 pr\u00e8s du village, parfait pour les balades en famille ou pour un moment de d\u00e9tente au bord de l&rsquo;eau.<\/li>\n<li><strong>R\u00e9serve des bisons d&rsquo;Europe<\/strong> : On trouve \u00e0 proximit\u00e9, sur la route de Gr\u00e9oli\u00e8res, cette r\u00e9serve est un site unique o\u00f9 il est possible d&rsquo;observer des bisons d&rsquo;Europe en semi-libert\u00e9 dans leur environnement naturel. C&rsquo;est une activit\u00e9 pris\u00e9e des visiteurs.<\/li>\n<li><strong>Climat<\/strong> : Gr\u00e2ce \u00e0 son altitude, Thorenc b\u00e9n\u00e9ficie d&rsquo;un climat montagnard temp\u00e9r\u00e9, avec des \u00e9t\u00e9s doux et des hivers froids, parfois enneig\u00e9s, ce qui en fait une destination agr\u00e9able toute l&rsquo;ann\u00e9e.<\/li>\n<\/ul>\n<p>Thorenc est pris\u00e9 pour son calme et son authenticit\u00e9. Les visiteurs y viennent pour s&rsquo;\u00e9vader de la ville, profiter de la nature et d\u00e9couvrir une partie moins connue de la C\u00f4te d&rsquo;Azur.<\/p>\n<figure id=\"attachment_3173\" aria-describedby=\"caption-attachment-3173\" style=\"width: 1024px\" class=\"wp-caption aligncenter\"><img data-recalc-dims=\"1\" loading=\"lazy\" decoding=\"async\" data-attachment-id=\"3173\" data-permalink=\"https:\/\/voyages-en-france.fr\/index.php\/2024\/10\/19\/thorenc-et-le-col-de-bleine\/img_1965\/\" data-orig-file=\"https:\/\/i0.wp.com\/voyages-en-france.fr\/wp-content\/uploads\/2024\/10\/IMG_1965-scaled.jpg?fit=2560%2C1920&amp;ssl=1\" data-orig-size=\"2560,1920\" data-comments-opened=\"1\" data-image-meta=\"{&quot;aperture&quot;:&quot;1.8&quot;,&quot;credit&quot;:&quot;&quot;,&quot;camera&quot;:&quot;iPhone XR&quot;,&quot;caption&quot;:&quot;&quot;,&quot;created_timestamp&quot;:&quot;1627215751&quot;,&quot;copyright&quot;:&quot;&quot;,&quot;focal_length&quot;:&quot;4.25&quot;,&quot;iso&quot;:&quot;25&quot;,&quot;shutter_speed&quot;:&quot;0.00047303689687796&quot;,&quot;title&quot;:&quot;&quot;,&quot;orientation&quot;:&quot;1&quot;}\" data-image-title=\"IMG_1965\" data-image-description=\"&lt;p&gt;Eglise Sainte Marie&lt;\/p&gt;\n\" data-image-caption=\"&lt;p&gt;Eglise Sainte Marie&lt;\/p&gt;\n\" data-medium-file=\"https:\/\/i0.wp.com\/voyages-en-france.fr\/wp-content\/uploads\/2024\/10\/IMG_1965-scaled.jpg?fit=300%2C225&amp;ssl=1\" data-large-file=\"https:\/\/i0.wp.com\/voyages-en-france.fr\/wp-content\/uploads\/2024\/10\/IMG_1965-scaled.jpg?fit=1024%2C768&amp;ssl=1\" class=\"size-large wp-image-3173\" src=\"https:\/\/i0.wp.com\/voyages-en-france.fr\/wp-content\/uploads\/2024\/10\/IMG_1965.jpg?resize=1024%2C768&#038;ssl=1\" alt=\"Eglise Sainte Marie\" width=\"1024\" height=\"768\" srcset=\"https:\/\/i0.wp.com\/voyages-en-france.fr\/wp-content\/uploads\/2024\/10\/IMG_1965-scaled.jpg?resize=1024%2C768&amp;ssl=1 1024w, https:\/\/i0.wp.com\/voyages-en-france.fr\/wp-content\/uploads\/2024\/10\/IMG_1965-scaled.jpg?resize=300%2C225&amp;ssl=1 300w, https:\/\/i0.wp.com\/voyages-en-france.fr\/wp-content\/uploads\/2024\/10\/IMG_1965-scaled.jpg?resize=768%2C576&amp;ssl=1 768w, https:\/\/i0.wp.com\/voyages-en-france.fr\/wp-content\/uploads\/2024\/10\/IMG_1965-scaled.jpg?resize=1536%2C1152&amp;ssl=1 1536w, https:\/\/i0.wp.com\/voyages-en-france.fr\/wp-content\/uploads\/2024\/10\/IMG_1965-scaled.jpg?resize=2048%2C1536&amp;ssl=1 2048w, https:\/\/i0.wp.com\/voyages-en-france.fr\/wp-content\/uploads\/2024\/10\/IMG_1965-scaled.jpg?resize=1200%2C900&amp;ssl=1 1200w, https:\/\/i0.wp.com\/voyages-en-france.fr\/wp-content\/uploads\/2024\/10\/IMG_1965-scaled.jpg?w=2400&amp;ssl=1 2400w\" sizes=\"auto, (max-width: 1024px) 100vw, 1024px\" \/><figcaption id=\"caption-attachment-3173\" class=\"wp-caption-text\">Eglise Sainte Marie<\/figcaption><\/figure>\n<p>&nbsp;<\/p>\n<figure id=\"attachment_3172\" aria-describedby=\"caption-attachment-3172\" style=\"width: 1024px\" class=\"wp-caption aligncenter\"><img data-recalc-dims=\"1\" loading=\"lazy\" decoding=\"async\" data-attachment-id=\"3172\" data-permalink=\"https:\/\/voyages-en-france.fr\/index.php\/2024\/10\/19\/thorenc-et-le-col-de-bleine\/img_1966\/\" data-orig-file=\"https:\/\/i0.wp.com\/voyages-en-france.fr\/wp-content\/uploads\/2024\/10\/IMG_1966-scaled.jpg?fit=2560%2C1920&amp;ssl=1\" data-orig-size=\"2560,1920\" data-comments-opened=\"1\" data-image-meta=\"{&quot;aperture&quot;:&quot;1.8&quot;,&quot;credit&quot;:&quot;&quot;,&quot;camera&quot;:&quot;iPhone XR&quot;,&quot;caption&quot;:&quot;&quot;,&quot;created_timestamp&quot;:&quot;1627215776&quot;,&quot;copyright&quot;:&quot;&quot;,&quot;focal_length&quot;:&quot;4.25&quot;,&quot;iso&quot;:&quot;25&quot;,&quot;shutter_speed&quot;:&quot;0.0010090817356206&quot;,&quot;title&quot;:&quot;&quot;,&quot;orientation&quot;:&quot;1&quot;}\" data-image-title=\"IMG_1966\" data-image-description=\"&lt;p&gt;Village de Thorenc&lt;\/p&gt;\n\" data-image-caption=\"&lt;p&gt;Village de Thorenc&lt;\/p&gt;\n\" data-medium-file=\"https:\/\/i0.wp.com\/voyages-en-france.fr\/wp-content\/uploads\/2024\/10\/IMG_1966-scaled.jpg?fit=300%2C225&amp;ssl=1\" data-large-file=\"https:\/\/i0.wp.com\/voyages-en-france.fr\/wp-content\/uploads\/2024\/10\/IMG_1966-scaled.jpg?fit=1024%2C768&amp;ssl=1\" class=\"size-large wp-image-3172\" src=\"https:\/\/i0.wp.com\/voyages-en-france.fr\/wp-content\/uploads\/2024\/10\/IMG_1966.jpg?resize=1024%2C768&#038;ssl=1\" alt=\"Village de Thorenc\" width=\"1024\" height=\"768\" srcset=\"https:\/\/i0.wp.com\/voyages-en-france.fr\/wp-content\/uploads\/2024\/10\/IMG_1966-scaled.jpg?resize=1024%2C768&amp;ssl=1 1024w, https:\/\/i0.wp.com\/voyages-en-france.fr\/wp-content\/uploads\/2024\/10\/IMG_1966-scaled.jpg?resize=300%2C225&amp;ssl=1 300w, https:\/\/i0.wp.com\/voyages-en-france.fr\/wp-content\/uploads\/2024\/10\/IMG_1966-scaled.jpg?resize=768%2C576&amp;ssl=1 768w, https:\/\/i0.wp.com\/voyages-en-france.fr\/wp-content\/uploads\/2024\/10\/IMG_1966-scaled.jpg?resize=1536%2C1152&amp;ssl=1 1536w, https:\/\/i0.wp.com\/voyages-en-france.fr\/wp-content\/uploads\/2024\/10\/IMG_1966-scaled.jpg?resize=2048%2C1536&amp;ssl=1 2048w, https:\/\/i0.wp.com\/voyages-en-france.fr\/wp-content\/uploads\/2024\/10\/IMG_1966-scaled.jpg?resize=1200%2C900&amp;ssl=1 1200w, https:\/\/i0.wp.com\/voyages-en-france.fr\/wp-content\/uploads\/2024\/10\/IMG_1966-scaled.jpg?w=2400&amp;ssl=1 2400w\" sizes=\"auto, (max-width: 1024px) 100vw, 1024px\" \/><figcaption id=\"caption-attachment-3172\" class=\"wp-caption-text\">Village de Thorenc<\/figcaption><\/figure>\n<h2>Histoire de Thorenc<\/h2>\n<h3>\u00c9poque m\u00e9di\u00e9vale<\/h3>\n<p>Thorenc fait partie de ces nombreux villages perch\u00e9s des Alpes du Sud, dont l&rsquo;histoire remonte \u00e0 l&rsquo;\u00e9poque m\u00e9di\u00e9vale. La r\u00e9gion a longtemps \u00e9t\u00e9 sous l&rsquo;influence des comtes de Provence, avant de passer sous le contr\u00f4le des maisons f\u00e9odales locales. Comme beaucoup de villages de montagne, Thorenc a \u00e9t\u00e9 utilis\u00e9 comme un lieu strat\u00e9gique pour surveiller et contr\u00f4ler les vall\u00e9es environnantes. Au Moyen \u00c2ge, les terres autour de Thorenc \u00e9taient en grande partie agricoles, avec des activit\u00e9s comme l&rsquo;\u00e9levage et la culture de c\u00e9r\u00e9ales.<\/p>\n<h3>P\u00e9riode moderne<\/h3>\n<p>\u00c0 partir du XVIIe si\u00e8cle, Thorenc a connu une p\u00e9riode de d\u00e9veloppement. En raison de son air pur et de son climat agr\u00e9able, la r\u00e9gion a commenc\u00e9 \u00e0 attirer des familles aristocratiques qui venaient y passer l&rsquo;\u00e9t\u00e9 pour \u00e9chapper \u00e0 la chaleur des villes c\u00f4ti\u00e8res comme Nice. \u00c0 cette \u00e9poque, on construisit plusieurs r\u00e9sidences secondaires dans le village et ses alentours.<\/p>\n<h3>Station climatique au XIXe si\u00e8cle<\/h3>\n<p>Au XIXe si\u00e8cle, Thorenc est devenu c\u00e9l\u00e8bre pour son r\u00f4le de \u00ab\u00a0station climatique.\u00a0\u00bb Le village \u00e9tait pris\u00e9 pour ses qualit\u00e9s th\u00e9rapeutiques en raison de son air pur et de son altitude mod\u00e9r\u00e9e. Les riches familles europ\u00e9ennes venaient \u00e0 Thorenc pour soigner des maladies respiratoires, ce qui a contribu\u00e9 \u00e0 son d\u00e9veloppement touristique. Plusieurs h\u00f4tels ont \u00e9t\u00e9 construits \u00e0 cette \u00e9poque, ainsi que des infrastructures destin\u00e9es \u00e0 accueillir les curistes et touristes. La r\u00e9gion a \u00e9t\u00e9 surnomm\u00e9e la \u00ab\u00a0Suisse proven\u00e7ale\u00a0\u00bb en raison de son environnement alpin. On y fait du ski, il y a un hippodrome, c&rsquo;est une station \u00e0 la mode fin XIXe si\u00e8cle et tout d\u00e9but du XXe si\u00e8cle!<\/p>\n<h3>XXe si\u00e8cle<\/h3>\n<p>Durant la premi\u00e8re moiti\u00e9 du XXe si\u00e8cle, Thorenc a continu\u00e9 d&rsquo;\u00eatre un lieu de vill\u00e9giature pris\u00e9 par la bourgeoisie. Cependant, avec l&rsquo;arriv\u00e9e de nouvelles destinations de vacances et les changements dans les habitudes touristiques, Thorenc a vu diminuer son afflux de visiteurs r\u00e9guliers au cours des d\u00e9cennies suivantes. N\u00e9anmoins, sa r\u00e9putation de station climatique a perdur\u00e9, et le village conserve encore aujourd&rsquo;hui son caract\u00e8re pittoresque.<\/p>\n<figure id=\"attachment_3175\" aria-describedby=\"caption-attachment-3175\" style=\"width: 1024px\" class=\"wp-caption aligncenter\"><img data-recalc-dims=\"1\" loading=\"lazy\" decoding=\"async\" data-attachment-id=\"3175\" data-permalink=\"https:\/\/voyages-en-france.fr\/index.php\/2024\/10\/19\/thorenc-et-le-col-de-bleine\/img_3792\/\" data-orig-file=\"https:\/\/i0.wp.com\/voyages-en-france.fr\/wp-content\/uploads\/2024\/10\/IMG_3792-scaled.jpg?fit=2560%2C1920&amp;ssl=1\" data-orig-size=\"2560,1920\" data-comments-opened=\"1\" data-image-meta=\"{&quot;aperture&quot;:&quot;1.6&quot;,&quot;credit&quot;:&quot;&quot;,&quot;camera&quot;:&quot;iPhone 15&quot;,&quot;caption&quot;:&quot;&quot;,&quot;created_timestamp&quot;:&quot;1723223918&quot;,&quot;copyright&quot;:&quot;&quot;,&quot;focal_length&quot;:&quot;5.96&quot;,&quot;iso&quot;:&quot;32&quot;,&quot;shutter_speed&quot;:&quot;0.00070521861777151&quot;,&quot;title&quot;:&quot;&quot;,&quot;orientation&quot;:&quot;0&quot;}\" data-image-title=\"IMG_3792\" data-image-description=\"&lt;p&gt;le lac de Thorenc&lt;\/p&gt;\n\" data-image-caption=\"&lt;p&gt;le lac de Thorenc&lt;\/p&gt;\n\" data-medium-file=\"https:\/\/i0.wp.com\/voyages-en-france.fr\/wp-content\/uploads\/2024\/10\/IMG_3792-scaled.jpg?fit=300%2C225&amp;ssl=1\" data-large-file=\"https:\/\/i0.wp.com\/voyages-en-france.fr\/wp-content\/uploads\/2024\/10\/IMG_3792-scaled.jpg?fit=1024%2C768&amp;ssl=1\" class=\"size-large wp-image-3175\" src=\"https:\/\/i0.wp.com\/voyages-en-france.fr\/wp-content\/uploads\/2024\/10\/IMG_3792.jpg?resize=1024%2C768&#038;ssl=1\" alt=\"le lac de Thorenc\" width=\"1024\" height=\"768\" srcset=\"https:\/\/i0.wp.com\/voyages-en-france.fr\/wp-content\/uploads\/2024\/10\/IMG_3792-scaled.jpg?resize=1024%2C768&amp;ssl=1 1024w, https:\/\/i0.wp.com\/voyages-en-france.fr\/wp-content\/uploads\/2024\/10\/IMG_3792-scaled.jpg?resize=300%2C225&amp;ssl=1 300w, https:\/\/i0.wp.com\/voyages-en-france.fr\/wp-content\/uploads\/2024\/10\/IMG_3792-scaled.jpg?resize=768%2C576&amp;ssl=1 768w, https:\/\/i0.wp.com\/voyages-en-france.fr\/wp-content\/uploads\/2024\/10\/IMG_3792-scaled.jpg?resize=1536%2C1152&amp;ssl=1 1536w, https:\/\/i0.wp.com\/voyages-en-france.fr\/wp-content\/uploads\/2024\/10\/IMG_3792-scaled.jpg?resize=2048%2C1536&amp;ssl=1 2048w, https:\/\/i0.wp.com\/voyages-en-france.fr\/wp-content\/uploads\/2024\/10\/IMG_3792-scaled.jpg?resize=1200%2C900&amp;ssl=1 1200w, https:\/\/i0.wp.com\/voyages-en-france.fr\/wp-content\/uploads\/2024\/10\/IMG_3792-scaled.jpg?w=2400&amp;ssl=1 2400w\" sizes=\"auto, (max-width: 1024px) 100vw, 1024px\" \/><figcaption id=\"caption-attachment-3175\" class=\"wp-caption-text\">le lac de Thorenc<\/figcaption><\/figure>\n<figure id=\"attachment_3174\" aria-describedby=\"caption-attachment-3174\" style=\"width: 1024px\" class=\"wp-caption aligncenter\"><img data-recalc-dims=\"1\" loading=\"lazy\" decoding=\"async\" data-attachment-id=\"3174\" data-permalink=\"https:\/\/voyages-en-france.fr\/index.php\/2024\/10\/19\/thorenc-et-le-col-de-bleine\/img_3782\/\" data-orig-file=\"https:\/\/i0.wp.com\/voyages-en-france.fr\/wp-content\/uploads\/2024\/10\/IMG_3782-scaled.jpg?fit=2560%2C1920&amp;ssl=1\" data-orig-size=\"2560,1920\" data-comments-opened=\"1\" data-image-meta=\"{&quot;aperture&quot;:&quot;1.6&quot;,&quot;credit&quot;:&quot;&quot;,&quot;camera&quot;:&quot;iPhone 15&quot;,&quot;caption&quot;:&quot;&quot;,&quot;created_timestamp&quot;:&quot;1723223625&quot;,&quot;copyright&quot;:&quot;&quot;,&quot;focal_length&quot;:&quot;5.96&quot;,&quot;iso&quot;:&quot;50&quot;,&quot;shutter_speed&quot;:&quot;0.0004750593824228&quot;,&quot;title&quot;:&quot;&quot;,&quot;orientation&quot;:&quot;1&quot;}\" data-image-title=\"IMG_3782\" data-image-description=\"&lt;p&gt;le lac de Thorenc&lt;\/p&gt;\n\" data-image-caption=\"&lt;p&gt;le lac de Thorenc&lt;\/p&gt;\n\" data-medium-file=\"https:\/\/i0.wp.com\/voyages-en-france.fr\/wp-content\/uploads\/2024\/10\/IMG_3782-scaled.jpg?fit=300%2C225&amp;ssl=1\" data-large-file=\"https:\/\/i0.wp.com\/voyages-en-france.fr\/wp-content\/uploads\/2024\/10\/IMG_3782-scaled.jpg?fit=1024%2C768&amp;ssl=1\" class=\"size-large wp-image-3174\" src=\"https:\/\/i0.wp.com\/voyages-en-france.fr\/wp-content\/uploads\/2024\/10\/IMG_3782.jpg?resize=1024%2C768&#038;ssl=1\" alt=\"le lac de Thorenc\" width=\"1024\" height=\"768\" srcset=\"https:\/\/i0.wp.com\/voyages-en-france.fr\/wp-content\/uploads\/2024\/10\/IMG_3782-scaled.jpg?resize=1024%2C768&amp;ssl=1 1024w, https:\/\/i0.wp.com\/voyages-en-france.fr\/wp-content\/uploads\/2024\/10\/IMG_3782-scaled.jpg?resize=300%2C225&amp;ssl=1 300w, https:\/\/i0.wp.com\/voyages-en-france.fr\/wp-content\/uploads\/2024\/10\/IMG_3782-scaled.jpg?resize=768%2C576&amp;ssl=1 768w, https:\/\/i0.wp.com\/voyages-en-france.fr\/wp-content\/uploads\/2024\/10\/IMG_3782-scaled.jpg?resize=1536%2C1152&amp;ssl=1 1536w, https:\/\/i0.wp.com\/voyages-en-france.fr\/wp-content\/uploads\/2024\/10\/IMG_3782-scaled.jpg?resize=2048%2C1536&amp;ssl=1 2048w, https:\/\/i0.wp.com\/voyages-en-france.fr\/wp-content\/uploads\/2024\/10\/IMG_3782-scaled.jpg?resize=1200%2C900&amp;ssl=1 1200w, https:\/\/i0.wp.com\/voyages-en-france.fr\/wp-content\/uploads\/2024\/10\/IMG_3782-scaled.jpg?w=2400&amp;ssl=1 2400w\" sizes=\"auto, (max-width: 1024px) 100vw, 1024px\" \/><figcaption id=\"caption-attachment-3174\" class=\"wp-caption-text\">le lac de Thorenc<\/figcaption><\/figure>\n<h2>Le col de Bleine<\/h2>\n<div class=\"flex max-w-full flex-col flex-grow\">\n<div class=\"min-h-8 text-message flex w-full flex-col items-end gap-2 whitespace-normal break-words [.text-message+&amp;]:mt-5\" dir=\"auto\" data-message-author-role=\"assistant\" data-message-id=\"ffe7afdf-20ea-4c17-81e0-6e8adcfda1de\" data-message-model-slug=\"gpt-4o\">\n<div class=\"flex w-full flex-col gap-1 empty:hidden first:pt-[3px]\">\n<div class=\"markdown prose w-full break-words dark:prose-invert light\">\n<p>Le col de Bleine, situ\u00e9 pr\u00e8s du village de Thorenc dans les Alpes-Maritimes, est un col de montagne \u00e0 environ 1 439 m\u00e8tres d&rsquo;altitude. Il est pris\u00e9 par les cyclistes, les randonneurs et les amateurs de nature en raison de son environnement naturel exceptionnel. La route qui traverse le col offre des vues panoramiques sur les montagnes et les vall\u00e9es environnantes.<\/p>\n<p>Le col se trouve dans une r\u00e9gion riche en biodiversit\u00e9, souvent fr\u00e9quent\u00e9e par les amateurs d&rsquo;activit\u00e9s de plein air. Thorenc, \u00e0 proximit\u00e9, est \u00e9galement connu pour sa station climatique et son parc des bisons, o\u00f9 il est possible d&rsquo;observer des bisons europ\u00e9ens en semi-libert\u00e9. La mont\u00e9e vers le col est mod\u00e9r\u00e9ment difficile, et bien que le trafic soit l\u00e9ger, elle constitue un d\u00e9fi agr\u00e9able pour les cyclistes.<\/p>\n<\/div>\n<\/div>\n<\/div>\n<\/div>\n<div class=\"mb-2 flex gap-3 empty:hidden -ml-2\">\n<div class=\"items-center justify-start rounded-xl p-1 flex\">\n<div class=\"flex items-center\">\n<div class=\"flex\">\n<figure id=\"attachment_3168\" aria-describedby=\"caption-attachment-3168\" style=\"width: 1024px\" class=\"wp-caption aligncenter\"><img data-recalc-dims=\"1\" loading=\"lazy\" decoding=\"async\" data-attachment-id=\"3168\" data-permalink=\"https:\/\/voyages-en-france.fr\/index.php\/2024\/10\/19\/thorenc-et-le-col-de-bleine\/dsc_0760\/\" data-orig-file=\"https:\/\/i0.wp.com\/voyages-en-france.fr\/wp-content\/uploads\/2024\/10\/DSC_0760-scaled.jpg?fit=2560%2C1700&amp;ssl=1\" data-orig-size=\"2560,1700\" data-comments-opened=\"1\" data-image-meta=\"{&quot;aperture&quot;:&quot;0&quot;,&quot;credit&quot;:&quot;&quot;,&quot;camera&quot;:&quot;NIKON D90&quot;,&quot;caption&quot;:&quot;&quot;,&quot;created_timestamp&quot;:&quot;1725205950&quot;,&quot;copyright&quot;:&quot;&quot;,&quot;focal_length&quot;:&quot;0&quot;,&quot;iso&quot;:&quot;200&quot;,&quot;shutter_speed&quot;:&quot;0&quot;,&quot;title&quot;:&quot;&quot;,&quot;orientation&quot;:&quot;0&quot;}\" data-image-title=\"DSC_0760\" data-image-description=\"&lt;p&gt;La vall\u00e9e de la Lane vue du col de Bleine&lt;\/p&gt;\n\" data-image-caption=\"&lt;p&gt;La vall\u00e9e de la Lane vue du col de Bleine&lt;\/p&gt;\n\" data-medium-file=\"https:\/\/i0.wp.com\/voyages-en-france.fr\/wp-content\/uploads\/2024\/10\/DSC_0760-scaled.jpg?fit=300%2C199&amp;ssl=1\" data-large-file=\"https:\/\/i0.wp.com\/voyages-en-france.fr\/wp-content\/uploads\/2024\/10\/DSC_0760-scaled.jpg?fit=1024%2C680&amp;ssl=1\" class=\"size-large wp-image-3168\" src=\"https:\/\/i0.wp.com\/voyages-en-france.fr\/wp-content\/uploads\/2024\/10\/DSC_0760.jpg?resize=1024%2C680&#038;ssl=1\" alt=\"La vall\u00e9e de la Lane vue du col de Bleine\" width=\"1024\" height=\"680\" srcset=\"https:\/\/i0.wp.com\/voyages-en-france.fr\/wp-content\/uploads\/2024\/10\/DSC_0760-scaled.jpg?resize=1024%2C680&amp;ssl=1 1024w, https:\/\/i0.wp.com\/voyages-en-france.fr\/wp-content\/uploads\/2024\/10\/DSC_0760-scaled.jpg?resize=300%2C199&amp;ssl=1 300w, https:\/\/i0.wp.com\/voyages-en-france.fr\/wp-content\/uploads\/2024\/10\/DSC_0760-scaled.jpg?resize=768%2C510&amp;ssl=1 768w, https:\/\/i0.wp.com\/voyages-en-france.fr\/wp-content\/uploads\/2024\/10\/DSC_0760-scaled.jpg?resize=1536%2C1020&amp;ssl=1 1536w, https:\/\/i0.wp.com\/voyages-en-france.fr\/wp-content\/uploads\/2024\/10\/DSC_0760-scaled.jpg?resize=2048%2C1360&amp;ssl=1 2048w, https:\/\/i0.wp.com\/voyages-en-france.fr\/wp-content\/uploads\/2024\/10\/DSC_0760-scaled.jpg?resize=1200%2C797&amp;ssl=1 1200w, https:\/\/i0.wp.com\/voyages-en-france.fr\/wp-content\/uploads\/2024\/10\/DSC_0760-scaled.jpg?w=2400&amp;ssl=1 2400w\" sizes=\"auto, (max-width: 1024px) 100vw, 1024px\" \/><figcaption id=\"caption-attachment-3168\" class=\"wp-caption-text\">La vall\u00e9e de la Lane vue du col de Bleine<\/figcaption><\/figure>\n<figure id=\"attachment_3170\" aria-describedby=\"caption-attachment-3170\" style=\"width: 1024px\" class=\"wp-caption aligncenter\"><img data-recalc-dims=\"1\" loading=\"lazy\" decoding=\"async\" data-attachment-id=\"3170\" data-permalink=\"https:\/\/voyages-en-france.fr\/index.php\/2024\/10\/19\/thorenc-et-le-col-de-bleine\/dsc_0742\/\" data-orig-file=\"https:\/\/i0.wp.com\/voyages-en-france.fr\/wp-content\/uploads\/2024\/10\/DSC_0742-scaled.jpg?fit=2560%2C1700&amp;ssl=1\" data-orig-size=\"2560,1700\" data-comments-opened=\"1\" data-image-meta=\"{&quot;aperture&quot;:&quot;0&quot;,&quot;credit&quot;:&quot;&quot;,&quot;camera&quot;:&quot;NIKON D90&quot;,&quot;caption&quot;:&quot;&quot;,&quot;created_timestamp&quot;:&quot;1725205673&quot;,&quot;copyright&quot;:&quot;&quot;,&quot;focal_length&quot;:&quot;0&quot;,&quot;iso&quot;:&quot;400&quot;,&quot;shutter_speed&quot;:&quot;0&quot;,&quot;title&quot;:&quot;&quot;,&quot;orientation&quot;:&quot;0&quot;}\" data-image-title=\"DSC_0742\" data-image-description=\"&lt;p&gt;Belles demeures de Thorenc vues du col de Bleine&lt;\/p&gt;\n\" data-image-caption=\"&lt;p&gt;Belles demeures de Thorenc vues du col de Bleine&lt;\/p&gt;\n\" data-medium-file=\"https:\/\/i0.wp.com\/voyages-en-france.fr\/wp-content\/uploads\/2024\/10\/DSC_0742-scaled.jpg?fit=300%2C199&amp;ssl=1\" data-large-file=\"https:\/\/i0.wp.com\/voyages-en-france.fr\/wp-content\/uploads\/2024\/10\/DSC_0742-scaled.jpg?fit=1024%2C680&amp;ssl=1\" class=\"wp-image-3170 size-large\" src=\"https:\/\/i0.wp.com\/voyages-en-france.fr\/wp-content\/uploads\/2024\/10\/DSC_0742.jpg?resize=1024%2C680&#038;ssl=1\" alt=\"Belles demeures de Thorenc vues du col de Bleine\" width=\"1024\" height=\"680\" srcset=\"https:\/\/i0.wp.com\/voyages-en-france.fr\/wp-content\/uploads\/2024\/10\/DSC_0742-scaled.jpg?resize=1024%2C680&amp;ssl=1 1024w, https:\/\/i0.wp.com\/voyages-en-france.fr\/wp-content\/uploads\/2024\/10\/DSC_0742-scaled.jpg?resize=300%2C199&amp;ssl=1 300w, https:\/\/i0.wp.com\/voyages-en-france.fr\/wp-content\/uploads\/2024\/10\/DSC_0742-scaled.jpg?resize=768%2C510&amp;ssl=1 768w, https:\/\/i0.wp.com\/voyages-en-france.fr\/wp-content\/uploads\/2024\/10\/DSC_0742-scaled.jpg?resize=1536%2C1020&amp;ssl=1 1536w, https:\/\/i0.wp.com\/voyages-en-france.fr\/wp-content\/uploads\/2024\/10\/DSC_0742-scaled.jpg?resize=2048%2C1360&amp;ssl=1 2048w, https:\/\/i0.wp.com\/voyages-en-france.fr\/wp-content\/uploads\/2024\/10\/DSC_0742-scaled.jpg?resize=1200%2C797&amp;ssl=1 1200w, https:\/\/i0.wp.com\/voyages-en-france.fr\/wp-content\/uploads\/2024\/10\/DSC_0742-scaled.jpg?w=2400&amp;ssl=1 2400w\" sizes=\"auto, (max-width: 1024px) 100vw, 1024px\" \/><figcaption id=\"caption-attachment-3170\" class=\"wp-caption-text\">Belles demeures de Thorenc vues du col de Bleine<\/figcaption><\/figure>\n<p>&nbsp;<\/p>\n<\/div>\n<div class=\"flex items-center pb-0\">\n<figure id=\"attachment_3169\" aria-describedby=\"caption-attachment-3169\" style=\"width: 1024px\" class=\"wp-caption aligncenter\"><img data-recalc-dims=\"1\" loading=\"lazy\" decoding=\"async\" data-attachment-id=\"3169\" data-permalink=\"https:\/\/voyages-en-france.fr\/index.php\/2024\/10\/19\/thorenc-et-le-col-de-bleine\/dsc_0792\/\" data-orig-file=\"https:\/\/i0.wp.com\/voyages-en-france.fr\/wp-content\/uploads\/2024\/10\/DSC_0792-scaled.jpg?fit=2560%2C1700&amp;ssl=1\" data-orig-size=\"2560,1700\" data-comments-opened=\"1\" data-image-meta=\"{&quot;aperture&quot;:&quot;7.1&quot;,&quot;credit&quot;:&quot;&quot;,&quot;camera&quot;:&quot;NIKON D90&quot;,&quot;caption&quot;:&quot;&quot;,&quot;created_timestamp&quot;:&quot;1725206915&quot;,&quot;copyright&quot;:&quot;&quot;,&quot;focal_length&quot;:&quot;18&quot;,&quot;iso&quot;:&quot;200&quot;,&quot;shutter_speed&quot;:&quot;0.005&quot;,&quot;title&quot;:&quot;&quot;,&quot;orientation&quot;:&quot;1&quot;}\" data-image-title=\"DSC_0792\" data-image-description=\"&lt;p&gt;Les bois du Col de Bleine&lt;\/p&gt;\n\" data-image-caption=\"&lt;p&gt;Les bois du Col de Bleine&lt;\/p&gt;\n\" data-medium-file=\"https:\/\/i0.wp.com\/voyages-en-france.fr\/wp-content\/uploads\/2024\/10\/DSC_0792-scaled.jpg?fit=300%2C199&amp;ssl=1\" data-large-file=\"https:\/\/i0.wp.com\/voyages-en-france.fr\/wp-content\/uploads\/2024\/10\/DSC_0792-scaled.jpg?fit=1024%2C680&amp;ssl=1\" class=\"size-large wp-image-3169\" src=\"https:\/\/i0.wp.com\/voyages-en-france.fr\/wp-content\/uploads\/2024\/10\/DSC_0792.jpg?resize=1024%2C680&#038;ssl=1\" alt=\"Les bois du Col de Bleine\" width=\"1024\" height=\"680\" srcset=\"https:\/\/i0.wp.com\/voyages-en-france.fr\/wp-content\/uploads\/2024\/10\/DSC_0792-scaled.jpg?resize=1024%2C680&amp;ssl=1 1024w, https:\/\/i0.wp.com\/voyages-en-france.fr\/wp-content\/uploads\/2024\/10\/DSC_0792-scaled.jpg?resize=300%2C199&amp;ssl=1 300w, https:\/\/i0.wp.com\/voyages-en-france.fr\/wp-content\/uploads\/2024\/10\/DSC_0792-scaled.jpg?resize=768%2C510&amp;ssl=1 768w, https:\/\/i0.wp.com\/voyages-en-france.fr\/wp-content\/uploads\/2024\/10\/DSC_0792-scaled.jpg?resize=1536%2C1020&amp;ssl=1 1536w, https:\/\/i0.wp.com\/voyages-en-france.fr\/wp-content\/uploads\/2024\/10\/DSC_0792-scaled.jpg?resize=2048%2C1360&amp;ssl=1 2048w, https:\/\/i0.wp.com\/voyages-en-france.fr\/wp-content\/uploads\/2024\/10\/DSC_0792-scaled.jpg?resize=1200%2C797&amp;ssl=1 1200w, https:\/\/i0.wp.com\/voyages-en-france.fr\/wp-content\/uploads\/2024\/10\/DSC_0792-scaled.jpg?w=2400&amp;ssl=1 2400w\" sizes=\"auto, (max-width: 1024px) 100vw, 1024px\" \/><figcaption id=\"caption-attachment-3169\" class=\"wp-caption-text\">Les bois du Col de Bleine<\/figcaption><\/figure>\n<\/div>\n<\/div>\n<\/div>\n<\/div>\n<span>","protected":false},"excerpt":{"rendered":"<p class=\"excerpt\"><span itemprop=\"description\">Village de Thorenc Thorenc est un charmant petit village situ\u00e9 dans les Alpes-Maritimes, dans le sud-est de la France, \u00e0 environ 1 150 m\u00e8tres d&rsquo;altitude. Il fait partie de la commune d&rsquo;Andon et se trouve au c\u0153ur d&rsquo;une r\u00e9gion montagneuse&hellip;<\/span><\/p>\n<p class=\"more-link-p btn-align-right\"><a class=\"blue zoom-btn\" href=\"https:\/\/voyages-en-france.fr\/index.php\/2024\/10\/19\/thorenc-et-le-col-de-bleine\/\">Lire la suite<\/a><\/p>\n","protected":false},"author":1,"featured_media":3171,"comment_status":"open","ping_status":"open","sticky":false,"template":"","format":"standard","meta":{"pgc_sgb_lightbox_settings":"","jetpack_post_was_ever_published":false,"_bos_mb_destination":[""],"_jetpack_newsletter_access":"","_jetpack_dont_email_post_to_subs":false,"_jetpack_newsletter_tier_id":0,"_jetpack_memberships_contains_paywalled_content":false,"_jetpack_memberships_contains_paid_content":false,"footnotes":"","jetpack_publicize_message":"","jetpack_publicize_feature_enabled":true,"jetpack_social_post_already_shared":true,"jetpack_social_options":{"image_generator_settings":{"template":"highway","default_image_id":0,"font":"","enabled":false},"version":2}},"categories":[12,79],"tags":[4,5,311,6,320],"class_list":["post-3167","post","type-post","status-publish","format-standard","has-post-thumbnail","hentry","category-site-naturel","category-village","tag-4","tag-alpes-maritimes","tag-andon","tag-provence-alpes-cote-dazur","tag-thorenc","zoom-theme-has-thumb"],"yoast_head":"<!-- This site is optimized with the Yoast SEO plugin v27.1.1 - https:\/\/yoast.com\/product\/yoast-seo-wordpress\/ -->\n<title>Thorenc et le col de Bleine<\/title>\n<meta name=\"description\" content=\"Thorenc et le col de Bleine - Station climatique \u00e0 la mode fin XIXe si\u00e8cle, c&#039;est un village plein de calme et de s\u00e9r\u00e9nit\u00e9.\" \/>\n<meta name=\"robots\" content=\"index, follow, max-snippet:-1, max-image-preview:large, max-video-preview:-1\" \/>\n<link rel=\"canonical\" href=\"https:\/\/voyages-en-france.fr\/index.php\/2024\/10\/19\/thorenc-et-le-col-de-bleine\/\" \/>\n<meta property=\"og:locale\" content=\"fr_FR\" \/>\n<meta property=\"og:type\" content=\"article\" \/>\n<meta property=\"og:title\" content=\"Thorenc et le col de Bleine\" \/>\n<meta property=\"og:description\" content=\"Thorenc et le col de Bleine - Station climatique \u00e0 la mode fin XIXe si\u00e8cle, c&#039;est un village plein de calme et de s\u00e9r\u00e9nit\u00e9.\" \/>\n<meta property=\"og:url\" content=\"https:\/\/voyages-en-france.fr\/index.php\/2024\/10\/19\/thorenc-et-le-col-de-bleine\/\" \/>\n<meta property=\"og:site_name\" content=\"Voyages-en-France.fr\" \/>\n<meta property=\"article:publisher\" content=\"https:\/\/www.facebook.com\/voyages.au.coeur.de.la.france\/\" \/>\n<meta property=\"article:author\" content=\"https:\/\/www.facebook.com\/voyages.au.coeur.de.la.france\/\" \/>\n<meta property=\"article:published_time\" content=\"2024-10-19T17:43:47+00:00\" \/>\n<meta property=\"article:modified_time\" content=\"2024-10-19T17:44:52+00:00\" \/>\n<meta property=\"og:image\" content=\"https:\/\/voyages-en-france.fr\/wp-content\/uploads\/2024\/10\/IMG_1954-scaled.jpg\" \/>\n\t<meta property=\"og:image:width\" content=\"2560\" \/>\n\t<meta property=\"og:image:height\" content=\"1920\" \/>\n\t<meta property=\"og:image:type\" content=\"image\/jpeg\" \/>\n<meta name=\"author\" content=\"Christophe\" \/>\n<meta name=\"twitter:card\" content=\"summary_large_image\" \/>\n<meta name=\"twitter:creator\" content=\"@Voyages_France\" \/>\n<meta name=\"twitter:site\" content=\"@Voyages_France\" \/>\n<meta name=\"twitter:label1\" content=\"\u00c9crit par\" \/>\n\t<meta name=\"twitter:data1\" content=\"Christophe\" \/>\n\t<meta name=\"twitter:label2\" content=\"Dur\u00e9e de lecture estim\u00e9e\" \/>\n\t<meta name=\"twitter:data2\" content=\"6 minutes\" \/>\n<script type=\"application\/ld+json\" class=\"yoast-schema-graph\">{\"@context\":\"https:\/\/schema.org\",\"@graph\":[{\"@type\":\"Article\",\"@id\":\"https:\/\/voyages-en-france.fr\/index.php\/2024\/10\/19\/thorenc-et-le-col-de-bleine\/#article\",\"isPartOf\":{\"@id\":\"https:\/\/voyages-en-france.fr\/index.php\/2024\/10\/19\/thorenc-et-le-col-de-bleine\/\"},\"author\":{\"name\":\"Christophe\",\"@id\":\"https:\/\/voyages-en-france.fr\/#\/schema\/person\/611a624b57cd68dd2e4c3f7d385420e2\"},\"headline\":\"Thorenc et le col de Bleine\",\"datePublished\":\"2024-10-19T17:43:47+00:00\",\"dateModified\":\"2024-10-19T17:44:52+00:00\",\"mainEntityOfPage\":{\"@id\":\"https:\/\/voyages-en-france.fr\/index.php\/2024\/10\/19\/thorenc-et-le-col-de-bleine\/\"},\"wordCount\":870,\"commentCount\":0,\"publisher\":{\"@id\":\"https:\/\/voyages-en-france.fr\/#\/schema\/person\/611a624b57cd68dd2e4c3f7d385420e2\"},\"image\":{\"@id\":\"https:\/\/voyages-en-france.fr\/index.php\/2024\/10\/19\/thorenc-et-le-col-de-bleine\/#primaryimage\"},\"thumbnailUrl\":\"https:\/\/i0.wp.com\/voyages-en-france.fr\/wp-content\/uploads\/2024\/10\/IMG_1954-scaled.jpg?fit=2560%2C1920&ssl=1\",\"keywords\":[\"06\",\"Alpes Maritimes\",\"Andon\",\"Provence Alpes C\u00f4te d'Azur\",\"Thorenc\"],\"articleSection\":[\"Site naturel\",\"village\"],\"inLanguage\":\"fr-FR\",\"potentialAction\":[{\"@type\":\"CommentAction\",\"name\":\"Comment\",\"target\":[\"https:\/\/voyages-en-france.fr\/index.php\/2024\/10\/19\/thorenc-et-le-col-de-bleine\/#respond\"]}]},{\"@type\":\"WebPage\",\"@id\":\"https:\/\/voyages-en-france.fr\/index.php\/2024\/10\/19\/thorenc-et-le-col-de-bleine\/\",\"url\":\"https:\/\/voyages-en-france.fr\/index.php\/2024\/10\/19\/thorenc-et-le-col-de-bleine\/\",\"name\":\"Thorenc et le col de Bleine\",\"isPartOf\":{\"@id\":\"https:\/\/voyages-en-france.fr\/#website\"},\"primaryImageOfPage\":{\"@id\":\"https:\/\/voyages-en-france.fr\/index.php\/2024\/10\/19\/thorenc-et-le-col-de-bleine\/#primaryimage\"},\"image\":{\"@id\":\"https:\/\/voyages-en-france.fr\/index.php\/2024\/10\/19\/thorenc-et-le-col-de-bleine\/#primaryimage\"},\"thumbnailUrl\":\"https:\/\/i0.wp.com\/voyages-en-france.fr\/wp-content\/uploads\/2024\/10\/IMG_1954-scaled.jpg?fit=2560%2C1920&ssl=1\",\"datePublished\":\"2024-10-19T17:43:47+00:00\",\"dateModified\":\"2024-10-19T17:44:52+00:00\",\"description\":\"Thorenc et le col de Bleine - Station climatique \u00e0 la mode fin XIXe si\u00e8cle, c'est un village plein de calme et de s\u00e9r\u00e9nit\u00e9.\",\"breadcrumb\":{\"@id\":\"https:\/\/voyages-en-france.fr\/index.php\/2024\/10\/19\/thorenc-et-le-col-de-bleine\/#breadcrumb\"},\"inLanguage\":\"fr-FR\",\"potentialAction\":[{\"@type\":\"ReadAction\",\"target\":[\"https:\/\/voyages-en-france.fr\/index.php\/2024\/10\/19\/thorenc-et-le-col-de-bleine\/\"]}]},{\"@type\":\"ImageObject\",\"inLanguage\":\"fr-FR\",\"@id\":\"https:\/\/voyages-en-france.fr\/index.php\/2024\/10\/19\/thorenc-et-le-col-de-bleine\/#primaryimage\",\"url\":\"https:\/\/i0.wp.com\/voyages-en-france.fr\/wp-content\/uploads\/2024\/10\/IMG_1954-scaled.jpg?fit=2560%2C1920&ssl=1\",\"contentUrl\":\"https:\/\/i0.wp.com\/voyages-en-france.fr\/wp-content\/uploads\/2024\/10\/IMG_1954-scaled.jpg?fit=2560%2C1920&ssl=1\",\"width\":2560,\"height\":1920,\"caption\":\"Village de Thorenc\"},{\"@type\":\"BreadcrumbList\",\"@id\":\"https:\/\/voyages-en-france.fr\/index.php\/2024\/10\/19\/thorenc-et-le-col-de-bleine\/#breadcrumb\",\"itemListElement\":[{\"@type\":\"ListItem\",\"position\":1,\"name\":\"Accueil\",\"item\":\"https:\/\/voyages-en-france.fr\/\"},{\"@type\":\"ListItem\",\"position\":2,\"name\":\"Thorenc et le col de Bleine\"}]},{\"@type\":\"WebSite\",\"@id\":\"https:\/\/voyages-en-france.fr\/#website\",\"url\":\"https:\/\/voyages-en-france.fr\/\",\"name\":\"Voyages-en-France.fr\",\"description\":\"D\u00e9couvrir la France, son patrimoine, ses richesses naturelles, son histoire...\",\"publisher\":{\"@id\":\"https:\/\/voyages-en-france.fr\/#\/schema\/person\/611a624b57cd68dd2e4c3f7d385420e2\"},\"potentialAction\":[{\"@type\":\"SearchAction\",\"target\":{\"@type\":\"EntryPoint\",\"urlTemplate\":\"https:\/\/voyages-en-france.fr\/?s={search_term_string}\"},\"query-input\":{\"@type\":\"PropertyValueSpecification\",\"valueRequired\":true,\"valueName\":\"search_term_string\"}}],\"inLanguage\":\"fr-FR\"},{\"@type\":[\"Person\",\"Organization\"],\"@id\":\"https:\/\/voyages-en-france.fr\/#\/schema\/person\/611a624b57cd68dd2e4c3f7d385420e2\",\"name\":\"Christophe\",\"image\":{\"@type\":\"ImageObject\",\"inLanguage\":\"fr-FR\",\"@id\":\"https:\/\/voyages-en-france.fr\/#\/schema\/person\/image\/\",\"url\":\"https:\/\/i0.wp.com\/voyages-en-france.fr\/wp-content\/uploads\/2017\/11\/cropped-FRANCE-1.jpg?fit=324%2C324&ssl=1\",\"contentUrl\":\"https:\/\/i0.wp.com\/voyages-en-france.fr\/wp-content\/uploads\/2017\/11\/cropped-FRANCE-1.jpg?fit=324%2C324&ssl=1\",\"width\":324,\"height\":324,\"caption\":\"Christophe\"},\"logo\":{\"@id\":\"https:\/\/voyages-en-france.fr\/#\/schema\/person\/image\/\"},\"sameAs\":[\"http:\/\/voyages-en-france.fr\/\",\"https:\/\/www.facebook.com\/voyages.au.coeur.de.la.france\/\",\"https:\/\/www.instagram.com\/voyages_en_france\/\",\"https:\/\/x.com\/Voyages_France\"]}]}<\/script>\n<!-- \/ Yoast SEO plugin. -->","yoast_head_json":{"title":"Thorenc et le col de Bleine","description":"Thorenc et le col de Bleine - Station climatique \u00e0 la mode fin XIXe si\u00e8cle, c'est un village plein de calme et de s\u00e9r\u00e9nit\u00e9.","robots":{"index":"index","follow":"follow","max-snippet":"max-snippet:-1","max-image-preview":"max-image-preview:large","max-video-preview":"max-video-preview:-1"},"canonical":"https:\/\/voyages-en-france.fr\/index.php\/2024\/10\/19\/thorenc-et-le-col-de-bleine\/","og_locale":"fr_FR","og_type":"article","og_title":"Thorenc et le col de Bleine","og_description":"Thorenc et le col de Bleine - Station climatique \u00e0 la mode fin XIXe si\u00e8cle, c'est un village plein de calme et de s\u00e9r\u00e9nit\u00e9.","og_url":"https:\/\/voyages-en-france.fr\/index.php\/2024\/10\/19\/thorenc-et-le-col-de-bleine\/","og_site_name":"Voyages-en-France.fr","article_publisher":"https:\/\/www.facebook.com\/voyages.au.coeur.de.la.france\/","article_author":"https:\/\/www.facebook.com\/voyages.au.coeur.de.la.france\/","article_published_time":"2024-10-19T17:43:47+00:00","article_modified_time":"2024-10-19T17:44:52+00:00","og_image":[{"width":2560,"height":1920,"url":"https:\/\/voyages-en-france.fr\/wp-content\/uploads\/2024\/10\/IMG_1954-scaled.jpg","type":"image\/jpeg"}],"author":"Christophe","twitter_card":"summary_large_image","twitter_creator":"@Voyages_France","twitter_site":"@Voyages_France","twitter_misc":{"\u00c9crit par":"Christophe","Dur\u00e9e de lecture estim\u00e9e":"6 minutes"},"schema":{"@context":"https:\/\/schema.org","@graph":[{"@type":"Article","@id":"https:\/\/voyages-en-france.fr\/index.php\/2024\/10\/19\/thorenc-et-le-col-de-bleine\/#article","isPartOf":{"@id":"https:\/\/voyages-en-france.fr\/index.php\/2024\/10\/19\/thorenc-et-le-col-de-bleine\/"},"author":{"name":"Christophe","@id":"https:\/\/voyages-en-france.fr\/#\/schema\/person\/611a624b57cd68dd2e4c3f7d385420e2"},"headline":"Thorenc et le col de Bleine","datePublished":"2024-10-19T17:43:47+00:00","dateModified":"2024-10-19T17:44:52+00:00","mainEntityOfPage":{"@id":"https:\/\/voyages-en-france.fr\/index.php\/2024\/10\/19\/thorenc-et-le-col-de-bleine\/"},"wordCount":870,"commentCount":0,"publisher":{"@id":"https:\/\/voyages-en-france.fr\/#\/schema\/person\/611a624b57cd68dd2e4c3f7d385420e2"},"image":{"@id":"https:\/\/voyages-en-france.fr\/index.php\/2024\/10\/19\/thorenc-et-le-col-de-bleine\/#primaryimage"},"thumbnailUrl":"https:\/\/i0.wp.com\/voyages-en-france.fr\/wp-content\/uploads\/2024\/10\/IMG_1954-scaled.jpg?fit=2560%2C1920&ssl=1","keywords":["06","Alpes Maritimes","Andon","Provence Alpes C\u00f4te d'Azur","Thorenc"],"articleSection":["Site naturel","village"],"inLanguage":"fr-FR","potentialAction":[{"@type":"CommentAction","name":"Comment","target":["https:\/\/voyages-en-france.fr\/index.php\/2024\/10\/19\/thorenc-et-le-col-de-bleine\/#respond"]}]},{"@type":"WebPage","@id":"https:\/\/voyages-en-france.fr\/index.php\/2024\/10\/19\/thorenc-et-le-col-de-bleine\/","url":"https:\/\/voyages-en-france.fr\/index.php\/2024\/10\/19\/thorenc-et-le-col-de-bleine\/","name":"Thorenc et le col de Bleine","isPartOf":{"@id":"https:\/\/voyages-en-france.fr\/#website"},"primaryImageOfPage":{"@id":"https:\/\/voyages-en-france.fr\/index.php\/2024\/10\/19\/thorenc-et-le-col-de-bleine\/#primaryimage"},"image":{"@id":"https:\/\/voyages-en-france.fr\/index.php\/2024\/10\/19\/thorenc-et-le-col-de-bleine\/#primaryimage"},"thumbnailUrl":"https:\/\/i0.wp.com\/voyages-en-france.fr\/wp-content\/uploads\/2024\/10\/IMG_1954-scaled.jpg?fit=2560%2C1920&ssl=1","datePublished":"2024-10-19T17:43:47+00:00","dateModified":"2024-10-19T17:44:52+00:00","description":"Thorenc et le col de Bleine - Station climatique \u00e0 la mode fin XIXe si\u00e8cle, c'est un village plein de calme et de s\u00e9r\u00e9nit\u00e9.","breadcrumb":{"@id":"https:\/\/voyages-en-france.fr\/index.php\/2024\/10\/19\/thorenc-et-le-col-de-bleine\/#breadcrumb"},"inLanguage":"fr-FR","potentialAction":[{"@type":"ReadAction","target":["https:\/\/voyages-en-france.fr\/index.php\/2024\/10\/19\/thorenc-et-le-col-de-bleine\/"]}]},{"@type":"ImageObject","inLanguage":"fr-FR","@id":"https:\/\/voyages-en-france.fr\/index.php\/2024\/10\/19\/thorenc-et-le-col-de-bleine\/#primaryimage","url":"https:\/\/i0.wp.com\/voyages-en-france.fr\/wp-content\/uploads\/2024\/10\/IMG_1954-scaled.jpg?fit=2560%2C1920&ssl=1","contentUrl":"https:\/\/i0.wp.com\/voyages-en-france.fr\/wp-content\/uploads\/2024\/10\/IMG_1954-scaled.jpg?fit=2560%2C1920&ssl=1","width":2560,"height":1920,"caption":"Village de Thorenc"},{"@type":"BreadcrumbList","@id":"https:\/\/voyages-en-france.fr\/index.php\/2024\/10\/19\/thorenc-et-le-col-de-bleine\/#breadcrumb","itemListElement":[{"@type":"ListItem","position":1,"name":"Accueil","item":"https:\/\/voyages-en-france.fr\/"},{"@type":"ListItem","position":2,"name":"Thorenc et le col de Bleine"}]},{"@type":"WebSite","@id":"https:\/\/voyages-en-france.fr\/#website","url":"https:\/\/voyages-en-france.fr\/","name":"Voyages-en-France.fr","description":"D\u00e9couvrir la France, son patrimoine, ses richesses naturelles, son histoire...","publisher":{"@id":"https:\/\/voyages-en-france.fr\/#\/schema\/person\/611a624b57cd68dd2e4c3f7d385420e2"},"potentialAction":[{"@type":"SearchAction","target":{"@type":"EntryPoint","urlTemplate":"https:\/\/voyages-en-france.fr\/?s={search_term_string}"},"query-input":{"@type":"PropertyValueSpecification","valueRequired":true,"valueName":"search_term_string"}}],"inLanguage":"fr-FR"},{"@type":["Person","Organization"],"@id":"https:\/\/voyages-en-france.fr\/#\/schema\/person\/611a624b57cd68dd2e4c3f7d385420e2","name":"Christophe","image":{"@type":"ImageObject","inLanguage":"fr-FR","@id":"https:\/\/voyages-en-france.fr\/#\/schema\/person\/image\/","url":"https:\/\/i0.wp.com\/voyages-en-france.fr\/wp-content\/uploads\/2017\/11\/cropped-FRANCE-1.jpg?fit=324%2C324&ssl=1","contentUrl":"https:\/\/i0.wp.com\/voyages-en-france.fr\/wp-content\/uploads\/2017\/11\/cropped-FRANCE-1.jpg?fit=324%2C324&ssl=1","width":324,"height":324,"caption":"Christophe"},"logo":{"@id":"https:\/\/voyages-en-france.fr\/#\/schema\/person\/image\/"},"sameAs":["http:\/\/voyages-en-france.fr\/","https:\/\/www.facebook.com\/voyages.au.coeur.de.la.france\/","https:\/\/www.instagram.com\/voyages_en_france\/","https:\/\/x.com\/Voyages_France"]}]}},"jetpack_publicize_connections":[],"jetpack_featured_media_url":"https:\/\/i0.wp.com\/voyages-en-france.fr\/wp-content\/uploads\/2024\/10\/IMG_1954-scaled.jpg?fit=2560%2C1920&ssl=1","jetpack_sharing_enabled":true,"jetpack_shortlink":"https:\/\/wp.me\/p9pWxx-P5","jetpack_likes_enabled":true,"_links":{"self":[{"href":"https:\/\/voyages-en-france.fr\/index.php\/wp-json\/wp\/v2\/posts\/3167","targetHints":{"allow":["GET"]}}],"collection":[{"href":"https:\/\/voyages-en-france.fr\/index.php\/wp-json\/wp\/v2\/posts"}],"about":[{"href":"https:\/\/voyages-en-france.fr\/index.php\/wp-json\/wp\/v2\/types\/post"}],"author":[{"embeddable":true,"href":"https:\/\/voyages-en-france.fr\/index.php\/wp-json\/wp\/v2\/users\/1"}],"replies":[{"embeddable":true,"href":"https:\/\/voyages-en-france.fr\/index.php\/wp-json\/wp\/v2\/comments?post=3167"}],"version-history":[{"count":2,"href":"https:\/\/voyages-en-france.fr\/index.php\/wp-json\/wp\/v2\/posts\/3167\/revisions"}],"predecessor-version":[{"id":3177,"href":"https:\/\/voyages-en-france.fr\/index.php\/wp-json\/wp\/v2\/posts\/3167\/revisions\/3177"}],"wp:featuredmedia":[{"embeddable":true,"href":"https:\/\/voyages-en-france.fr\/index.php\/wp-json\/wp\/v2\/media\/3171"}],"wp:attachment":[{"href":"https:\/\/voyages-en-france.fr\/index.php\/wp-json\/wp\/v2\/media?parent=3167"}],"wp:term":[{"taxonomy":"category","embeddable":true,"href":"https:\/\/voyages-en-france.fr\/index.php\/wp-json\/wp\/v2\/categories?post=3167"},{"taxonomy":"post_tag","embeddable":true,"href":"https:\/\/voyages-en-france.fr\/index.php\/wp-json\/wp\/v2\/tags?post=3167"}],"curies":[{"name":"wp","href":"https:\/\/api.w.org\/{rel}","templated":true}]}}