{"id":3022,"date":"2024-05-01T16:16:22","date_gmt":"2024-05-01T14:16:22","guid":{"rendered":"https:\/\/voyages-en-france.fr\/?p=3022"},"modified":"2024-05-01T16:16:22","modified_gmt":"2024-05-01T14:16:22","slug":"prieure-de-carluc-un-ancien-monastere-en-haute-provence","status":"publish","type":"post","link":"https:\/\/voyages-en-france.fr\/index.php\/2024\/05\/01\/prieure-de-carluc-un-ancien-monastere-en-haute-provence\/","title":{"rendered":"Prieur\u00e9 de Carluc, un ancien monast\u00e8re en Haute Provence"},"content":{"rendered":"<span itemprop=\"description\"><h2>Prieur\u00e9 de Carluc<\/h2>\n<p>Le Prieur\u00e9 de Carluc se situe en fait dans le d\u00e9partement des Alpes-de-Haute-Provence, non loin du village de Reillanne.\u00a0Il s&rsquo;agit d&rsquo;un ancien prieur\u00e9 b\u00e9n\u00e9dictin datant du XIe si\u00e8cle, connu pour son architecture romane remarquable. Nich\u00e9 au c\u0153ur d&rsquo;un paysage pittoresque de collines verdoyantes et de champs de lavande, le prieur\u00e9 de Carluc est un lieu charg\u00e9 d&rsquo;histoire et de spiritualit\u00e9.<\/p>\n<p>L\u2019origine du nom Carluc proviendrait du radical indo-europ\u00e9en, Kar, signifiant pierre, auquel s\u2019est ajout\u00e9 le vocable latin lucus qui d\u00e9signait le bois sacr\u00e9 et qui prit le sens, au haut Moyen \u00c2ge, de centre de vie monacale.<\/p>\n<p>L&rsquo;\u00e9glise du prieur\u00e9, avec ses vo\u00fbtes en berceau, ses arcs en plein cintre et ses chapiteaux sculpt\u00e9s, est un exemple remarquable de l&rsquo;art roman proven\u00e7al. Les visiteurs peuvent \u00e9galement d\u00e9couvrir les vestiges des b\u00e2timents monastiques, ainsi que les jardins qui entourent le site.<\/p>\n<p>On peut apercevoir dans ce prieur\u00e9 :<\/p>\n<ul>\n<li>une \u00e9glise m\u00e9di\u00e9vale entour\u00e9e de tombes rupestres anthropomorphes,<\/li>\n<li>les restes de deux autres \u00e9glises et nombreux am\u00e9nagements dans le rocher,<\/li>\n<li>les vestiges d&rsquo;une galerie creus\u00e9e dans le roc,<\/li>\n<li>des grottes,<\/li>\n<li>une muraille du XIIIe si\u00e8cle.<\/li>\n<\/ul>\n<p>Le prieur\u00e9 de Carluc se trouve pr\u00e8s du village de C\u00e9reste-en-Luberon (\u00e0 quelques kilom\u00e8tres vers le nord est en quittant la route principale \u00e0 la sortie du village). Ils e trouve le long de la route qui contourne le Luberon par le nord, \u00e0 80 km \u00e0 l&rsquo;est d&rsquo;<a href=\"https:\/\/voyages-en-france.fr\/index.php\/2018\/06\/09\/avignon-cite-des-papes-du-xiveme-siecle\/\">Avignon<\/a>, 25 km \u00e0 l&rsquo;est d&rsquo;<a href=\"https:\/\/voyages-en-france.fr\/index.php\/2018\/05\/20\/apt-la-cite-romaine-et-la-cathedrale-sainte-anne\/\">Apt<\/a> et 20 km \u00e0 l&rsquo;ouest de Manosque.<\/p>\n<p style=\"text-align: center;\"><iframe loading=\"lazy\" style=\"border: 0;\" src=\"https:\/\/www.google.com\/maps\/embed?pb=!1m18!1m12!1m3!1d109510.76790126548!2d5.548446870616757!3d43.84079179704524!2m3!1f0!2f0!3f0!3m2!1i1024!2i768!4f13.1!3m3!1m2!1s0x12ca31941f616bdb%3A0xa150e2ba2fe76f83!2sPrieur%C3%A9%20de%20Carluc!5e0!3m2!1sfr!2sfr!4v1714480014372!5m2!1sfr!2sfr\" width=\"1024\" height=\"600\" allowfullscreen=\"allowfullscreen\"><span data-mce-type=\"bookmark\" style=\"display: inline-block; width: 0px; overflow: hidden; line-height: 0;\" class=\"mce_SELRES_start\">\ufeff<\/span><\/iframe><\/p>\n<figure id=\"attachment_3036\" aria-describedby=\"caption-attachment-3036\" style=\"width: 1024px\" class=\"wp-caption aligncenter\"><img data-recalc-dims=\"1\" loading=\"lazy\" decoding=\"async\" data-attachment-id=\"3036\" data-permalink=\"https:\/\/voyages-en-france.fr\/index.php\/2024\/05\/01\/prieure-de-carluc-un-ancien-monastere-en-haute-provence\/dsc_0190\/\" data-orig-file=\"https:\/\/i0.wp.com\/voyages-en-france.fr\/wp-content\/uploads\/2024\/05\/DSC_0190-scaled.jpg?fit=2560%2C1595&amp;ssl=1\" data-orig-size=\"2560,1595\" data-comments-opened=\"1\" data-image-meta=\"{&quot;aperture&quot;:&quot;10&quot;,&quot;credit&quot;:&quot;&quot;,&quot;camera&quot;:&quot;NIKON D5600&quot;,&quot;caption&quot;:&quot;&quot;,&quot;created_timestamp&quot;:&quot;1693056609&quot;,&quot;copyright&quot;:&quot;&quot;,&quot;focal_length&quot;:&quot;18&quot;,&quot;iso&quot;:&quot;400&quot;,&quot;shutter_speed&quot;:&quot;0.003125&quot;,&quot;title&quot;:&quot;&quot;,&quot;orientation&quot;:&quot;0&quot;}\" data-image-title=\"DSC_0190\" data-image-description=\"&lt;p&gt;Carluc &#8211; reconstitution&lt;\/p&gt;\n\" data-image-caption=\"&lt;p&gt;Carluc &#8211; reconstitution&lt;\/p&gt;\n\" data-medium-file=\"https:\/\/i0.wp.com\/voyages-en-france.fr\/wp-content\/uploads\/2024\/05\/DSC_0190-scaled.jpg?fit=300%2C187&amp;ssl=1\" data-large-file=\"https:\/\/i0.wp.com\/voyages-en-france.fr\/wp-content\/uploads\/2024\/05\/DSC_0190-scaled.jpg?fit=1024%2C638&amp;ssl=1\" class=\"size-large wp-image-3036\" src=\"https:\/\/i0.wp.com\/voyages-en-france.fr\/wp-content\/uploads\/2024\/05\/DSC_0190.jpg?resize=1024%2C638&#038;ssl=1\" alt=\"Carluc - reconstitution\" width=\"1024\" height=\"638\" srcset=\"https:\/\/i0.wp.com\/voyages-en-france.fr\/wp-content\/uploads\/2024\/05\/DSC_0190-scaled.jpg?resize=1024%2C638&amp;ssl=1 1024w, https:\/\/i0.wp.com\/voyages-en-france.fr\/wp-content\/uploads\/2024\/05\/DSC_0190-scaled.jpg?resize=300%2C187&amp;ssl=1 300w, https:\/\/i0.wp.com\/voyages-en-france.fr\/wp-content\/uploads\/2024\/05\/DSC_0190-scaled.jpg?resize=768%2C479&amp;ssl=1 768w, https:\/\/i0.wp.com\/voyages-en-france.fr\/wp-content\/uploads\/2024\/05\/DSC_0190-scaled.jpg?resize=1536%2C957&amp;ssl=1 1536w, https:\/\/i0.wp.com\/voyages-en-france.fr\/wp-content\/uploads\/2024\/05\/DSC_0190-scaled.jpg?resize=2048%2C1276&amp;ssl=1 2048w, https:\/\/i0.wp.com\/voyages-en-france.fr\/wp-content\/uploads\/2024\/05\/DSC_0190-scaled.jpg?resize=1200%2C748&amp;ssl=1 1200w, https:\/\/i0.wp.com\/voyages-en-france.fr\/wp-content\/uploads\/2024\/05\/DSC_0190-scaled.jpg?w=2400&amp;ssl=1 2400w\" sizes=\"auto, (max-width: 1024px) 100vw, 1024px\" \/><figcaption id=\"caption-attachment-3036\" class=\"wp-caption-text\">Carluc &#8211; reconstitution<\/figcaption><\/figure>\n<figure id=\"attachment_3037\" aria-describedby=\"caption-attachment-3037\" style=\"width: 1024px\" class=\"wp-caption aligncenter\"><img data-recalc-dims=\"1\" loading=\"lazy\" decoding=\"async\" data-attachment-id=\"3037\" data-permalink=\"https:\/\/voyages-en-france.fr\/index.php\/2024\/05\/01\/prieure-de-carluc-un-ancien-monastere-en-haute-provence\/dsc_0187\/\" data-orig-file=\"https:\/\/i0.wp.com\/voyages-en-france.fr\/wp-content\/uploads\/2024\/05\/DSC_0187-scaled.jpg?fit=2560%2C1707&amp;ssl=1\" data-orig-size=\"2560,1707\" data-comments-opened=\"1\" data-image-meta=\"{&quot;aperture&quot;:&quot;7.1&quot;,&quot;credit&quot;:&quot;&quot;,&quot;camera&quot;:&quot;NIKON D5600&quot;,&quot;caption&quot;:&quot;&quot;,&quot;created_timestamp&quot;:&quot;1693056537&quot;,&quot;copyright&quot;:&quot;&quot;,&quot;focal_length&quot;:&quot;25&quot;,&quot;iso&quot;:&quot;400&quot;,&quot;shutter_speed&quot;:&quot;0.025&quot;,&quot;title&quot;:&quot;&quot;,&quot;orientation&quot;:&quot;0&quot;}\" data-image-title=\"DSC_0187\" data-image-description=\"&lt;p&gt;Carluc  &#8211; galerie fun\u00e9raire&lt;\/p&gt;\n\" data-image-caption=\"&lt;p&gt;Carluc  &#8211; galerie fun\u00e9raire&lt;\/p&gt;\n\" data-medium-file=\"https:\/\/i0.wp.com\/voyages-en-france.fr\/wp-content\/uploads\/2024\/05\/DSC_0187-scaled.jpg?fit=300%2C200&amp;ssl=1\" data-large-file=\"https:\/\/i0.wp.com\/voyages-en-france.fr\/wp-content\/uploads\/2024\/05\/DSC_0187-scaled.jpg?fit=1024%2C683&amp;ssl=1\" class=\"size-large wp-image-3037\" src=\"https:\/\/i0.wp.com\/voyages-en-france.fr\/wp-content\/uploads\/2024\/05\/DSC_0187.jpg?resize=1024%2C683&#038;ssl=1\" alt=\"Carluc - galerie fun\u00e9raire\" width=\"1024\" height=\"683\" srcset=\"https:\/\/i0.wp.com\/voyages-en-france.fr\/wp-content\/uploads\/2024\/05\/DSC_0187-scaled.jpg?resize=1024%2C683&amp;ssl=1 1024w, https:\/\/i0.wp.com\/voyages-en-france.fr\/wp-content\/uploads\/2024\/05\/DSC_0187-scaled.jpg?resize=300%2C200&amp;ssl=1 300w, https:\/\/i0.wp.com\/voyages-en-france.fr\/wp-content\/uploads\/2024\/05\/DSC_0187-scaled.jpg?resize=768%2C512&amp;ssl=1 768w, https:\/\/i0.wp.com\/voyages-en-france.fr\/wp-content\/uploads\/2024\/05\/DSC_0187-scaled.jpg?resize=1536%2C1024&amp;ssl=1 1536w, https:\/\/i0.wp.com\/voyages-en-france.fr\/wp-content\/uploads\/2024\/05\/DSC_0187-scaled.jpg?resize=2048%2C1365&amp;ssl=1 2048w, https:\/\/i0.wp.com\/voyages-en-france.fr\/wp-content\/uploads\/2024\/05\/DSC_0187-scaled.jpg?resize=1200%2C800&amp;ssl=1 1200w, https:\/\/i0.wp.com\/voyages-en-france.fr\/wp-content\/uploads\/2024\/05\/DSC_0187-scaled.jpg?w=2400&amp;ssl=1 2400w\" sizes=\"auto, (max-width: 1024px) 100vw, 1024px\" \/><figcaption id=\"caption-attachment-3037\" class=\"wp-caption-text\">Carluc &#8211; galerie fun\u00e9raire<\/figcaption><\/figure>\n<figure id=\"attachment_3035\" aria-describedby=\"caption-attachment-3035\" style=\"width: 1024px\" class=\"wp-caption aligncenter\"><img data-recalc-dims=\"1\" loading=\"lazy\" decoding=\"async\" data-attachment-id=\"3035\" data-permalink=\"https:\/\/voyages-en-france.fr\/index.php\/2024\/05\/01\/prieure-de-carluc-un-ancien-monastere-en-haute-provence\/dsc_0136\/\" data-orig-file=\"https:\/\/i0.wp.com\/voyages-en-france.fr\/wp-content\/uploads\/2024\/05\/DSC_0136-scaled.jpg?fit=2560%2C1707&amp;ssl=1\" data-orig-size=\"2560,1707\" data-comments-opened=\"1\" data-image-meta=\"{&quot;aperture&quot;:&quot;7.1&quot;,&quot;credit&quot;:&quot;&quot;,&quot;camera&quot;:&quot;NIKON D5600&quot;,&quot;caption&quot;:&quot;&quot;,&quot;created_timestamp&quot;:&quot;1693055390&quot;,&quot;copyright&quot;:&quot;&quot;,&quot;focal_length&quot;:&quot;18&quot;,&quot;iso&quot;:&quot;400&quot;,&quot;shutter_speed&quot;:&quot;0.04&quot;,&quot;title&quot;:&quot;&quot;,&quot;orientation&quot;:&quot;1&quot;}\" data-image-title=\"DSC_0136\" data-image-description=\"&lt;p&gt;Carluc  &#8211; galerie fun\u00e9raire&lt;\/p&gt;\n\" data-image-caption=\"&lt;p&gt;Carluc  &#8211; galerie fun\u00e9raire&lt;\/p&gt;\n\" data-medium-file=\"https:\/\/i0.wp.com\/voyages-en-france.fr\/wp-content\/uploads\/2024\/05\/DSC_0136-scaled.jpg?fit=300%2C200&amp;ssl=1\" data-large-file=\"https:\/\/i0.wp.com\/voyages-en-france.fr\/wp-content\/uploads\/2024\/05\/DSC_0136-scaled.jpg?fit=1024%2C683&amp;ssl=1\" class=\"size-large wp-image-3035\" src=\"https:\/\/i0.wp.com\/voyages-en-france.fr\/wp-content\/uploads\/2024\/05\/DSC_0136.jpg?resize=1024%2C683&#038;ssl=1\" alt=\"Carluc - galerie fun\u00e9raire\" width=\"1024\" height=\"683\" srcset=\"https:\/\/i0.wp.com\/voyages-en-france.fr\/wp-content\/uploads\/2024\/05\/DSC_0136-scaled.jpg?resize=1024%2C683&amp;ssl=1 1024w, https:\/\/i0.wp.com\/voyages-en-france.fr\/wp-content\/uploads\/2024\/05\/DSC_0136-scaled.jpg?resize=300%2C200&amp;ssl=1 300w, https:\/\/i0.wp.com\/voyages-en-france.fr\/wp-content\/uploads\/2024\/05\/DSC_0136-scaled.jpg?resize=768%2C512&amp;ssl=1 768w, https:\/\/i0.wp.com\/voyages-en-france.fr\/wp-content\/uploads\/2024\/05\/DSC_0136-scaled.jpg?resize=1536%2C1024&amp;ssl=1 1536w, https:\/\/i0.wp.com\/voyages-en-france.fr\/wp-content\/uploads\/2024\/05\/DSC_0136-scaled.jpg?resize=2048%2C1365&amp;ssl=1 2048w, https:\/\/i0.wp.com\/voyages-en-france.fr\/wp-content\/uploads\/2024\/05\/DSC_0136-scaled.jpg?resize=1200%2C800&amp;ssl=1 1200w, https:\/\/i0.wp.com\/voyages-en-france.fr\/wp-content\/uploads\/2024\/05\/DSC_0136-scaled.jpg?w=2400&amp;ssl=1 2400w\" sizes=\"auto, (max-width: 1024px) 100vw, 1024px\" \/><figcaption id=\"caption-attachment-3035\" class=\"wp-caption-text\">Carluc &#8211; galerie fun\u00e9raire<\/figcaption><\/figure>\n<h2>Histoire du prieur\u00e9 de Carluc<\/h2>\n<p>Le premier texte attestant de la pr\u00e9sence d\u2019un lieu de culte \u00e0 Carluc date de l\u2019an 1011.\u00a0L&rsquo;abb\u00e9 Archinric fut contemporain de la fondation de Saint-Pierre de Montmajour, qu&rsquo;il dirigea avec quelques difficult\u00e9s, et se retira \u00e0 Carluc o\u00f9 il mourut en 1021. Il y fit construire le prieur\u00e9 Saint-Pierre, premi\u00e8re des trois \u00e9glises que va compter ce lieu monastique.<span style=\"font-size: 14px; word-spacing: normal;\">Il est d&rsquo;ailleurs \u00e0 souligner que si son nom ne figure pas au n\u00e9crologe de Montmajour, mais que son culte se d\u00e9veloppa \u00e0 Carluc puisqu&rsquo;au XIVe si\u00e8cle il y \u00e9tait f\u00eat\u00e9 le 16 f\u00e9vrier.<\/span><\/p>\n<p>Au XIIe si\u00e8cle, Carluc \u00e9tait une un simple prieur\u00e9, rattach\u00e9 au XIIIe si\u00e8cle \u00e0 l\u2019Abbaye de Montmajour. La proximit\u00e9 de l\u2019ancienne Via Domitia en fit une \u00e9tape au Moyen-\u00c2ge pour les p\u00e8lerins sur la route entre l\u2019Espagne et l\u2019Italie.<\/p>\n<figure id=\"attachment_3033\" aria-describedby=\"caption-attachment-3033\" style=\"width: 1024px\" class=\"wp-caption aligncenter\"><img data-recalc-dims=\"1\" loading=\"lazy\" decoding=\"async\" data-attachment-id=\"3033\" data-permalink=\"https:\/\/voyages-en-france.fr\/index.php\/2024\/05\/01\/prieure-de-carluc-un-ancien-monastere-en-haute-provence\/dsc_0126\/\" data-orig-file=\"https:\/\/i0.wp.com\/voyages-en-france.fr\/wp-content\/uploads\/2024\/05\/DSC_0126-scaled.jpg?fit=2560%2C1707&amp;ssl=1\" data-orig-size=\"2560,1707\" data-comments-opened=\"1\" data-image-meta=\"{&quot;aperture&quot;:&quot;8&quot;,&quot;credit&quot;:&quot;&quot;,&quot;camera&quot;:&quot;NIKON D5600&quot;,&quot;caption&quot;:&quot;&quot;,&quot;created_timestamp&quot;:&quot;1693055050&quot;,&quot;copyright&quot;:&quot;&quot;,&quot;focal_length&quot;:&quot;38&quot;,&quot;iso&quot;:&quot;400&quot;,&quot;shutter_speed&quot;:&quot;0.0125&quot;,&quot;title&quot;:&quot;&quot;,&quot;orientation&quot;:&quot;1&quot;}\" data-image-title=\"DSC_0126\" data-image-description=\"&lt;p&gt;Prieur\u00e9 de Carluc &#8211; chapelle du XIIe si\u00e8cle&lt;\/p&gt;\n\" data-image-caption=\"\" data-medium-file=\"https:\/\/i0.wp.com\/voyages-en-france.fr\/wp-content\/uploads\/2024\/05\/DSC_0126-scaled.jpg?fit=300%2C200&amp;ssl=1\" data-large-file=\"https:\/\/i0.wp.com\/voyages-en-france.fr\/wp-content\/uploads\/2024\/05\/DSC_0126-scaled.jpg?fit=1024%2C683&amp;ssl=1\" class=\"wp-image-3033 size-large\" src=\"https:\/\/i0.wp.com\/voyages-en-france.fr\/wp-content\/uploads\/2024\/05\/DSC_0126.jpg?resize=1024%2C683&#038;ssl=1\" alt=\"Prieur\u00e9 de Carluc - chapelle du XIIe si\u00e8cle\" width=\"1024\" height=\"683\" srcset=\"https:\/\/i0.wp.com\/voyages-en-france.fr\/wp-content\/uploads\/2024\/05\/DSC_0126-scaled.jpg?resize=1024%2C683&amp;ssl=1 1024w, https:\/\/i0.wp.com\/voyages-en-france.fr\/wp-content\/uploads\/2024\/05\/DSC_0126-scaled.jpg?resize=300%2C200&amp;ssl=1 300w, https:\/\/i0.wp.com\/voyages-en-france.fr\/wp-content\/uploads\/2024\/05\/DSC_0126-scaled.jpg?resize=768%2C512&amp;ssl=1 768w, https:\/\/i0.wp.com\/voyages-en-france.fr\/wp-content\/uploads\/2024\/05\/DSC_0126-scaled.jpg?resize=1536%2C1024&amp;ssl=1 1536w, https:\/\/i0.wp.com\/voyages-en-france.fr\/wp-content\/uploads\/2024\/05\/DSC_0126-scaled.jpg?resize=2048%2C1365&amp;ssl=1 2048w, https:\/\/i0.wp.com\/voyages-en-france.fr\/wp-content\/uploads\/2024\/05\/DSC_0126-scaled.jpg?resize=1200%2C800&amp;ssl=1 1200w, https:\/\/i0.wp.com\/voyages-en-france.fr\/wp-content\/uploads\/2024\/05\/DSC_0126-scaled.jpg?w=2400&amp;ssl=1 2400w\" sizes=\"auto, (max-width: 1024px) 100vw, 1024px\" \/><figcaption id=\"caption-attachment-3033\" class=\"wp-caption-text\">Carluc &#8211; chapelle du XIIe si\u00e8cle<\/figcaption><\/figure>\n<figure id=\"attachment_3034\" aria-describedby=\"caption-attachment-3034\" style=\"width: 1024px\" class=\"wp-caption aligncenter\"><img data-recalc-dims=\"1\" loading=\"lazy\" decoding=\"async\" data-attachment-id=\"3034\" data-permalink=\"https:\/\/voyages-en-france.fr\/index.php\/2024\/05\/01\/prieure-de-carluc-un-ancien-monastere-en-haute-provence\/dsc_0134\/\" data-orig-file=\"https:\/\/i0.wp.com\/voyages-en-france.fr\/wp-content\/uploads\/2024\/05\/DSC_0134-scaled.jpg?fit=2560%2C1707&amp;ssl=1\" data-orig-size=\"2560,1707\" data-comments-opened=\"1\" data-image-meta=\"{&quot;aperture&quot;:&quot;8&quot;,&quot;credit&quot;:&quot;&quot;,&quot;camera&quot;:&quot;NIKON D5600&quot;,&quot;caption&quot;:&quot;&quot;,&quot;created_timestamp&quot;:&quot;1693055368&quot;,&quot;copyright&quot;:&quot;&quot;,&quot;focal_length&quot;:&quot;18&quot;,&quot;iso&quot;:&quot;400&quot;,&quot;shutter_speed&quot;:&quot;0.0125&quot;,&quot;title&quot;:&quot;&quot;,&quot;orientation&quot;:&quot;1&quot;}\" data-image-title=\"DSC_0134\" data-image-description=\"&lt;p&gt;Carluc &#8211; anciens b\u00e2timents monastiques troglodytes&lt;\/p&gt;\n\" data-image-caption=\"&lt;p&gt;Carluc &#8211; anciens b\u00e2timents monastiques troglodytes&lt;\/p&gt;\n\" data-medium-file=\"https:\/\/i0.wp.com\/voyages-en-france.fr\/wp-content\/uploads\/2024\/05\/DSC_0134-scaled.jpg?fit=300%2C200&amp;ssl=1\" data-large-file=\"https:\/\/i0.wp.com\/voyages-en-france.fr\/wp-content\/uploads\/2024\/05\/DSC_0134-scaled.jpg?fit=1024%2C683&amp;ssl=1\" class=\"size-large wp-image-3034\" src=\"https:\/\/i0.wp.com\/voyages-en-france.fr\/wp-content\/uploads\/2024\/05\/DSC_0134.jpg?resize=1024%2C683&#038;ssl=1\" alt=\"Carluc - anciens b\u00e2timents monastiques troglodytes\" width=\"1024\" height=\"683\" srcset=\"https:\/\/i0.wp.com\/voyages-en-france.fr\/wp-content\/uploads\/2024\/05\/DSC_0134-scaled.jpg?resize=1024%2C683&amp;ssl=1 1024w, https:\/\/i0.wp.com\/voyages-en-france.fr\/wp-content\/uploads\/2024\/05\/DSC_0134-scaled.jpg?resize=300%2C200&amp;ssl=1 300w, https:\/\/i0.wp.com\/voyages-en-france.fr\/wp-content\/uploads\/2024\/05\/DSC_0134-scaled.jpg?resize=768%2C512&amp;ssl=1 768w, https:\/\/i0.wp.com\/voyages-en-france.fr\/wp-content\/uploads\/2024\/05\/DSC_0134-scaled.jpg?resize=1536%2C1024&amp;ssl=1 1536w, https:\/\/i0.wp.com\/voyages-en-france.fr\/wp-content\/uploads\/2024\/05\/DSC_0134-scaled.jpg?resize=2048%2C1365&amp;ssl=1 2048w, https:\/\/i0.wp.com\/voyages-en-france.fr\/wp-content\/uploads\/2024\/05\/DSC_0134-scaled.jpg?resize=1200%2C800&amp;ssl=1 1200w, https:\/\/i0.wp.com\/voyages-en-france.fr\/wp-content\/uploads\/2024\/05\/DSC_0134-scaled.jpg?w=2400&amp;ssl=1 2400w\" sizes=\"auto, (max-width: 1024px) 100vw, 1024px\" \/><figcaption id=\"caption-attachment-3034\" class=\"wp-caption-text\">Carluc &#8211; anciens b\u00e2timents monastiques troglodytes<\/figcaption><\/figure>\n<p>&nbsp;<\/p>\n<p>&nbsp;<\/p>\n<span>","protected":false},"excerpt":{"rendered":"<p class=\"excerpt\"><span itemprop=\"description\">Prieur\u00e9 de Carluc Le Prieur\u00e9 de Carluc se situe en fait dans le d\u00e9partement des Alpes-de-Haute-Provence, non loin du village de Reillanne.\u00a0Il s&rsquo;agit d&rsquo;un ancien prieur\u00e9 b\u00e9n\u00e9dictin datant du XIe si\u00e8cle, connu pour son architecture romane remarquable. Nich\u00e9 au c\u0153ur&hellip;<\/span><\/p>\n<p class=\"more-link-p btn-align-right\"><a class=\"blue zoom-btn\" href=\"https:\/\/voyages-en-france.fr\/index.php\/2024\/05\/01\/prieure-de-carluc-un-ancien-monastere-en-haute-provence\/\">Lire la suite<\/a><\/p>\n","protected":false},"author":1,"featured_media":3032,"comment_status":"open","ping_status":"open","sticky":false,"template":"","format":"standard","meta":{"pgc_sgb_lightbox_settings":"","jetpack_post_was_ever_published":false,"_bos_mb_destination":[""],"_jetpack_newsletter_access":"","_jetpack_dont_email_post_to_subs":false,"_jetpack_newsletter_tier_id":0,"_jetpack_memberships_contains_paywalled_content":false,"_jetpack_memberships_contains_paid_content":false,"footnotes":"","jetpack_publicize_message":"","jetpack_publicize_feature_enabled":true,"jetpack_social_post_already_shared":true,"jetpack_social_options":{"image_generator_settings":{"template":"highway","default_image_id":0,"font":"","enabled":false},"version":2}},"categories":[199],"tags":[118,120,399,400,398,6,397],"class_list":["post-3022","post","type-post","status-publish","format-standard","has-post-thumbnail","hentry","category-abbaye","tag-118","tag-alpes-de-haute-provence","tag-carluc","tag-cereste-en-luberon","tag-prieure-de-carluc","tag-provence-alpes-cote-dazur","tag-reillanne","zoom-theme-has-thumb"],"yoast_head":"<!-- This site is optimized with the Yoast SEO plugin v27.1.1 - https:\/\/yoast.com\/product\/yoast-seo-wordpress\/ -->\n<title>Prieur\u00e9 de Carluc, un ancien monast\u00e8re en Haute Provence<\/title>\n<meta name=\"description\" content=\"Prieur\u00e9 de Carluc, un ancien monast\u00e8re en Haute Provence - Une balade dans un ensemble de ruines au milieu des bois.\" \/>\n<meta name=\"robots\" content=\"index, follow, max-snippet:-1, max-image-preview:large, max-video-preview:-1\" \/>\n<link rel=\"canonical\" href=\"https:\/\/voyages-en-france.fr\/index.php\/2024\/05\/01\/prieure-de-carluc-un-ancien-monastere-en-haute-provence\/\" \/>\n<meta property=\"og:locale\" content=\"fr_FR\" \/>\n<meta property=\"og:type\" content=\"article\" \/>\n<meta property=\"og:title\" content=\"Prieur\u00e9 de Carluc, un ancien monast\u00e8re en Haute Provence\" \/>\n<meta property=\"og:description\" content=\"Prieur\u00e9 de Carluc, un ancien monast\u00e8re en Haute Provence - Une balade dans un ensemble de ruines au milieu des bois.\" \/>\n<meta property=\"og:url\" content=\"https:\/\/voyages-en-france.fr\/index.php\/2024\/05\/01\/prieure-de-carluc-un-ancien-monastere-en-haute-provence\/\" \/>\n<meta property=\"og:site_name\" content=\"Voyages-en-France.fr\" \/>\n<meta property=\"article:publisher\" content=\"https:\/\/www.facebook.com\/voyages.au.coeur.de.la.france\/\" \/>\n<meta property=\"article:author\" content=\"https:\/\/www.facebook.com\/voyages.au.coeur.de.la.france\/\" \/>\n<meta property=\"article:published_time\" content=\"2024-05-01T14:16:22+00:00\" \/>\n<meta property=\"og:image\" content=\"https:\/\/voyages-en-france.fr\/wp-content\/uploads\/2024\/05\/DSC_0162-scaled.jpg\" \/>\n\t<meta property=\"og:image:width\" content=\"2560\" \/>\n\t<meta property=\"og:image:height\" content=\"1707\" \/>\n\t<meta property=\"og:image:type\" content=\"image\/jpeg\" \/>\n<meta name=\"author\" content=\"Christophe\" \/>\n<meta name=\"twitter:card\" content=\"summary_large_image\" \/>\n<meta name=\"twitter:creator\" content=\"@Voyages_France\" \/>\n<meta name=\"twitter:site\" content=\"@Voyages_France\" \/>\n<meta name=\"twitter:label1\" content=\"\u00c9crit par\" \/>\n\t<meta name=\"twitter:data1\" content=\"Christophe\" \/>\n\t<meta name=\"twitter:label2\" content=\"Dur\u00e9e de lecture estim\u00e9e\" \/>\n\t<meta name=\"twitter:data2\" content=\"4 minutes\" \/>\n<script type=\"application\/ld+json\" class=\"yoast-schema-graph\">{\"@context\":\"https:\/\/schema.org\",\"@graph\":[{\"@type\":\"Article\",\"@id\":\"https:\/\/voyages-en-france.fr\/index.php\/2024\/05\/01\/prieure-de-carluc-un-ancien-monastere-en-haute-provence\/#article\",\"isPartOf\":{\"@id\":\"https:\/\/voyages-en-france.fr\/index.php\/2024\/05\/01\/prieure-de-carluc-un-ancien-monastere-en-haute-provence\/\"},\"author\":{\"name\":\"Christophe\",\"@id\":\"https:\/\/voyages-en-france.fr\/#\/schema\/person\/611a624b57cd68dd2e4c3f7d385420e2\"},\"headline\":\"Prieur\u00e9 de Carluc, un ancien monast\u00e8re en Haute Provence\",\"datePublished\":\"2024-05-01T14:16:22+00:00\",\"mainEntityOfPage\":{\"@id\":\"https:\/\/voyages-en-france.fr\/index.php\/2024\/05\/01\/prieure-de-carluc-un-ancien-monastere-en-haute-provence\/\"},\"wordCount\":483,\"commentCount\":0,\"publisher\":{\"@id\":\"https:\/\/voyages-en-france.fr\/#\/schema\/person\/611a624b57cd68dd2e4c3f7d385420e2\"},\"image\":{\"@id\":\"https:\/\/voyages-en-france.fr\/index.php\/2024\/05\/01\/prieure-de-carluc-un-ancien-monastere-en-haute-provence\/#primaryimage\"},\"thumbnailUrl\":\"https:\/\/i0.wp.com\/voyages-en-france.fr\/wp-content\/uploads\/2024\/05\/DSC_0162-scaled.jpg?fit=2560%2C1707&ssl=1\",\"keywords\":[\"04\",\"Alpes de Haute Provence\",\"Carluc\",\"C\u00e9reste-en-Luberon\",\"prieur\u00e9 de Carluc\",\"Provence Alpes C\u00f4te d'Azur\",\"Reillanne\"],\"articleSection\":[\"abbaye\"],\"inLanguage\":\"fr-FR\",\"potentialAction\":[{\"@type\":\"CommentAction\",\"name\":\"Comment\",\"target\":[\"https:\/\/voyages-en-france.fr\/index.php\/2024\/05\/01\/prieure-de-carluc-un-ancien-monastere-en-haute-provence\/#respond\"]}]},{\"@type\":\"WebPage\",\"@id\":\"https:\/\/voyages-en-france.fr\/index.php\/2024\/05\/01\/prieure-de-carluc-un-ancien-monastere-en-haute-provence\/\",\"url\":\"https:\/\/voyages-en-france.fr\/index.php\/2024\/05\/01\/prieure-de-carluc-un-ancien-monastere-en-haute-provence\/\",\"name\":\"Prieur\u00e9 de Carluc, un ancien monast\u00e8re en Haute Provence\",\"isPartOf\":{\"@id\":\"https:\/\/voyages-en-france.fr\/#website\"},\"primaryImageOfPage\":{\"@id\":\"https:\/\/voyages-en-france.fr\/index.php\/2024\/05\/01\/prieure-de-carluc-un-ancien-monastere-en-haute-provence\/#primaryimage\"},\"image\":{\"@id\":\"https:\/\/voyages-en-france.fr\/index.php\/2024\/05\/01\/prieure-de-carluc-un-ancien-monastere-en-haute-provence\/#primaryimage\"},\"thumbnailUrl\":\"https:\/\/i0.wp.com\/voyages-en-france.fr\/wp-content\/uploads\/2024\/05\/DSC_0162-scaled.jpg?fit=2560%2C1707&ssl=1\",\"datePublished\":\"2024-05-01T14:16:22+00:00\",\"description\":\"Prieur\u00e9 de Carluc, un ancien monast\u00e8re en Haute Provence - Une balade dans un ensemble de ruines au milieu des bois.\",\"breadcrumb\":{\"@id\":\"https:\/\/voyages-en-france.fr\/index.php\/2024\/05\/01\/prieure-de-carluc-un-ancien-monastere-en-haute-provence\/#breadcrumb\"},\"inLanguage\":\"fr-FR\",\"potentialAction\":[{\"@type\":\"ReadAction\",\"target\":[\"https:\/\/voyages-en-france.fr\/index.php\/2024\/05\/01\/prieure-de-carluc-un-ancien-monastere-en-haute-provence\/\"]}]},{\"@type\":\"ImageObject\",\"inLanguage\":\"fr-FR\",\"@id\":\"https:\/\/voyages-en-france.fr\/index.php\/2024\/05\/01\/prieure-de-carluc-un-ancien-monastere-en-haute-provence\/#primaryimage\",\"url\":\"https:\/\/i0.wp.com\/voyages-en-france.fr\/wp-content\/uploads\/2024\/05\/DSC_0162-scaled.jpg?fit=2560%2C1707&ssl=1\",\"contentUrl\":\"https:\/\/i0.wp.com\/voyages-en-france.fr\/wp-content\/uploads\/2024\/05\/DSC_0162-scaled.jpg?fit=2560%2C1707&ssl=1\",\"width\":2560,\"height\":1707,\"caption\":\"Prieur\u00e9 de Carluc - chapelle du XIIe si\u00e8cle\"},{\"@type\":\"BreadcrumbList\",\"@id\":\"https:\/\/voyages-en-france.fr\/index.php\/2024\/05\/01\/prieure-de-carluc-un-ancien-monastere-en-haute-provence\/#breadcrumb\",\"itemListElement\":[{\"@type\":\"ListItem\",\"position\":1,\"name\":\"Accueil\",\"item\":\"https:\/\/voyages-en-france.fr\/\"},{\"@type\":\"ListItem\",\"position\":2,\"name\":\"Prieur\u00e9 de Carluc, un ancien monast\u00e8re en Haute Provence\"}]},{\"@type\":\"WebSite\",\"@id\":\"https:\/\/voyages-en-france.fr\/#website\",\"url\":\"https:\/\/voyages-en-france.fr\/\",\"name\":\"Voyages-en-France.fr\",\"description\":\"D\u00e9couvrir la France, son patrimoine, ses richesses naturelles, son histoire...\",\"publisher\":{\"@id\":\"https:\/\/voyages-en-france.fr\/#\/schema\/person\/611a624b57cd68dd2e4c3f7d385420e2\"},\"potentialAction\":[{\"@type\":\"SearchAction\",\"target\":{\"@type\":\"EntryPoint\",\"urlTemplate\":\"https:\/\/voyages-en-france.fr\/?s={search_term_string}\"},\"query-input\":{\"@type\":\"PropertyValueSpecification\",\"valueRequired\":true,\"valueName\":\"search_term_string\"}}],\"inLanguage\":\"fr-FR\"},{\"@type\":[\"Person\",\"Organization\"],\"@id\":\"https:\/\/voyages-en-france.fr\/#\/schema\/person\/611a624b57cd68dd2e4c3f7d385420e2\",\"name\":\"Christophe\",\"image\":{\"@type\":\"ImageObject\",\"inLanguage\":\"fr-FR\",\"@id\":\"https:\/\/voyages-en-france.fr\/#\/schema\/person\/image\/\",\"url\":\"https:\/\/i0.wp.com\/voyages-en-france.fr\/wp-content\/uploads\/2017\/11\/cropped-FRANCE-1.jpg?fit=324%2C324&ssl=1\",\"contentUrl\":\"https:\/\/i0.wp.com\/voyages-en-france.fr\/wp-content\/uploads\/2017\/11\/cropped-FRANCE-1.jpg?fit=324%2C324&ssl=1\",\"width\":324,\"height\":324,\"caption\":\"Christophe\"},\"logo\":{\"@id\":\"https:\/\/voyages-en-france.fr\/#\/schema\/person\/image\/\"},\"sameAs\":[\"http:\/\/voyages-en-france.fr\/\",\"https:\/\/www.facebook.com\/voyages.au.coeur.de.la.france\/\",\"https:\/\/www.instagram.com\/voyages_en_france\/\",\"https:\/\/x.com\/Voyages_France\"]}]}<\/script>\n<!-- \/ Yoast SEO plugin. -->","yoast_head_json":{"title":"Prieur\u00e9 de Carluc, un ancien monast\u00e8re en Haute Provence","description":"Prieur\u00e9 de Carluc, un ancien monast\u00e8re en Haute Provence - Une balade dans un ensemble de ruines au milieu des bois.","robots":{"index":"index","follow":"follow","max-snippet":"max-snippet:-1","max-image-preview":"max-image-preview:large","max-video-preview":"max-video-preview:-1"},"canonical":"https:\/\/voyages-en-france.fr\/index.php\/2024\/05\/01\/prieure-de-carluc-un-ancien-monastere-en-haute-provence\/","og_locale":"fr_FR","og_type":"article","og_title":"Prieur\u00e9 de Carluc, un ancien monast\u00e8re en Haute Provence","og_description":"Prieur\u00e9 de Carluc, un ancien monast\u00e8re en Haute Provence - Une balade dans un ensemble de ruines au milieu des bois.","og_url":"https:\/\/voyages-en-france.fr\/index.php\/2024\/05\/01\/prieure-de-carluc-un-ancien-monastere-en-haute-provence\/","og_site_name":"Voyages-en-France.fr","article_publisher":"https:\/\/www.facebook.com\/voyages.au.coeur.de.la.france\/","article_author":"https:\/\/www.facebook.com\/voyages.au.coeur.de.la.france\/","article_published_time":"2024-05-01T14:16:22+00:00","og_image":[{"width":2560,"height":1707,"url":"https:\/\/voyages-en-france.fr\/wp-content\/uploads\/2024\/05\/DSC_0162-scaled.jpg","type":"image\/jpeg"}],"author":"Christophe","twitter_card":"summary_large_image","twitter_creator":"@Voyages_France","twitter_site":"@Voyages_France","twitter_misc":{"\u00c9crit par":"Christophe","Dur\u00e9e de lecture estim\u00e9e":"4 minutes"},"schema":{"@context":"https:\/\/schema.org","@graph":[{"@type":"Article","@id":"https:\/\/voyages-en-france.fr\/index.php\/2024\/05\/01\/prieure-de-carluc-un-ancien-monastere-en-haute-provence\/#article","isPartOf":{"@id":"https:\/\/voyages-en-france.fr\/index.php\/2024\/05\/01\/prieure-de-carluc-un-ancien-monastere-en-haute-provence\/"},"author":{"name":"Christophe","@id":"https:\/\/voyages-en-france.fr\/#\/schema\/person\/611a624b57cd68dd2e4c3f7d385420e2"},"headline":"Prieur\u00e9 de Carluc, un ancien monast\u00e8re en Haute Provence","datePublished":"2024-05-01T14:16:22+00:00","mainEntityOfPage":{"@id":"https:\/\/voyages-en-france.fr\/index.php\/2024\/05\/01\/prieure-de-carluc-un-ancien-monastere-en-haute-provence\/"},"wordCount":483,"commentCount":0,"publisher":{"@id":"https:\/\/voyages-en-france.fr\/#\/schema\/person\/611a624b57cd68dd2e4c3f7d385420e2"},"image":{"@id":"https:\/\/voyages-en-france.fr\/index.php\/2024\/05\/01\/prieure-de-carluc-un-ancien-monastere-en-haute-provence\/#primaryimage"},"thumbnailUrl":"https:\/\/i0.wp.com\/voyages-en-france.fr\/wp-content\/uploads\/2024\/05\/DSC_0162-scaled.jpg?fit=2560%2C1707&ssl=1","keywords":["04","Alpes de Haute Provence","Carluc","C\u00e9reste-en-Luberon","prieur\u00e9 de Carluc","Provence Alpes C\u00f4te d'Azur","Reillanne"],"articleSection":["abbaye"],"inLanguage":"fr-FR","potentialAction":[{"@type":"CommentAction","name":"Comment","target":["https:\/\/voyages-en-france.fr\/index.php\/2024\/05\/01\/prieure-de-carluc-un-ancien-monastere-en-haute-provence\/#respond"]}]},{"@type":"WebPage","@id":"https:\/\/voyages-en-france.fr\/index.php\/2024\/05\/01\/prieure-de-carluc-un-ancien-monastere-en-haute-provence\/","url":"https:\/\/voyages-en-france.fr\/index.php\/2024\/05\/01\/prieure-de-carluc-un-ancien-monastere-en-haute-provence\/","name":"Prieur\u00e9 de Carluc, un ancien monast\u00e8re en Haute Provence","isPartOf":{"@id":"https:\/\/voyages-en-france.fr\/#website"},"primaryImageOfPage":{"@id":"https:\/\/voyages-en-france.fr\/index.php\/2024\/05\/01\/prieure-de-carluc-un-ancien-monastere-en-haute-provence\/#primaryimage"},"image":{"@id":"https:\/\/voyages-en-france.fr\/index.php\/2024\/05\/01\/prieure-de-carluc-un-ancien-monastere-en-haute-provence\/#primaryimage"},"thumbnailUrl":"https:\/\/i0.wp.com\/voyages-en-france.fr\/wp-content\/uploads\/2024\/05\/DSC_0162-scaled.jpg?fit=2560%2C1707&ssl=1","datePublished":"2024-05-01T14:16:22+00:00","description":"Prieur\u00e9 de Carluc, un ancien monast\u00e8re en Haute Provence - Une balade dans un ensemble de ruines au milieu des bois.","breadcrumb":{"@id":"https:\/\/voyages-en-france.fr\/index.php\/2024\/05\/01\/prieure-de-carluc-un-ancien-monastere-en-haute-provence\/#breadcrumb"},"inLanguage":"fr-FR","potentialAction":[{"@type":"ReadAction","target":["https:\/\/voyages-en-france.fr\/index.php\/2024\/05\/01\/prieure-de-carluc-un-ancien-monastere-en-haute-provence\/"]}]},{"@type":"ImageObject","inLanguage":"fr-FR","@id":"https:\/\/voyages-en-france.fr\/index.php\/2024\/05\/01\/prieure-de-carluc-un-ancien-monastere-en-haute-provence\/#primaryimage","url":"https:\/\/i0.wp.com\/voyages-en-france.fr\/wp-content\/uploads\/2024\/05\/DSC_0162-scaled.jpg?fit=2560%2C1707&ssl=1","contentUrl":"https:\/\/i0.wp.com\/voyages-en-france.fr\/wp-content\/uploads\/2024\/05\/DSC_0162-scaled.jpg?fit=2560%2C1707&ssl=1","width":2560,"height":1707,"caption":"Prieur\u00e9 de Carluc - chapelle du XIIe si\u00e8cle"},{"@type":"BreadcrumbList","@id":"https:\/\/voyages-en-france.fr\/index.php\/2024\/05\/01\/prieure-de-carluc-un-ancien-monastere-en-haute-provence\/#breadcrumb","itemListElement":[{"@type":"ListItem","position":1,"name":"Accueil","item":"https:\/\/voyages-en-france.fr\/"},{"@type":"ListItem","position":2,"name":"Prieur\u00e9 de Carluc, un ancien monast\u00e8re en Haute Provence"}]},{"@type":"WebSite","@id":"https:\/\/voyages-en-france.fr\/#website","url":"https:\/\/voyages-en-france.fr\/","name":"Voyages-en-France.fr","description":"D\u00e9couvrir la France, son patrimoine, ses richesses naturelles, son histoire...","publisher":{"@id":"https:\/\/voyages-en-france.fr\/#\/schema\/person\/611a624b57cd68dd2e4c3f7d385420e2"},"potentialAction":[{"@type":"SearchAction","target":{"@type":"EntryPoint","urlTemplate":"https:\/\/voyages-en-france.fr\/?s={search_term_string}"},"query-input":{"@type":"PropertyValueSpecification","valueRequired":true,"valueName":"search_term_string"}}],"inLanguage":"fr-FR"},{"@type":["Person","Organization"],"@id":"https:\/\/voyages-en-france.fr\/#\/schema\/person\/611a624b57cd68dd2e4c3f7d385420e2","name":"Christophe","image":{"@type":"ImageObject","inLanguage":"fr-FR","@id":"https:\/\/voyages-en-france.fr\/#\/schema\/person\/image\/","url":"https:\/\/i0.wp.com\/voyages-en-france.fr\/wp-content\/uploads\/2017\/11\/cropped-FRANCE-1.jpg?fit=324%2C324&ssl=1","contentUrl":"https:\/\/i0.wp.com\/voyages-en-france.fr\/wp-content\/uploads\/2017\/11\/cropped-FRANCE-1.jpg?fit=324%2C324&ssl=1","width":324,"height":324,"caption":"Christophe"},"logo":{"@id":"https:\/\/voyages-en-france.fr\/#\/schema\/person\/image\/"},"sameAs":["http:\/\/voyages-en-france.fr\/","https:\/\/www.facebook.com\/voyages.au.coeur.de.la.france\/","https:\/\/www.instagram.com\/voyages_en_france\/","https:\/\/x.com\/Voyages_France"]}]}},"jetpack_publicize_connections":[],"jetpack_featured_media_url":"https:\/\/i0.wp.com\/voyages-en-france.fr\/wp-content\/uploads\/2024\/05\/DSC_0162-scaled.jpg?fit=2560%2C1707&ssl=1","jetpack_sharing_enabled":true,"jetpack_shortlink":"https:\/\/wp.me\/p9pWxx-MK","jetpack_likes_enabled":true,"_links":{"self":[{"href":"https:\/\/voyages-en-france.fr\/index.php\/wp-json\/wp\/v2\/posts\/3022","targetHints":{"allow":["GET"]}}],"collection":[{"href":"https:\/\/voyages-en-france.fr\/index.php\/wp-json\/wp\/v2\/posts"}],"about":[{"href":"https:\/\/voyages-en-france.fr\/index.php\/wp-json\/wp\/v2\/types\/post"}],"author":[{"embeddable":true,"href":"https:\/\/voyages-en-france.fr\/index.php\/wp-json\/wp\/v2\/users\/1"}],"replies":[{"embeddable":true,"href":"https:\/\/voyages-en-france.fr\/index.php\/wp-json\/wp\/v2\/comments?post=3022"}],"version-history":[{"count":4,"href":"https:\/\/voyages-en-france.fr\/index.php\/wp-json\/wp\/v2\/posts\/3022\/revisions"}],"predecessor-version":[{"id":3038,"href":"https:\/\/voyages-en-france.fr\/index.php\/wp-json\/wp\/v2\/posts\/3022\/revisions\/3038"}],"wp:featuredmedia":[{"embeddable":true,"href":"https:\/\/voyages-en-france.fr\/index.php\/wp-json\/wp\/v2\/media\/3032"}],"wp:attachment":[{"href":"https:\/\/voyages-en-france.fr\/index.php\/wp-json\/wp\/v2\/media?parent=3022"}],"wp:term":[{"taxonomy":"category","embeddable":true,"href":"https:\/\/voyages-en-france.fr\/index.php\/wp-json\/wp\/v2\/categories?post=3022"},{"taxonomy":"post_tag","embeddable":true,"href":"https:\/\/voyages-en-france.fr\/index.php\/wp-json\/wp\/v2\/tags?post=3022"}],"curies":[{"name":"wp","href":"https:\/\/api.w.org\/{rel}","templated":true}]}}