{"id":2908,"date":"2024-03-07T01:01:08","date_gmt":"2024-03-07T00:01:08","guid":{"rendered":"https:\/\/voyages-en-france.fr\/?p=2908"},"modified":"2024-03-07T01:03:04","modified_gmt":"2024-03-07T00:03:04","slug":"le-plateau-de-cavillore-balcon-de-la-cote-dazur","status":"publish","type":"post","link":"https:\/\/voyages-en-france.fr\/index.php\/2024\/03\/07\/le-plateau-de-cavillore-balcon-de-la-cote-dazur\/","title":{"rendered":"Le Plateau de Cavillore, balcon de la C\u00f4te d&rsquo;Azur"},"content":{"rendered":"<span itemprop=\"description\"><h2>Le Plateau de Cavillore, balcon de la C\u00f4te d&rsquo;Azur au dessus de Gourdon<\/h2>\n<p>Le village de Gourdon est perch\u00e9 sur un pic vertigineux de 760 m et surplombe la vall\u00e9e du Loup. Cet emplacement lui a valu le surnom de \u00ab Nid d&rsquo;Aigle \u00bb. Ce charmant village est domin\u00e9 par un plateau \u00e0 un peu plus de 1000 m\u00e8tre d&rsquo;altitude environ. <strong>C&rsquo;est le plateau de Cavillore!<\/strong><\/p>\n<p>Ce plateau est un lieu de balade superbe:<\/p>\n<ul>\n<li>Il permet une vue sur toute la C\u00f4te d&rsquo;Azur, de l&rsquo;<a href=\"https:\/\/voyages-en-france.fr\/index.php\/tag\/esterel\/\">Est\u00e9rel<\/a> \u00e0 l&rsquo;a\u00e9roport de Nice<\/li>\n<li>Il surplombe les Gorges du Loup<\/li>\n<li>Au nord on voit le massif du Cheiron (sommet des<a href=\"https:\/\/www.parc-prealpesdazur.fr\/\"> pr\u00e9-Alpes d&rsquo;Azur<\/a> \u00e0 1778m)<\/li>\n<li>Une voie romaine toute droite le traverse de nord au sud<\/li>\n<li>Sur les falaises de Calern se situe une ancienne forteresse troglodyte (vertige s&rsquo;abstenir &#8211; 800 m d&rsquo;\u00e0 pic)<\/li>\n<li>On d\u00e9couvre des gouffres comme le trou du Mouton au bord des falaises de Calern (attention en cas de visibilit\u00e9 restreinte)<\/li>\n<li>On trouve de nombreux vestiges de murs et de b\u00e2timents en pierres s\u00e8ches construits par les \u00e9leveurs et paysans au cours de \u00e2ges dont les fameuses bories<\/li>\n<li>Des oppidum celto-ligures bordent les plateaux<\/li>\n<li>Le plateau de Cavillore communique par l&rsquo;ouest avec le <a href=\"https:\/\/voyages-en-france.fr\/index.php\/2020\/09\/19\/plateau-et-sommet-de-calern-1458m\/\">plateau de Calern<\/a><\/li>\n<\/ul>\n<p style=\"text-align: center;\"><iframe loading=\"lazy\" src=\"https:\/\/www.geoportail.gouv.fr\/embed\/visu.html?c=6.967298497286587,43.73168961077323&amp;z=15&amp;l0=GEOGRAPHICALGRIDSYSTEMS.MAPS::GEOPORTAIL:OGC:WMTS(1)&amp;permalink=yes\" width=\"1024\" height=\"680\" frameborder=\"0\" marginwidth=\"0\" marginheight=\"0\" scrolling=\"no\" sandbox=\"allow-forms allow-scripts allow-same-origin\" allowfullscreen=\"allowfullscreen\"><span data-mce-type=\"bookmark\" style=\"display: inline-block; width: 0px; overflow: hidden; line-height: 0;\" class=\"mce_SELRES_start\">\ufeff<\/span><span data-mce-type=\"bookmark\" style=\"display: inline-block; width: 0px; overflow: hidden; line-height: 0;\" class=\"mce_SELRES_start\">\ufeff<\/span><\/iframe><\/p>\n<h2>Gourdon<\/h2>\n<figure id=\"attachment_2892\" aria-describedby=\"caption-attachment-2892\" style=\"width: 1024px\" class=\"wp-caption aligncenter\"><img data-recalc-dims=\"1\" loading=\"lazy\" decoding=\"async\" data-attachment-id=\"2892\" data-permalink=\"https:\/\/voyages-en-france.fr\/index.php\/2024\/03\/07\/le-plateau-de-cavillore-balcon-de-la-cote-dazur\/dsc_0588\/\" data-orig-file=\"https:\/\/i0.wp.com\/voyages-en-france.fr\/wp-content\/uploads\/2024\/03\/DSC_0588-scaled.jpg?fit=2560%2C1707&amp;ssl=1\" data-orig-size=\"2560,1707\" data-comments-opened=\"1\" data-image-meta=\"{&quot;aperture&quot;:&quot;7.1&quot;,&quot;credit&quot;:&quot;&quot;,&quot;camera&quot;:&quot;NIKON D5600&quot;,&quot;caption&quot;:&quot;&quot;,&quot;created_timestamp&quot;:&quot;1686509183&quot;,&quot;copyright&quot;:&quot;&quot;,&quot;focal_length&quot;:&quot;18&quot;,&quot;iso&quot;:&quot;400&quot;,&quot;shutter_speed&quot;:&quot;0.025&quot;,&quot;title&quot;:&quot;&quot;,&quot;orientation&quot;:&quot;1&quot;}\" data-image-title=\"DSC_0588\" data-image-description=\"&lt;p&gt;Gourdon&lt;\/p&gt;\n\" data-image-caption=\"&lt;p&gt;Gourdon&lt;\/p&gt;\n\" data-medium-file=\"https:\/\/i0.wp.com\/voyages-en-france.fr\/wp-content\/uploads\/2024\/03\/DSC_0588-scaled.jpg?fit=300%2C200&amp;ssl=1\" data-large-file=\"https:\/\/i0.wp.com\/voyages-en-france.fr\/wp-content\/uploads\/2024\/03\/DSC_0588-scaled.jpg?fit=1024%2C683&amp;ssl=1\" class=\"size-large wp-image-2892\" src=\"https:\/\/i0.wp.com\/voyages-en-france.fr\/wp-content\/uploads\/2024\/03\/DSC_0588.jpg?resize=1024%2C683&#038;ssl=1\" alt=\"Gourdon\" width=\"1024\" height=\"683\" srcset=\"https:\/\/i0.wp.com\/voyages-en-france.fr\/wp-content\/uploads\/2024\/03\/DSC_0588-scaled.jpg?resize=1024%2C683&amp;ssl=1 1024w, https:\/\/i0.wp.com\/voyages-en-france.fr\/wp-content\/uploads\/2024\/03\/DSC_0588-scaled.jpg?resize=300%2C200&amp;ssl=1 300w, https:\/\/i0.wp.com\/voyages-en-france.fr\/wp-content\/uploads\/2024\/03\/DSC_0588-scaled.jpg?resize=768%2C512&amp;ssl=1 768w, https:\/\/i0.wp.com\/voyages-en-france.fr\/wp-content\/uploads\/2024\/03\/DSC_0588-scaled.jpg?resize=1536%2C1024&amp;ssl=1 1536w, https:\/\/i0.wp.com\/voyages-en-france.fr\/wp-content\/uploads\/2024\/03\/DSC_0588-scaled.jpg?resize=2048%2C1365&amp;ssl=1 2048w, https:\/\/i0.wp.com\/voyages-en-france.fr\/wp-content\/uploads\/2024\/03\/DSC_0588-scaled.jpg?resize=1200%2C800&amp;ssl=1 1200w, https:\/\/i0.wp.com\/voyages-en-france.fr\/wp-content\/uploads\/2024\/03\/DSC_0588-scaled.jpg?w=2400&amp;ssl=1 2400w\" sizes=\"auto, (max-width: 1024px) 100vw, 1024px\" \/><figcaption id=\"caption-attachment-2892\" class=\"wp-caption-text\">Gourdon<\/figcaption><\/figure>\n<figure id=\"attachment_2898\" aria-describedby=\"caption-attachment-2898\" style=\"width: 1024px\" class=\"wp-caption aligncenter\"><img data-recalc-dims=\"1\" loading=\"lazy\" decoding=\"async\" data-attachment-id=\"2898\" data-permalink=\"https:\/\/voyages-en-france.fr\/index.php\/2024\/03\/07\/le-plateau-de-cavillore-balcon-de-la-cote-dazur\/p2230238\/\" data-orig-file=\"https:\/\/i0.wp.com\/voyages-en-france.fr\/wp-content\/uploads\/2024\/03\/P2230238-scaled.jpg?fit=2560%2C1707&amp;ssl=1\" data-orig-size=\"2560,1707\" data-comments-opened=\"1\" data-image-meta=\"{&quot;aperture&quot;:&quot;3.2&quot;,&quot;credit&quot;:&quot;&quot;,&quot;camera&quot;:&quot;DMC-FZ1000&quot;,&quot;caption&quot;:&quot;&quot;,&quot;created_timestamp&quot;:&quot;1640877021&quot;,&quot;copyright&quot;:&quot;&quot;,&quot;focal_length&quot;:&quot;15.51&quot;,&quot;iso&quot;:&quot;125&quot;,&quot;shutter_speed&quot;:&quot;0.005&quot;,&quot;title&quot;:&quot;&quot;,&quot;orientation&quot;:&quot;1&quot;}\" data-image-title=\"P2230238\" data-image-description=\"&lt;p&gt;Gourdon (Alpes Maritimes)&lt;\/p&gt;\n\" data-image-caption=\"&lt;p&gt;Gourdon (Alpes Maritimes)&lt;\/p&gt;\n\" data-medium-file=\"https:\/\/i0.wp.com\/voyages-en-france.fr\/wp-content\/uploads\/2024\/03\/P2230238-scaled.jpg?fit=300%2C200&amp;ssl=1\" data-large-file=\"https:\/\/i0.wp.com\/voyages-en-france.fr\/wp-content\/uploads\/2024\/03\/P2230238-scaled.jpg?fit=1024%2C683&amp;ssl=1\" class=\"size-large wp-image-2898\" src=\"https:\/\/i0.wp.com\/voyages-en-france.fr\/wp-content\/uploads\/2024\/03\/P2230238.jpg?resize=1024%2C683&#038;ssl=1\" alt=\"Gourdon (Alpes Maritimes)\" width=\"1024\" height=\"683\" srcset=\"https:\/\/i0.wp.com\/voyages-en-france.fr\/wp-content\/uploads\/2024\/03\/P2230238-scaled.jpg?resize=1024%2C683&amp;ssl=1 1024w, https:\/\/i0.wp.com\/voyages-en-france.fr\/wp-content\/uploads\/2024\/03\/P2230238-scaled.jpg?resize=300%2C200&amp;ssl=1 300w, https:\/\/i0.wp.com\/voyages-en-france.fr\/wp-content\/uploads\/2024\/03\/P2230238-scaled.jpg?resize=768%2C512&amp;ssl=1 768w, https:\/\/i0.wp.com\/voyages-en-france.fr\/wp-content\/uploads\/2024\/03\/P2230238-scaled.jpg?resize=1536%2C1024&amp;ssl=1 1536w, https:\/\/i0.wp.com\/voyages-en-france.fr\/wp-content\/uploads\/2024\/03\/P2230238-scaled.jpg?resize=2048%2C1365&amp;ssl=1 2048w, https:\/\/i0.wp.com\/voyages-en-france.fr\/wp-content\/uploads\/2024\/03\/P2230238-scaled.jpg?resize=1200%2C800&amp;ssl=1 1200w, https:\/\/i0.wp.com\/voyages-en-france.fr\/wp-content\/uploads\/2024\/03\/P2230238-scaled.jpg?w=2400&amp;ssl=1 2400w\" sizes=\"auto, (max-width: 1024px) 100vw, 1024px\" \/><figcaption id=\"caption-attachment-2898\" class=\"wp-caption-text\">Gourdon (Alpes Maritimes)<\/figcaption><\/figure>\n<h2>Le plateau de Cavillore, un balcon sur la C\u00f4te d&rsquo;Azur<\/h2>\n<figure id=\"attachment_2902\" aria-describedby=\"caption-attachment-2902\" style=\"width: 1024px\" class=\"wp-caption aligncenter\"><img data-recalc-dims=\"1\" loading=\"lazy\" decoding=\"async\" data-attachment-id=\"2902\" data-permalink=\"https:\/\/voyages-en-france.fr\/index.php\/2024\/03\/07\/le-plateau-de-cavillore-balcon-de-la-cote-dazur\/p2310140\/\" data-orig-file=\"https:\/\/i0.wp.com\/voyages-en-france.fr\/wp-content\/uploads\/2024\/03\/P2310140-scaled.jpg?fit=2560%2C1513&amp;ssl=1\" data-orig-size=\"2560,1513\" data-comments-opened=\"1\" data-image-meta=\"{&quot;aperture&quot;:&quot;3.6&quot;,&quot;credit&quot;:&quot;&quot;,&quot;camera&quot;:&quot;DMC-FZ1000&quot;,&quot;caption&quot;:&quot;&quot;,&quot;created_timestamp&quot;:&quot;1699202975&quot;,&quot;copyright&quot;:&quot;&quot;,&quot;focal_length&quot;:&quot;24.99&quot;,&quot;iso&quot;:&quot;125&quot;,&quot;shutter_speed&quot;:&quot;0.00625&quot;,&quot;title&quot;:&quot;&quot;,&quot;orientation&quot;:&quot;0&quot;}\" data-image-title=\"P2310140\" data-image-description=\"&lt;p&gt;Antibes vu du plateau de Cavillore&lt;\/p&gt;\n\" data-image-caption=\"&lt;p&gt;Antibes vu du plateau de Cavillore&lt;\/p&gt;\n\" data-medium-file=\"https:\/\/i0.wp.com\/voyages-en-france.fr\/wp-content\/uploads\/2024\/03\/P2310140-scaled.jpg?fit=300%2C177&amp;ssl=1\" data-large-file=\"https:\/\/i0.wp.com\/voyages-en-france.fr\/wp-content\/uploads\/2024\/03\/P2310140-scaled.jpg?fit=1024%2C605&amp;ssl=1\" class=\"size-large wp-image-2902\" src=\"https:\/\/i0.wp.com\/voyages-en-france.fr\/wp-content\/uploads\/2024\/03\/P2310140.jpg?resize=1024%2C605&#038;ssl=1\" alt=\"Antibes vu du plateau de Cavillore\" width=\"1024\" height=\"605\" srcset=\"https:\/\/i0.wp.com\/voyages-en-france.fr\/wp-content\/uploads\/2024\/03\/P2310140-scaled.jpg?resize=1024%2C605&amp;ssl=1 1024w, https:\/\/i0.wp.com\/voyages-en-france.fr\/wp-content\/uploads\/2024\/03\/P2310140-scaled.jpg?resize=300%2C177&amp;ssl=1 300w, https:\/\/i0.wp.com\/voyages-en-france.fr\/wp-content\/uploads\/2024\/03\/P2310140-scaled.jpg?resize=768%2C454&amp;ssl=1 768w, https:\/\/i0.wp.com\/voyages-en-france.fr\/wp-content\/uploads\/2024\/03\/P2310140-scaled.jpg?resize=1536%2C908&amp;ssl=1 1536w, https:\/\/i0.wp.com\/voyages-en-france.fr\/wp-content\/uploads\/2024\/03\/P2310140-scaled.jpg?resize=2048%2C1210&amp;ssl=1 2048w, https:\/\/i0.wp.com\/voyages-en-france.fr\/wp-content\/uploads\/2024\/03\/P2310140-scaled.jpg?resize=1200%2C709&amp;ssl=1 1200w, https:\/\/i0.wp.com\/voyages-en-france.fr\/wp-content\/uploads\/2024\/03\/P2310140-scaled.jpg?w=2400&amp;ssl=1 2400w\" sizes=\"auto, (max-width: 1024px) 100vw, 1024px\" \/><figcaption id=\"caption-attachment-2902\" class=\"wp-caption-text\">Antibes vu du plateau de Cavillore<\/figcaption><\/figure>\n<figure id=\"attachment_2897\" aria-describedby=\"caption-attachment-2897\" style=\"width: 1024px\" class=\"wp-caption aligncenter\"><img data-recalc-dims=\"1\" loading=\"lazy\" decoding=\"async\" data-attachment-id=\"2897\" data-permalink=\"https:\/\/voyages-en-france.fr\/index.php\/2024\/03\/07\/le-plateau-de-cavillore-balcon-de-la-cote-dazur\/dsc_0193\/\" data-orig-file=\"https:\/\/i0.wp.com\/voyages-en-france.fr\/wp-content\/uploads\/2024\/03\/DSC_0193-scaled.jpg?fit=2560%2C1707&amp;ssl=1\" data-orig-size=\"2560,1707\" data-comments-opened=\"1\" data-image-meta=\"{&quot;aperture&quot;:&quot;9&quot;,&quot;credit&quot;:&quot;&quot;,&quot;camera&quot;:&quot;NIKON D5600&quot;,&quot;caption&quot;:&quot;&quot;,&quot;created_timestamp&quot;:&quot;1640883440&quot;,&quot;copyright&quot;:&quot;&quot;,&quot;focal_length&quot;:&quot;120&quot;,&quot;iso&quot;:&quot;400&quot;,&quot;shutter_speed&quot;:&quot;0.00625&quot;,&quot;title&quot;:&quot;&quot;,&quot;orientation&quot;:&quot;1&quot;}\" data-image-title=\"DSC_0193\" data-image-description=\"&lt;p&gt;L&amp;rsquo;Est\u00e9rel depuis le plateau de Cavillore&lt;\/p&gt;\n\" data-image-caption=\"&lt;p&gt;L&amp;rsquo;Est\u00e9rel depuis le plateau de Cavillore&lt;\/p&gt;\n\" data-medium-file=\"https:\/\/i0.wp.com\/voyages-en-france.fr\/wp-content\/uploads\/2024\/03\/DSC_0193-scaled.jpg?fit=300%2C200&amp;ssl=1\" data-large-file=\"https:\/\/i0.wp.com\/voyages-en-france.fr\/wp-content\/uploads\/2024\/03\/DSC_0193-scaled.jpg?fit=1024%2C683&amp;ssl=1\" class=\"size-large wp-image-2897\" src=\"https:\/\/i0.wp.com\/voyages-en-france.fr\/wp-content\/uploads\/2024\/03\/DSC_0193.jpg?resize=1024%2C683&#038;ssl=1\" alt=\"L'Est\u00e9rel depuis le plateau de Cavillore\" width=\"1024\" height=\"683\" srcset=\"https:\/\/i0.wp.com\/voyages-en-france.fr\/wp-content\/uploads\/2024\/03\/DSC_0193-scaled.jpg?resize=1024%2C683&amp;ssl=1 1024w, https:\/\/i0.wp.com\/voyages-en-france.fr\/wp-content\/uploads\/2024\/03\/DSC_0193-scaled.jpg?resize=300%2C200&amp;ssl=1 300w, https:\/\/i0.wp.com\/voyages-en-france.fr\/wp-content\/uploads\/2024\/03\/DSC_0193-scaled.jpg?resize=768%2C512&amp;ssl=1 768w, https:\/\/i0.wp.com\/voyages-en-france.fr\/wp-content\/uploads\/2024\/03\/DSC_0193-scaled.jpg?resize=1536%2C1024&amp;ssl=1 1536w, https:\/\/i0.wp.com\/voyages-en-france.fr\/wp-content\/uploads\/2024\/03\/DSC_0193-scaled.jpg?resize=2048%2C1365&amp;ssl=1 2048w, https:\/\/i0.wp.com\/voyages-en-france.fr\/wp-content\/uploads\/2024\/03\/DSC_0193-scaled.jpg?resize=1200%2C800&amp;ssl=1 1200w, https:\/\/i0.wp.com\/voyages-en-france.fr\/wp-content\/uploads\/2024\/03\/DSC_0193-scaled.jpg?w=2400&amp;ssl=1 2400w\" sizes=\"auto, (max-width: 1024px) 100vw, 1024px\" \/><figcaption id=\"caption-attachment-2897\" class=\"wp-caption-text\">L&rsquo;Est\u00e9rel depuis le plateau de Cavillore<\/figcaption><\/figure>\n<h2>Les vestiges du pastoralisme sur le plateau de Cavillore<\/h2>\n<figure id=\"attachment_2896\" aria-describedby=\"caption-attachment-2896\" style=\"width: 1024px\" class=\"wp-caption aligncenter\"><img data-recalc-dims=\"1\" loading=\"lazy\" decoding=\"async\" data-attachment-id=\"2896\" data-permalink=\"https:\/\/voyages-en-france.fr\/index.php\/2024\/03\/07\/le-plateau-de-cavillore-balcon-de-la-cote-dazur\/dsc_0457\/\" data-orig-file=\"https:\/\/i0.wp.com\/voyages-en-france.fr\/wp-content\/uploads\/2024\/03\/DSC_0457-scaled.jpg?fit=2560%2C1707&amp;ssl=1\" data-orig-size=\"2560,1707\" data-comments-opened=\"1\" data-image-meta=\"{&quot;aperture&quot;:&quot;7.1&quot;,&quot;credit&quot;:&quot;&quot;,&quot;camera&quot;:&quot;NIKON D5600&quot;,&quot;caption&quot;:&quot;&quot;,&quot;created_timestamp&quot;:&quot;1686503653&quot;,&quot;copyright&quot;:&quot;&quot;,&quot;focal_length&quot;:&quot;21&quot;,&quot;iso&quot;:&quot;400&quot;,&quot;shutter_speed&quot;:&quot;0.025&quot;,&quot;title&quot;:&quot;&quot;,&quot;orientation&quot;:&quot;1&quot;}\" data-image-title=\"DSC_0457\" data-image-description=\"&lt;p&gt;Borie sur le Plateau de Cavillore&lt;\/p&gt;\n\" data-image-caption=\"&lt;p&gt;Borie sur le Plateau de Cavillore&lt;\/p&gt;\n\" data-medium-file=\"https:\/\/i0.wp.com\/voyages-en-france.fr\/wp-content\/uploads\/2024\/03\/DSC_0457-scaled.jpg?fit=300%2C200&amp;ssl=1\" data-large-file=\"https:\/\/i0.wp.com\/voyages-en-france.fr\/wp-content\/uploads\/2024\/03\/DSC_0457-scaled.jpg?fit=1024%2C683&amp;ssl=1\" class=\"size-large wp-image-2896\" src=\"https:\/\/i0.wp.com\/voyages-en-france.fr\/wp-content\/uploads\/2024\/03\/DSC_0457.jpg?resize=1024%2C683&#038;ssl=1\" alt=\"Borie sur le Plateau de Cavillore\" width=\"1024\" height=\"683\" srcset=\"https:\/\/i0.wp.com\/voyages-en-france.fr\/wp-content\/uploads\/2024\/03\/DSC_0457-scaled.jpg?resize=1024%2C683&amp;ssl=1 1024w, https:\/\/i0.wp.com\/voyages-en-france.fr\/wp-content\/uploads\/2024\/03\/DSC_0457-scaled.jpg?resize=300%2C200&amp;ssl=1 300w, https:\/\/i0.wp.com\/voyages-en-france.fr\/wp-content\/uploads\/2024\/03\/DSC_0457-scaled.jpg?resize=768%2C512&amp;ssl=1 768w, https:\/\/i0.wp.com\/voyages-en-france.fr\/wp-content\/uploads\/2024\/03\/DSC_0457-scaled.jpg?resize=1536%2C1024&amp;ssl=1 1536w, https:\/\/i0.wp.com\/voyages-en-france.fr\/wp-content\/uploads\/2024\/03\/DSC_0457-scaled.jpg?resize=2048%2C1365&amp;ssl=1 2048w, https:\/\/i0.wp.com\/voyages-en-france.fr\/wp-content\/uploads\/2024\/03\/DSC_0457-scaled.jpg?resize=1200%2C800&amp;ssl=1 1200w, https:\/\/i0.wp.com\/voyages-en-france.fr\/wp-content\/uploads\/2024\/03\/DSC_0457-scaled.jpg?w=2400&amp;ssl=1 2400w\" sizes=\"auto, (max-width: 1024px) 100vw, 1024px\" \/><figcaption id=\"caption-attachment-2896\" class=\"wp-caption-text\">Borie sur le Plateau de Cavillore<\/figcaption><\/figure>\n<figure id=\"attachment_2905\" aria-describedby=\"caption-attachment-2905\" style=\"width: 1024px\" class=\"wp-caption aligncenter\"><img data-recalc-dims=\"1\" loading=\"lazy\" decoding=\"async\" data-attachment-id=\"2905\" data-permalink=\"https:\/\/voyages-en-france.fr\/index.php\/2024\/03\/07\/le-plateau-de-cavillore-balcon-de-la-cote-dazur\/dsc_0355\/\" data-orig-file=\"https:\/\/i0.wp.com\/voyages-en-france.fr\/wp-content\/uploads\/2024\/03\/DSC_0355-scaled.jpg?fit=2560%2C1707&amp;ssl=1\" data-orig-size=\"2560,1707\" data-comments-opened=\"1\" data-image-meta=\"{&quot;aperture&quot;:&quot;9&quot;,&quot;credit&quot;:&quot;&quot;,&quot;camera&quot;:&quot;NIKON D5600&quot;,&quot;caption&quot;:&quot;&quot;,&quot;created_timestamp&quot;:&quot;1652029892&quot;,&quot;copyright&quot;:&quot;&quot;,&quot;focal_length&quot;:&quot;18&quot;,&quot;iso&quot;:&quot;400&quot;,&quot;shutter_speed&quot;:&quot;0.008&quot;,&quot;title&quot;:&quot;&quot;,&quot;orientation&quot;:&quot;1&quot;}\" data-image-title=\"DSC_0355\" data-image-description=\"&lt;p&gt;Mur de pierres s\u00e8ches \u00e0 Cavillore&lt;\/p&gt;\n\" data-image-caption=\"&lt;p&gt;Mur de pierres s\u00e8ches \u00e0 Cavillore&lt;\/p&gt;\n\" data-medium-file=\"https:\/\/i0.wp.com\/voyages-en-france.fr\/wp-content\/uploads\/2024\/03\/DSC_0355-scaled.jpg?fit=300%2C200&amp;ssl=1\" data-large-file=\"https:\/\/i0.wp.com\/voyages-en-france.fr\/wp-content\/uploads\/2024\/03\/DSC_0355-scaled.jpg?fit=1024%2C683&amp;ssl=1\" class=\"size-large wp-image-2905\" src=\"https:\/\/i0.wp.com\/voyages-en-france.fr\/wp-content\/uploads\/2024\/03\/DSC_0355.jpg?resize=1024%2C683&#038;ssl=1\" alt=\"Mur de pierres s\u00e8ches \u00e0 Cavillore\" width=\"1024\" height=\"683\" srcset=\"https:\/\/i0.wp.com\/voyages-en-france.fr\/wp-content\/uploads\/2024\/03\/DSC_0355-scaled.jpg?resize=1024%2C683&amp;ssl=1 1024w, https:\/\/i0.wp.com\/voyages-en-france.fr\/wp-content\/uploads\/2024\/03\/DSC_0355-scaled.jpg?resize=300%2C200&amp;ssl=1 300w, https:\/\/i0.wp.com\/voyages-en-france.fr\/wp-content\/uploads\/2024\/03\/DSC_0355-scaled.jpg?resize=768%2C512&amp;ssl=1 768w, https:\/\/i0.wp.com\/voyages-en-france.fr\/wp-content\/uploads\/2024\/03\/DSC_0355-scaled.jpg?resize=1536%2C1024&amp;ssl=1 1536w, https:\/\/i0.wp.com\/voyages-en-france.fr\/wp-content\/uploads\/2024\/03\/DSC_0355-scaled.jpg?resize=2048%2C1365&amp;ssl=1 2048w, https:\/\/i0.wp.com\/voyages-en-france.fr\/wp-content\/uploads\/2024\/03\/DSC_0355-scaled.jpg?resize=1200%2C800&amp;ssl=1 1200w, https:\/\/i0.wp.com\/voyages-en-france.fr\/wp-content\/uploads\/2024\/03\/DSC_0355-scaled.jpg?w=2400&amp;ssl=1 2400w\" sizes=\"auto, (max-width: 1024px) 100vw, 1024px\" \/><figcaption id=\"caption-attachment-2905\" class=\"wp-caption-text\">Mur de pierres s\u00e8ches \u00e0 Cavillore<\/figcaption><\/figure>\n<h2>Les gorges du Loup<\/h2>\n<figure id=\"attachment_2894\" aria-describedby=\"caption-attachment-2894\" style=\"width: 1024px\" class=\"wp-caption aligncenter\"><img data-recalc-dims=\"1\" loading=\"lazy\" decoding=\"async\" data-attachment-id=\"2894\" data-permalink=\"https:\/\/voyages-en-france.fr\/index.php\/2024\/03\/07\/le-plateau-de-cavillore-balcon-de-la-cote-dazur\/img_8477\/\" data-orig-file=\"https:\/\/i0.wp.com\/voyages-en-france.fr\/wp-content\/uploads\/2024\/03\/IMG_8477-scaled.jpg?fit=2560%2C979&amp;ssl=1\" data-orig-size=\"2560,979\" data-comments-opened=\"1\" data-image-meta=\"{&quot;aperture&quot;:&quot;1.8&quot;,&quot;credit&quot;:&quot;&quot;,&quot;camera&quot;:&quot;iPhone XR&quot;,&quot;caption&quot;:&quot;&quot;,&quot;created_timestamp&quot;:&quot;1686504247&quot;,&quot;copyright&quot;:&quot;&quot;,&quot;focal_length&quot;:&quot;4.25&quot;,&quot;iso&quot;:&quot;100&quot;,&quot;shutter_speed&quot;:&quot;0.0012771392081737&quot;,&quot;title&quot;:&quot;&quot;,&quot;orientation&quot;:&quot;1&quot;}\" data-image-title=\"IMG_8477\" data-image-description=\"&lt;p&gt;Gorges du Loup de puis le plateau de Cavillore&lt;\/p&gt;\n\" data-image-caption=\"&lt;p&gt;Gorges du Loup de puis le plateau de Cavillore&lt;\/p&gt;\n\" data-medium-file=\"https:\/\/i0.wp.com\/voyages-en-france.fr\/wp-content\/uploads\/2024\/03\/IMG_8477-scaled.jpg?fit=300%2C115&amp;ssl=1\" data-large-file=\"https:\/\/i0.wp.com\/voyages-en-france.fr\/wp-content\/uploads\/2024\/03\/IMG_8477-scaled.jpg?fit=1024%2C391&amp;ssl=1\" class=\"wp-image-2894 size-large\" src=\"https:\/\/i0.wp.com\/voyages-en-france.fr\/wp-content\/uploads\/2024\/03\/IMG_8477.jpg?resize=1024%2C391&#038;ssl=1\" alt=\"Gorges du Loup de puis les falaises de Cavillore\" width=\"1024\" height=\"391\" srcset=\"https:\/\/i0.wp.com\/voyages-en-france.fr\/wp-content\/uploads\/2024\/03\/IMG_8477-scaled.jpg?resize=1024%2C391&amp;ssl=1 1024w, https:\/\/i0.wp.com\/voyages-en-france.fr\/wp-content\/uploads\/2024\/03\/IMG_8477-scaled.jpg?resize=300%2C115&amp;ssl=1 300w, https:\/\/i0.wp.com\/voyages-en-france.fr\/wp-content\/uploads\/2024\/03\/IMG_8477-scaled.jpg?resize=768%2C294&amp;ssl=1 768w, https:\/\/i0.wp.com\/voyages-en-france.fr\/wp-content\/uploads\/2024\/03\/IMG_8477-scaled.jpg?resize=1536%2C587&amp;ssl=1 1536w, https:\/\/i0.wp.com\/voyages-en-france.fr\/wp-content\/uploads\/2024\/03\/IMG_8477-scaled.jpg?resize=2048%2C783&amp;ssl=1 2048w, https:\/\/i0.wp.com\/voyages-en-france.fr\/wp-content\/uploads\/2024\/03\/IMG_8477-scaled.jpg?resize=1200%2C459&amp;ssl=1 1200w, https:\/\/i0.wp.com\/voyages-en-france.fr\/wp-content\/uploads\/2024\/03\/IMG_8477-scaled.jpg?w=2400&amp;ssl=1 2400w\" sizes=\"auto, (max-width: 1024px) 100vw, 1024px\" \/><figcaption id=\"caption-attachment-2894\" class=\"wp-caption-text\">Gorges du Loup de puis les falaises de Cavillore<\/figcaption><\/figure>\n<figure id=\"attachment_2904\" aria-describedby=\"caption-attachment-2904\" style=\"width: 1024px\" class=\"wp-caption aligncenter\"><img data-recalc-dims=\"1\" loading=\"lazy\" decoding=\"async\" data-attachment-id=\"2904\" data-permalink=\"https:\/\/voyages-en-france.fr\/index.php\/2024\/03\/07\/le-plateau-de-cavillore-balcon-de-la-cote-dazur\/dsc_0381\/\" data-orig-file=\"https:\/\/i0.wp.com\/voyages-en-france.fr\/wp-content\/uploads\/2024\/03\/DSC_0381-scaled.jpg?fit=2560%2C1707&amp;ssl=1\" data-orig-size=\"2560,1707\" data-comments-opened=\"1\" data-image-meta=\"{&quot;aperture&quot;:&quot;10&quot;,&quot;credit&quot;:&quot;&quot;,&quot;camera&quot;:&quot;NIKON D5600&quot;,&quot;caption&quot;:&quot;&quot;,&quot;created_timestamp&quot;:&quot;1690737318&quot;,&quot;copyright&quot;:&quot;&quot;,&quot;focal_length&quot;:&quot;18&quot;,&quot;iso&quot;:&quot;400&quot;,&quot;shutter_speed&quot;:&quot;0.004&quot;,&quot;title&quot;:&quot;&quot;,&quot;orientation&quot;:&quot;1&quot;}\" data-image-title=\"DSC_0381\" data-image-description=\"&lt;p&gt;Gorges du Loup des falaises de Cavillore&lt;\/p&gt;\n\" data-image-caption=\"&lt;p&gt;Gorges du Loup des falaises de Cavillore&lt;\/p&gt;\n\" data-medium-file=\"https:\/\/i0.wp.com\/voyages-en-france.fr\/wp-content\/uploads\/2024\/03\/DSC_0381-scaled.jpg?fit=300%2C200&amp;ssl=1\" data-large-file=\"https:\/\/i0.wp.com\/voyages-en-france.fr\/wp-content\/uploads\/2024\/03\/DSC_0381-scaled.jpg?fit=1024%2C683&amp;ssl=1\" class=\"size-large wp-image-2904\" src=\"https:\/\/i0.wp.com\/voyages-en-france.fr\/wp-content\/uploads\/2024\/03\/DSC_0381.jpg?resize=1024%2C683&#038;ssl=1\" alt=\"Gorges du Loup des falaises de Cavillore\" width=\"1024\" height=\"683\" srcset=\"https:\/\/i0.wp.com\/voyages-en-france.fr\/wp-content\/uploads\/2024\/03\/DSC_0381-scaled.jpg?resize=1024%2C683&amp;ssl=1 1024w, https:\/\/i0.wp.com\/voyages-en-france.fr\/wp-content\/uploads\/2024\/03\/DSC_0381-scaled.jpg?resize=300%2C200&amp;ssl=1 300w, https:\/\/i0.wp.com\/voyages-en-france.fr\/wp-content\/uploads\/2024\/03\/DSC_0381-scaled.jpg?resize=768%2C512&amp;ssl=1 768w, https:\/\/i0.wp.com\/voyages-en-france.fr\/wp-content\/uploads\/2024\/03\/DSC_0381-scaled.jpg?resize=1536%2C1024&amp;ssl=1 1536w, https:\/\/i0.wp.com\/voyages-en-france.fr\/wp-content\/uploads\/2024\/03\/DSC_0381-scaled.jpg?resize=2048%2C1365&amp;ssl=1 2048w, https:\/\/i0.wp.com\/voyages-en-france.fr\/wp-content\/uploads\/2024\/03\/DSC_0381-scaled.jpg?resize=1200%2C800&amp;ssl=1 1200w, https:\/\/i0.wp.com\/voyages-en-france.fr\/wp-content\/uploads\/2024\/03\/DSC_0381-scaled.jpg?w=2400&amp;ssl=1 2400w\" sizes=\"auto, (max-width: 1024px) 100vw, 1024px\" \/><figcaption id=\"caption-attachment-2904\" class=\"wp-caption-text\">Gorges du Loup des falaises de Cavillore<\/figcaption><\/figure>\n<figure id=\"attachment_2899\" aria-describedby=\"caption-attachment-2899\" style=\"width: 1024px\" class=\"wp-caption aligncenter\"><img data-recalc-dims=\"1\" loading=\"lazy\" decoding=\"async\" data-attachment-id=\"2899\" data-permalink=\"https:\/\/voyages-en-france.fr\/index.php\/2024\/03\/07\/le-plateau-de-cavillore-balcon-de-la-cote-dazur\/p2230315\/\" data-orig-file=\"https:\/\/i0.wp.com\/voyages-en-france.fr\/wp-content\/uploads\/2024\/03\/P2230315-scaled.jpg?fit=2560%2C1707&amp;ssl=1\" data-orig-size=\"2560,1707\" data-comments-opened=\"1\" data-image-meta=\"{&quot;aperture&quot;:&quot;2.8&quot;,&quot;credit&quot;:&quot;&quot;,&quot;camera&quot;:&quot;DMC-FZ1000&quot;,&quot;caption&quot;:&quot;&quot;,&quot;created_timestamp&quot;:&quot;1640880157&quot;,&quot;copyright&quot;:&quot;&quot;,&quot;focal_length&quot;:&quot;9.12&quot;,&quot;iso&quot;:&quot;125&quot;,&quot;shutter_speed&quot;:&quot;0.005&quot;,&quot;title&quot;:&quot;&quot;,&quot;orientation&quot;:&quot;1&quot;}\" data-image-title=\"P2230315\" data-image-description=\"&lt;p&gt;Gorges du Loup&lt;\/p&gt;\n\" data-image-caption=\"&lt;p&gt;Gorges du Loup&lt;\/p&gt;\n\" data-medium-file=\"https:\/\/i0.wp.com\/voyages-en-france.fr\/wp-content\/uploads\/2024\/03\/P2230315-scaled.jpg?fit=300%2C200&amp;ssl=1\" data-large-file=\"https:\/\/i0.wp.com\/voyages-en-france.fr\/wp-content\/uploads\/2024\/03\/P2230315-scaled.jpg?fit=1024%2C683&amp;ssl=1\" class=\"size-large wp-image-2899\" src=\"https:\/\/i0.wp.com\/voyages-en-france.fr\/wp-content\/uploads\/2024\/03\/P2230315.jpg?resize=1024%2C683&#038;ssl=1\" alt=\"Gorges du Loup\" width=\"1024\" height=\"683\" srcset=\"https:\/\/i0.wp.com\/voyages-en-france.fr\/wp-content\/uploads\/2024\/03\/P2230315-scaled.jpg?resize=1024%2C683&amp;ssl=1 1024w, https:\/\/i0.wp.com\/voyages-en-france.fr\/wp-content\/uploads\/2024\/03\/P2230315-scaled.jpg?resize=300%2C200&amp;ssl=1 300w, https:\/\/i0.wp.com\/voyages-en-france.fr\/wp-content\/uploads\/2024\/03\/P2230315-scaled.jpg?resize=768%2C512&amp;ssl=1 768w, https:\/\/i0.wp.com\/voyages-en-france.fr\/wp-content\/uploads\/2024\/03\/P2230315-scaled.jpg?resize=1536%2C1024&amp;ssl=1 1536w, https:\/\/i0.wp.com\/voyages-en-france.fr\/wp-content\/uploads\/2024\/03\/P2230315-scaled.jpg?resize=2048%2C1365&amp;ssl=1 2048w, https:\/\/i0.wp.com\/voyages-en-france.fr\/wp-content\/uploads\/2024\/03\/P2230315-scaled.jpg?resize=1200%2C800&amp;ssl=1 1200w, https:\/\/i0.wp.com\/voyages-en-france.fr\/wp-content\/uploads\/2024\/03\/P2230315-scaled.jpg?w=2400&amp;ssl=1 2400w\" sizes=\"auto, (max-width: 1024px) 100vw, 1024px\" \/><figcaption id=\"caption-attachment-2899\" class=\"wp-caption-text\">Gorges du Loup<\/figcaption><\/figure>\n<h2>Un \u00ab\u00a0spot\u00a0\u00bb pour le parapente<\/h2>\n<figure id=\"attachment_2900\" aria-describedby=\"caption-attachment-2900\" style=\"width: 1024px\" class=\"wp-caption aligncenter\"><img data-recalc-dims=\"1\" loading=\"lazy\" decoding=\"async\" data-attachment-id=\"2900\" data-permalink=\"https:\/\/voyages-en-france.fr\/index.php\/2024\/03\/07\/le-plateau-de-cavillore-balcon-de-la-cote-dazur\/p2150172\/\" data-orig-file=\"https:\/\/i0.wp.com\/voyages-en-france.fr\/wp-content\/uploads\/2024\/03\/P2150172-scaled.jpg?fit=2560%2C1707&amp;ssl=1\" data-orig-size=\"2560,1707\" data-comments-opened=\"1\" data-image-meta=\"{&quot;aperture&quot;:&quot;4&quot;,&quot;credit&quot;:&quot;&quot;,&quot;camera&quot;:&quot;DMC-FZ1000&quot;,&quot;caption&quot;:&quot;&quot;,&quot;created_timestamp&quot;:&quot;1590082535&quot;,&quot;copyright&quot;:&quot;&quot;,&quot;focal_length&quot;:&quot;101.88&quot;,&quot;iso&quot;:&quot;125&quot;,&quot;shutter_speed&quot;:&quot;0.0025&quot;,&quot;title&quot;:&quot;&quot;,&quot;orientation&quot;:&quot;1&quot;}\" data-image-title=\"P2150172\" data-image-description=\"&lt;p&gt;Parapentes sur le bord du plateau de Cavillore&lt;\/p&gt;\n\" data-image-caption=\"&lt;p&gt;Parapentes sur le bord du plateau de Cavillore&lt;\/p&gt;\n\" data-medium-file=\"https:\/\/i0.wp.com\/voyages-en-france.fr\/wp-content\/uploads\/2024\/03\/P2150172-scaled.jpg?fit=300%2C200&amp;ssl=1\" data-large-file=\"https:\/\/i0.wp.com\/voyages-en-france.fr\/wp-content\/uploads\/2024\/03\/P2150172-scaled.jpg?fit=1024%2C683&amp;ssl=1\" class=\"wp-image-2900 size-large\" src=\"https:\/\/i0.wp.com\/voyages-en-france.fr\/wp-content\/uploads\/2024\/03\/P2150172.jpg?resize=1024%2C683&#038;ssl=1\" alt=\"Parapentes sur le bord du plateau de Cavillore\" width=\"1024\" height=\"683\" srcset=\"https:\/\/i0.wp.com\/voyages-en-france.fr\/wp-content\/uploads\/2024\/03\/P2150172-scaled.jpg?resize=1024%2C683&amp;ssl=1 1024w, https:\/\/i0.wp.com\/voyages-en-france.fr\/wp-content\/uploads\/2024\/03\/P2150172-scaled.jpg?resize=300%2C200&amp;ssl=1 300w, https:\/\/i0.wp.com\/voyages-en-france.fr\/wp-content\/uploads\/2024\/03\/P2150172-scaled.jpg?resize=768%2C512&amp;ssl=1 768w, https:\/\/i0.wp.com\/voyages-en-france.fr\/wp-content\/uploads\/2024\/03\/P2150172-scaled.jpg?resize=1536%2C1024&amp;ssl=1 1536w, https:\/\/i0.wp.com\/voyages-en-france.fr\/wp-content\/uploads\/2024\/03\/P2150172-scaled.jpg?resize=2048%2C1365&amp;ssl=1 2048w, https:\/\/i0.wp.com\/voyages-en-france.fr\/wp-content\/uploads\/2024\/03\/P2150172-scaled.jpg?resize=1200%2C800&amp;ssl=1 1200w, https:\/\/i0.wp.com\/voyages-en-france.fr\/wp-content\/uploads\/2024\/03\/P2150172-scaled.jpg?w=2400&amp;ssl=1 2400w\" sizes=\"auto, (max-width: 1024px) 100vw, 1024px\" \/><figcaption id=\"caption-attachment-2900\" class=\"wp-caption-text\">Parapentes sur le bord du plateau<\/figcaption><\/figure>\n<h2>Cavillore sous la neige<\/h2>\n<figure id=\"attachment_2901\" aria-describedby=\"caption-attachment-2901\" style=\"width: 1024px\" class=\"wp-caption aligncenter\"><img data-recalc-dims=\"1\" loading=\"lazy\" decoding=\"async\" data-attachment-id=\"2901\" data-permalink=\"https:\/\/voyages-en-france.fr\/index.php\/2024\/03\/07\/le-plateau-de-cavillore-balcon-de-la-cote-dazur\/p2190842\/\" data-orig-file=\"https:\/\/i0.wp.com\/voyages-en-france.fr\/wp-content\/uploads\/2024\/03\/P2190842-scaled.jpg?fit=2560%2C1707&amp;ssl=1\" data-orig-size=\"2560,1707\" data-comments-opened=\"1\" data-image-meta=\"{&quot;aperture&quot;:&quot;3.3&quot;,&quot;credit&quot;:&quot;&quot;,&quot;camera&quot;:&quot;DMC-FZ1000&quot;,&quot;caption&quot;:&quot;&quot;,&quot;created_timestamp&quot;:&quot;1610895723&quot;,&quot;copyright&quot;:&quot;&quot;,&quot;focal_length&quot;:&quot;18.44&quot;,&quot;iso&quot;:&quot;125&quot;,&quot;shutter_speed&quot;:&quot;0.000625&quot;,&quot;title&quot;:&quot;&quot;,&quot;orientation&quot;:&quot;1&quot;}\" data-image-title=\"P2190842\" data-image-description=\"&lt;p&gt;Neige sur le plateau de Cavillore&lt;\/p&gt;\n\" data-image-caption=\"&lt;p&gt;Neige sur le plateau de Cavillore&lt;\/p&gt;\n\" data-medium-file=\"https:\/\/i0.wp.com\/voyages-en-france.fr\/wp-content\/uploads\/2024\/03\/P2190842-scaled.jpg?fit=300%2C200&amp;ssl=1\" data-large-file=\"https:\/\/i0.wp.com\/voyages-en-france.fr\/wp-content\/uploads\/2024\/03\/P2190842-scaled.jpg?fit=1024%2C683&amp;ssl=1\" class=\"size-large wp-image-2901\" src=\"https:\/\/i0.wp.com\/voyages-en-france.fr\/wp-content\/uploads\/2024\/03\/P2190842.jpg?resize=1024%2C683&#038;ssl=1\" alt=\"Neige sur le plateau de Cavillore\" width=\"1024\" height=\"683\" srcset=\"https:\/\/i0.wp.com\/voyages-en-france.fr\/wp-content\/uploads\/2024\/03\/P2190842-scaled.jpg?resize=1024%2C683&amp;ssl=1 1024w, https:\/\/i0.wp.com\/voyages-en-france.fr\/wp-content\/uploads\/2024\/03\/P2190842-scaled.jpg?resize=300%2C200&amp;ssl=1 300w, https:\/\/i0.wp.com\/voyages-en-france.fr\/wp-content\/uploads\/2024\/03\/P2190842-scaled.jpg?resize=768%2C512&amp;ssl=1 768w, https:\/\/i0.wp.com\/voyages-en-france.fr\/wp-content\/uploads\/2024\/03\/P2190842-scaled.jpg?resize=1536%2C1024&amp;ssl=1 1536w, https:\/\/i0.wp.com\/voyages-en-france.fr\/wp-content\/uploads\/2024\/03\/P2190842-scaled.jpg?resize=2048%2C1365&amp;ssl=1 2048w, https:\/\/i0.wp.com\/voyages-en-france.fr\/wp-content\/uploads\/2024\/03\/P2190842-scaled.jpg?resize=1200%2C800&amp;ssl=1 1200w, https:\/\/i0.wp.com\/voyages-en-france.fr\/wp-content\/uploads\/2024\/03\/P2190842-scaled.jpg?w=2400&amp;ssl=1 2400w\" sizes=\"auto, (max-width: 1024px) 100vw, 1024px\" \/><figcaption id=\"caption-attachment-2901\" class=\"wp-caption-text\">Neige sur le plateau de Cavillore<\/figcaption><\/figure>\n<h2>Une flore importante<\/h2>\n<figure id=\"attachment_2906\" aria-describedby=\"caption-attachment-2906\" style=\"width: 1024px\" class=\"wp-caption aligncenter\"><img data-recalc-dims=\"1\" loading=\"lazy\" decoding=\"async\" data-attachment-id=\"2906\" data-permalink=\"https:\/\/voyages-en-france.fr\/index.php\/2024\/03\/07\/le-plateau-de-cavillore-balcon-de-la-cote-dazur\/p2040813\/\" data-orig-file=\"https:\/\/i0.wp.com\/voyages-en-france.fr\/wp-content\/uploads\/2024\/03\/P2040813-scaled.jpg?fit=2560%2C1707&amp;ssl=1\" data-orig-size=\"2560,1707\" data-comments-opened=\"1\" data-image-meta=\"{&quot;aperture&quot;:&quot;3.2&quot;,&quot;credit&quot;:&quot;&quot;,&quot;camera&quot;:&quot;DMC-FZ1000&quot;,&quot;caption&quot;:&quot;&quot;,&quot;created_timestamp&quot;:&quot;1560098730&quot;,&quot;copyright&quot;:&quot;&quot;,&quot;focal_length&quot;:&quot;9.12&quot;,&quot;iso&quot;:&quot;125&quot;,&quot;shutter_speed&quot;:&quot;0.0005&quot;,&quot;title&quot;:&quot;&quot;,&quot;orientation&quot;:&quot;1&quot;}\" data-image-title=\"P2040813\" data-image-description=\"&lt;p&gt;Gourdon au mois de mai&lt;\/p&gt;\n\" data-image-caption=\"&lt;p&gt;Gourdon au mois de mai&lt;\/p&gt;\n\" data-medium-file=\"https:\/\/i0.wp.com\/voyages-en-france.fr\/wp-content\/uploads\/2024\/03\/P2040813-scaled.jpg?fit=300%2C200&amp;ssl=1\" data-large-file=\"https:\/\/i0.wp.com\/voyages-en-france.fr\/wp-content\/uploads\/2024\/03\/P2040813-scaled.jpg?fit=1024%2C683&amp;ssl=1\" class=\"size-large wp-image-2906\" src=\"https:\/\/i0.wp.com\/voyages-en-france.fr\/wp-content\/uploads\/2024\/03\/P2040813.jpg?resize=1024%2C683&#038;ssl=1\" alt=\"Gourdon au mois de mai\" width=\"1024\" height=\"683\" srcset=\"https:\/\/i0.wp.com\/voyages-en-france.fr\/wp-content\/uploads\/2024\/03\/P2040813-scaled.jpg?resize=1024%2C683&amp;ssl=1 1024w, https:\/\/i0.wp.com\/voyages-en-france.fr\/wp-content\/uploads\/2024\/03\/P2040813-scaled.jpg?resize=300%2C200&amp;ssl=1 300w, https:\/\/i0.wp.com\/voyages-en-france.fr\/wp-content\/uploads\/2024\/03\/P2040813-scaled.jpg?resize=768%2C512&amp;ssl=1 768w, https:\/\/i0.wp.com\/voyages-en-france.fr\/wp-content\/uploads\/2024\/03\/P2040813-scaled.jpg?resize=1536%2C1024&amp;ssl=1 1536w, https:\/\/i0.wp.com\/voyages-en-france.fr\/wp-content\/uploads\/2024\/03\/P2040813-scaled.jpg?resize=2048%2C1365&amp;ssl=1 2048w, https:\/\/i0.wp.com\/voyages-en-france.fr\/wp-content\/uploads\/2024\/03\/P2040813-scaled.jpg?resize=1200%2C800&amp;ssl=1 1200w, https:\/\/i0.wp.com\/voyages-en-france.fr\/wp-content\/uploads\/2024\/03\/P2040813-scaled.jpg?w=2400&amp;ssl=1 2400w\" sizes=\"auto, (max-width: 1024px) 100vw, 1024px\" \/><figcaption id=\"caption-attachment-2906\" class=\"wp-caption-text\">Gourdon au mois de mai<\/figcaption><\/figure>\n<figure id=\"attachment_2895\" aria-describedby=\"caption-attachment-2895\" style=\"width: 768px\" class=\"wp-caption aligncenter\"><img data-recalc-dims=\"1\" loading=\"lazy\" decoding=\"async\" data-attachment-id=\"2895\" data-permalink=\"https:\/\/voyages-en-france.fr\/index.php\/2024\/03\/07\/le-plateau-de-cavillore-balcon-de-la-cote-dazur\/img_8524\/\" data-orig-file=\"https:\/\/i0.wp.com\/voyages-en-france.fr\/wp-content\/uploads\/2024\/03\/IMG_8524-scaled.jpg?fit=1920%2C2560&amp;ssl=1\" data-orig-size=\"1920,2560\" data-comments-opened=\"1\" data-image-meta=\"{&quot;aperture&quot;:&quot;1.8&quot;,&quot;credit&quot;:&quot;&quot;,&quot;camera&quot;:&quot;iPhone XR&quot;,&quot;caption&quot;:&quot;&quot;,&quot;created_timestamp&quot;:&quot;1686509973&quot;,&quot;copyright&quot;:&quot;&quot;,&quot;focal_length&quot;:&quot;4.25&quot;,&quot;iso&quot;:&quot;32&quot;,&quot;shutter_speed&quot;:&quot;0.0081967213114754&quot;,&quot;title&quot;:&quot;&quot;,&quot;orientation&quot;:&quot;1&quot;}\" data-image-title=\"IMG_8524\" data-image-description=\"&lt;p&gt;Mol\u00e8ne&lt;\/p&gt;\n\" data-image-caption=\"&lt;p&gt;Mol\u00e8ne&lt;\/p&gt;\n\" data-medium-file=\"https:\/\/i0.wp.com\/voyages-en-france.fr\/wp-content\/uploads\/2024\/03\/IMG_8524-scaled.jpg?fit=225%2C300&amp;ssl=1\" data-large-file=\"https:\/\/i0.wp.com\/voyages-en-france.fr\/wp-content\/uploads\/2024\/03\/IMG_8524-scaled.jpg?fit=768%2C1024&amp;ssl=1\" class=\"size-large wp-image-2895\" src=\"https:\/\/i0.wp.com\/voyages-en-france.fr\/wp-content\/uploads\/2024\/03\/IMG_8524.jpg?resize=768%2C1024&#038;ssl=1\" alt=\"Mol\u00e8ne\" width=\"768\" height=\"1024\" srcset=\"https:\/\/i0.wp.com\/voyages-en-france.fr\/wp-content\/uploads\/2024\/03\/IMG_8524-scaled.jpg?resize=768%2C1024&amp;ssl=1 768w, https:\/\/i0.wp.com\/voyages-en-france.fr\/wp-content\/uploads\/2024\/03\/IMG_8524-scaled.jpg?resize=225%2C300&amp;ssl=1 225w, https:\/\/i0.wp.com\/voyages-en-france.fr\/wp-content\/uploads\/2024\/03\/IMG_8524-scaled.jpg?resize=1152%2C1536&amp;ssl=1 1152w, https:\/\/i0.wp.com\/voyages-en-france.fr\/wp-content\/uploads\/2024\/03\/IMG_8524-scaled.jpg?resize=1536%2C2048&amp;ssl=1 1536w, https:\/\/i0.wp.com\/voyages-en-france.fr\/wp-content\/uploads\/2024\/03\/IMG_8524-scaled.jpg?resize=1200%2C1600&amp;ssl=1 1200w, https:\/\/i0.wp.com\/voyages-en-france.fr\/wp-content\/uploads\/2024\/03\/IMG_8524-scaled.jpg?w=1920&amp;ssl=1 1920w\" sizes=\"auto, (max-width: 768px) 100vw, 768px\" \/><figcaption id=\"caption-attachment-2895\" class=\"wp-caption-text\">Mol\u00e8ne<\/figcaption><\/figure>\n<span>","protected":false},"excerpt":{"rendered":"<p class=\"excerpt\"><span itemprop=\"description\">Le Plateau de Cavillore, balcon de la C\u00f4te d&rsquo;Azur au dessus de Gourdon Le village de Gourdon est perch\u00e9 sur un pic vertigineux de 760 m et surplombe la vall\u00e9e du Loup. Cet emplacement lui a valu le surnom de&hellip;<\/span><\/p>\n<p class=\"more-link-p btn-align-right\"><a class=\"blue zoom-btn\" href=\"https:\/\/voyages-en-france.fr\/index.php\/2024\/03\/07\/le-plateau-de-cavillore-balcon-de-la-cote-dazur\/\">Lire la suite<\/a><\/p>\n","protected":false},"author":1,"featured_media":2907,"comment_status":"open","ping_status":"open","sticky":false,"template":"","format":"standard","meta":{"pgc_sgb_lightbox_settings":"","jetpack_post_was_ever_published":false,"_bos_mb_destination":[""],"_jetpack_newsletter_access":"","_jetpack_dont_email_post_to_subs":false,"_jetpack_newsletter_tier_id":0,"_jetpack_memberships_contains_paywalled_content":false,"_jetpack_memberships_contains_paid_content":false,"footnotes":"","jetpack_publicize_message":"","jetpack_publicize_feature_enabled":true,"jetpack_social_post_already_shared":true,"jetpack_social_options":{"image_generator_settings":{"template":"highway","default_image_id":0,"font":"","enabled":false},"version":2}},"categories":[149,232,359,12,79,66],"tags":[4,5,371,370,369,6],"class_list":["post-2908","post","type-post","status-publish","format-standard","has-post-thumbnail","hentry","category-chemin","category-fort","category-gouffre","category-site-naturel","category-village","category-village-perche","tag-4","tag-alpes-maritimes","tag-cavillore","tag-gourdon","tag-plateau-de-cavillore","tag-provence-alpes-cote-dazur","zoom-theme-has-thumb"],"yoast_head":"<!-- This site is optimized with the Yoast SEO plugin v27.1.1 - https:\/\/yoast.com\/product\/yoast-seo-wordpress\/ -->\n<title>Le Plateau de Cavillore, balcon de la C\u00f4te d&#039;Azur<\/title>\n<meta name=\"description\" content=\"Le Plateau de Cavillore, balcon de la C\u00f4te d&#039;Azur Une balade spectaculaire en pleine nature au dessus de Gourdon\" \/>\n<meta name=\"robots\" content=\"index, follow, max-snippet:-1, max-image-preview:large, max-video-preview:-1\" \/>\n<link rel=\"canonical\" href=\"https:\/\/voyages-en-france.fr\/index.php\/2024\/03\/07\/le-plateau-de-cavillore-balcon-de-la-cote-dazur\/\" \/>\n<meta property=\"og:locale\" content=\"fr_FR\" \/>\n<meta property=\"og:type\" content=\"article\" \/>\n<meta property=\"og:title\" content=\"Le Plateau de Cavillore, balcon de la C\u00f4te d&#039;Azur\" \/>\n<meta property=\"og:description\" content=\"Le Plateau de Cavillore, balcon de la C\u00f4te d&#039;Azur Une balade spectaculaire en pleine nature au dessus de Gourdon\" \/>\n<meta property=\"og:url\" content=\"https:\/\/voyages-en-france.fr\/index.php\/2024\/03\/07\/le-plateau-de-cavillore-balcon-de-la-cote-dazur\/\" \/>\n<meta property=\"og:site_name\" content=\"Voyages-en-France.fr\" \/>\n<meta property=\"article:publisher\" content=\"https:\/\/www.facebook.com\/voyages.au.coeur.de.la.france\/\" \/>\n<meta property=\"article:author\" content=\"https:\/\/www.facebook.com\/voyages.au.coeur.de.la.france\/\" \/>\n<meta property=\"article:published_time\" content=\"2024-03-07T00:01:08+00:00\" \/>\n<meta property=\"article:modified_time\" content=\"2024-03-07T00:03:04+00:00\" \/>\n<meta property=\"og:image\" content=\"https:\/\/voyages-en-france.fr\/wp-content\/uploads\/2024\/03\/P2190798-scaled.jpg\" \/>\n\t<meta property=\"og:image:width\" content=\"2560\" \/>\n\t<meta property=\"og:image:height\" content=\"1707\" \/>\n\t<meta property=\"og:image:type\" content=\"image\/jpeg\" \/>\n<meta name=\"author\" content=\"Christophe\" \/>\n<meta name=\"twitter:card\" content=\"summary_large_image\" \/>\n<meta name=\"twitter:creator\" content=\"@Voyages_France\" \/>\n<meta name=\"twitter:site\" content=\"@Voyages_France\" \/>\n<meta name=\"twitter:label1\" content=\"\u00c9crit par\" \/>\n\t<meta name=\"twitter:data1\" content=\"Christophe\" \/>\n\t<meta name=\"twitter:label2\" content=\"Dur\u00e9e de lecture estim\u00e9e\" \/>\n\t<meta name=\"twitter:data2\" content=\"5 minutes\" \/>\n<script type=\"application\/ld+json\" class=\"yoast-schema-graph\">{\"@context\":\"https:\/\/schema.org\",\"@graph\":[{\"@type\":\"Article\",\"@id\":\"https:\/\/voyages-en-france.fr\/index.php\/2024\/03\/07\/le-plateau-de-cavillore-balcon-de-la-cote-dazur\/#article\",\"isPartOf\":{\"@id\":\"https:\/\/voyages-en-france.fr\/index.php\/2024\/03\/07\/le-plateau-de-cavillore-balcon-de-la-cote-dazur\/\"},\"author\":{\"name\":\"Christophe\",\"@id\":\"https:\/\/voyages-en-france.fr\/#\/schema\/person\/611a624b57cd68dd2e4c3f7d385420e2\"},\"headline\":\"Le Plateau de Cavillore, balcon de la C\u00f4te d&rsquo;Azur\",\"datePublished\":\"2024-03-07T00:01:08+00:00\",\"dateModified\":\"2024-03-07T00:03:04+00:00\",\"mainEntityOfPage\":{\"@id\":\"https:\/\/voyages-en-france.fr\/index.php\/2024\/03\/07\/le-plateau-de-cavillore-balcon-de-la-cote-dazur\/\"},\"wordCount\":411,\"commentCount\":0,\"publisher\":{\"@id\":\"https:\/\/voyages-en-france.fr\/#\/schema\/person\/611a624b57cd68dd2e4c3f7d385420e2\"},\"image\":{\"@id\":\"https:\/\/voyages-en-france.fr\/index.php\/2024\/03\/07\/le-plateau-de-cavillore-balcon-de-la-cote-dazur\/#primaryimage\"},\"thumbnailUrl\":\"https:\/\/i0.wp.com\/voyages-en-france.fr\/wp-content\/uploads\/2024\/03\/P2190798-scaled.jpg?fit=2560%2C1707&ssl=1\",\"keywords\":[\"06\",\"Alpes Maritimes\",\"Cavillore\",\"Gourdon\",\"Plateau de Cavillore\",\"Provence Alpes C\u00f4te d'Azur\"],\"articleSection\":[\"chemin\",\"fort\",\"gouffre\",\"Site naturel\",\"village\",\"village perch\u00e9\"],\"inLanguage\":\"fr-FR\",\"potentialAction\":[{\"@type\":\"CommentAction\",\"name\":\"Comment\",\"target\":[\"https:\/\/voyages-en-france.fr\/index.php\/2024\/03\/07\/le-plateau-de-cavillore-balcon-de-la-cote-dazur\/#respond\"]}]},{\"@type\":\"WebPage\",\"@id\":\"https:\/\/voyages-en-france.fr\/index.php\/2024\/03\/07\/le-plateau-de-cavillore-balcon-de-la-cote-dazur\/\",\"url\":\"https:\/\/voyages-en-france.fr\/index.php\/2024\/03\/07\/le-plateau-de-cavillore-balcon-de-la-cote-dazur\/\",\"name\":\"Le Plateau de Cavillore, balcon de la C\u00f4te d'Azur\",\"isPartOf\":{\"@id\":\"https:\/\/voyages-en-france.fr\/#website\"},\"primaryImageOfPage\":{\"@id\":\"https:\/\/voyages-en-france.fr\/index.php\/2024\/03\/07\/le-plateau-de-cavillore-balcon-de-la-cote-dazur\/#primaryimage\"},\"image\":{\"@id\":\"https:\/\/voyages-en-france.fr\/index.php\/2024\/03\/07\/le-plateau-de-cavillore-balcon-de-la-cote-dazur\/#primaryimage\"},\"thumbnailUrl\":\"https:\/\/i0.wp.com\/voyages-en-france.fr\/wp-content\/uploads\/2024\/03\/P2190798-scaled.jpg?fit=2560%2C1707&ssl=1\",\"datePublished\":\"2024-03-07T00:01:08+00:00\",\"dateModified\":\"2024-03-07T00:03:04+00:00\",\"description\":\"Le Plateau de Cavillore, balcon de la C\u00f4te d'Azur Une balade spectaculaire en pleine nature au dessus de Gourdon\",\"breadcrumb\":{\"@id\":\"https:\/\/voyages-en-france.fr\/index.php\/2024\/03\/07\/le-plateau-de-cavillore-balcon-de-la-cote-dazur\/#breadcrumb\"},\"inLanguage\":\"fr-FR\",\"potentialAction\":[{\"@type\":\"ReadAction\",\"target\":[\"https:\/\/voyages-en-france.fr\/index.php\/2024\/03\/07\/le-plateau-de-cavillore-balcon-de-la-cote-dazur\/\"]}]},{\"@type\":\"ImageObject\",\"inLanguage\":\"fr-FR\",\"@id\":\"https:\/\/voyages-en-france.fr\/index.php\/2024\/03\/07\/le-plateau-de-cavillore-balcon-de-la-cote-dazur\/#primaryimage\",\"url\":\"https:\/\/i0.wp.com\/voyages-en-france.fr\/wp-content\/uploads\/2024\/03\/P2190798-scaled.jpg?fit=2560%2C1707&ssl=1\",\"contentUrl\":\"https:\/\/i0.wp.com\/voyages-en-france.fr\/wp-content\/uploads\/2024\/03\/P2190798-scaled.jpg?fit=2560%2C1707&ssl=1\",\"width\":2560,\"height\":1707,\"caption\":\"Plateau de Cavillore\"},{\"@type\":\"BreadcrumbList\",\"@id\":\"https:\/\/voyages-en-france.fr\/index.php\/2024\/03\/07\/le-plateau-de-cavillore-balcon-de-la-cote-dazur\/#breadcrumb\",\"itemListElement\":[{\"@type\":\"ListItem\",\"position\":1,\"name\":\"Accueil\",\"item\":\"https:\/\/voyages-en-france.fr\/\"},{\"@type\":\"ListItem\",\"position\":2,\"name\":\"Le Plateau de Cavillore, balcon de la C\u00f4te d&rsquo;Azur\"}]},{\"@type\":\"WebSite\",\"@id\":\"https:\/\/voyages-en-france.fr\/#website\",\"url\":\"https:\/\/voyages-en-france.fr\/\",\"name\":\"Voyages-en-France.fr\",\"description\":\"D\u00e9couvrir la France, son patrimoine, ses richesses naturelles, son histoire...\",\"publisher\":{\"@id\":\"https:\/\/voyages-en-france.fr\/#\/schema\/person\/611a624b57cd68dd2e4c3f7d385420e2\"},\"potentialAction\":[{\"@type\":\"SearchAction\",\"target\":{\"@type\":\"EntryPoint\",\"urlTemplate\":\"https:\/\/voyages-en-france.fr\/?s={search_term_string}\"},\"query-input\":{\"@type\":\"PropertyValueSpecification\",\"valueRequired\":true,\"valueName\":\"search_term_string\"}}],\"inLanguage\":\"fr-FR\"},{\"@type\":[\"Person\",\"Organization\"],\"@id\":\"https:\/\/voyages-en-france.fr\/#\/schema\/person\/611a624b57cd68dd2e4c3f7d385420e2\",\"name\":\"Christophe\",\"image\":{\"@type\":\"ImageObject\",\"inLanguage\":\"fr-FR\",\"@id\":\"https:\/\/voyages-en-france.fr\/#\/schema\/person\/image\/\",\"url\":\"https:\/\/i0.wp.com\/voyages-en-france.fr\/wp-content\/uploads\/2017\/11\/cropped-FRANCE-1.jpg?fit=324%2C324&ssl=1\",\"contentUrl\":\"https:\/\/i0.wp.com\/voyages-en-france.fr\/wp-content\/uploads\/2017\/11\/cropped-FRANCE-1.jpg?fit=324%2C324&ssl=1\",\"width\":324,\"height\":324,\"caption\":\"Christophe\"},\"logo\":{\"@id\":\"https:\/\/voyages-en-france.fr\/#\/schema\/person\/image\/\"},\"sameAs\":[\"http:\/\/voyages-en-france.fr\/\",\"https:\/\/www.facebook.com\/voyages.au.coeur.de.la.france\/\",\"https:\/\/www.instagram.com\/voyages_en_france\/\",\"https:\/\/x.com\/Voyages_France\"]}]}<\/script>\n<!-- \/ Yoast SEO plugin. -->","yoast_head_json":{"title":"Le Plateau de Cavillore, balcon de la C\u00f4te d'Azur","description":"Le Plateau de Cavillore, balcon de la C\u00f4te d'Azur Une balade spectaculaire en pleine nature au dessus de Gourdon","robots":{"index":"index","follow":"follow","max-snippet":"max-snippet:-1","max-image-preview":"max-image-preview:large","max-video-preview":"max-video-preview:-1"},"canonical":"https:\/\/voyages-en-france.fr\/index.php\/2024\/03\/07\/le-plateau-de-cavillore-balcon-de-la-cote-dazur\/","og_locale":"fr_FR","og_type":"article","og_title":"Le Plateau de Cavillore, balcon de la C\u00f4te d'Azur","og_description":"Le Plateau de Cavillore, balcon de la C\u00f4te d'Azur Une balade spectaculaire en pleine nature au dessus de Gourdon","og_url":"https:\/\/voyages-en-france.fr\/index.php\/2024\/03\/07\/le-plateau-de-cavillore-balcon-de-la-cote-dazur\/","og_site_name":"Voyages-en-France.fr","article_publisher":"https:\/\/www.facebook.com\/voyages.au.coeur.de.la.france\/","article_author":"https:\/\/www.facebook.com\/voyages.au.coeur.de.la.france\/","article_published_time":"2024-03-07T00:01:08+00:00","article_modified_time":"2024-03-07T00:03:04+00:00","og_image":[{"width":2560,"height":1707,"url":"https:\/\/voyages-en-france.fr\/wp-content\/uploads\/2024\/03\/P2190798-scaled.jpg","type":"image\/jpeg"}],"author":"Christophe","twitter_card":"summary_large_image","twitter_creator":"@Voyages_France","twitter_site":"@Voyages_France","twitter_misc":{"\u00c9crit par":"Christophe","Dur\u00e9e de lecture estim\u00e9e":"5 minutes"},"schema":{"@context":"https:\/\/schema.org","@graph":[{"@type":"Article","@id":"https:\/\/voyages-en-france.fr\/index.php\/2024\/03\/07\/le-plateau-de-cavillore-balcon-de-la-cote-dazur\/#article","isPartOf":{"@id":"https:\/\/voyages-en-france.fr\/index.php\/2024\/03\/07\/le-plateau-de-cavillore-balcon-de-la-cote-dazur\/"},"author":{"name":"Christophe","@id":"https:\/\/voyages-en-france.fr\/#\/schema\/person\/611a624b57cd68dd2e4c3f7d385420e2"},"headline":"Le Plateau de Cavillore, balcon de la C\u00f4te d&rsquo;Azur","datePublished":"2024-03-07T00:01:08+00:00","dateModified":"2024-03-07T00:03:04+00:00","mainEntityOfPage":{"@id":"https:\/\/voyages-en-france.fr\/index.php\/2024\/03\/07\/le-plateau-de-cavillore-balcon-de-la-cote-dazur\/"},"wordCount":411,"commentCount":0,"publisher":{"@id":"https:\/\/voyages-en-france.fr\/#\/schema\/person\/611a624b57cd68dd2e4c3f7d385420e2"},"image":{"@id":"https:\/\/voyages-en-france.fr\/index.php\/2024\/03\/07\/le-plateau-de-cavillore-balcon-de-la-cote-dazur\/#primaryimage"},"thumbnailUrl":"https:\/\/i0.wp.com\/voyages-en-france.fr\/wp-content\/uploads\/2024\/03\/P2190798-scaled.jpg?fit=2560%2C1707&ssl=1","keywords":["06","Alpes Maritimes","Cavillore","Gourdon","Plateau de Cavillore","Provence Alpes C\u00f4te d'Azur"],"articleSection":["chemin","fort","gouffre","Site naturel","village","village perch\u00e9"],"inLanguage":"fr-FR","potentialAction":[{"@type":"CommentAction","name":"Comment","target":["https:\/\/voyages-en-france.fr\/index.php\/2024\/03\/07\/le-plateau-de-cavillore-balcon-de-la-cote-dazur\/#respond"]}]},{"@type":"WebPage","@id":"https:\/\/voyages-en-france.fr\/index.php\/2024\/03\/07\/le-plateau-de-cavillore-balcon-de-la-cote-dazur\/","url":"https:\/\/voyages-en-france.fr\/index.php\/2024\/03\/07\/le-plateau-de-cavillore-balcon-de-la-cote-dazur\/","name":"Le Plateau de Cavillore, balcon de la C\u00f4te d'Azur","isPartOf":{"@id":"https:\/\/voyages-en-france.fr\/#website"},"primaryImageOfPage":{"@id":"https:\/\/voyages-en-france.fr\/index.php\/2024\/03\/07\/le-plateau-de-cavillore-balcon-de-la-cote-dazur\/#primaryimage"},"image":{"@id":"https:\/\/voyages-en-france.fr\/index.php\/2024\/03\/07\/le-plateau-de-cavillore-balcon-de-la-cote-dazur\/#primaryimage"},"thumbnailUrl":"https:\/\/i0.wp.com\/voyages-en-france.fr\/wp-content\/uploads\/2024\/03\/P2190798-scaled.jpg?fit=2560%2C1707&ssl=1","datePublished":"2024-03-07T00:01:08+00:00","dateModified":"2024-03-07T00:03:04+00:00","description":"Le Plateau de Cavillore, balcon de la C\u00f4te d'Azur Une balade spectaculaire en pleine nature au dessus de Gourdon","breadcrumb":{"@id":"https:\/\/voyages-en-france.fr\/index.php\/2024\/03\/07\/le-plateau-de-cavillore-balcon-de-la-cote-dazur\/#breadcrumb"},"inLanguage":"fr-FR","potentialAction":[{"@type":"ReadAction","target":["https:\/\/voyages-en-france.fr\/index.php\/2024\/03\/07\/le-plateau-de-cavillore-balcon-de-la-cote-dazur\/"]}]},{"@type":"ImageObject","inLanguage":"fr-FR","@id":"https:\/\/voyages-en-france.fr\/index.php\/2024\/03\/07\/le-plateau-de-cavillore-balcon-de-la-cote-dazur\/#primaryimage","url":"https:\/\/i0.wp.com\/voyages-en-france.fr\/wp-content\/uploads\/2024\/03\/P2190798-scaled.jpg?fit=2560%2C1707&ssl=1","contentUrl":"https:\/\/i0.wp.com\/voyages-en-france.fr\/wp-content\/uploads\/2024\/03\/P2190798-scaled.jpg?fit=2560%2C1707&ssl=1","width":2560,"height":1707,"caption":"Plateau de Cavillore"},{"@type":"BreadcrumbList","@id":"https:\/\/voyages-en-france.fr\/index.php\/2024\/03\/07\/le-plateau-de-cavillore-balcon-de-la-cote-dazur\/#breadcrumb","itemListElement":[{"@type":"ListItem","position":1,"name":"Accueil","item":"https:\/\/voyages-en-france.fr\/"},{"@type":"ListItem","position":2,"name":"Le Plateau de Cavillore, balcon de la C\u00f4te d&rsquo;Azur"}]},{"@type":"WebSite","@id":"https:\/\/voyages-en-france.fr\/#website","url":"https:\/\/voyages-en-france.fr\/","name":"Voyages-en-France.fr","description":"D\u00e9couvrir la France, son patrimoine, ses richesses naturelles, son histoire...","publisher":{"@id":"https:\/\/voyages-en-france.fr\/#\/schema\/person\/611a624b57cd68dd2e4c3f7d385420e2"},"potentialAction":[{"@type":"SearchAction","target":{"@type":"EntryPoint","urlTemplate":"https:\/\/voyages-en-france.fr\/?s={search_term_string}"},"query-input":{"@type":"PropertyValueSpecification","valueRequired":true,"valueName":"search_term_string"}}],"inLanguage":"fr-FR"},{"@type":["Person","Organization"],"@id":"https:\/\/voyages-en-france.fr\/#\/schema\/person\/611a624b57cd68dd2e4c3f7d385420e2","name":"Christophe","image":{"@type":"ImageObject","inLanguage":"fr-FR","@id":"https:\/\/voyages-en-france.fr\/#\/schema\/person\/image\/","url":"https:\/\/i0.wp.com\/voyages-en-france.fr\/wp-content\/uploads\/2017\/11\/cropped-FRANCE-1.jpg?fit=324%2C324&ssl=1","contentUrl":"https:\/\/i0.wp.com\/voyages-en-france.fr\/wp-content\/uploads\/2017\/11\/cropped-FRANCE-1.jpg?fit=324%2C324&ssl=1","width":324,"height":324,"caption":"Christophe"},"logo":{"@id":"https:\/\/voyages-en-france.fr\/#\/schema\/person\/image\/"},"sameAs":["http:\/\/voyages-en-france.fr\/","https:\/\/www.facebook.com\/voyages.au.coeur.de.la.france\/","https:\/\/www.instagram.com\/voyages_en_france\/","https:\/\/x.com\/Voyages_France"]}]}},"jetpack_publicize_connections":[],"jetpack_featured_media_url":"https:\/\/i0.wp.com\/voyages-en-france.fr\/wp-content\/uploads\/2024\/03\/P2190798-scaled.jpg?fit=2560%2C1707&ssl=1","jetpack_sharing_enabled":true,"jetpack_shortlink":"https:\/\/wp.me\/p9pWxx-KU","jetpack_likes_enabled":true,"_links":{"self":[{"href":"https:\/\/voyages-en-france.fr\/index.php\/wp-json\/wp\/v2\/posts\/2908","targetHints":{"allow":["GET"]}}],"collection":[{"href":"https:\/\/voyages-en-france.fr\/index.php\/wp-json\/wp\/v2\/posts"}],"about":[{"href":"https:\/\/voyages-en-france.fr\/index.php\/wp-json\/wp\/v2\/types\/post"}],"author":[{"embeddable":true,"href":"https:\/\/voyages-en-france.fr\/index.php\/wp-json\/wp\/v2\/users\/1"}],"replies":[{"embeddable":true,"href":"https:\/\/voyages-en-france.fr\/index.php\/wp-json\/wp\/v2\/comments?post=2908"}],"version-history":[{"count":4,"href":"https:\/\/voyages-en-france.fr\/index.php\/wp-json\/wp\/v2\/posts\/2908\/revisions"}],"predecessor-version":[{"id":2912,"href":"https:\/\/voyages-en-france.fr\/index.php\/wp-json\/wp\/v2\/posts\/2908\/revisions\/2912"}],"wp:featuredmedia":[{"embeddable":true,"href":"https:\/\/voyages-en-france.fr\/index.php\/wp-json\/wp\/v2\/media\/2907"}],"wp:attachment":[{"href":"https:\/\/voyages-en-france.fr\/index.php\/wp-json\/wp\/v2\/media?parent=2908"}],"wp:term":[{"taxonomy":"category","embeddable":true,"href":"https:\/\/voyages-en-france.fr\/index.php\/wp-json\/wp\/v2\/categories?post=2908"},{"taxonomy":"post_tag","embeddable":true,"href":"https:\/\/voyages-en-france.fr\/index.php\/wp-json\/wp\/v2\/tags?post=2908"}],"curies":[{"name":"wp","href":"https:\/\/api.w.org\/{rel}","templated":true}]}}