{"id":2543,"date":"2022-08-01T20:08:39","date_gmt":"2022-08-01T18:08:39","guid":{"rendered":"https:\/\/voyages-en-france.fr\/?p=2543"},"modified":"2022-11-01T08:34:51","modified_gmt":"2022-11-01T07:34:51","slug":"rodez-chef-lieu-de-laveyron-et-ancienne-capitale-du-rouergue","status":"publish","type":"post","link":"https:\/\/voyages-en-france.fr\/index.php\/2022\/08\/01\/rodez-chef-lieu-de-laveyron-et-ancienne-capitale-du-rouergue\/","title":{"rendered":"Rodez, chef lieu de l&rsquo;Aveyron et ancienne capitale du Rouergue"},"content":{"rendered":"<span itemprop=\"description\"><h2>Rodez au c\u0153ur de l&rsquo;Aveyron<\/h2>\n<p>Ancienne capitale du Rouergue, la ville est si\u00e8ge du dioc\u00e8se de Rodez et Vabres. Ses habitants sont appel\u00e9s les Ruth\u00e9nois, du nom des Rut\u00e8nes, peuplade gauloise qui occupait jadis le territoire, l&rsquo;ancien gentil\u00e9 \u00ab Rodanois \u00bb ayant c\u00e9d\u00e9 la place \u00e0 cette forme savante.<\/p>\n<p style=\"text-align: center;\"><iframe loading=\"lazy\" style=\"border: 0;\" src=\"https:\/\/www.google.com\/maps\/embed?pb=!1m18!1m12!1m3!1d1122430.64330961!2d1.4375364391935233!3d44.5562579815059!2m3!1f0!2f0!3f0!3m2!1i1024!2i768!4f13.1!3m3!1m2!1s0x12b27da213d979e9%3A0x31c7c686fd5ded4e!2sCath%C3%A9drale%20Notre-Dame%20de%20l'Assomption%20de%20Rodez!5e0!3m2!1sfr!2sfr!4v1659377246079!5m2!1sfr!2sfr\" width=\"1200\" height=\"600\" allowfullscreen=\"allowfullscreen\"><span data-mce-type=\"bookmark\" style=\"display: inline-block; width: 0px; overflow: hidden; line-height: 0;\" class=\"mce_SELRES_start\">\ufeff<\/span><\/iframe><\/p>\n<p>Le territoire de Rodez est un condens\u00e9 d&rsquo;une diversit\u00e9 g\u00e9ologique. Il est \u00e0 cheval sur le socle ancien du S\u00e9gala form\u00e9 de terres siliceuses acides, des Rougiers au sol constitu\u00e9 d&rsquo;argilites rouges, et des causses compos\u00e9s de calcaires et de marnes. La ville a \u00e9t\u00e9 construite sur un relief isol\u00e9 de forme conique, localement appel\u00e9 \u00ab Le Piton \u00bb, et s\u2019est peu \u00e0 peu \u00e9tendue sur les pentes avoisinantes. Au centre de ce piton se dresse la cath\u00e9drale de Notre Dame de Rodez, son aspect imposant avec ses 2 tours en pierres roses qui faisait partie des remparts de la ville et son clocher tr\u00e8s haut et tr\u00e8s travaill\u00e9!<\/p>\n<figure id=\"attachment_2547\" aria-describedby=\"caption-attachment-2547\" style=\"width: 1024px\" class=\"wp-caption aligncenter\"><img data-recalc-dims=\"1\" loading=\"lazy\" decoding=\"async\" data-attachment-id=\"2547\" data-permalink=\"https:\/\/voyages-en-france.fr\/index.php\/2022\/08\/01\/rodez-chef-lieu-de-laveyron-et-ancienne-capitale-du-rouergue\/p2250932-1600x1200\/\" data-orig-file=\"https:\/\/i0.wp.com\/voyages-en-france.fr\/wp-content\/uploads\/2022\/08\/P2250932-1600x1200-1.jpg?fit=1600%2C1067&amp;ssl=1\" data-orig-size=\"1600,1067\" data-comments-opened=\"1\" data-image-meta=\"{&quot;aperture&quot;:&quot;2.8&quot;,&quot;credit&quot;:&quot;&quot;,&quot;camera&quot;:&quot;DMC-FZ1000&quot;,&quot;caption&quot;:&quot;&quot;,&quot;created_timestamp&quot;:&quot;1657818262&quot;,&quot;copyright&quot;:&quot;&quot;,&quot;focal_length&quot;:&quot;9.12&quot;,&quot;iso&quot;:&quot;125&quot;,&quot;shutter_speed&quot;:&quot;0.001&quot;,&quot;title&quot;:&quot;&quot;,&quot;orientation&quot;:&quot;1&quot;}\" data-image-title=\"P2250932 [1600&#215;1200]\" data-image-description=\"&lt;p&gt;Rodez centre&lt;\/p&gt;\n\" data-image-caption=\"&lt;p&gt;Rodez centre&lt;\/p&gt;\n\" data-medium-file=\"https:\/\/i0.wp.com\/voyages-en-france.fr\/wp-content\/uploads\/2022\/08\/P2250932-1600x1200-1.jpg?fit=300%2C200&amp;ssl=1\" data-large-file=\"https:\/\/i0.wp.com\/voyages-en-france.fr\/wp-content\/uploads\/2022\/08\/P2250932-1600x1200-1.jpg?fit=1024%2C683&amp;ssl=1\" class=\"size-large wp-image-2547\" src=\"https:\/\/i0.wp.com\/voyages-en-france.fr\/wp-content\/uploads\/2022\/08\/P2250932-1600x1200-1.jpg?resize=1024%2C683&#038;ssl=1\" alt=\"Rodez centre\" width=\"1024\" height=\"683\" srcset=\"https:\/\/i0.wp.com\/voyages-en-france.fr\/wp-content\/uploads\/2022\/08\/P2250932-1600x1200-1.jpg?resize=1024%2C683&amp;ssl=1 1024w, https:\/\/i0.wp.com\/voyages-en-france.fr\/wp-content\/uploads\/2022\/08\/P2250932-1600x1200-1.jpg?resize=300%2C200&amp;ssl=1 300w, https:\/\/i0.wp.com\/voyages-en-france.fr\/wp-content\/uploads\/2022\/08\/P2250932-1600x1200-1.jpg?resize=768%2C512&amp;ssl=1 768w, https:\/\/i0.wp.com\/voyages-en-france.fr\/wp-content\/uploads\/2022\/08\/P2250932-1600x1200-1.jpg?resize=1536%2C1024&amp;ssl=1 1536w, https:\/\/i0.wp.com\/voyages-en-france.fr\/wp-content\/uploads\/2022\/08\/P2250932-1600x1200-1.jpg?resize=1200%2C800&amp;ssl=1 1200w, https:\/\/i0.wp.com\/voyages-en-france.fr\/wp-content\/uploads\/2022\/08\/P2250932-1600x1200-1.jpg?w=1600&amp;ssl=1 1600w\" sizes=\"auto, (max-width: 1024px) 100vw, 1024px\" \/><figcaption id=\"caption-attachment-2547\" class=\"wp-caption-text\">Rodez centre<\/figcaption><\/figure>\n<p>&nbsp;<\/p>\n<h2>Cath\u00e9drale Notre Dame<\/h2>\n<p>Rodez et le pays des Rut\u00e8nes sont christianis\u00e9s \u00e0 la fin du IIIe si\u00e8cle par saint Martial, et, au milieu du Ve si\u00e8cle par saint Amans, premier \u00e9v\u00eaque de Rodez. L&rsquo;\u00e9v\u00each\u00e9\u00a0 est cit\u00e9 pour la premi\u00e8re fois par Sidoine Apollinaire, \u00e9v\u00eaque de Clermont, dans une lettre qu&rsquo;il a envoy\u00e9e \u00e0 Elaphius de Rodez, en 485, et qui a consacr\u00e9 le baptist\u00e8re. Cette lettre cite une nouvelle \u00e9glise, la cath\u00e9drale premi\u00e8re cath\u00e9drale de Rodez4. La cath\u00e9drale se trouvait d\u00e9j\u00e0 \u00e0 proximit\u00e9 de l&#8217;emplacement actuel. Elle \u00e9tait hors de l&rsquo;enceinte du Bas-Empire. La cath\u00e9drale ne sera \u00e0 l&rsquo;int\u00e9rieur des remparts qu&rsquo;apr\u00e8s sa reconstruction au XIIe si\u00e8cle. Ce dernier point surprend le visiteur, en effet la ou s&rsquo;attendrait \u00e0 trouver les portes principales, se trouve un mur imposant car ce mur de la cath\u00e9drale participait \u00e0 la fortification.<\/p>\n<figure id=\"attachment_2552\" aria-describedby=\"caption-attachment-2552\" style=\"width: 1024px\" class=\"wp-caption aligncenter\"><img data-recalc-dims=\"1\" loading=\"lazy\" decoding=\"async\" data-attachment-id=\"2552\" data-permalink=\"https:\/\/voyages-en-france.fr\/index.php\/2022\/08\/01\/rodez-chef-lieu-de-laveyron-et-ancienne-capitale-du-rouergue\/p2250809-1600x1200\/\" data-orig-file=\"https:\/\/i0.wp.com\/voyages-en-france.fr\/wp-content\/uploads\/2022\/08\/P2250809-1600x1200-1.jpg?fit=1600%2C1067&amp;ssl=1\" data-orig-size=\"1600,1067\" data-comments-opened=\"1\" data-image-meta=\"{&quot;aperture&quot;:&quot;2.8&quot;,&quot;credit&quot;:&quot;&quot;,&quot;camera&quot;:&quot;DMC-FZ1000&quot;,&quot;caption&quot;:&quot;&quot;,&quot;created_timestamp&quot;:&quot;1657815074&quot;,&quot;copyright&quot;:&quot;&quot;,&quot;focal_length&quot;:&quot;9.12&quot;,&quot;iso&quot;:&quot;125&quot;,&quot;shutter_speed&quot;:&quot;0.0025&quot;,&quot;title&quot;:&quot;&quot;,&quot;orientation&quot;:&quot;1&quot;}\" data-image-title=\"P2250809 [1600&#215;1200]\" data-image-description=\"&lt;p&gt;Cath\u00e9drale de Rodez&lt;\/p&gt;\n\" data-image-caption=\"&lt;p&gt;Cath\u00e9drale de Rodez&lt;\/p&gt;\n\" data-medium-file=\"https:\/\/i0.wp.com\/voyages-en-france.fr\/wp-content\/uploads\/2022\/08\/P2250809-1600x1200-1.jpg?fit=300%2C200&amp;ssl=1\" data-large-file=\"https:\/\/i0.wp.com\/voyages-en-france.fr\/wp-content\/uploads\/2022\/08\/P2250809-1600x1200-1.jpg?fit=1024%2C683&amp;ssl=1\" class=\"size-large wp-image-2552\" src=\"https:\/\/i0.wp.com\/voyages-en-france.fr\/wp-content\/uploads\/2022\/08\/P2250809-1600x1200-1.jpg?resize=1024%2C683&#038;ssl=1\" alt=\"Cath\u00e9drale de Rodez\" width=\"1024\" height=\"683\" srcset=\"https:\/\/i0.wp.com\/voyages-en-france.fr\/wp-content\/uploads\/2022\/08\/P2250809-1600x1200-1.jpg?resize=1024%2C683&amp;ssl=1 1024w, https:\/\/i0.wp.com\/voyages-en-france.fr\/wp-content\/uploads\/2022\/08\/P2250809-1600x1200-1.jpg?resize=300%2C200&amp;ssl=1 300w, https:\/\/i0.wp.com\/voyages-en-france.fr\/wp-content\/uploads\/2022\/08\/P2250809-1600x1200-1.jpg?resize=768%2C512&amp;ssl=1 768w, https:\/\/i0.wp.com\/voyages-en-france.fr\/wp-content\/uploads\/2022\/08\/P2250809-1600x1200-1.jpg?resize=1536%2C1024&amp;ssl=1 1536w, https:\/\/i0.wp.com\/voyages-en-france.fr\/wp-content\/uploads\/2022\/08\/P2250809-1600x1200-1.jpg?resize=1200%2C800&amp;ssl=1 1200w, https:\/\/i0.wp.com\/voyages-en-france.fr\/wp-content\/uploads\/2022\/08\/P2250809-1600x1200-1.jpg?w=1600&amp;ssl=1 1600w\" sizes=\"auto, (max-width: 1024px) 100vw, 1024px\" \/><figcaption id=\"caption-attachment-2552\" class=\"wp-caption-text\">Cath\u00e9drale de Rodez<\/figcaption><\/figure>\n<p>La cath\u00e9drale Notre-Dame de Rodez, place d&rsquo;Armes, est le principal \u00e9difice religieux du d\u00e9partement. Br\u00fbl\u00e9e, endommag\u00e9e au cours des si\u00e8cles, la cath\u00e9drale de Rodez constitue un remarquable condens\u00e9 des styles architecturaux du XIIIe au XVIIe si\u00e8cle : gothique, Renaissance et \u00e9l\u00e9ments de d\u00e9coration int\u00e9rieure baroques. Elle poss\u00e8de des dimensions imposantes ; la nef centrale, assez \u00e9troite, se d\u00e9veloppe sur 102 m de long et poss\u00e8de une \u00e9l\u00e9vation particuli\u00e8rement gracieuse (30 m\u00e8tres).<\/p>\n<p>Autre particularit\u00e9, l&rsquo;autel principal est maintenant\u00a0 c\u00f4t\u00e9 ouest et non est! le long du mur de fortification o\u00f9 l&rsquo;on s&rsquo;attendait \u00e0 trouver l&rsquo;entr\u00e9e!<\/p>\n<figure id=\"attachment_2546\" aria-describedby=\"caption-attachment-2546\" style=\"width: 683px\" class=\"wp-caption aligncenter\"><img data-recalc-dims=\"1\" loading=\"lazy\" decoding=\"async\" data-attachment-id=\"2546\" data-permalink=\"https:\/\/voyages-en-france.fr\/index.php\/2022\/08\/01\/rodez-chef-lieu-de-laveyron-et-ancienne-capitale-du-rouergue\/p2250938-1600x1200\/\" data-orig-file=\"https:\/\/i0.wp.com\/voyages-en-france.fr\/wp-content\/uploads\/2022\/08\/P2250938-1600x1200-1.jpg?fit=800%2C1200&amp;ssl=1\" data-orig-size=\"800,1200\" data-comments-opened=\"1\" data-image-meta=\"{&quot;aperture&quot;:&quot;4&quot;,&quot;credit&quot;:&quot;&quot;,&quot;camera&quot;:&quot;DMC-FZ1000&quot;,&quot;caption&quot;:&quot;&quot;,&quot;created_timestamp&quot;:&quot;1657818309&quot;,&quot;copyright&quot;:&quot;&quot;,&quot;focal_length&quot;:&quot;85.83&quot;,&quot;iso&quot;:&quot;125&quot;,&quot;shutter_speed&quot;:&quot;0.004&quot;,&quot;title&quot;:&quot;&quot;,&quot;orientation&quot;:&quot;1&quot;}\" data-image-title=\"P2250938 [1600&#215;1200]\" data-image-description=\"&lt;p&gt;Clocher de la cath\u00e9drale de Rodez&lt;\/p&gt;\n\" data-image-caption=\"&lt;p&gt;Clocher de la cath\u00e9drale de Rodez&lt;\/p&gt;\n\" data-medium-file=\"https:\/\/i0.wp.com\/voyages-en-france.fr\/wp-content\/uploads\/2022\/08\/P2250938-1600x1200-1.jpg?fit=200%2C300&amp;ssl=1\" data-large-file=\"https:\/\/i0.wp.com\/voyages-en-france.fr\/wp-content\/uploads\/2022\/08\/P2250938-1600x1200-1.jpg?fit=683%2C1024&amp;ssl=1\" class=\"size-large wp-image-2546\" src=\"https:\/\/i0.wp.com\/voyages-en-france.fr\/wp-content\/uploads\/2022\/08\/P2250938-1600x1200-1.jpg?resize=683%2C1024&#038;ssl=1\" alt=\"Clocher de la cath\u00e9drale de Rodez\" width=\"683\" height=\"1024\" srcset=\"https:\/\/i0.wp.com\/voyages-en-france.fr\/wp-content\/uploads\/2022\/08\/P2250938-1600x1200-1.jpg?resize=683%2C1024&amp;ssl=1 683w, https:\/\/i0.wp.com\/voyages-en-france.fr\/wp-content\/uploads\/2022\/08\/P2250938-1600x1200-1.jpg?resize=200%2C300&amp;ssl=1 200w, https:\/\/i0.wp.com\/voyages-en-france.fr\/wp-content\/uploads\/2022\/08\/P2250938-1600x1200-1.jpg?resize=768%2C1152&amp;ssl=1 768w, https:\/\/i0.wp.com\/voyages-en-france.fr\/wp-content\/uploads\/2022\/08\/P2250938-1600x1200-1.jpg?w=800&amp;ssl=1 800w\" sizes=\"auto, (max-width: 683px) 100vw, 683px\" \/><figcaption id=\"caption-attachment-2546\" class=\"wp-caption-text\">Clocher de la cath\u00e9drale de Rodez<\/figcaption><\/figure>\n<p>L&rsquo;\u00e9difice est dot\u00e9 d&rsquo;un superbe clocher, v\u00e9ritable dentelle de pierre de gr\u00e8s rose, rep\u00e9rable de loin, dominant le sommet de la cit\u00e9 de ses 87 m\u00e8tres, qui en fait le plus haut clocher plat de France. 400 marches sont \u00e0 gravir pour acc\u00e9der \u00e0 la statue de la Vierge situ\u00e9 en haut du clocher et au panorama de la ville. La nuit, elle est illumin\u00e9e de l&rsquo;int\u00e9rieur.<\/p>\n<figure id=\"attachment_2551\" aria-describedby=\"caption-attachment-2551\" style=\"width: 1024px\" class=\"wp-caption aligncenter\"><img data-recalc-dims=\"1\" loading=\"lazy\" decoding=\"async\" data-attachment-id=\"2551\" data-permalink=\"https:\/\/voyages-en-france.fr\/index.php\/2022\/08\/01\/rodez-chef-lieu-de-laveyron-et-ancienne-capitale-du-rouergue\/p2250869-1600x1200\/\" data-orig-file=\"https:\/\/i0.wp.com\/voyages-en-france.fr\/wp-content\/uploads\/2022\/08\/P2250869-1600x1200-1.jpg?fit=1600%2C1067&amp;ssl=1\" data-orig-size=\"1600,1067\" data-comments-opened=\"1\" data-image-meta=\"{&quot;aperture&quot;:&quot;2.8&quot;,&quot;credit&quot;:&quot;&quot;,&quot;camera&quot;:&quot;DMC-FZ1000&quot;,&quot;caption&quot;:&quot;&quot;,&quot;created_timestamp&quot;:&quot;1657816654&quot;,&quot;copyright&quot;:&quot;&quot;,&quot;focal_length&quot;:&quot;9.12&quot;,&quot;iso&quot;:&quot;1600&quot;,&quot;shutter_speed&quot;:&quot;0.066666666666667&quot;,&quot;title&quot;:&quot;&quot;,&quot;orientation&quot;:&quot;1&quot;}\" data-image-title=\"P2250869 [1600&#215;1200]\" data-image-description=\"&lt;p&gt;Cath\u00e9drale de Rodez&lt;\/p&gt;\n\" data-image-caption=\"&lt;p&gt;Cath\u00e9drale de Rodez&lt;\/p&gt;\n\" data-medium-file=\"https:\/\/i0.wp.com\/voyages-en-france.fr\/wp-content\/uploads\/2022\/08\/P2250869-1600x1200-1.jpg?fit=300%2C200&amp;ssl=1\" data-large-file=\"https:\/\/i0.wp.com\/voyages-en-france.fr\/wp-content\/uploads\/2022\/08\/P2250869-1600x1200-1.jpg?fit=1024%2C683&amp;ssl=1\" class=\"size-large wp-image-2551\" src=\"https:\/\/i0.wp.com\/voyages-en-france.fr\/wp-content\/uploads\/2022\/08\/P2250869-1600x1200-1.jpg?resize=1024%2C683&#038;ssl=1\" alt=\"Cath\u00e9drale de Rodez\" width=\"1024\" height=\"683\" srcset=\"https:\/\/i0.wp.com\/voyages-en-france.fr\/wp-content\/uploads\/2022\/08\/P2250869-1600x1200-1.jpg?resize=1024%2C683&amp;ssl=1 1024w, https:\/\/i0.wp.com\/voyages-en-france.fr\/wp-content\/uploads\/2022\/08\/P2250869-1600x1200-1.jpg?resize=300%2C200&amp;ssl=1 300w, https:\/\/i0.wp.com\/voyages-en-france.fr\/wp-content\/uploads\/2022\/08\/P2250869-1600x1200-1.jpg?resize=768%2C512&amp;ssl=1 768w, https:\/\/i0.wp.com\/voyages-en-france.fr\/wp-content\/uploads\/2022\/08\/P2250869-1600x1200-1.jpg?resize=1536%2C1024&amp;ssl=1 1536w, https:\/\/i0.wp.com\/voyages-en-france.fr\/wp-content\/uploads\/2022\/08\/P2250869-1600x1200-1.jpg?resize=1200%2C800&amp;ssl=1 1200w, https:\/\/i0.wp.com\/voyages-en-france.fr\/wp-content\/uploads\/2022\/08\/P2250869-1600x1200-1.jpg?w=1600&amp;ssl=1 1600w\" sizes=\"auto, (max-width: 1024px) 100vw, 1024px\" \/><figcaption id=\"caption-attachment-2551\" class=\"wp-caption-text\">Cath\u00e9drale de Rodez<\/figcaption><\/figure>\n<figure id=\"attachment_2550\" aria-describedby=\"caption-attachment-2550\" style=\"width: 1024px\" class=\"wp-caption aligncenter\"><img data-recalc-dims=\"1\" loading=\"lazy\" decoding=\"async\" data-attachment-id=\"2550\" data-permalink=\"https:\/\/voyages-en-france.fr\/index.php\/2022\/08\/01\/rodez-chef-lieu-de-laveyron-et-ancienne-capitale-du-rouergue\/p2250871-1600x1200\/\" data-orig-file=\"https:\/\/i0.wp.com\/voyages-en-france.fr\/wp-content\/uploads\/2022\/08\/P2250871-1600x1200-1.jpg?fit=1600%2C1067&amp;ssl=1\" data-orig-size=\"1600,1067\" data-comments-opened=\"1\" data-image-meta=\"{&quot;aperture&quot;:&quot;3.1&quot;,&quot;credit&quot;:&quot;&quot;,&quot;camera&quot;:&quot;DMC-FZ1000&quot;,&quot;caption&quot;:&quot;&quot;,&quot;created_timestamp&quot;:&quot;1657816661&quot;,&quot;copyright&quot;:&quot;&quot;,&quot;focal_length&quot;:&quot;14.5&quot;,&quot;iso&quot;:&quot;1600&quot;,&quot;shutter_speed&quot;:&quot;0.066666666666667&quot;,&quot;title&quot;:&quot;&quot;,&quot;orientation&quot;:&quot;1&quot;}\" data-image-title=\"P2250871 [1600&#215;1200]\" data-image-description=\"&lt;p&gt;Mise au tombeau offerte par le chanoine Galhard Roux&lt;\/p&gt;\n\" data-image-caption=\"&lt;p&gt;Mise au tombeau offerte par le chanoine Galhard Roux&lt;\/p&gt;\n\" data-medium-file=\"https:\/\/i0.wp.com\/voyages-en-france.fr\/wp-content\/uploads\/2022\/08\/P2250871-1600x1200-1.jpg?fit=300%2C200&amp;ssl=1\" data-large-file=\"https:\/\/i0.wp.com\/voyages-en-france.fr\/wp-content\/uploads\/2022\/08\/P2250871-1600x1200-1.jpg?fit=1024%2C683&amp;ssl=1\" class=\"size-large wp-image-2550\" src=\"https:\/\/i0.wp.com\/voyages-en-france.fr\/wp-content\/uploads\/2022\/08\/P2250871-1600x1200-1.jpg?resize=1024%2C683&#038;ssl=1\" alt=\"Mise au tombeau offerte par le chanoine Galhard Roux\" width=\"1024\" height=\"683\" srcset=\"https:\/\/i0.wp.com\/voyages-en-france.fr\/wp-content\/uploads\/2022\/08\/P2250871-1600x1200-1.jpg?resize=1024%2C683&amp;ssl=1 1024w, https:\/\/i0.wp.com\/voyages-en-france.fr\/wp-content\/uploads\/2022\/08\/P2250871-1600x1200-1.jpg?resize=300%2C200&amp;ssl=1 300w, https:\/\/i0.wp.com\/voyages-en-france.fr\/wp-content\/uploads\/2022\/08\/P2250871-1600x1200-1.jpg?resize=768%2C512&amp;ssl=1 768w, https:\/\/i0.wp.com\/voyages-en-france.fr\/wp-content\/uploads\/2022\/08\/P2250871-1600x1200-1.jpg?resize=1536%2C1024&amp;ssl=1 1536w, https:\/\/i0.wp.com\/voyages-en-france.fr\/wp-content\/uploads\/2022\/08\/P2250871-1600x1200-1.jpg?resize=1200%2C800&amp;ssl=1 1200w, https:\/\/i0.wp.com\/voyages-en-france.fr\/wp-content\/uploads\/2022\/08\/P2250871-1600x1200-1.jpg?w=1600&amp;ssl=1 1600w\" sizes=\"auto, (max-width: 1024px) 100vw, 1024px\" \/><figcaption id=\"caption-attachment-2550\" class=\"wp-caption-text\">Mise au tombeau offerte par le chanoine Galhard Roux<\/figcaption><\/figure>\n<figure id=\"attachment_2548\" aria-describedby=\"caption-attachment-2548\" style=\"width: 1024px\" class=\"wp-caption aligncenter\"><img data-recalc-dims=\"1\" loading=\"lazy\" decoding=\"async\" data-attachment-id=\"2548\" data-permalink=\"https:\/\/voyages-en-france.fr\/index.php\/2022\/08\/01\/rodez-chef-lieu-de-laveyron-et-ancienne-capitale-du-rouergue\/p2250889-1600x1200\/\" data-orig-file=\"https:\/\/i0.wp.com\/voyages-en-france.fr\/wp-content\/uploads\/2022\/08\/P2250889-1600x1200-1.jpg?fit=1600%2C1067&amp;ssl=1\" data-orig-size=\"1600,1067\" data-comments-opened=\"1\" data-image-meta=\"{&quot;aperture&quot;:&quot;2.8&quot;,&quot;credit&quot;:&quot;&quot;,&quot;camera&quot;:&quot;DMC-FZ1000&quot;,&quot;caption&quot;:&quot;&quot;,&quot;created_timestamp&quot;:&quot;1657817099&quot;,&quot;copyright&quot;:&quot;&quot;,&quot;focal_length&quot;:&quot;9.12&quot;,&quot;iso&quot;:&quot;1600&quot;,&quot;shutter_speed&quot;:&quot;0.05&quot;,&quot;title&quot;:&quot;&quot;,&quot;orientation&quot;:&quot;1&quot;}\" data-image-title=\"P2250889 [1600&#215;1200]\" data-image-description=\"&lt;p&gt;Cath\u00e9drale de Rodez&lt;\/p&gt;\n\" data-image-caption=\"&lt;p&gt;Cath\u00e9drale de Rodez&lt;\/p&gt;\n\" data-medium-file=\"https:\/\/i0.wp.com\/voyages-en-france.fr\/wp-content\/uploads\/2022\/08\/P2250889-1600x1200-1.jpg?fit=300%2C200&amp;ssl=1\" data-large-file=\"https:\/\/i0.wp.com\/voyages-en-france.fr\/wp-content\/uploads\/2022\/08\/P2250889-1600x1200-1.jpg?fit=1024%2C683&amp;ssl=1\" class=\"size-large wp-image-2548\" src=\"https:\/\/i0.wp.com\/voyages-en-france.fr\/wp-content\/uploads\/2022\/08\/P2250889-1600x1200-1.jpg?resize=1024%2C683&#038;ssl=1\" alt=\"Cath\u00e9drale de Rodez\" width=\"1024\" height=\"683\" srcset=\"https:\/\/i0.wp.com\/voyages-en-france.fr\/wp-content\/uploads\/2022\/08\/P2250889-1600x1200-1.jpg?resize=1024%2C683&amp;ssl=1 1024w, https:\/\/i0.wp.com\/voyages-en-france.fr\/wp-content\/uploads\/2022\/08\/P2250889-1600x1200-1.jpg?resize=300%2C200&amp;ssl=1 300w, https:\/\/i0.wp.com\/voyages-en-france.fr\/wp-content\/uploads\/2022\/08\/P2250889-1600x1200-1.jpg?resize=768%2C512&amp;ssl=1 768w, https:\/\/i0.wp.com\/voyages-en-france.fr\/wp-content\/uploads\/2022\/08\/P2250889-1600x1200-1.jpg?resize=1536%2C1024&amp;ssl=1 1536w, https:\/\/i0.wp.com\/voyages-en-france.fr\/wp-content\/uploads\/2022\/08\/P2250889-1600x1200-1.jpg?resize=1200%2C800&amp;ssl=1 1200w, https:\/\/i0.wp.com\/voyages-en-france.fr\/wp-content\/uploads\/2022\/08\/P2250889-1600x1200-1.jpg?w=1600&amp;ssl=1 1600w\" sizes=\"auto, (max-width: 1024px) 100vw, 1024px\" \/><figcaption id=\"caption-attachment-2548\" class=\"wp-caption-text\">Cath\u00e9drale de Rodez<\/figcaption><\/figure>\n<h2>Sainte Emilie de Rodat<\/h2>\n<p>\u00c9milie de Rodat, premi\u00e8re enfant de Jean-Louis de Rodat et d\u2019Henriette de Pomayrols, est n\u00e9e le 6 septembre 1787 au ch\u00e2teau familial de Druelle (commune de Druelle-Balsac) tout proche de Rodez.\u00a0 Apr\u00e8s l\u2019\u00e9chec de trois essais de vie religieuse, elle rejoint sa grand-m\u00e8re \u00e0 Villefranche-de-Rouergue (Aveyron) dans une sorte de communaut\u00e9 regroupant d\u2019anciennes religieuses (nous sommes au lendemain de la R\u00e9volution) et des personnes pieuses.<br \/>\nEn 1815, ayant entendu quelqu\u2019un d\u00e9plorer la disparition des \u00e9coles gratuites des Ursulines, elle ouvre une \u00e9cole dans sa chambre o\u00f9 bient\u00f4t quarante \u00e9l\u00e8ves s\u2019y entassent. Elle devra plusieurs fois \u00e9migrer dans des locaux de plus en plus vastes jusqu\u2019\u00e0 ce qu\u2019elle puisse acqu\u00e9rir en 1817 l\u2019ancien couvent des Cordeliers.\u00a0C\u2019est l\u00e0 qu\u2019elle fonde la congr\u00e9gation des religieuses de la <a href=\"https:\/\/sainte-famille-villefranche.org\/\">Sainte Famille<\/a> en 1819. Les unes se vouaient \u00e0 l\u2019instruction des filles pauvres, les autres allaient soigner les malades \u00e0 domicile. \u00c0 sa mort quarante maisons avaient \u00e9t\u00e9 fond\u00e9es dans divers pays.<\/p>\n<p>Elle connut de longues ann\u00e9es, plus de vingt ans, de souffrance morales croyant avoir perdu la foi et l\u2019esp\u00e9rance, s\u2019estimant r\u00e9prouv\u00e9e. Son entourage ne s\u2019en douta jamais. Ce ne fut que dans les derni\u00e8res ann\u00e9es de sa vie qu\u2019elle recouvra la paix int\u00e9rieure et que Dieu lui fit sentir \u00e0 nouveau son amiti\u00e9. Elle meurt le 19 septembre 1852 \u00e0 Villefranche-de-Rouergue. Elle est inhum\u00e9e quatre jours plus tard dans un oratoire du jardin \u00e0 Notre Dame de la Salette, o\u00f9 des gu\u00e9risons sont obtenues gr\u00e2ce \u00e0 son intercession ; des p\u00e8lerinages ont lieu depuis. Son corps est conserv\u00e9 dans le<a href=\"https:\/\/sainte-famille-villefranche.org\/\"> couvent de la Sainte-Famille<\/a>. Elle est b\u00e9atifi\u00e9e le 9 juin 1940 et canonis\u00e9e le 23 avril 1950, d\u00e9cr\u00e9t\u00e9e \u00ab Sainte \u00bb par le pape Pie XII.<\/p>\n<figure id=\"attachment_2545\" aria-describedby=\"caption-attachment-2545\" style=\"width: 1024px\" class=\"wp-caption aligncenter\"><img data-recalc-dims=\"1\" loading=\"lazy\" decoding=\"async\" data-attachment-id=\"2545\" data-permalink=\"https:\/\/voyages-en-france.fr\/index.php\/2022\/08\/01\/rodez-chef-lieu-de-laveyron-et-ancienne-capitale-du-rouergue\/p2250949-1600x1200\/\" data-orig-file=\"https:\/\/i0.wp.com\/voyages-en-france.fr\/wp-content\/uploads\/2022\/08\/P2250949-1600x1200-1.jpg?fit=1600%2C1067&amp;ssl=1\" data-orig-size=\"1600,1067\" data-comments-opened=\"1\" data-image-meta=\"{&quot;aperture&quot;:&quot;3.8&quot;,&quot;credit&quot;:&quot;&quot;,&quot;camera&quot;:&quot;DMC-FZ1000&quot;,&quot;caption&quot;:&quot;&quot;,&quot;created_timestamp&quot;:&quot;1657819320&quot;,&quot;copyright&quot;:&quot;&quot;,&quot;focal_length&quot;:&quot;33.96&quot;,&quot;iso&quot;:&quot;125&quot;,&quot;shutter_speed&quot;:&quot;0.004&quot;,&quot;title&quot;:&quot;&quot;,&quot;orientation&quot;:&quot;1&quot;}\" data-image-title=\"P2250949 [1600&#215;1200]\" data-image-description=\"&lt;p&gt;Ch\u00e2teau de Druelle &#8211; lieu de naissance de Sainte Emilie&lt;\/p&gt;\n\" data-image-caption=\"&lt;p&gt;Ch\u00e2teau de Druelle &#8211; lieu de naissance de Sainte Emilie&lt;\/p&gt;\n\" data-medium-file=\"https:\/\/i0.wp.com\/voyages-en-france.fr\/wp-content\/uploads\/2022\/08\/P2250949-1600x1200-1.jpg?fit=300%2C200&amp;ssl=1\" data-large-file=\"https:\/\/i0.wp.com\/voyages-en-france.fr\/wp-content\/uploads\/2022\/08\/P2250949-1600x1200-1.jpg?fit=1024%2C683&amp;ssl=1\" class=\"size-large wp-image-2545\" src=\"https:\/\/i0.wp.com\/voyages-en-france.fr\/wp-content\/uploads\/2022\/08\/P2250949-1600x1200-1.jpg?resize=1024%2C683&#038;ssl=1\" alt=\"Ch\u00e2teau de Druelle - lieu de naissance de Sainte Emilie\" width=\"1024\" height=\"683\" srcset=\"https:\/\/i0.wp.com\/voyages-en-france.fr\/wp-content\/uploads\/2022\/08\/P2250949-1600x1200-1.jpg?resize=1024%2C683&amp;ssl=1 1024w, https:\/\/i0.wp.com\/voyages-en-france.fr\/wp-content\/uploads\/2022\/08\/P2250949-1600x1200-1.jpg?resize=300%2C200&amp;ssl=1 300w, https:\/\/i0.wp.com\/voyages-en-france.fr\/wp-content\/uploads\/2022\/08\/P2250949-1600x1200-1.jpg?resize=768%2C512&amp;ssl=1 768w, https:\/\/i0.wp.com\/voyages-en-france.fr\/wp-content\/uploads\/2022\/08\/P2250949-1600x1200-1.jpg?resize=1536%2C1024&amp;ssl=1 1536w, https:\/\/i0.wp.com\/voyages-en-france.fr\/wp-content\/uploads\/2022\/08\/P2250949-1600x1200-1.jpg?resize=1200%2C800&amp;ssl=1 1200w, https:\/\/i0.wp.com\/voyages-en-france.fr\/wp-content\/uploads\/2022\/08\/P2250949-1600x1200-1.jpg?w=1600&amp;ssl=1 1600w\" sizes=\"auto, (max-width: 1024px) 100vw, 1024px\" \/><figcaption id=\"caption-attachment-2545\" class=\"wp-caption-text\">Ch\u00e2teau de Druelle &#8211; lieu de naissance de Sainte Emilie<\/figcaption><\/figure>\n<figure id=\"attachment_2549\" aria-describedby=\"caption-attachment-2549\" style=\"width: 683px\" class=\"wp-caption aligncenter\"><img data-recalc-dims=\"1\" loading=\"lazy\" decoding=\"async\" data-attachment-id=\"2549\" data-permalink=\"https:\/\/voyages-en-france.fr\/index.php\/2022\/08\/01\/rodez-chef-lieu-de-laveyron-et-ancienne-capitale-du-rouergue\/p2250874-1600x1200\/\" data-orig-file=\"https:\/\/i0.wp.com\/voyages-en-france.fr\/wp-content\/uploads\/2022\/08\/P2250874-1600x1200-1.jpg?fit=800%2C1200&amp;ssl=1\" data-orig-size=\"800,1200\" data-comments-opened=\"1\" data-image-meta=\"{&quot;aperture&quot;:&quot;3.5&quot;,&quot;credit&quot;:&quot;&quot;,&quot;camera&quot;:&quot;DMC-FZ1000&quot;,&quot;caption&quot;:&quot;&quot;,&quot;created_timestamp&quot;:&quot;1657816740&quot;,&quot;copyright&quot;:&quot;&quot;,&quot;focal_length&quot;:&quot;22.2&quot;,&quot;iso&quot;:&quot;1600&quot;,&quot;shutter_speed&quot;:&quot;0.16666666666667&quot;,&quot;title&quot;:&quot;&quot;,&quot;orientation&quot;:&quot;1&quot;}\" data-image-title=\"P2250874 [1600&#215;1200]\" data-image-description=\"&lt;p&gt;Saint Emilie de Rodat&lt;\/p&gt;\n\" data-image-caption=\"&lt;p&gt;Saint Emilie de Rodat&lt;\/p&gt;\n\" data-medium-file=\"https:\/\/i0.wp.com\/voyages-en-france.fr\/wp-content\/uploads\/2022\/08\/P2250874-1600x1200-1.jpg?fit=200%2C300&amp;ssl=1\" data-large-file=\"https:\/\/i0.wp.com\/voyages-en-france.fr\/wp-content\/uploads\/2022\/08\/P2250874-1600x1200-1.jpg?fit=683%2C1024&amp;ssl=1\" class=\"wp-image-2549 size-large\" src=\"https:\/\/i0.wp.com\/voyages-en-france.fr\/wp-content\/uploads\/2022\/08\/P2250874-1600x1200-1.jpg?resize=683%2C1024&#038;ssl=1\" alt=\"Sainte Emilie de Rodat\" width=\"683\" height=\"1024\" srcset=\"https:\/\/i0.wp.com\/voyages-en-france.fr\/wp-content\/uploads\/2022\/08\/P2250874-1600x1200-1.jpg?resize=683%2C1024&amp;ssl=1 683w, https:\/\/i0.wp.com\/voyages-en-france.fr\/wp-content\/uploads\/2022\/08\/P2250874-1600x1200-1.jpg?resize=200%2C300&amp;ssl=1 200w, https:\/\/i0.wp.com\/voyages-en-france.fr\/wp-content\/uploads\/2022\/08\/P2250874-1600x1200-1.jpg?resize=768%2C1152&amp;ssl=1 768w, https:\/\/i0.wp.com\/voyages-en-france.fr\/wp-content\/uploads\/2022\/08\/P2250874-1600x1200-1.jpg?w=800&amp;ssl=1 800w\" sizes=\"auto, (max-width: 683px) 100vw, 683px\" \/><figcaption id=\"caption-attachment-2549\" class=\"wp-caption-text\">Sainte Emilie de Rodat<\/figcaption><\/figure>\n<p>&nbsp;<\/p>\n<span>","protected":false},"excerpt":{"rendered":"<p class=\"excerpt\"><span itemprop=\"description\">Rodez au c\u0153ur de l&rsquo;Aveyron Ancienne capitale du Rouergue, la ville est si\u00e8ge du dioc\u00e8se de Rodez et Vabres. Ses habitants sont appel\u00e9s les Ruth\u00e9nois, du nom des Rut\u00e8nes, peuplade gauloise qui occupait jadis le territoire, l&rsquo;ancien gentil\u00e9 \u00ab Rodanois&hellip;<\/span><\/p>\n<p class=\"more-link-p btn-align-right\"><a class=\"blue zoom-btn\" href=\"https:\/\/voyages-en-france.fr\/index.php\/2022\/08\/01\/rodez-chef-lieu-de-laveyron-et-ancienne-capitale-du-rouergue\/\">Lire la suite<\/a><\/p>\n","protected":false},"author":1,"featured_media":2544,"comment_status":"open","ping_status":"open","sticky":false,"template":"","format":"standard","meta":{"pgc_sgb_lightbox_settings":"","jetpack_post_was_ever_published":false,"_bos_mb_destination":[""],"_jetpack_newsletter_access":"","_jetpack_dont_email_post_to_subs":false,"_jetpack_newsletter_tier_id":0,"_jetpack_memberships_contains_paywalled_content":false,"_jetpack_memberships_contains_paid_content":false,"footnotes":"","jetpack_publicize_message":"","jetpack_publicize_feature_enabled":true,"jetpack_social_post_already_shared":true,"jetpack_social_options":{"image_generator_settings":{"template":"highway","default_image_id":0,"font":"","enabled":false},"version":2}},"categories":[344,2],"tags":[338,339,340,309,350,337,341],"class_list":["post-2543","post","type-post","status-publish","format-standard","has-post-thumbnail","hentry","category-cathedrale","category-ville","tag-338","tag-aveyron","tag-druelle","tag-midi-pyrenees","tag-rodat","tag-rodez","tag-sainte-emilie","zoom-theme-has-thumb"],"yoast_head":"<!-- This site is optimized with the Yoast SEO plugin v27.1.1 - https:\/\/yoast.com\/product\/yoast-seo-wordpress\/ -->\n<title>Rodez, chef lieu de l&#039;Aveyron et ancienne capitale du Rouergue<\/title>\n<meta name=\"description\" content=\"Rodez, chef lieu de l&#039;Aveyron et ancienne capitale du Rouergue et une imposante cath\u00e9drale gothique en pierres roses\" \/>\n<meta name=\"robots\" content=\"index, follow, max-snippet:-1, max-image-preview:large, max-video-preview:-1\" \/>\n<link rel=\"canonical\" href=\"https:\/\/voyages-en-france.fr\/index.php\/2022\/08\/01\/rodez-chef-lieu-de-laveyron-et-ancienne-capitale-du-rouergue\/\" \/>\n<meta property=\"og:locale\" content=\"fr_FR\" \/>\n<meta property=\"og:type\" content=\"article\" \/>\n<meta property=\"og:title\" content=\"Rodez, chef lieu de l&#039;Aveyron et ancienne capitale du Rouergue\" \/>\n<meta property=\"og:description\" content=\"Rodez, chef lieu de l&#039;Aveyron et ancienne capitale du Rouergue et une imposante cath\u00e9drale gothique en pierres roses\" \/>\n<meta property=\"og:url\" content=\"https:\/\/voyages-en-france.fr\/index.php\/2022\/08\/01\/rodez-chef-lieu-de-laveyron-et-ancienne-capitale-du-rouergue\/\" \/>\n<meta property=\"og:site_name\" content=\"Voyages-en-France.fr\" \/>\n<meta property=\"article:publisher\" content=\"https:\/\/www.facebook.com\/voyages.au.coeur.de.la.france\/\" \/>\n<meta property=\"article:author\" content=\"https:\/\/www.facebook.com\/voyages.au.coeur.de.la.france\/\" \/>\n<meta property=\"article:published_time\" content=\"2022-08-01T18:08:39+00:00\" \/>\n<meta property=\"article:modified_time\" content=\"2022-11-01T07:34:51+00:00\" \/>\n<meta property=\"og:image\" content=\"https:\/\/voyages-en-france.fr\/wp-content\/uploads\/2022\/08\/P2250805-1600x1200-1.jpg\" \/>\n\t<meta property=\"og:image:width\" content=\"1600\" \/>\n\t<meta property=\"og:image:height\" content=\"1067\" \/>\n\t<meta property=\"og:image:type\" content=\"image\/jpeg\" \/>\n<meta name=\"author\" content=\"Christophe\" \/>\n<meta name=\"twitter:card\" content=\"summary_large_image\" \/>\n<meta name=\"twitter:creator\" content=\"@Voyages_France\" \/>\n<meta name=\"twitter:site\" content=\"@Voyages_France\" \/>\n<meta name=\"twitter:label1\" content=\"\u00c9crit par\" \/>\n\t<meta name=\"twitter:data1\" content=\"Christophe\" \/>\n\t<meta name=\"twitter:label2\" content=\"Dur\u00e9e de lecture estim\u00e9e\" \/>\n\t<meta name=\"twitter:data2\" content=\"6 minutes\" \/>\n<script type=\"application\/ld+json\" class=\"yoast-schema-graph\">{\"@context\":\"https:\/\/schema.org\",\"@graph\":[{\"@type\":\"Article\",\"@id\":\"https:\/\/voyages-en-france.fr\/index.php\/2022\/08\/01\/rodez-chef-lieu-de-laveyron-et-ancienne-capitale-du-rouergue\/#article\",\"isPartOf\":{\"@id\":\"https:\/\/voyages-en-france.fr\/index.php\/2022\/08\/01\/rodez-chef-lieu-de-laveyron-et-ancienne-capitale-du-rouergue\/\"},\"author\":{\"name\":\"Christophe\",\"@id\":\"https:\/\/voyages-en-france.fr\/#\/schema\/person\/611a624b57cd68dd2e4c3f7d385420e2\"},\"headline\":\"Rodez, chef lieu de l&rsquo;Aveyron et ancienne capitale du Rouergue\",\"datePublished\":\"2022-08-01T18:08:39+00:00\",\"dateModified\":\"2022-11-01T07:34:51+00:00\",\"mainEntityOfPage\":{\"@id\":\"https:\/\/voyages-en-france.fr\/index.php\/2022\/08\/01\/rodez-chef-lieu-de-laveyron-et-ancienne-capitale-du-rouergue\/\"},\"wordCount\":917,\"commentCount\":0,\"publisher\":{\"@id\":\"https:\/\/voyages-en-france.fr\/#\/schema\/person\/611a624b57cd68dd2e4c3f7d385420e2\"},\"image\":{\"@id\":\"https:\/\/voyages-en-france.fr\/index.php\/2022\/08\/01\/rodez-chef-lieu-de-laveyron-et-ancienne-capitale-du-rouergue\/#primaryimage\"},\"thumbnailUrl\":\"https:\/\/i0.wp.com\/voyages-en-france.fr\/wp-content\/uploads\/2022\/08\/P2250805-1600x1200-1.jpg?fit=1600%2C1067&ssl=1\",\"keywords\":[\"12\",\"Aveyron\",\"Druelle\",\"Midi Pyr\u00e9n\u00e9es\",\"Rodat\",\"Rodez\",\"Sainte Emilie\"],\"articleSection\":[\"cath\u00e9drale\",\"ville\"],\"inLanguage\":\"fr-FR\",\"potentialAction\":[{\"@type\":\"CommentAction\",\"name\":\"Comment\",\"target\":[\"https:\/\/voyages-en-france.fr\/index.php\/2022\/08\/01\/rodez-chef-lieu-de-laveyron-et-ancienne-capitale-du-rouergue\/#respond\"]}]},{\"@type\":\"WebPage\",\"@id\":\"https:\/\/voyages-en-france.fr\/index.php\/2022\/08\/01\/rodez-chef-lieu-de-laveyron-et-ancienne-capitale-du-rouergue\/\",\"url\":\"https:\/\/voyages-en-france.fr\/index.php\/2022\/08\/01\/rodez-chef-lieu-de-laveyron-et-ancienne-capitale-du-rouergue\/\",\"name\":\"Rodez, chef lieu de l'Aveyron et ancienne capitale du Rouergue\",\"isPartOf\":{\"@id\":\"https:\/\/voyages-en-france.fr\/#website\"},\"primaryImageOfPage\":{\"@id\":\"https:\/\/voyages-en-france.fr\/index.php\/2022\/08\/01\/rodez-chef-lieu-de-laveyron-et-ancienne-capitale-du-rouergue\/#primaryimage\"},\"image\":{\"@id\":\"https:\/\/voyages-en-france.fr\/index.php\/2022\/08\/01\/rodez-chef-lieu-de-laveyron-et-ancienne-capitale-du-rouergue\/#primaryimage\"},\"thumbnailUrl\":\"https:\/\/i0.wp.com\/voyages-en-france.fr\/wp-content\/uploads\/2022\/08\/P2250805-1600x1200-1.jpg?fit=1600%2C1067&ssl=1\",\"datePublished\":\"2022-08-01T18:08:39+00:00\",\"dateModified\":\"2022-11-01T07:34:51+00:00\",\"description\":\"Rodez, chef lieu de l'Aveyron et ancienne capitale du Rouergue et une imposante cath\u00e9drale gothique en pierres roses\",\"breadcrumb\":{\"@id\":\"https:\/\/voyages-en-france.fr\/index.php\/2022\/08\/01\/rodez-chef-lieu-de-laveyron-et-ancienne-capitale-du-rouergue\/#breadcrumb\"},\"inLanguage\":\"fr-FR\",\"potentialAction\":[{\"@type\":\"ReadAction\",\"target\":[\"https:\/\/voyages-en-france.fr\/index.php\/2022\/08\/01\/rodez-chef-lieu-de-laveyron-et-ancienne-capitale-du-rouergue\/\"]}]},{\"@type\":\"ImageObject\",\"inLanguage\":\"fr-FR\",\"@id\":\"https:\/\/voyages-en-france.fr\/index.php\/2022\/08\/01\/rodez-chef-lieu-de-laveyron-et-ancienne-capitale-du-rouergue\/#primaryimage\",\"url\":\"https:\/\/i0.wp.com\/voyages-en-france.fr\/wp-content\/uploads\/2022\/08\/P2250805-1600x1200-1.jpg?fit=1600%2C1067&ssl=1\",\"contentUrl\":\"https:\/\/i0.wp.com\/voyages-en-france.fr\/wp-content\/uploads\/2022\/08\/P2250805-1600x1200-1.jpg?fit=1600%2C1067&ssl=1\",\"width\":1600,\"height\":1067,\"caption\":\"Cath\u00e9drale de Rodez\"},{\"@type\":\"BreadcrumbList\",\"@id\":\"https:\/\/voyages-en-france.fr\/index.php\/2022\/08\/01\/rodez-chef-lieu-de-laveyron-et-ancienne-capitale-du-rouergue\/#breadcrumb\",\"itemListElement\":[{\"@type\":\"ListItem\",\"position\":1,\"name\":\"Accueil\",\"item\":\"https:\/\/voyages-en-france.fr\/\"},{\"@type\":\"ListItem\",\"position\":2,\"name\":\"Rodez, chef lieu de l&rsquo;Aveyron et ancienne capitale du Rouergue\"}]},{\"@type\":\"WebSite\",\"@id\":\"https:\/\/voyages-en-france.fr\/#website\",\"url\":\"https:\/\/voyages-en-france.fr\/\",\"name\":\"Voyages-en-France.fr\",\"description\":\"D\u00e9couvrir la France, son patrimoine, ses richesses naturelles, son histoire...\",\"publisher\":{\"@id\":\"https:\/\/voyages-en-france.fr\/#\/schema\/person\/611a624b57cd68dd2e4c3f7d385420e2\"},\"potentialAction\":[{\"@type\":\"SearchAction\",\"target\":{\"@type\":\"EntryPoint\",\"urlTemplate\":\"https:\/\/voyages-en-france.fr\/?s={search_term_string}\"},\"query-input\":{\"@type\":\"PropertyValueSpecification\",\"valueRequired\":true,\"valueName\":\"search_term_string\"}}],\"inLanguage\":\"fr-FR\"},{\"@type\":[\"Person\",\"Organization\"],\"@id\":\"https:\/\/voyages-en-france.fr\/#\/schema\/person\/611a624b57cd68dd2e4c3f7d385420e2\",\"name\":\"Christophe\",\"image\":{\"@type\":\"ImageObject\",\"inLanguage\":\"fr-FR\",\"@id\":\"https:\/\/voyages-en-france.fr\/#\/schema\/person\/image\/\",\"url\":\"https:\/\/i0.wp.com\/voyages-en-france.fr\/wp-content\/uploads\/2017\/11\/cropped-FRANCE-1.jpg?fit=324%2C324&ssl=1\",\"contentUrl\":\"https:\/\/i0.wp.com\/voyages-en-france.fr\/wp-content\/uploads\/2017\/11\/cropped-FRANCE-1.jpg?fit=324%2C324&ssl=1\",\"width\":324,\"height\":324,\"caption\":\"Christophe\"},\"logo\":{\"@id\":\"https:\/\/voyages-en-france.fr\/#\/schema\/person\/image\/\"},\"sameAs\":[\"http:\/\/voyages-en-france.fr\/\",\"https:\/\/www.facebook.com\/voyages.au.coeur.de.la.france\/\",\"https:\/\/www.instagram.com\/voyages_en_france\/\",\"https:\/\/x.com\/Voyages_France\"]}]}<\/script>\n<!-- \/ Yoast SEO plugin. -->","yoast_head_json":{"title":"Rodez, chef lieu de l'Aveyron et ancienne capitale du Rouergue","description":"Rodez, chef lieu de l'Aveyron et ancienne capitale du Rouergue et une imposante cath\u00e9drale gothique en pierres roses","robots":{"index":"index","follow":"follow","max-snippet":"max-snippet:-1","max-image-preview":"max-image-preview:large","max-video-preview":"max-video-preview:-1"},"canonical":"https:\/\/voyages-en-france.fr\/index.php\/2022\/08\/01\/rodez-chef-lieu-de-laveyron-et-ancienne-capitale-du-rouergue\/","og_locale":"fr_FR","og_type":"article","og_title":"Rodez, chef lieu de l'Aveyron et ancienne capitale du Rouergue","og_description":"Rodez, chef lieu de l'Aveyron et ancienne capitale du Rouergue et une imposante cath\u00e9drale gothique en pierres roses","og_url":"https:\/\/voyages-en-france.fr\/index.php\/2022\/08\/01\/rodez-chef-lieu-de-laveyron-et-ancienne-capitale-du-rouergue\/","og_site_name":"Voyages-en-France.fr","article_publisher":"https:\/\/www.facebook.com\/voyages.au.coeur.de.la.france\/","article_author":"https:\/\/www.facebook.com\/voyages.au.coeur.de.la.france\/","article_published_time":"2022-08-01T18:08:39+00:00","article_modified_time":"2022-11-01T07:34:51+00:00","og_image":[{"width":1600,"height":1067,"url":"https:\/\/voyages-en-france.fr\/wp-content\/uploads\/2022\/08\/P2250805-1600x1200-1.jpg","type":"image\/jpeg"}],"author":"Christophe","twitter_card":"summary_large_image","twitter_creator":"@Voyages_France","twitter_site":"@Voyages_France","twitter_misc":{"\u00c9crit par":"Christophe","Dur\u00e9e de lecture estim\u00e9e":"6 minutes"},"schema":{"@context":"https:\/\/schema.org","@graph":[{"@type":"Article","@id":"https:\/\/voyages-en-france.fr\/index.php\/2022\/08\/01\/rodez-chef-lieu-de-laveyron-et-ancienne-capitale-du-rouergue\/#article","isPartOf":{"@id":"https:\/\/voyages-en-france.fr\/index.php\/2022\/08\/01\/rodez-chef-lieu-de-laveyron-et-ancienne-capitale-du-rouergue\/"},"author":{"name":"Christophe","@id":"https:\/\/voyages-en-france.fr\/#\/schema\/person\/611a624b57cd68dd2e4c3f7d385420e2"},"headline":"Rodez, chef lieu de l&rsquo;Aveyron et ancienne capitale du Rouergue","datePublished":"2022-08-01T18:08:39+00:00","dateModified":"2022-11-01T07:34:51+00:00","mainEntityOfPage":{"@id":"https:\/\/voyages-en-france.fr\/index.php\/2022\/08\/01\/rodez-chef-lieu-de-laveyron-et-ancienne-capitale-du-rouergue\/"},"wordCount":917,"commentCount":0,"publisher":{"@id":"https:\/\/voyages-en-france.fr\/#\/schema\/person\/611a624b57cd68dd2e4c3f7d385420e2"},"image":{"@id":"https:\/\/voyages-en-france.fr\/index.php\/2022\/08\/01\/rodez-chef-lieu-de-laveyron-et-ancienne-capitale-du-rouergue\/#primaryimage"},"thumbnailUrl":"https:\/\/i0.wp.com\/voyages-en-france.fr\/wp-content\/uploads\/2022\/08\/P2250805-1600x1200-1.jpg?fit=1600%2C1067&ssl=1","keywords":["12","Aveyron","Druelle","Midi Pyr\u00e9n\u00e9es","Rodat","Rodez","Sainte Emilie"],"articleSection":["cath\u00e9drale","ville"],"inLanguage":"fr-FR","potentialAction":[{"@type":"CommentAction","name":"Comment","target":["https:\/\/voyages-en-france.fr\/index.php\/2022\/08\/01\/rodez-chef-lieu-de-laveyron-et-ancienne-capitale-du-rouergue\/#respond"]}]},{"@type":"WebPage","@id":"https:\/\/voyages-en-france.fr\/index.php\/2022\/08\/01\/rodez-chef-lieu-de-laveyron-et-ancienne-capitale-du-rouergue\/","url":"https:\/\/voyages-en-france.fr\/index.php\/2022\/08\/01\/rodez-chef-lieu-de-laveyron-et-ancienne-capitale-du-rouergue\/","name":"Rodez, chef lieu de l'Aveyron et ancienne capitale du Rouergue","isPartOf":{"@id":"https:\/\/voyages-en-france.fr\/#website"},"primaryImageOfPage":{"@id":"https:\/\/voyages-en-france.fr\/index.php\/2022\/08\/01\/rodez-chef-lieu-de-laveyron-et-ancienne-capitale-du-rouergue\/#primaryimage"},"image":{"@id":"https:\/\/voyages-en-france.fr\/index.php\/2022\/08\/01\/rodez-chef-lieu-de-laveyron-et-ancienne-capitale-du-rouergue\/#primaryimage"},"thumbnailUrl":"https:\/\/i0.wp.com\/voyages-en-france.fr\/wp-content\/uploads\/2022\/08\/P2250805-1600x1200-1.jpg?fit=1600%2C1067&ssl=1","datePublished":"2022-08-01T18:08:39+00:00","dateModified":"2022-11-01T07:34:51+00:00","description":"Rodez, chef lieu de l'Aveyron et ancienne capitale du Rouergue et une imposante cath\u00e9drale gothique en pierres roses","breadcrumb":{"@id":"https:\/\/voyages-en-france.fr\/index.php\/2022\/08\/01\/rodez-chef-lieu-de-laveyron-et-ancienne-capitale-du-rouergue\/#breadcrumb"},"inLanguage":"fr-FR","potentialAction":[{"@type":"ReadAction","target":["https:\/\/voyages-en-france.fr\/index.php\/2022\/08\/01\/rodez-chef-lieu-de-laveyron-et-ancienne-capitale-du-rouergue\/"]}]},{"@type":"ImageObject","inLanguage":"fr-FR","@id":"https:\/\/voyages-en-france.fr\/index.php\/2022\/08\/01\/rodez-chef-lieu-de-laveyron-et-ancienne-capitale-du-rouergue\/#primaryimage","url":"https:\/\/i0.wp.com\/voyages-en-france.fr\/wp-content\/uploads\/2022\/08\/P2250805-1600x1200-1.jpg?fit=1600%2C1067&ssl=1","contentUrl":"https:\/\/i0.wp.com\/voyages-en-france.fr\/wp-content\/uploads\/2022\/08\/P2250805-1600x1200-1.jpg?fit=1600%2C1067&ssl=1","width":1600,"height":1067,"caption":"Cath\u00e9drale de Rodez"},{"@type":"BreadcrumbList","@id":"https:\/\/voyages-en-france.fr\/index.php\/2022\/08\/01\/rodez-chef-lieu-de-laveyron-et-ancienne-capitale-du-rouergue\/#breadcrumb","itemListElement":[{"@type":"ListItem","position":1,"name":"Accueil","item":"https:\/\/voyages-en-france.fr\/"},{"@type":"ListItem","position":2,"name":"Rodez, chef lieu de l&rsquo;Aveyron et ancienne capitale du Rouergue"}]},{"@type":"WebSite","@id":"https:\/\/voyages-en-france.fr\/#website","url":"https:\/\/voyages-en-france.fr\/","name":"Voyages-en-France.fr","description":"D\u00e9couvrir la France, son patrimoine, ses richesses naturelles, son histoire...","publisher":{"@id":"https:\/\/voyages-en-france.fr\/#\/schema\/person\/611a624b57cd68dd2e4c3f7d385420e2"},"potentialAction":[{"@type":"SearchAction","target":{"@type":"EntryPoint","urlTemplate":"https:\/\/voyages-en-france.fr\/?s={search_term_string}"},"query-input":{"@type":"PropertyValueSpecification","valueRequired":true,"valueName":"search_term_string"}}],"inLanguage":"fr-FR"},{"@type":["Person","Organization"],"@id":"https:\/\/voyages-en-france.fr\/#\/schema\/person\/611a624b57cd68dd2e4c3f7d385420e2","name":"Christophe","image":{"@type":"ImageObject","inLanguage":"fr-FR","@id":"https:\/\/voyages-en-france.fr\/#\/schema\/person\/image\/","url":"https:\/\/i0.wp.com\/voyages-en-france.fr\/wp-content\/uploads\/2017\/11\/cropped-FRANCE-1.jpg?fit=324%2C324&ssl=1","contentUrl":"https:\/\/i0.wp.com\/voyages-en-france.fr\/wp-content\/uploads\/2017\/11\/cropped-FRANCE-1.jpg?fit=324%2C324&ssl=1","width":324,"height":324,"caption":"Christophe"},"logo":{"@id":"https:\/\/voyages-en-france.fr\/#\/schema\/person\/image\/"},"sameAs":["http:\/\/voyages-en-france.fr\/","https:\/\/www.facebook.com\/voyages.au.coeur.de.la.france\/","https:\/\/www.instagram.com\/voyages_en_france\/","https:\/\/x.com\/Voyages_France"]}]}},"jetpack_publicize_connections":[],"jetpack_featured_media_url":"https:\/\/i0.wp.com\/voyages-en-france.fr\/wp-content\/uploads\/2022\/08\/P2250805-1600x1200-1.jpg?fit=1600%2C1067&ssl=1","jetpack_sharing_enabled":true,"jetpack_shortlink":"https:\/\/wp.me\/p9pWxx-F1","jetpack_likes_enabled":true,"_links":{"self":[{"href":"https:\/\/voyages-en-france.fr\/index.php\/wp-json\/wp\/v2\/posts\/2543","targetHints":{"allow":["GET"]}}],"collection":[{"href":"https:\/\/voyages-en-france.fr\/index.php\/wp-json\/wp\/v2\/posts"}],"about":[{"href":"https:\/\/voyages-en-france.fr\/index.php\/wp-json\/wp\/v2\/types\/post"}],"author":[{"embeddable":true,"href":"https:\/\/voyages-en-france.fr\/index.php\/wp-json\/wp\/v2\/users\/1"}],"replies":[{"embeddable":true,"href":"https:\/\/voyages-en-france.fr\/index.php\/wp-json\/wp\/v2\/comments?post=2543"}],"version-history":[{"count":2,"href":"https:\/\/voyages-en-france.fr\/index.php\/wp-json\/wp\/v2\/posts\/2543\/revisions"}],"predecessor-version":[{"id":2624,"href":"https:\/\/voyages-en-france.fr\/index.php\/wp-json\/wp\/v2\/posts\/2543\/revisions\/2624"}],"wp:featuredmedia":[{"embeddable":true,"href":"https:\/\/voyages-en-france.fr\/index.php\/wp-json\/wp\/v2\/media\/2544"}],"wp:attachment":[{"href":"https:\/\/voyages-en-france.fr\/index.php\/wp-json\/wp\/v2\/media?parent=2543"}],"wp:term":[{"taxonomy":"category","embeddable":true,"href":"https:\/\/voyages-en-france.fr\/index.php\/wp-json\/wp\/v2\/categories?post=2543"},{"taxonomy":"post_tag","embeddable":true,"href":"https:\/\/voyages-en-france.fr\/index.php\/wp-json\/wp\/v2\/tags?post=2543"}],"curies":[{"name":"wp","href":"https:\/\/api.w.org\/{rel}","templated":true}]}}