{"id":2111,"date":"2021-11-20T00:09:36","date_gmt":"2021-11-19T23:09:36","guid":{"rendered":"http:\/\/voyages-en-france.fr\/?p=2111"},"modified":"2026-03-08T12:01:06","modified_gmt":"2026-03-08T11:01:06","slug":"andon-et-la-montagne-de-laudibergue-1642m","status":"publish","type":"post","link":"https:\/\/voyages-en-france.fr\/index.php\/2021\/11\/20\/andon-et-la-montagne-de-laudibergue-1642m\/","title":{"rendered":"Andon et la Montagne de l&rsquo;Audibergue (1642m)"},"content":{"rendered":"<span itemprop=\"description\"><h2>Andon dans les Pr\u00e9alpes d&rsquo;Azur<\/h2>\n<p>Le village d&rsquo;Andon est situ\u00e9 \u00e0 20 km de Saint-Vallier-de-Thiey, 33 km de Castellane, 34 km de Grasse et 52 kilom\u00e8tres de l&rsquo;A\u00e9roport de Nice-C\u00f4te d&rsquo;Azur.<br \/>\nC&rsquo;est une des communes du Parc naturel r\u00e9gional des Pr\u00e9alpes d&rsquo;Azur.<br \/>\nLes principaux sommets et massifs de la commune sont :<\/p>\n<ul>\n<li>Le pic de l&rsquo;Aiglo (1644 m) sur la montagne de Thorenc.<\/li>\n<li>Le massif de l&rsquo;Audibergue (1642 m).<\/li>\n<li>La montagne de Thiey (1553 m).<\/li>\n<li>Le sommet de Canaux (1436 m)<\/li>\n<\/ul>\n<p>Le village actuel d&rsquo;Andon est situ\u00e9 sur une petite ligne de partage des eaux. Dans une vall\u00e9e orient\u00e9e est-ouest; les eaux \u00e0 l&rsquo;ouest partent vers le Rh\u00f4ne via le Verdon et l&rsquo;Artuby, alors que la Montagne de l&rsquo;Audibergue abrite les sources du Loup qui coule \u00e0 l&rsquo;est vers la C\u00f4te d&rsquo;Azur pour se jeter dans la M\u00e9diterran\u00e9e au niveau de Villeneuve Loubet entre Antibes et Cagnes sur Mer, 50 km plus bas.<\/p>\n<figure id=\"attachment_2112\" aria-describedby=\"caption-attachment-2112\" style=\"width: 1024px\" class=\"wp-caption aligncenter\"><img data-recalc-dims=\"1\" loading=\"lazy\" decoding=\"async\" data-attachment-id=\"2112\" data-permalink=\"https:\/\/voyages-en-france.fr\/index.php\/2021\/11\/20\/andon-et-la-montagne-de-laudibergue-1642m\/p2210360\/\" data-orig-file=\"https:\/\/i0.wp.com\/voyages-en-france.fr\/wp-content\/uploads\/2021\/11\/P2210360.jpg?fit=2501%2C1667&amp;ssl=1\" data-orig-size=\"2501,1667\" data-comments-opened=\"1\" data-image-meta=\"{&quot;aperture&quot;:&quot;0&quot;,&quot;credit&quot;:&quot;&quot;,&quot;camera&quot;:&quot;&quot;,&quot;caption&quot;:&quot;&quot;,&quot;created_timestamp&quot;:&quot;0&quot;,&quot;copyright&quot;:&quot;&quot;,&quot;focal_length&quot;:&quot;0&quot;,&quot;iso&quot;:&quot;0&quot;,&quot;shutter_speed&quot;:&quot;0&quot;,&quot;title&quot;:&quot;&quot;,&quot;orientation&quot;:&quot;0&quot;}\" data-image-title=\"P2210360\" data-image-description=\"&lt;p&gt;Le village d&amp;rsquo;Andon dans les Alpes Maritimes&lt;\/p&gt;\n\" data-image-caption=\"&lt;p&gt;Le village d&amp;rsquo;Andon dans les Alpes Maritimes&lt;\/p&gt;\n\" data-medium-file=\"https:\/\/i0.wp.com\/voyages-en-france.fr\/wp-content\/uploads\/2021\/11\/P2210360.jpg?fit=300%2C200&amp;ssl=1\" data-large-file=\"https:\/\/i0.wp.com\/voyages-en-france.fr\/wp-content\/uploads\/2021\/11\/P2210360.jpg?fit=1024%2C683&amp;ssl=1\" class=\"size-large wp-image-2112\" src=\"https:\/\/i0.wp.com\/voyages-en-france.fr\/wp-content\/uploads\/2021\/11\/P2210360.jpg?resize=1024%2C683&#038;ssl=1\" alt=\"Le village d'Andon dans les Alpes Maritimes\" width=\"1024\" height=\"683\" srcset=\"https:\/\/i0.wp.com\/voyages-en-france.fr\/wp-content\/uploads\/2021\/11\/P2210360.jpg?resize=1024%2C683&amp;ssl=1 1024w, https:\/\/i0.wp.com\/voyages-en-france.fr\/wp-content\/uploads\/2021\/11\/P2210360.jpg?resize=300%2C200&amp;ssl=1 300w, https:\/\/i0.wp.com\/voyages-en-france.fr\/wp-content\/uploads\/2021\/11\/P2210360.jpg?resize=768%2C512&amp;ssl=1 768w, https:\/\/i0.wp.com\/voyages-en-france.fr\/wp-content\/uploads\/2021\/11\/P2210360.jpg?resize=1536%2C1024&amp;ssl=1 1536w, https:\/\/i0.wp.com\/voyages-en-france.fr\/wp-content\/uploads\/2021\/11\/P2210360.jpg?resize=2048%2C1365&amp;ssl=1 2048w, https:\/\/i0.wp.com\/voyages-en-france.fr\/wp-content\/uploads\/2021\/11\/P2210360.jpg?resize=1200%2C800&amp;ssl=1 1200w, https:\/\/i0.wp.com\/voyages-en-france.fr\/wp-content\/uploads\/2021\/11\/P2210360.jpg?w=2400&amp;ssl=1 2400w\" sizes=\"auto, (max-width: 1024px) 100vw, 1024px\" \/><figcaption id=\"caption-attachment-2112\" class=\"wp-caption-text\">Le village d&rsquo;Andon dans les Alpes Maritimes<\/figcaption><\/figure>\n<figure id=\"attachment_2890\" aria-describedby=\"caption-attachment-2890\" style=\"width: 1024px\" class=\"wp-caption aligncenter\"><img data-recalc-dims=\"1\" loading=\"lazy\" decoding=\"async\" data-attachment-id=\"2890\" data-permalink=\"https:\/\/voyages-en-france.fr\/index.php\/2021\/11\/20\/andon-et-la-montagne-de-laudibergue-1642m\/p2290959\/\" data-orig-file=\"https:\/\/i0.wp.com\/voyages-en-france.fr\/wp-content\/uploads\/2024\/03\/P2290959-scaled.jpg?fit=2560%2C1707&amp;ssl=1\" data-orig-size=\"2560,1707\" data-comments-opened=\"1\" data-image-meta=\"{&quot;aperture&quot;:&quot;2.9&quot;,&quot;credit&quot;:&quot;&quot;,&quot;camera&quot;:&quot;DMC-FZ1000&quot;,&quot;caption&quot;:&quot;&quot;,&quot;created_timestamp&quot;:&quot;1684426216&quot;,&quot;copyright&quot;:&quot;&quot;,&quot;focal_length&quot;:&quot;9.65&quot;,&quot;iso&quot;:&quot;125&quot;,&quot;shutter_speed&quot;:&quot;0.008&quot;,&quot;title&quot;:&quot;&quot;,&quot;orientation&quot;:&quot;1&quot;}\" data-image-title=\"P2290959\" data-image-description=\"&lt;p&gt;Le Castellas d&amp;rsquo;Andon &#8211; vue du village d&amp;rsquo;Andon&lt;\/p&gt;\n\" data-image-caption=\"&lt;p&gt;Le Castellas d&amp;rsquo;Andon &#8211; vue du village d&amp;rsquo;Andon&lt;\/p&gt;\n\" data-medium-file=\"https:\/\/i0.wp.com\/voyages-en-france.fr\/wp-content\/uploads\/2024\/03\/P2290959-scaled.jpg?fit=300%2C200&amp;ssl=1\" data-large-file=\"https:\/\/i0.wp.com\/voyages-en-france.fr\/wp-content\/uploads\/2024\/03\/P2290959-scaled.jpg?fit=1024%2C683&amp;ssl=1\" class=\"size-large wp-image-2890\" src=\"https:\/\/i0.wp.com\/voyages-en-france.fr\/wp-content\/uploads\/2024\/03\/P2290959.jpg?resize=1024%2C683&#038;ssl=1\" alt=\"Le Castellas d'Andon - vue du village d'Andon\" width=\"1024\" height=\"683\" srcset=\"https:\/\/i0.wp.com\/voyages-en-france.fr\/wp-content\/uploads\/2024\/03\/P2290959-scaled.jpg?resize=1024%2C683&amp;ssl=1 1024w, https:\/\/i0.wp.com\/voyages-en-france.fr\/wp-content\/uploads\/2024\/03\/P2290959-scaled.jpg?resize=300%2C200&amp;ssl=1 300w, https:\/\/i0.wp.com\/voyages-en-france.fr\/wp-content\/uploads\/2024\/03\/P2290959-scaled.jpg?resize=768%2C512&amp;ssl=1 768w, https:\/\/i0.wp.com\/voyages-en-france.fr\/wp-content\/uploads\/2024\/03\/P2290959-scaled.jpg?resize=1536%2C1024&amp;ssl=1 1536w, https:\/\/i0.wp.com\/voyages-en-france.fr\/wp-content\/uploads\/2024\/03\/P2290959-scaled.jpg?resize=2048%2C1365&amp;ssl=1 2048w, https:\/\/i0.wp.com\/voyages-en-france.fr\/wp-content\/uploads\/2024\/03\/P2290959-scaled.jpg?resize=1200%2C800&amp;ssl=1 1200w, https:\/\/i0.wp.com\/voyages-en-france.fr\/wp-content\/uploads\/2024\/03\/P2290959-scaled.jpg?w=2400&amp;ssl=1 2400w\" sizes=\"auto, (max-width: 1024px) 100vw, 1024px\" \/><figcaption id=\"caption-attachment-2890\" class=\"wp-caption-text\">Le Castellas d&rsquo;Andon &#8211; vue du village d&rsquo;Andon<\/figcaption><\/figure>\n<figure id=\"attachment_2115\" aria-describedby=\"caption-attachment-2115\" style=\"width: 1024px\" class=\"wp-caption aligncenter\"><img data-recalc-dims=\"1\" loading=\"lazy\" decoding=\"async\" data-attachment-id=\"2115\" data-permalink=\"https:\/\/voyages-en-france.fr\/index.php\/2021\/11\/20\/andon-et-la-montagne-de-laudibergue-1642m\/p2210339\/\" data-orig-file=\"https:\/\/i0.wp.com\/voyages-en-france.fr\/wp-content\/uploads\/2021\/11\/P2210339.jpg?fit=2532%2C1688&amp;ssl=1\" data-orig-size=\"2532,1688\" data-comments-opened=\"1\" data-image-meta=\"{&quot;aperture&quot;:&quot;0&quot;,&quot;credit&quot;:&quot;&quot;,&quot;camera&quot;:&quot;&quot;,&quot;caption&quot;:&quot;&quot;,&quot;created_timestamp&quot;:&quot;0&quot;,&quot;copyright&quot;:&quot;&quot;,&quot;focal_length&quot;:&quot;0&quot;,&quot;iso&quot;:&quot;0&quot;,&quot;shutter_speed&quot;:&quot;0&quot;,&quot;title&quot;:&quot;&quot;,&quot;orientation&quot;:&quot;0&quot;}\" data-image-title=\"P2210339\" data-image-description=\"&lt;p&gt;Vallon de l&amp;rsquo;Antre &#8211; plaine entre Caille et Andon&lt;\/p&gt;\n\" data-image-caption=\"&lt;p&gt;Vallon de l&amp;rsquo;Antre &#8211; plaine entre Caille et Andon&lt;\/p&gt;\n\" data-medium-file=\"https:\/\/i0.wp.com\/voyages-en-france.fr\/wp-content\/uploads\/2021\/11\/P2210339.jpg?fit=300%2C200&amp;ssl=1\" data-large-file=\"https:\/\/i0.wp.com\/voyages-en-france.fr\/wp-content\/uploads\/2021\/11\/P2210339.jpg?fit=1024%2C683&amp;ssl=1\" class=\"size-large wp-image-2115\" src=\"https:\/\/i0.wp.com\/voyages-en-france.fr\/wp-content\/uploads\/2021\/11\/P2210339.jpg?resize=1024%2C683&#038;ssl=1\" alt=\"Vallon de l'Antre - plaine entre Caille et Andon\" width=\"1024\" height=\"683\" srcset=\"https:\/\/i0.wp.com\/voyages-en-france.fr\/wp-content\/uploads\/2021\/11\/P2210339.jpg?resize=1024%2C683&amp;ssl=1 1024w, https:\/\/i0.wp.com\/voyages-en-france.fr\/wp-content\/uploads\/2021\/11\/P2210339.jpg?resize=300%2C200&amp;ssl=1 300w, https:\/\/i0.wp.com\/voyages-en-france.fr\/wp-content\/uploads\/2021\/11\/P2210339.jpg?resize=768%2C512&amp;ssl=1 768w, https:\/\/i0.wp.com\/voyages-en-france.fr\/wp-content\/uploads\/2021\/11\/P2210339.jpg?resize=1536%2C1024&amp;ssl=1 1536w, https:\/\/i0.wp.com\/voyages-en-france.fr\/wp-content\/uploads\/2021\/11\/P2210339.jpg?resize=2048%2C1365&amp;ssl=1 2048w, https:\/\/i0.wp.com\/voyages-en-france.fr\/wp-content\/uploads\/2021\/11\/P2210339.jpg?resize=1200%2C800&amp;ssl=1 1200w, https:\/\/i0.wp.com\/voyages-en-france.fr\/wp-content\/uploads\/2021\/11\/P2210339.jpg?w=2400&amp;ssl=1 2400w\" sizes=\"auto, (max-width: 1024px) 100vw, 1024px\" \/><figcaption id=\"caption-attachment-2115\" class=\"wp-caption-text\">Vallon de l&rsquo;Antre &#8211; plaine entre Caille et Andon<\/figcaption><\/figure>\n<h2>Andon, une histoire riche<\/h2>\n<p>Le site est occup\u00e9 1 000 ans av. J.-C. On retrouve des traces de la pr\u00e9sence Ligure dans le camp retranch\u00e9 appel\u00e9 Castellaras de la Selle d&rsquo;Andon (petit sommet \u00e0 l&rsquo;est \u00e0 1211m). Ce site a \u00e9t\u00e9 ensuite occup\u00e9 par les Romains. On a retrouv\u00e9 des bornes milliaires signalant la Via Vintiana reliant S\u00e9ranon \u00e0 Gr\u00e9oli\u00e8res donnant les noms de l&#8217;empereur Marc Aur\u00e8le et du procurateur Julius Honoratus (actuelle D79).<\/p>\n<p>On a retrouv\u00e9 des traces de la pr\u00e9sence romaine sur plusieurs sites de la commune : la Selle de Caille, la ferme du ch\u00e2teau, la Mouli\u00e8re, les Teilles, la Selle d&rsquo;Andon, la Baisse, la Haute-Valette. Au Collet de la Serre, dans le castellaras, a \u00e9t\u00e9 retrouv\u00e9 une petite n\u00e9cropole. Des ruines d&rsquo;un grand tombeau romain ont \u00e9t\u00e9 d\u00e9gag\u00e9es pr\u00e8s du prieur\u00e9 du Clos de Bourges.<\/p>\n<p>Le village d\u2019Andon a succ\u00e9d\u00e9 \u00e0 un ancien village perch\u00e9 au col de Castellas dont les vestiges datent du XIIIe si\u00e8cle et a \u00e9t\u00e9 abandonn\u00e9 \u00e0 la suite d&rsquo;un incendie au XVIIIe si\u00e8cle. Le village a alors \u00e9t\u00e9 reconstruit \u00e0 l&#8217;emplacement actuel.<\/p>\n<p>Le comte de Provence avait donn\u00e9 la seigneurie d\u2019Andon \u00e0 Rom\u00e9e de Villeneuve en 1230. La seigneurie passa ensuite \u00e0 la famille de Grasse-Bar, puis aux Russan et aux Th\u00e9as. \u00c0 la veille de la R\u00e9volution elle appartenait, avec Thorenc, \u00e0 M. de Fanton, lieutenant-g\u00e9n\u00e9ral au si\u00e8ge de Grasse. La mort de la reine Jeanne I\u00e8re ouvre une crise de succession \u00e0 la t\u00eate du comt\u00e9 de Provence, les villes de l\u2019Union d&rsquo;Aix (1382-1387) soutenant Charles de Duras contre Louis Ier d&rsquo;Anjou. Le seigneur d\u2019Andon, Florent de Castellane, se rallie aux Angevins en 1385, apr\u00e8s la mort de Louis Ier.<\/p>\n<figure id=\"attachment_2118\" aria-describedby=\"caption-attachment-2118\" style=\"width: 1024px\" class=\"wp-caption aligncenter\"><img data-recalc-dims=\"1\" loading=\"lazy\" decoding=\"async\" data-attachment-id=\"2118\" data-permalink=\"https:\/\/voyages-en-france.fr\/index.php\/2021\/11\/20\/andon-et-la-montagne-de-laudibergue-1642m\/dsc_0196\/\" data-orig-file=\"https:\/\/i0.wp.com\/voyages-en-france.fr\/wp-content\/uploads\/2021\/11\/DSC_0196.jpg?fit=2501%2C1667&amp;ssl=1\" data-orig-size=\"2501,1667\" data-comments-opened=\"1\" data-image-meta=\"{&quot;aperture&quot;:&quot;0&quot;,&quot;credit&quot;:&quot;&quot;,&quot;camera&quot;:&quot;&quot;,&quot;caption&quot;:&quot;&quot;,&quot;created_timestamp&quot;:&quot;0&quot;,&quot;copyright&quot;:&quot;&quot;,&quot;focal_length&quot;:&quot;0&quot;,&quot;iso&quot;:&quot;0&quot;,&quot;shutter_speed&quot;:&quot;0&quot;,&quot;title&quot;:&quot;&quot;,&quot;orientation&quot;:&quot;0&quot;}\" data-image-title=\"DSC_0196\" data-image-description=\"&lt;p&gt;Le Castellas &#8211; ancien ch\u00e2teau d&amp;rsquo;Andon&lt;\/p&gt;\n\" data-image-caption=\"&lt;p&gt;Le Castellas &#8211; ancien ch\u00e2teau d&amp;rsquo;Andon&lt;\/p&gt;\n\" data-medium-file=\"https:\/\/i0.wp.com\/voyages-en-france.fr\/wp-content\/uploads\/2021\/11\/DSC_0196.jpg?fit=300%2C200&amp;ssl=1\" data-large-file=\"https:\/\/i0.wp.com\/voyages-en-france.fr\/wp-content\/uploads\/2021\/11\/DSC_0196.jpg?fit=1024%2C683&amp;ssl=1\" class=\"size-large wp-image-2118\" src=\"https:\/\/i0.wp.com\/voyages-en-france.fr\/wp-content\/uploads\/2021\/11\/DSC_0196.jpg?resize=1024%2C683&#038;ssl=1\" alt=\"Le Castellas - ancien ch\u00e2teau d'Andon\" width=\"1024\" height=\"683\" srcset=\"https:\/\/i0.wp.com\/voyages-en-france.fr\/wp-content\/uploads\/2021\/11\/DSC_0196.jpg?resize=1024%2C683&amp;ssl=1 1024w, https:\/\/i0.wp.com\/voyages-en-france.fr\/wp-content\/uploads\/2021\/11\/DSC_0196.jpg?resize=300%2C200&amp;ssl=1 300w, https:\/\/i0.wp.com\/voyages-en-france.fr\/wp-content\/uploads\/2021\/11\/DSC_0196.jpg?resize=768%2C512&amp;ssl=1 768w, https:\/\/i0.wp.com\/voyages-en-france.fr\/wp-content\/uploads\/2021\/11\/DSC_0196.jpg?resize=1536%2C1024&amp;ssl=1 1536w, https:\/\/i0.wp.com\/voyages-en-france.fr\/wp-content\/uploads\/2021\/11\/DSC_0196.jpg?resize=2048%2C1365&amp;ssl=1 2048w, https:\/\/i0.wp.com\/voyages-en-france.fr\/wp-content\/uploads\/2021\/11\/DSC_0196.jpg?resize=1200%2C800&amp;ssl=1 1200w, https:\/\/i0.wp.com\/voyages-en-france.fr\/wp-content\/uploads\/2021\/11\/DSC_0196.jpg?w=2400&amp;ssl=1 2400w\" sizes=\"auto, (max-width: 1024px) 100vw, 1024px\" \/><figcaption id=\"caption-attachment-2118\" class=\"wp-caption-text\">Le Castellas &#8211; ancien ch\u00e2teau d&rsquo;Andon<\/figcaption><\/figure>\n<figure id=\"attachment_2119\" aria-describedby=\"caption-attachment-2119\" style=\"width: 1024px\" class=\"wp-caption aligncenter\"><img data-recalc-dims=\"1\" loading=\"lazy\" decoding=\"async\" data-attachment-id=\"2119\" data-permalink=\"https:\/\/voyages-en-france.fr\/index.php\/2021\/11\/20\/andon-et-la-montagne-de-laudibergue-1642m\/dsc_0210\/\" data-orig-file=\"https:\/\/i0.wp.com\/voyages-en-france.fr\/wp-content\/uploads\/2021\/11\/DSC_0210.jpg?fit=2532%2C1583&amp;ssl=1\" data-orig-size=\"2532,1583\" data-comments-opened=\"1\" data-image-meta=\"{&quot;aperture&quot;:&quot;0&quot;,&quot;credit&quot;:&quot;&quot;,&quot;camera&quot;:&quot;&quot;,&quot;caption&quot;:&quot;&quot;,&quot;created_timestamp&quot;:&quot;0&quot;,&quot;copyright&quot;:&quot;&quot;,&quot;focal_length&quot;:&quot;0&quot;,&quot;iso&quot;:&quot;0&quot;,&quot;shutter_speed&quot;:&quot;0&quot;,&quot;title&quot;:&quot;&quot;,&quot;orientation&quot;:&quot;0&quot;}\" data-image-title=\"DSC_0210\" data-image-description=\"&lt;p&gt;un chamois au Castellas &#8211; Andon&lt;\/p&gt;\n\" data-image-caption=\"&lt;p&gt;un chamois au Castellas &#8211; Andon&lt;\/p&gt;\n\" data-medium-file=\"https:\/\/i0.wp.com\/voyages-en-france.fr\/wp-content\/uploads\/2021\/11\/DSC_0210.jpg?fit=300%2C188&amp;ssl=1\" data-large-file=\"https:\/\/i0.wp.com\/voyages-en-france.fr\/wp-content\/uploads\/2021\/11\/DSC_0210.jpg?fit=1024%2C640&amp;ssl=1\" class=\"size-large wp-image-2119\" src=\"https:\/\/i0.wp.com\/voyages-en-france.fr\/wp-content\/uploads\/2021\/11\/DSC_0210.jpg?resize=1024%2C640&#038;ssl=1\" alt=\"un chamois au Castellas - Andon\" width=\"1024\" height=\"640\" srcset=\"https:\/\/i0.wp.com\/voyages-en-france.fr\/wp-content\/uploads\/2021\/11\/DSC_0210.jpg?resize=1024%2C640&amp;ssl=1 1024w, https:\/\/i0.wp.com\/voyages-en-france.fr\/wp-content\/uploads\/2021\/11\/DSC_0210.jpg?resize=300%2C188&amp;ssl=1 300w, https:\/\/i0.wp.com\/voyages-en-france.fr\/wp-content\/uploads\/2021\/11\/DSC_0210.jpg?resize=768%2C480&amp;ssl=1 768w, https:\/\/i0.wp.com\/voyages-en-france.fr\/wp-content\/uploads\/2021\/11\/DSC_0210.jpg?resize=1536%2C960&amp;ssl=1 1536w, https:\/\/i0.wp.com\/voyages-en-france.fr\/wp-content\/uploads\/2021\/11\/DSC_0210.jpg?resize=2048%2C1280&amp;ssl=1 2048w, https:\/\/i0.wp.com\/voyages-en-france.fr\/wp-content\/uploads\/2021\/11\/DSC_0210.jpg?resize=1200%2C750&amp;ssl=1 1200w, https:\/\/i0.wp.com\/voyages-en-france.fr\/wp-content\/uploads\/2021\/11\/DSC_0210.jpg?w=2400&amp;ssl=1 2400w\" sizes=\"auto, (max-width: 1024px) 100vw, 1024px\" \/><figcaption id=\"caption-attachment-2119\" class=\"wp-caption-text\">un chamois au Castellas &#8211; Andon<\/figcaption><\/figure>\n<p>&nbsp;<\/p>\n<figure id=\"attachment_2886\" aria-describedby=\"caption-attachment-2886\" style=\"width: 1024px\" class=\"wp-caption aligncenter\"><img data-recalc-dims=\"1\" loading=\"lazy\" decoding=\"async\" data-attachment-id=\"2886\" data-permalink=\"https:\/\/voyages-en-france.fr\/index.php\/2021\/11\/20\/andon-et-la-montagne-de-laudibergue-1642m\/p2300048\/\" data-orig-file=\"https:\/\/i0.wp.com\/voyages-en-france.fr\/wp-content\/uploads\/2024\/03\/P2300048-scaled.jpg?fit=2560%2C1707&amp;ssl=1\" data-orig-size=\"2560,1707\" data-comments-opened=\"1\" data-image-meta=\"{&quot;aperture&quot;:&quot;3.3&quot;,&quot;credit&quot;:&quot;&quot;,&quot;camera&quot;:&quot;DMC-FZ1000&quot;,&quot;caption&quot;:&quot;&quot;,&quot;created_timestamp&quot;:&quot;1684428446&quot;,&quot;copyright&quot;:&quot;&quot;,&quot;focal_length&quot;:&quot;18.17&quot;,&quot;iso&quot;:&quot;125&quot;,&quot;shutter_speed&quot;:&quot;0.0125&quot;,&quot;title&quot;:&quot;&quot;,&quot;orientation&quot;:&quot;1&quot;}\" data-image-title=\"P2300048\" data-image-description=\"&lt;p&gt;Le Castellas d&amp;rsquo;Andon &#8211; emplacement de l&amp;rsquo;ancienne \u00e9glise et mur d&amp;rsquo;enceinte&lt;\/p&gt;\n\" data-image-caption=\"&lt;p&gt;Le Castellas d&amp;rsquo;Andon &#8211; emplacement de l&amp;rsquo;ancienne \u00e9glise et mur d&amp;rsquo;enceinte&lt;\/p&gt;\n\" data-medium-file=\"https:\/\/i0.wp.com\/voyages-en-france.fr\/wp-content\/uploads\/2024\/03\/P2300048-scaled.jpg?fit=300%2C200&amp;ssl=1\" data-large-file=\"https:\/\/i0.wp.com\/voyages-en-france.fr\/wp-content\/uploads\/2024\/03\/P2300048-scaled.jpg?fit=1024%2C683&amp;ssl=1\" class=\"size-large wp-image-2886\" src=\"https:\/\/i0.wp.com\/voyages-en-france.fr\/wp-content\/uploads\/2024\/03\/P2300048.jpg?resize=1024%2C683&#038;ssl=1\" alt=\"Le Castellas d'Andon - emplacement de l'ancienne \u00e9glise et mur d'enceinte\" width=\"1024\" height=\"683\" srcset=\"https:\/\/i0.wp.com\/voyages-en-france.fr\/wp-content\/uploads\/2024\/03\/P2300048-scaled.jpg?resize=1024%2C683&amp;ssl=1 1024w, https:\/\/i0.wp.com\/voyages-en-france.fr\/wp-content\/uploads\/2024\/03\/P2300048-scaled.jpg?resize=300%2C200&amp;ssl=1 300w, https:\/\/i0.wp.com\/voyages-en-france.fr\/wp-content\/uploads\/2024\/03\/P2300048-scaled.jpg?resize=768%2C512&amp;ssl=1 768w, https:\/\/i0.wp.com\/voyages-en-france.fr\/wp-content\/uploads\/2024\/03\/P2300048-scaled.jpg?resize=1536%2C1024&amp;ssl=1 1536w, https:\/\/i0.wp.com\/voyages-en-france.fr\/wp-content\/uploads\/2024\/03\/P2300048-scaled.jpg?resize=2048%2C1365&amp;ssl=1 2048w, https:\/\/i0.wp.com\/voyages-en-france.fr\/wp-content\/uploads\/2024\/03\/P2300048-scaled.jpg?resize=1200%2C800&amp;ssl=1 1200w, https:\/\/i0.wp.com\/voyages-en-france.fr\/wp-content\/uploads\/2024\/03\/P2300048-scaled.jpg?w=2400&amp;ssl=1 2400w\" sizes=\"auto, (max-width: 1024px) 100vw, 1024px\" \/><figcaption id=\"caption-attachment-2886\" class=\"wp-caption-text\">Le Castellas d&rsquo;Andon &#8211; emplacement de l&rsquo;ancienne \u00e9glise et mur d&rsquo;enceinte<\/figcaption><\/figure>\n<figure id=\"attachment_2888\" aria-describedby=\"caption-attachment-2888\" style=\"width: 1024px\" class=\"wp-caption aligncenter\"><img data-recalc-dims=\"1\" loading=\"lazy\" decoding=\"async\" data-attachment-id=\"2888\" data-permalink=\"https:\/\/voyages-en-france.fr\/index.php\/2021\/11\/20\/andon-et-la-montagne-de-laudibergue-1642m\/p2290997\/\" data-orig-file=\"https:\/\/i0.wp.com\/voyages-en-france.fr\/wp-content\/uploads\/2024\/03\/P2290997-scaled.jpg?fit=2560%2C1707&amp;ssl=1\" data-orig-size=\"2560,1707\" data-comments-opened=\"1\" data-image-meta=\"{&quot;aperture&quot;:&quot;2.8&quot;,&quot;credit&quot;:&quot;&quot;,&quot;camera&quot;:&quot;DMC-FZ1000&quot;,&quot;caption&quot;:&quot;&quot;,&quot;created_timestamp&quot;:&quot;1684427118&quot;,&quot;copyright&quot;:&quot;&quot;,&quot;focal_length&quot;:&quot;9.12&quot;,&quot;iso&quot;:&quot;125&quot;,&quot;shutter_speed&quot;:&quot;0.01&quot;,&quot;title&quot;:&quot;&quot;,&quot;orientation&quot;:&quot;1&quot;}\" data-image-title=\"P2290997\" data-image-description=\"&lt;p&gt;Le Castellas d&amp;rsquo;Andon &#8211; vue vers le nord&lt;\/p&gt;\n\" data-image-caption=\"&lt;p&gt;Le Castellas d&amp;rsquo;Andon &#8211; vue vers le nord&lt;\/p&gt;\n\" data-medium-file=\"https:\/\/i0.wp.com\/voyages-en-france.fr\/wp-content\/uploads\/2024\/03\/P2290997-scaled.jpg?fit=300%2C200&amp;ssl=1\" data-large-file=\"https:\/\/i0.wp.com\/voyages-en-france.fr\/wp-content\/uploads\/2024\/03\/P2290997-scaled.jpg?fit=1024%2C683&amp;ssl=1\" class=\"size-large wp-image-2888\" src=\"https:\/\/i0.wp.com\/voyages-en-france.fr\/wp-content\/uploads\/2024\/03\/P2290997.jpg?resize=1024%2C683&#038;ssl=1\" alt=\"Le Castellas d'Andon - vue vers le nord\" width=\"1024\" height=\"683\" srcset=\"https:\/\/i0.wp.com\/voyages-en-france.fr\/wp-content\/uploads\/2024\/03\/P2290997-scaled.jpg?resize=1024%2C683&amp;ssl=1 1024w, https:\/\/i0.wp.com\/voyages-en-france.fr\/wp-content\/uploads\/2024\/03\/P2290997-scaled.jpg?resize=300%2C200&amp;ssl=1 300w, https:\/\/i0.wp.com\/voyages-en-france.fr\/wp-content\/uploads\/2024\/03\/P2290997-scaled.jpg?resize=768%2C512&amp;ssl=1 768w, https:\/\/i0.wp.com\/voyages-en-france.fr\/wp-content\/uploads\/2024\/03\/P2290997-scaled.jpg?resize=1536%2C1024&amp;ssl=1 1536w, https:\/\/i0.wp.com\/voyages-en-france.fr\/wp-content\/uploads\/2024\/03\/P2290997-scaled.jpg?resize=2048%2C1366&amp;ssl=1 2048w, https:\/\/i0.wp.com\/voyages-en-france.fr\/wp-content\/uploads\/2024\/03\/P2290997-scaled.jpg?resize=1200%2C800&amp;ssl=1 1200w, https:\/\/i0.wp.com\/voyages-en-france.fr\/wp-content\/uploads\/2024\/03\/P2290997-scaled.jpg?w=2400&amp;ssl=1 2400w\" sizes=\"auto, (max-width: 1024px) 100vw, 1024px\" \/><figcaption id=\"caption-attachment-2888\" class=\"wp-caption-text\">Le Castellas d&rsquo;Andon &#8211; vue vers le nord<\/figcaption><\/figure>\n<figure id=\"attachment_2889\" aria-describedby=\"caption-attachment-2889\" style=\"width: 1024px\" class=\"wp-caption aligncenter\"><img data-recalc-dims=\"1\" loading=\"lazy\" decoding=\"async\" data-attachment-id=\"2889\" data-permalink=\"https:\/\/voyages-en-france.fr\/index.php\/2021\/11\/20\/andon-et-la-montagne-de-laudibergue-1642m\/p2300026\/\" data-orig-file=\"https:\/\/i0.wp.com\/voyages-en-france.fr\/wp-content\/uploads\/2024\/03\/P2300026-scaled.jpg?fit=2560%2C1707&amp;ssl=1\" data-orig-size=\"2560,1707\" data-comments-opened=\"1\" data-image-meta=\"{&quot;aperture&quot;:&quot;3.1&quot;,&quot;credit&quot;:&quot;&quot;,&quot;camera&quot;:&quot;DMC-FZ1000&quot;,&quot;caption&quot;:&quot;&quot;,&quot;created_timestamp&quot;:&quot;1684427654&quot;,&quot;copyright&quot;:&quot;&quot;,&quot;focal_length&quot;:&quot;13.97&quot;,&quot;iso&quot;:&quot;160&quot;,&quot;shutter_speed&quot;:&quot;0.0125&quot;,&quot;title&quot;:&quot;&quot;,&quot;orientation&quot;:&quot;1&quot;}\" data-image-title=\"P2300026\" data-image-description=\"&lt;p&gt;Le Castellas d&amp;rsquo;Andon &#8211; vue vers le sud&lt;\/p&gt;\n\" data-image-caption=\"&lt;p&gt;Le Castellas d&amp;rsquo;Andon &#8211; vue vers le sud&lt;\/p&gt;\n\" data-medium-file=\"https:\/\/i0.wp.com\/voyages-en-france.fr\/wp-content\/uploads\/2024\/03\/P2300026-scaled.jpg?fit=300%2C200&amp;ssl=1\" data-large-file=\"https:\/\/i0.wp.com\/voyages-en-france.fr\/wp-content\/uploads\/2024\/03\/P2300026-scaled.jpg?fit=1024%2C683&amp;ssl=1\" class=\"size-large wp-image-2889\" src=\"https:\/\/i0.wp.com\/voyages-en-france.fr\/wp-content\/uploads\/2024\/03\/P2300026.jpg?resize=1024%2C683&#038;ssl=1\" alt=\"Le Castellas d'Andon - vue vers le sud\" width=\"1024\" height=\"683\" srcset=\"https:\/\/i0.wp.com\/voyages-en-france.fr\/wp-content\/uploads\/2024\/03\/P2300026-scaled.jpg?resize=1024%2C683&amp;ssl=1 1024w, https:\/\/i0.wp.com\/voyages-en-france.fr\/wp-content\/uploads\/2024\/03\/P2300026-scaled.jpg?resize=300%2C200&amp;ssl=1 300w, https:\/\/i0.wp.com\/voyages-en-france.fr\/wp-content\/uploads\/2024\/03\/P2300026-scaled.jpg?resize=768%2C512&amp;ssl=1 768w, https:\/\/i0.wp.com\/voyages-en-france.fr\/wp-content\/uploads\/2024\/03\/P2300026-scaled.jpg?resize=1536%2C1024&amp;ssl=1 1536w, https:\/\/i0.wp.com\/voyages-en-france.fr\/wp-content\/uploads\/2024\/03\/P2300026-scaled.jpg?resize=2048%2C1365&amp;ssl=1 2048w, https:\/\/i0.wp.com\/voyages-en-france.fr\/wp-content\/uploads\/2024\/03\/P2300026-scaled.jpg?resize=1200%2C800&amp;ssl=1 1200w, https:\/\/i0.wp.com\/voyages-en-france.fr\/wp-content\/uploads\/2024\/03\/P2300026-scaled.jpg?w=2400&amp;ssl=1 2400w\" sizes=\"auto, (max-width: 1024px) 100vw, 1024px\" \/><figcaption id=\"caption-attachment-2889\" class=\"wp-caption-text\">Le Castellas d&rsquo;Andon &#8211; vue vers le sud<\/figcaption><\/figure>\n<h2>La station de ski de l&rsquo;Audibergue<\/h2>\n<p>Partag\u00e9 entre les communes de Andon et Caille, la station de ski est n\u00e9e dans les ann\u00e9es 1960 par la construction du t\u00e9l\u00e9ski du Signal \u00e0 l&rsquo;initiative de la commune d&rsquo;Andon. Suivent les t\u00e9l\u00e9skis de l&rsquo;Aups et le d\u00e9butant le Liason implant\u00e9s par la Soci\u00e9t\u00e9 Cailloise d&rsquo;exploitation de l&rsquo;Audibergue qui fera construire \u00e9galement dans les ann\u00e9es 1980, la Charboni\u00e8re, tous ces am\u00e9nagements \u00e9tant cautionn\u00e9s par la mairie de Caille.<\/p>\n<p>Parall\u00e8lement la Soci\u00e9t\u00e9 Alpes C\u00f4te d&rsquo;Azur d\u00e9veloppe le secteur de la Mouli\u00e8re avec l&rsquo;implantation du t\u00e9l\u00e9si\u00e8ge et du t\u00e9leski \u00e9cole. Quelques saisons sans neige auront raison de toutes ces soci\u00e9t\u00e9s qui seront reprises dans un syndicat constitu\u00e9 par les deux communes.<br \/>\nAujourd&rsquo;hui le Conseil G\u00e9n\u00e9ral 06 a cr\u00e9\u00e9 le S.M.G.A. syndicat mixte Gr\u00e9oli\u00e8res Audibergue qui g\u00e8re les remont\u00e9es m\u00e9caniques des deux stations avec une participation \u00e0 hauteur de 95 % du fonctionnement.<\/p>\n<p>Le domaine skiable est compos\u00e9 de <span style=\"font-size: 14px; word-spacing: normal;\">23 pistes sur 27 km :<\/span><\/p>\n<ul>\n<li>7 vertes ;<\/li>\n<li>5 bleues ;<\/li>\n<li>10 rouges ;<\/li>\n<li>1 noire.<\/li>\n<\/ul>\n<p>En outre la station accueille l&rsquo;\u00e9t\u00e9 de nombreux paratiquants du VTT, des randonneurs. De nombreux gouffres et aven permettent la pratique de la sp\u00e9l\u00e9ologie.<\/p>\n<figure id=\"attachment_2113\" aria-describedby=\"caption-attachment-2113\" style=\"width: 1024px\" class=\"wp-caption aligncenter\"><img data-recalc-dims=\"1\" loading=\"lazy\" decoding=\"async\" data-attachment-id=\"2113\" data-permalink=\"https:\/\/voyages-en-france.fr\/index.php\/2021\/11\/20\/andon-et-la-montagne-de-laudibergue-1642m\/p2200353\/\" data-orig-file=\"https:\/\/i0.wp.com\/voyages-en-france.fr\/wp-content\/uploads\/2021\/11\/P2200353.jpg?fit=2501%2C1667&amp;ssl=1\" data-orig-size=\"2501,1667\" data-comments-opened=\"1\" data-image-meta=\"{&quot;aperture&quot;:&quot;0&quot;,&quot;credit&quot;:&quot;&quot;,&quot;camera&quot;:&quot;&quot;,&quot;caption&quot;:&quot;&quot;,&quot;created_timestamp&quot;:&quot;0&quot;,&quot;copyright&quot;:&quot;&quot;,&quot;focal_length&quot;:&quot;0&quot;,&quot;iso&quot;:&quot;0&quot;,&quot;shutter_speed&quot;:&quot;0&quot;,&quot;title&quot;:&quot;&quot;,&quot;orientation&quot;:&quot;0&quot;}\" data-image-title=\"P2200353\" data-image-description=\"&lt;p&gt;La station de ski de l&amp;rsquo;Audibergue \u00e0 Andon&lt;\/p&gt;\n\" data-image-caption=\"&lt;p&gt;La station de ski de l&amp;rsquo;Audibergue \u00e0 Andon&lt;\/p&gt;\n\" data-medium-file=\"https:\/\/i0.wp.com\/voyages-en-france.fr\/wp-content\/uploads\/2021\/11\/P2200353.jpg?fit=300%2C200&amp;ssl=1\" data-large-file=\"https:\/\/i0.wp.com\/voyages-en-france.fr\/wp-content\/uploads\/2021\/11\/P2200353.jpg?fit=1024%2C683&amp;ssl=1\" class=\"size-large wp-image-2113\" src=\"https:\/\/i0.wp.com\/voyages-en-france.fr\/wp-content\/uploads\/2021\/11\/P2200353.jpg?resize=1024%2C683&#038;ssl=1\" alt=\"La station de ski de l'Audibergue \u00e0 Andon\" width=\"1024\" height=\"683\" srcset=\"https:\/\/i0.wp.com\/voyages-en-france.fr\/wp-content\/uploads\/2021\/11\/P2200353.jpg?resize=1024%2C683&amp;ssl=1 1024w, https:\/\/i0.wp.com\/voyages-en-france.fr\/wp-content\/uploads\/2021\/11\/P2200353.jpg?resize=300%2C200&amp;ssl=1 300w, https:\/\/i0.wp.com\/voyages-en-france.fr\/wp-content\/uploads\/2021\/11\/P2200353.jpg?resize=768%2C512&amp;ssl=1 768w, https:\/\/i0.wp.com\/voyages-en-france.fr\/wp-content\/uploads\/2021\/11\/P2200353.jpg?resize=1536%2C1024&amp;ssl=1 1536w, https:\/\/i0.wp.com\/voyages-en-france.fr\/wp-content\/uploads\/2021\/11\/P2200353.jpg?resize=2048%2C1365&amp;ssl=1 2048w, https:\/\/i0.wp.com\/voyages-en-france.fr\/wp-content\/uploads\/2021\/11\/P2200353.jpg?resize=1200%2C800&amp;ssl=1 1200w, https:\/\/i0.wp.com\/voyages-en-france.fr\/wp-content\/uploads\/2021\/11\/P2200353.jpg?w=2400&amp;ssl=1 2400w\" sizes=\"auto, (max-width: 1024px) 100vw, 1024px\" \/><figcaption id=\"caption-attachment-2113\" class=\"wp-caption-text\">La station de ski de l&rsquo;Audibergue \u00e0 Andon<\/figcaption><\/figure>\n<figure id=\"attachment_2114\" aria-describedby=\"caption-attachment-2114\" style=\"width: 1024px\" class=\"wp-caption aligncenter\"><img data-recalc-dims=\"1\" loading=\"lazy\" decoding=\"async\" data-attachment-id=\"2114\" data-permalink=\"https:\/\/voyages-en-france.fr\/index.php\/2021\/11\/20\/andon-et-la-montagne-de-laudibergue-1642m\/p2200416\/\" data-orig-file=\"https:\/\/i0.wp.com\/voyages-en-france.fr\/wp-content\/uploads\/2021\/11\/P2200416.jpg?fit=2501%2C1667&amp;ssl=1\" data-orig-size=\"2501,1667\" data-comments-opened=\"1\" data-image-meta=\"{&quot;aperture&quot;:&quot;0&quot;,&quot;credit&quot;:&quot;&quot;,&quot;camera&quot;:&quot;&quot;,&quot;caption&quot;:&quot;&quot;,&quot;created_timestamp&quot;:&quot;0&quot;,&quot;copyright&quot;:&quot;&quot;,&quot;focal_length&quot;:&quot;0&quot;,&quot;iso&quot;:&quot;0&quot;,&quot;shutter_speed&quot;:&quot;0&quot;,&quot;title&quot;:&quot;&quot;,&quot;orientation&quot;:&quot;0&quot;}\" data-image-title=\"P2200416\" data-image-description=\"&lt;p&gt;La station de ski de l&amp;rsquo;Audibergue \u00e0 Andon&lt;\/p&gt;\n\" data-image-caption=\"&lt;p&gt;La station de ski de l&amp;rsquo;Audibergue \u00e0 Andon&lt;\/p&gt;\n\" data-medium-file=\"https:\/\/i0.wp.com\/voyages-en-france.fr\/wp-content\/uploads\/2021\/11\/P2200416.jpg?fit=300%2C200&amp;ssl=1\" data-large-file=\"https:\/\/i0.wp.com\/voyages-en-france.fr\/wp-content\/uploads\/2021\/11\/P2200416.jpg?fit=1024%2C683&amp;ssl=1\" class=\"size-large wp-image-2114\" src=\"https:\/\/i0.wp.com\/voyages-en-france.fr\/wp-content\/uploads\/2021\/11\/P2200416.jpg?resize=1024%2C683&#038;ssl=1\" alt=\"La station de ski de l'Audibergue \u00e0 Andon\" width=\"1024\" height=\"683\" srcset=\"https:\/\/i0.wp.com\/voyages-en-france.fr\/wp-content\/uploads\/2021\/11\/P2200416.jpg?resize=1024%2C683&amp;ssl=1 1024w, https:\/\/i0.wp.com\/voyages-en-france.fr\/wp-content\/uploads\/2021\/11\/P2200416.jpg?resize=300%2C200&amp;ssl=1 300w, https:\/\/i0.wp.com\/voyages-en-france.fr\/wp-content\/uploads\/2021\/11\/P2200416.jpg?resize=768%2C512&amp;ssl=1 768w, https:\/\/i0.wp.com\/voyages-en-france.fr\/wp-content\/uploads\/2021\/11\/P2200416.jpg?resize=1536%2C1024&amp;ssl=1 1536w, https:\/\/i0.wp.com\/voyages-en-france.fr\/wp-content\/uploads\/2021\/11\/P2200416.jpg?resize=2048%2C1365&amp;ssl=1 2048w, https:\/\/i0.wp.com\/voyages-en-france.fr\/wp-content\/uploads\/2021\/11\/P2200416.jpg?resize=1200%2C800&amp;ssl=1 1200w, https:\/\/i0.wp.com\/voyages-en-france.fr\/wp-content\/uploads\/2021\/11\/P2200416.jpg?w=2400&amp;ssl=1 2400w\" sizes=\"auto, (max-width: 1024px) 100vw, 1024px\" \/><figcaption id=\"caption-attachment-2114\" class=\"wp-caption-text\">La station de ski de l&rsquo;Audibergue \u00e0 Andon<\/figcaption><\/figure>\n<figure id=\"attachment_2120\" aria-describedby=\"caption-attachment-2120\" style=\"width: 1024px\" class=\"wp-caption aligncenter\"><img data-recalc-dims=\"1\" loading=\"lazy\" decoding=\"async\" data-attachment-id=\"2120\" data-permalink=\"https:\/\/voyages-en-france.fr\/index.php\/2021\/11\/20\/andon-et-la-montagne-de-laudibergue-1642m\/dsc_0226\/\" data-orig-file=\"https:\/\/i0.wp.com\/voyages-en-france.fr\/wp-content\/uploads\/2021\/11\/DSC_0226.jpg?fit=2488%2C1250&amp;ssl=1\" data-orig-size=\"2488,1250\" data-comments-opened=\"1\" data-image-meta=\"{&quot;aperture&quot;:&quot;0&quot;,&quot;credit&quot;:&quot;&quot;,&quot;camera&quot;:&quot;&quot;,&quot;caption&quot;:&quot;&quot;,&quot;created_timestamp&quot;:&quot;1625827816&quot;,&quot;copyright&quot;:&quot;&quot;,&quot;focal_length&quot;:&quot;0&quot;,&quot;iso&quot;:&quot;0&quot;,&quot;shutter_speed&quot;:&quot;0&quot;,&quot;title&quot;:&quot;&quot;,&quot;orientation&quot;:&quot;1&quot;}\" data-image-title=\"DSC_0226\" data-image-description=\"&lt;p&gt;Vallon de l&amp;rsquo;Antre &#8211; plaine entre Caille et Andon&lt;\/p&gt;\n\" data-image-caption=\"&lt;p&gt;Vallon de l&amp;rsquo;Antre &#8211; plaine entre Caille et Andon&lt;\/p&gt;\n\" data-medium-file=\"https:\/\/i0.wp.com\/voyages-en-france.fr\/wp-content\/uploads\/2021\/11\/DSC_0226.jpg?fit=300%2C151&amp;ssl=1\" data-large-file=\"https:\/\/i0.wp.com\/voyages-en-france.fr\/wp-content\/uploads\/2021\/11\/DSC_0226.jpg?fit=1024%2C514&amp;ssl=1\" class=\"size-large wp-image-2120\" src=\"https:\/\/i0.wp.com\/voyages-en-france.fr\/wp-content\/uploads\/2021\/11\/DSC_0226.jpg?resize=1024%2C514&#038;ssl=1\" alt=\"Vallon de l'Antre - plaine entre Caille et Andon\" width=\"1024\" height=\"514\" srcset=\"https:\/\/i0.wp.com\/voyages-en-france.fr\/wp-content\/uploads\/2021\/11\/DSC_0226.jpg?resize=1024%2C514&amp;ssl=1 1024w, https:\/\/i0.wp.com\/voyages-en-france.fr\/wp-content\/uploads\/2021\/11\/DSC_0226.jpg?resize=300%2C151&amp;ssl=1 300w, https:\/\/i0.wp.com\/voyages-en-france.fr\/wp-content\/uploads\/2021\/11\/DSC_0226.jpg?resize=768%2C386&amp;ssl=1 768w, https:\/\/i0.wp.com\/voyages-en-france.fr\/wp-content\/uploads\/2021\/11\/DSC_0226.jpg?resize=1536%2C772&amp;ssl=1 1536w, https:\/\/i0.wp.com\/voyages-en-france.fr\/wp-content\/uploads\/2021\/11\/DSC_0226.jpg?resize=2048%2C1029&amp;ssl=1 2048w, https:\/\/i0.wp.com\/voyages-en-france.fr\/wp-content\/uploads\/2021\/11\/DSC_0226.jpg?resize=1200%2C603&amp;ssl=1 1200w, https:\/\/i0.wp.com\/voyages-en-france.fr\/wp-content\/uploads\/2021\/11\/DSC_0226.jpg?w=2400&amp;ssl=1 2400w\" sizes=\"auto, (max-width: 1024px) 100vw, 1024px\" \/><figcaption id=\"caption-attachment-2120\" class=\"wp-caption-text\">Vallon de l&rsquo;Antre &#8211; plaine entre Caille et Andon<\/figcaption><\/figure>\n<h2>Balade sur les pentes de la Montagne de l&rsquo;Audibergue<\/h2>\n<figure id=\"attachment_2349\" aria-describedby=\"caption-attachment-2349\" style=\"width: 1024px\" class=\"wp-caption aligncenter\"><img data-recalc-dims=\"1\" loading=\"lazy\" decoding=\"async\" data-attachment-id=\"2349\" data-permalink=\"https:\/\/voyages-en-france.fr\/index.php\/2021\/11\/20\/andon-et-la-montagne-de-laudibergue-1642m\/ign-audibergue\/\" data-orig-file=\"https:\/\/i0.wp.com\/voyages-en-france.fr\/wp-content\/uploads\/2022\/02\/IGN-Audibergue.jpg?fit=2321%2C1420&amp;ssl=1\" data-orig-size=\"2321,1420\" data-comments-opened=\"1\" data-image-meta=\"{&quot;aperture&quot;:&quot;0&quot;,&quot;credit&quot;:&quot;Christophe Gouze&quot;,&quot;camera&quot;:&quot;&quot;,&quot;caption&quot;:&quot;&quot;,&quot;created_timestamp&quot;:&quot;1643925997&quot;,&quot;copyright&quot;:&quot;&quot;,&quot;focal_length&quot;:&quot;0&quot;,&quot;iso&quot;:&quot;0&quot;,&quot;shutter_speed&quot;:&quot;0&quot;,&quot;title&quot;:&quot;&quot;,&quot;orientation&quot;:&quot;0&quot;}\" data-image-title=\"IGN Audibergue\" data-image-description=\"&lt;p&gt;Carte IGN des pentes de l&amp;rsquo;Audibergue&lt;\/p&gt;\n\" data-image-caption=\"&lt;p&gt;Carte IGN des pentes de l&amp;rsquo;Audibergue&lt;\/p&gt;\n\" data-medium-file=\"https:\/\/i0.wp.com\/voyages-en-france.fr\/wp-content\/uploads\/2022\/02\/IGN-Audibergue.jpg?fit=300%2C184&amp;ssl=1\" data-large-file=\"https:\/\/i0.wp.com\/voyages-en-france.fr\/wp-content\/uploads\/2022\/02\/IGN-Audibergue.jpg?fit=1024%2C626&amp;ssl=1\" class=\"size-large wp-image-2349\" src=\"https:\/\/i0.wp.com\/voyages-en-france.fr\/wp-content\/uploads\/2022\/02\/IGN-Audibergue.jpg?resize=1024%2C626&#038;ssl=1\" alt=\"Carte IGN des pentes de l'Audibergue\" width=\"1024\" height=\"626\" srcset=\"https:\/\/i0.wp.com\/voyages-en-france.fr\/wp-content\/uploads\/2022\/02\/IGN-Audibergue.jpg?resize=1024%2C626&amp;ssl=1 1024w, https:\/\/i0.wp.com\/voyages-en-france.fr\/wp-content\/uploads\/2022\/02\/IGN-Audibergue.jpg?resize=300%2C184&amp;ssl=1 300w, https:\/\/i0.wp.com\/voyages-en-france.fr\/wp-content\/uploads\/2022\/02\/IGN-Audibergue.jpg?resize=768%2C470&amp;ssl=1 768w, https:\/\/i0.wp.com\/voyages-en-france.fr\/wp-content\/uploads\/2022\/02\/IGN-Audibergue.jpg?resize=1536%2C940&amp;ssl=1 1536w, https:\/\/i0.wp.com\/voyages-en-france.fr\/wp-content\/uploads\/2022\/02\/IGN-Audibergue.jpg?resize=2048%2C1253&amp;ssl=1 2048w, https:\/\/i0.wp.com\/voyages-en-france.fr\/wp-content\/uploads\/2022\/02\/IGN-Audibergue.jpg?resize=1200%2C734&amp;ssl=1 1200w\" sizes=\"auto, (max-width: 1024px) 100vw, 1024px\" \/><figcaption id=\"caption-attachment-2349\" class=\"wp-caption-text\">Carte IGN des pentes de l&rsquo;Audibergue<\/figcaption><\/figure>\n<p>Les pentes de la Montage de l&rsquo;Audibergue offrent des balades relativement facile, surtout en partant du parking de la station de l&rsquo;Audibergue \u00e0 1350m. En toutes saison vous marcherez sur les pistes soient recouvertes de neige et de glace, soient de lavandes sauvage fleuries. Vers le nord on voit le village d&rsquo;Andon, son ancien ch\u00e2teau fort du Castellas et la cha\u00eene du Mercantour. Au sud en arrivant au sommet \u00e0 1642m vous d\u00e9couvrez Escragnoles juste en dessous, le Doublier, la baie de Cannes, l&rsquo;Est\u00e9rel et m\u00eame la Corse.<\/p>\n<p>Choisissez votre itin\u00e9raires en fonction de l&rsquo;incidence de la pente&#8230; tout droit cela monte un peu plus fort, en passant sur les pistes sur votre gauche (\u00e0 l&rsquo;est donc \u00e0 droite sur la carte)\u00a0 la mont\u00e9e est plus douce.<\/p>\n<div class=\"pgc-sgb-cb wp-block-pgcsimplygalleryblock-justified \" data-gallery-id=\"79789268\"><div class=\"sgb-preloader\" id=\"pr_79789268\">\n\t<div class=\"sgb-square\" style=\"background:#d4d4d4\"><\/div>\n\t<div class=\"sgb-square\" style=\"background:#d4d4d4\"><\/div>\n\t<div class=\"sgb-square\" style=\"background:#d4d4d4\"><\/div>\n\t<div class=\"sgb-square\" style=\"background:#d4d4d4\"><\/div><\/div><div class=\"simply-gallery-amp pgc_sgb_slider \" style=\"display: none;\"><div class=\"sgb-gallery\"><div class=\"sgb-item\"><a href=\"http:\/\/voyages-en-france.fr\/p2230522\/\" target=\"_blank\"><img data-recalc-dims=\"1\" decoding=\"async\" alt=\"La montagne de l&#039;Audibergue\" width=\"300\" height=\"200\" loading=\"lazy\" src=\"https:\/\/i0.wp.com\/voyages-en-france.fr\/wp-content\/uploads\/2022\/02\/P2230522-300x200.jpg?resize=300%2C200\" srcset=\"http:\/\/voyages-en-france.fr\/wp-content\/uploads\/2022\/02\/P2230522-300x200.jpg 300w,http:\/\/voyages-en-france.fr\/wp-content\/uploads\/2022\/02\/P2230522-1024x683.jpg 1024w,http:\/\/voyages-en-france.fr\/wp-content\/uploads\/2022\/02\/P2230522-scaled.jpg 2560w\" sizes=\"auto, 250px\"\/><\/a><div class=\"sgb-item-caption\"><em>La montagne de l'Audibergue<\/em><\/div><\/div><div class=\"sgb-item\"><a href=\"http:\/\/voyages-en-france.fr\/p2230520-30pc\/\" target=\"_blank\"><img data-recalc-dims=\"1\" decoding=\"async\" alt=\"La montagne de l&#039;Audibergue\" width=\"300\" height=\"200\" loading=\"lazy\" src=\"https:\/\/i0.wp.com\/voyages-en-france.fr\/wp-content\/uploads\/2022\/02\/P2230520-30PC-300x200.jpg?resize=300%2C200\" srcset=\"http:\/\/voyages-en-france.fr\/wp-content\/uploads\/2022\/02\/P2230520-30PC-300x200.jpg 300w,http:\/\/voyages-en-france.fr\/wp-content\/uploads\/2022\/02\/P2230520-30PC-1024x682.jpg 1024w,http:\/\/voyages-en-france.fr\/wp-content\/uploads\/2022\/02\/P2230520-30PC.jpg 1642w\" sizes=\"auto, 250px\"\/><\/a><div class=\"sgb-item-caption\"><em>La montagne de l'Audibergue<\/em><\/div><\/div><div class=\"sgb-item\"><a href=\"http:\/\/voyages-en-france.fr\/p2230518-30pc\/\" target=\"_blank\"><img data-recalc-dims=\"1\" decoding=\"async\" alt=\"La montagne de l&#039;Audibergue\" width=\"300\" height=\"200\" loading=\"lazy\" src=\"https:\/\/i0.wp.com\/voyages-en-france.fr\/wp-content\/uploads\/2022\/02\/P2230518-30PC-300x200.jpg?resize=300%2C200\" srcset=\"http:\/\/voyages-en-france.fr\/wp-content\/uploads\/2022\/02\/P2230518-30PC-300x200.jpg 300w,http:\/\/voyages-en-france.fr\/wp-content\/uploads\/2022\/02\/P2230518-30PC-1024x682.jpg 1024w,http:\/\/voyages-en-france.fr\/wp-content\/uploads\/2022\/02\/P2230518-30PC.jpg 1642w\" sizes=\"auto, 250px\"\/><\/a><div class=\"sgb-item-caption\"><em>La montagne de l'Audibergue<\/em><\/div><\/div><div class=\"sgb-item\"><a href=\"http:\/\/voyages-en-france.fr\/p2230488-30pc\/\" target=\"_blank\"><img data-recalc-dims=\"1\" decoding=\"async\" alt=\"Vue de la montagne de l&#039;Audibergue\" width=\"300\" height=\"200\" loading=\"lazy\" src=\"https:\/\/i0.wp.com\/voyages-en-france.fr\/wp-content\/uploads\/2022\/02\/P2230488-30PC-300x200.jpg?resize=300%2C200\" srcset=\"http:\/\/voyages-en-france.fr\/wp-content\/uploads\/2022\/02\/P2230488-30PC-300x200.jpg 300w,http:\/\/voyages-en-france.fr\/wp-content\/uploads\/2022\/02\/P2230488-30PC-1024x682.jpg 1024w,http:\/\/voyages-en-france.fr\/wp-content\/uploads\/2022\/02\/P2230488-30PC.jpg 1642w\" sizes=\"auto, 250px\"\/><\/a><div class=\"sgb-item-caption\"><em>Vue de la montagne de l'Audibergue<\/em><\/div><\/div><div class=\"sgb-item\"><a href=\"http:\/\/voyages-en-france.fr\/p2230442-30pc\/\" target=\"_blank\"><img data-recalc-dims=\"1\" decoding=\"async\" alt=\"La montagne de l&#039;Audibergue\" width=\"300\" height=\"200\" loading=\"lazy\" src=\"https:\/\/i0.wp.com\/voyages-en-france.fr\/wp-content\/uploads\/2022\/02\/P2230442-30PC-300x200.jpg?resize=300%2C200\" srcset=\"http:\/\/voyages-en-france.fr\/wp-content\/uploads\/2022\/02\/P2230442-30PC-300x200.jpg 300w,http:\/\/voyages-en-france.fr\/wp-content\/uploads\/2022\/02\/P2230442-30PC-1024x682.jpg 1024w,http:\/\/voyages-en-france.fr\/wp-content\/uploads\/2022\/02\/P2230442-30PC.jpg 1642w\" sizes=\"auto, 250px\"\/><\/a><div class=\"sgb-item-caption\"><em>La montagne de l'Audibergue<\/em><\/div><\/div><div class=\"sgb-item\"><a href=\"http:\/\/voyages-en-france.fr\/p2230408-30pc\/\" target=\"_blank\"><img data-recalc-dims=\"1\" decoding=\"async\" alt=\"Pentes de la Montagne de l&#039;Audibergue\" width=\"300\" height=\"200\" loading=\"lazy\" src=\"https:\/\/i0.wp.com\/voyages-en-france.fr\/wp-content\/uploads\/2022\/02\/P2230408-30PC-300x200.jpg?resize=300%2C200\" srcset=\"http:\/\/voyages-en-france.fr\/wp-content\/uploads\/2022\/02\/P2230408-30PC-300x200.jpg 300w,http:\/\/voyages-en-france.fr\/wp-content\/uploads\/2022\/02\/P2230408-30PC-1024x682.jpg 1024w,http:\/\/voyages-en-france.fr\/wp-content\/uploads\/2022\/02\/P2230408-30PC.jpg 1642w\" sizes=\"auto, 250px\"\/><\/a><div class=\"sgb-item-caption\"><em>Pentes de la Montagne de l'Audibergue<\/em><\/div><\/div><div class=\"sgb-item\"><a href=\"http:\/\/voyages-en-france.fr\/dsc_0493-30pc\/\" target=\"_blank\"><img data-recalc-dims=\"1\" decoding=\"async\" alt=\"Le Mercantour depuis Andon\" width=\"300\" height=\"200\" loading=\"lazy\" src=\"https:\/\/i0.wp.com\/voyages-en-france.fr\/wp-content\/uploads\/2022\/02\/DSC_0493-30PC-300x200.jpg?resize=300%2C200\" srcset=\"http:\/\/voyages-en-france.fr\/wp-content\/uploads\/2022\/02\/DSC_0493-30PC-300x200.jpg 300w,http:\/\/voyages-en-france.fr\/wp-content\/uploads\/2022\/02\/DSC_0493-30PC-1024x683.jpg 1024w,http:\/\/voyages-en-france.fr\/wp-content\/uploads\/2022\/02\/DSC_0493-30PC.jpg 1800w\" sizes=\"auto, 250px\"\/><\/a><div class=\"sgb-item-caption\"><em>Le Mercantour depuis Andon<\/em><\/div><\/div><div class=\"sgb-item\"><a href=\"http:\/\/voyages-en-france.fr\/p2230552\/\" target=\"_blank\"><img data-recalc-dims=\"1\" decoding=\"async\" alt=\"Station de l&#039;Audibergue\" width=\"300\" height=\"200\" loading=\"lazy\" src=\"https:\/\/i0.wp.com\/voyages-en-france.fr\/wp-content\/uploads\/2022\/02\/P2230552-300x200.jpg?resize=300%2C200\" srcset=\"http:\/\/voyages-en-france.fr\/wp-content\/uploads\/2022\/02\/P2230552-300x200.jpg 300w,http:\/\/voyages-en-france.fr\/wp-content\/uploads\/2022\/02\/P2230552-1024x683.jpg 1024w,http:\/\/voyages-en-france.fr\/wp-content\/uploads\/2022\/02\/P2230552-scaled.jpg 2560w\" sizes=\"auto, 250px\"\/><\/a><div class=\"sgb-item-caption\"><em>Station de l'Audibergue <\/em><\/div><\/div><\/div><\/div><script type=\"application\/json\" class=\"sgb-data\">{\"lastRowFill\":true,\"collectionThumbMiniScreenScale\":true,\"externalLinkFontSize\":10,\"collectionthumbHoverTitleFontSize\":10,\"collectionthumbRoundedCorners\":3,\"galleryType\":\"pgc_sgb_justified\",\"galleryId\":\"79789268\",\"images\":[{\"id\":2358,\"title\":\"P2230522\",\"url\":\"http:\/\/voyages-en-france.fr\/wp-content\/uploads\/2022\/02\/P2230522-scaled.jpg\",\"link\":\"http:\/\/voyages-en-france.fr\/p2230522\/\",\"alt\":\"La montagne de l\\u0026#039;Audibergue\",\"description\":\"La montagne de l'Audibergue\",\"caption\":\"La montagne de l'Audibergue\",\"mime\":\"image\/jpeg\",\"type\":\"image\",\"width\":2560,\"height\":1707,\"sizes\":{\"thumbnail\":{\"height\":150,\"width\":150,\"url\":\"http:\/\/voyages-en-france.fr\/wp-content\/uploads\/2022\/02\/P2230522-150x150.jpg\",\"orientation\":\"landscape\"},\"medium\":{\"height\":200,\"width\":300,\"url\":\"http:\/\/voyages-en-france.fr\/wp-content\/uploads\/2022\/02\/P2230522-300x200.jpg\",\"orientation\":\"landscape\"},\"large\":{\"height\":683,\"width\":1024,\"url\":\"http:\/\/voyages-en-france.fr\/wp-content\/uploads\/2022\/02\/P2230522-1024x683.jpg\",\"orientation\":\"landscape\"},\"full\":{\"url\":\"http:\/\/voyages-en-france.fr\/wp-content\/uploads\/2022\/02\/P2230522-scaled.jpg\",\"height\":1707,\"width\":2560,\"orientation\":\"landscape\"}},\"meta\":false,\"postlink\":\"http:\/\/voyages-en-france.fr\/p2230522\/\"},{\"id\":2356,\"title\":\"P2230520 [30PC]\",\"url\":\"http:\/\/voyages-en-france.fr\/wp-content\/uploads\/2022\/02\/P2230520-30PC.jpg\",\"link\":\"http:\/\/voyages-en-france.fr\/p2230520-30pc\/\",\"alt\":\"La montagne de l\\u0026#039;Audibergue\",\"description\":\"La montagne de l'Audibergue\",\"caption\":\"La montagne de l'Audibergue\",\"mime\":\"image\/jpeg\",\"type\":\"image\",\"width\":1642,\"height\":1094,\"sizes\":{\"thumbnail\":{\"height\":150,\"width\":150,\"url\":\"http:\/\/voyages-en-france.fr\/wp-content\/uploads\/2022\/02\/P2230520-30PC-150x150.jpg\",\"orientation\":\"landscape\"},\"medium\":{\"height\":200,\"width\":300,\"url\":\"http:\/\/voyages-en-france.fr\/wp-content\/uploads\/2022\/02\/P2230520-30PC-300x200.jpg\",\"orientation\":\"landscape\"},\"large\":{\"height\":682,\"width\":1024,\"url\":\"http:\/\/voyages-en-france.fr\/wp-content\/uploads\/2022\/02\/P2230520-30PC-1024x682.jpg\",\"orientation\":\"landscape\"},\"full\":{\"url\":\"http:\/\/voyages-en-france.fr\/wp-content\/uploads\/2022\/02\/P2230520-30PC.jpg\",\"height\":1094,\"width\":1642,\"orientation\":\"landscape\"}},\"meta\":false,\"postlink\":\"http:\/\/voyages-en-france.fr\/p2230520-30pc\/\"},{\"id\":2355,\"title\":\"P2230518 [30PC]\",\"url\":\"http:\/\/voyages-en-france.fr\/wp-content\/uploads\/2022\/02\/P2230518-30PC.jpg\",\"link\":\"http:\/\/voyages-en-france.fr\/p2230518-30pc\/\",\"alt\":\"La montagne de l\\u0026#039;Audibergue\",\"description\":\"La montagne de l'Audibergue\",\"caption\":\"La montagne de l'Audibergue\",\"mime\":\"image\/jpeg\",\"type\":\"image\",\"width\":1642,\"height\":1094,\"sizes\":{\"thumbnail\":{\"height\":150,\"width\":150,\"url\":\"http:\/\/voyages-en-france.fr\/wp-content\/uploads\/2022\/02\/P2230518-30PC-150x150.jpg\",\"orientation\":\"landscape\"},\"medium\":{\"height\":200,\"width\":300,\"url\":\"http:\/\/voyages-en-france.fr\/wp-content\/uploads\/2022\/02\/P2230518-30PC-300x200.jpg\",\"orientation\":\"landscape\"},\"large\":{\"height\":682,\"width\":1024,\"url\":\"http:\/\/voyages-en-france.fr\/wp-content\/uploads\/2022\/02\/P2230518-30PC-1024x682.jpg\",\"orientation\":\"landscape\"},\"full\":{\"url\":\"http:\/\/voyages-en-france.fr\/wp-content\/uploads\/2022\/02\/P2230518-30PC.jpg\",\"height\":1094,\"width\":1642,\"orientation\":\"landscape\"}},\"meta\":false,\"postlink\":\"http:\/\/voyages-en-france.fr\/p2230518-30pc\/\"},{\"id\":2354,\"title\":\"P2230488 [30PC]\",\"url\":\"http:\/\/voyages-en-france.fr\/wp-content\/uploads\/2022\/02\/P2230488-30PC.jpg\",\"link\":\"http:\/\/voyages-en-france.fr\/p2230488-30pc\/\",\"alt\":\"Vue de la montagne de l\\u0026#039;Audibergue\",\"description\":\"Vue de la montagne de l'Audibergue\",\"caption\":\"Vue de la montagne de l'Audibergue\",\"mime\":\"image\/jpeg\",\"type\":\"image\",\"width\":1642,\"height\":1094,\"sizes\":{\"thumbnail\":{\"height\":150,\"width\":150,\"url\":\"http:\/\/voyages-en-france.fr\/wp-content\/uploads\/2022\/02\/P2230488-30PC-150x150.jpg\",\"orientation\":\"landscape\"},\"medium\":{\"height\":200,\"width\":300,\"url\":\"http:\/\/voyages-en-france.fr\/wp-content\/uploads\/2022\/02\/P2230488-30PC-300x200.jpg\",\"orientation\":\"landscape\"},\"large\":{\"height\":682,\"width\":1024,\"url\":\"http:\/\/voyages-en-france.fr\/wp-content\/uploads\/2022\/02\/P2230488-30PC-1024x682.jpg\",\"orientation\":\"landscape\"},\"full\":{\"url\":\"http:\/\/voyages-en-france.fr\/wp-content\/uploads\/2022\/02\/P2230488-30PC.jpg\",\"height\":1094,\"width\":1642,\"orientation\":\"landscape\"}},\"meta\":false,\"postlink\":\"http:\/\/voyages-en-france.fr\/p2230488-30pc\/\"},{\"id\":2353,\"title\":\"P2230442 [30PC]\",\"url\":\"http:\/\/voyages-en-france.fr\/wp-content\/uploads\/2022\/02\/P2230442-30PC.jpg\",\"link\":\"http:\/\/voyages-en-france.fr\/p2230442-30pc\/\",\"alt\":\"La montagne de l\\u0026#039;Audibergue\",\"description\":\"La montagne de l'Audibergue\",\"caption\":\"La montagne de l'Audibergue\",\"mime\":\"image\/jpeg\",\"type\":\"image\",\"width\":1642,\"height\":1094,\"sizes\":{\"thumbnail\":{\"height\":150,\"width\":150,\"url\":\"http:\/\/voyages-en-france.fr\/wp-content\/uploads\/2022\/02\/P2230442-30PC-150x150.jpg\",\"orientation\":\"landscape\"},\"medium\":{\"height\":200,\"width\":300,\"url\":\"http:\/\/voyages-en-france.fr\/wp-content\/uploads\/2022\/02\/P2230442-30PC-300x200.jpg\",\"orientation\":\"landscape\"},\"large\":{\"height\":682,\"width\":1024,\"url\":\"http:\/\/voyages-en-france.fr\/wp-content\/uploads\/2022\/02\/P2230442-30PC-1024x682.jpg\",\"orientation\":\"landscape\"},\"full\":{\"url\":\"http:\/\/voyages-en-france.fr\/wp-content\/uploads\/2022\/02\/P2230442-30PC.jpg\",\"height\":1094,\"width\":1642,\"orientation\":\"landscape\"}},\"meta\":false,\"postlink\":\"http:\/\/voyages-en-france.fr\/p2230442-30pc\/\"},{\"id\":2350,\"title\":\"P2230408 [30PC]\",\"url\":\"http:\/\/voyages-en-france.fr\/wp-content\/uploads\/2022\/02\/P2230408-30PC.jpg\",\"link\":\"http:\/\/voyages-en-france.fr\/p2230408-30pc\/\",\"alt\":\"Pentes de la Montagne de l\\u0026#039;Audibergue\",\"description\":\"Pentes de la Montagne de l'Audibergue\",\"caption\":\"Pentes de la Montagne de l'Audibergue\",\"mime\":\"image\/jpeg\",\"type\":\"image\",\"width\":1642,\"height\":1094,\"sizes\":{\"thumbnail\":{\"height\":150,\"width\":150,\"url\":\"http:\/\/voyages-en-france.fr\/wp-content\/uploads\/2022\/02\/P2230408-30PC-150x150.jpg\",\"orientation\":\"landscape\"},\"medium\":{\"height\":200,\"width\":300,\"url\":\"http:\/\/voyages-en-france.fr\/wp-content\/uploads\/2022\/02\/P2230408-30PC-300x200.jpg\",\"orientation\":\"landscape\"},\"large\":{\"height\":682,\"width\":1024,\"url\":\"http:\/\/voyages-en-france.fr\/wp-content\/uploads\/2022\/02\/P2230408-30PC-1024x682.jpg\",\"orientation\":\"landscape\"},\"full\":{\"url\":\"http:\/\/voyages-en-france.fr\/wp-content\/uploads\/2022\/02\/P2230408-30PC.jpg\",\"height\":1094,\"width\":1642,\"orientation\":\"landscape\"}},\"meta\":false,\"postlink\":\"http:\/\/voyages-en-france.fr\/p2230408-30pc\/\"},{\"id\":2345,\"title\":\"DSC_0493 [30PC]\",\"url\":\"http:\/\/voyages-en-france.fr\/wp-content\/uploads\/2022\/02\/DSC_0493-30PC.jpg\",\"link\":\"http:\/\/voyages-en-france.fr\/dsc_0493-30pc\/\",\"alt\":\"Le Mercantour depuis Andon\",\"description\":\"Le Mercantour depuis Andon\",\"caption\":\"Le Mercantour depuis Andon\",\"mime\":\"image\/jpeg\",\"type\":\"image\",\"width\":1800,\"height\":1200,\"sizes\":{\"thumbnail\":{\"height\":150,\"width\":150,\"url\":\"http:\/\/voyages-en-france.fr\/wp-content\/uploads\/2022\/02\/DSC_0493-30PC-150x150.jpg\",\"orientation\":\"landscape\"},\"medium\":{\"height\":200,\"width\":300,\"url\":\"http:\/\/voyages-en-france.fr\/wp-content\/uploads\/2022\/02\/DSC_0493-30PC-300x200.jpg\",\"orientation\":\"landscape\"},\"large\":{\"height\":683,\"width\":1024,\"url\":\"http:\/\/voyages-en-france.fr\/wp-content\/uploads\/2022\/02\/DSC_0493-30PC-1024x683.jpg\",\"orientation\":\"landscape\"},\"full\":{\"url\":\"http:\/\/voyages-en-france.fr\/wp-content\/uploads\/2022\/02\/DSC_0493-30PC.jpg\",\"height\":1200,\"width\":1800,\"orientation\":\"landscape\"}},\"meta\":false,\"postlink\":\"http:\/\/voyages-en-france.fr\/dsc_0493-30pc\/\"},{\"id\":2344,\"title\":\"P2230552\",\"url\":\"http:\/\/voyages-en-france.fr\/wp-content\/uploads\/2022\/02\/P2230552-scaled.jpg\",\"link\":\"http:\/\/voyages-en-france.fr\/p2230552\/\",\"alt\":\"Station de l\\u0026#039;Audibergue\",\"description\":\"Station de l'Audibergue \",\"caption\":\"Station de l'Audibergue \",\"mime\":\"image\/jpeg\",\"type\":\"image\",\"width\":2560,\"height\":1707,\"sizes\":{\"thumbnail\":{\"height\":150,\"width\":150,\"url\":\"http:\/\/voyages-en-france.fr\/wp-content\/uploads\/2022\/02\/P2230552-150x150.jpg\",\"orientation\":\"landscape\"},\"medium\":{\"height\":200,\"width\":300,\"url\":\"http:\/\/voyages-en-france.fr\/wp-content\/uploads\/2022\/02\/P2230552-300x200.jpg\",\"orientation\":\"landscape\"},\"large\":{\"height\":683,\"width\":1024,\"url\":\"http:\/\/voyages-en-france.fr\/wp-content\/uploads\/2022\/02\/P2230552-1024x683.jpg\",\"orientation\":\"landscape\"},\"full\":{\"url\":\"http:\/\/voyages-en-france.fr\/wp-content\/uploads\/2022\/02\/P2230552-scaled.jpg\",\"height\":1707,\"width\":2560,\"orientation\":\"landscape\"}},\"meta\":false,\"postlink\":\"http:\/\/voyages-en-france.fr\/p2230552\/\"}],\"itemsMetaDataCollection\":[],\"galleryData\":\"{\\u0022pageMode\\u0022:false,\\u0022lastRowFill\\u0022:true,\\u0022collectionThumbRecomendedHeight\\u0022:200,\\u0022collectionThumbMiniScreenScale\\u0022:true,\\u0022thumbSpacing\\u0022:5,\\u0022externalLink\\u0022:true,\\u0022externalLinkDefName\\u0022:\\u0022Read More\\u0022,\\u0022externalLinkTextColor\\u0022:\\u0022rgba(0,0,0,1)\\u0022,\\u0022externalLinkBgColor\\u0022:\\u0022rgba(255,255,255,1)\\u0022,\\u0022externalLinkFontSize\\u0022:10,\\u0022captions\\u0022:true,\\u0022captionSrc\\u0022:\\u0022caption\\u0022,\\u0022captionHAlign\\u0022:\\u0022top\\u0022,\\u0022collectionthumbHoverTitleFontSize\\u0022:10,\\u0022collectionthumbRoundedCorners\\u0022:3,\\u0022collectionthumbHoverTitleTextColor\\u0022:\\u0022rgba(255,255,255,1)\\u0022,\\u0022collectionthumbHoverTitleTextBgColor\\u0022:\\u0022rgba(0,0,0,0.8)\\u0022,\\u0022collectionthumbHoverBgColor\\u0022:\\u0022rgba(0,0,0,0.4)\\u0022,\\u0022collectionThumbSubMenuDownload\\u0022:true,\\u0022collectionThumbSubMenuShare\\u0022:true,\\u0022collectionThumbSubMenuBgColor\\u0022:\\u0022rgba(0,0,0,0.4)\\u0022,\\u0022collectionThumbSubMenuBgColorHover\\u0022:\\u0022rgba(255,255,255,1)\\u0022,\\u0022collectionThumbSubMenuIconColor\\u0022:\\u0022rgba(255,255,255,1)\\u0022,\\u0022collectionThumbSubMenuIconColorHover\\u0022:\\u0022rgba(0,0,0,1)\\u0022,\\u0022galleryType\\u0022:\\u0022pgc_sgb_justified\\u0022,\\u0022align\\u0022:\\u0022\\u0022,\\u0022galleryId\\u0022:\\u002279789268\\u0022,\\u0022tagsListCustomMode\\u0022:false,\\u0022initGalleryByFirstTag\\u0022:false,\\u0022deepLinkingForTag\\u0022:false,\\u0022galleryTagsList\\u0022:[],\\u0022useClobalSettings\\u0022:false,\\u0022orderBy\\u0022:\\u0022custom\\u0022,\\u0022deepLinking\\u0022:false,\\u0022useLightbox\\u0022:true,\\u0022thumbClickAction\\u0022:\\u0022useLightbox\\u0022,\\u0022numItemsDisplayed\\u0022:0,\\u0022lazyLoading\\u0022:true,\\u0022contentNoPadding\\u0022:false,\\u0022galleryPreloaderColor\\u0022:\\u0022rgba(230,230,230,1)\\u0022,\\u0022galleryBgColor\\u0022:\\u0022rgba(0,0,0,0)\\u0022,\\u0022galleryBorderRadius\\u0022:0,\\u0022customCSS\\u0022:\\u0022\\u0022,\\u0022itemsPerPage\\u0022:20,\\u0022loadMoreDefName\\u0022:\\u0022Load More\\u0022,\\u0022loadMoreFontSize\\u0022:16,\\u0022loadMoreTextColor\\u0022:\\u0022rgba(255,255,255,1)\\u0022,\\u0022loadMoreBgColor\\u0022:\\u0022rgba(0,0,0,1)\\u0022,\\u0022tagsFilter\\u0022:false,\\u0022tagCloudAll\\u0022:\\u0022All\\u0022,\\u0022tagCloudBgColor\\u0022:\\u0022rgba(153,153,153,1)\\u0022,\\u0022tagCloudBgColorOver\\u0022:\\u0022rgba(253,253,253,1)\\u0022,\\u0022tagCloudTextColor\\u0022:\\u0022rgba(253,253,253,1)\\u0022,\\u0022tagCloudTextColorOver\\u0022:\\u0022rgba(153,153,153,1)\\u0022,\\u0022tagCloudFontSize\\u0022:16,\\u0022modaBgColor\\u0022:\\u0022rgba(0,0,0,0.8)\\u0022,\\u0022modalIconColor\\u0022:\\u0022rgba(255,255,255,1)\\u0022,\\u0022modalIconColorHover\\u0022:\\u0022rgba(255,255,255,0.8)\\u0022,\\u0022shareFacebook\\u0022:true,\\u0022shareTwitter\\u0022:true,\\u0022sharePinterest\\u0022:true,\\u0022sliderItemDownload\\u0022:true,\\u0022shareCopyLink\\u0022:true,\\u0022sharePost\\u0022:\\u0022sharelink\\u0022,\\u0022copyRProtection\\u0022:false,\\u0022copyRAlert\\u0022:\\u0022Hello, this photo is mine!\\u0022,\\u0022sliderScrollNavi\\u0022:false,\\u0022sliderNextPrevAnimation\\u0022:\\u0022animation\\u0022,\\u0022galleryScrollPositionControll\\u0022:false,\\u0022sliderVideoAutoPlay\\u0022:false,\\u0022sliderVideoLoop\\u0022:false,\\u0022sliderItemCounterEnable\\u0022:true,\\u0022sliderCaptionSrc\\u0022:\\u0022caption\\u0022,\\u0022sliderItemTitleEnable\\u0022:false,\\u0022sliderItemTitleFontSize\\u0022:18,\\u0022sliderItemTitleTextColor\\u0022:\\u0022rgba(255,255,255,1)\\u0022,\\u0022itemCounterColor\\u0022:\\u0022rgba(255,255,255,1)\\u0022,\\u0022sliderThumbBarEnable\\u0022:true,\\u0022sliderThumbBarHoverColor\\u0022:\\u0022rgba(240,240,240,1)\\u0022,\\u0022sliderBgColor\\u0022:\\u0022rgba(0,0,0,0.8)\\u0022,\\u0022sliderPreloaderColor\\u0022:\\u0022rgba(240,240,240,1)\\u0022,\\u0022sliderHeaderFooterBgColor\\u0022:\\u0022rgba(0,0,0,0.4)\\u0022,\\u0022sliderNavigationColor\\u0022:\\u0022rgba(0,0,0,1)\\u0022,\\u0022sliderNavigationColorOver\\u0022:\\u0022rgba(255,255,255,1)\\u0022,\\u0022sliderNavigationIconColor\\u0022:\\u0022rgba(255,255,255,1)\\u0022,\\u0022sliderNavigationIconColorOver\\u0022:\\u0022rgba(0,0,0,1)\\u0022,\\u0022sliderSlideshow\\u0022:true,\\u0022sliderSlideshowDelay\\u0022:8,\\u0022slideshowIndicatorColor\\u0022:\\u0022rgba(255,255,255,1)\\u0022,\\u0022slideshowIndicatorColorBg\\u0022:\\u0022rgba(255,255,255,0.5)\\u0022,\\u0022sliderThumbSubMenuBackgroundColor\\u0022:\\u0022rgba(255,255,255,0)\\u0022,\\u0022sliderThumbSubMenuBackgroundColorOver\\u0022:\\u0022rgba(255,255,255,1)\\u0022,\\u0022sliderThumbSubMenuIconColor\\u0022:\\u0022rgba(255,255,255,1)\\u0022,\\u0022sliderThumbSubMenuIconHoverColor\\u0022:\\u0022rgba(0,0,0,1)\\u0022,\\u0022sliderSocialShareEnabled\\u0022:true,\\u0022sliderZoomEnable\\u0022:true,\\u0022sliderFullscreenEnabled\\u0022:true,\\u0022settingsModalIsOpen\\u0022:false,\\u0022skin\\u0022:\\u0022justified\\u0022}\"}<\/script><script>(function(){if(window.PGC_SGB && window.PGC_SGB.searcher){window.PGC_SGB.searcher.initBlocks()}})()<\/script><\/div>\n<h2>Les ammonites<\/h2>\n<p>Les<a href=\"https:\/\/fr.wikipedia.org\/wiki\/Ammonoidea\"> ammonites<\/a> sont des mollusques c\u00e9phalopodes vivant dans les mers chaudes disparues il y \u00e0 65 millions d&rsquo;ann\u00e9es en m\u00eame temps que de nombreuses esp\u00e8ces. On retrouve des ammonites que l&rsquo;on reconnait gr\u00e2ce \u00e0 leur forme de spirale. Elle sont de tailles variables de quelques millim\u00e8tres jusqu&rsquo;\u00e0 2 m\u00e8tres. C&rsquo;est toujours surprenant d&rsquo;observer ces fossiles des mers chaudes en gravissant la Montagne \u00e0 1500m et dans le froid et la glace!<\/p>\n<figure id=\"attachment_2352\" aria-describedby=\"caption-attachment-2352\" style=\"width: 1024px\" class=\"wp-caption aligncenter\"><img data-recalc-dims=\"1\" loading=\"lazy\" decoding=\"async\" data-attachment-id=\"2352\" data-permalink=\"https:\/\/voyages-en-france.fr\/index.php\/2021\/11\/20\/andon-et-la-montagne-de-laudibergue-1642m\/p2230430-30pc\/\" data-orig-file=\"https:\/\/i0.wp.com\/voyages-en-france.fr\/wp-content\/uploads\/2022\/02\/P2230430-30PC.jpg?fit=1642%2C1094&amp;ssl=1\" data-orig-size=\"1642,1094\" data-comments-opened=\"1\" data-image-meta=\"{&quot;aperture&quot;:&quot;4&quot;,&quot;credit&quot;:&quot;&quot;,&quot;camera&quot;:&quot;DMC-FZ1000&quot;,&quot;caption&quot;:&quot;&quot;,&quot;created_timestamp&quot;:&quot;1642343668&quot;,&quot;copyright&quot;:&quot;&quot;,&quot;focal_length&quot;:&quot;135.82&quot;,&quot;iso&quot;:&quot;125&quot;,&quot;shutter_speed&quot;:&quot;0.004&quot;,&quot;title&quot;:&quot;&quot;,&quot;orientation&quot;:&quot;1&quot;}\" data-image-title=\"P2230430 [30PC]\" data-image-description=\"&lt;p&gt;Ammonite \u00e0 la montagne de l&amp;rsquo;Audibergue&lt;\/p&gt;\n\" data-image-caption=\"&lt;p&gt;Ammonite \u00e0 la montagne de l&amp;rsquo;Audibergue&lt;\/p&gt;\n\" data-medium-file=\"https:\/\/i0.wp.com\/voyages-en-france.fr\/wp-content\/uploads\/2022\/02\/P2230430-30PC.jpg?fit=300%2C200&amp;ssl=1\" data-large-file=\"https:\/\/i0.wp.com\/voyages-en-france.fr\/wp-content\/uploads\/2022\/02\/P2230430-30PC.jpg?fit=1024%2C682&amp;ssl=1\" class=\"size-large wp-image-2352\" src=\"https:\/\/i0.wp.com\/voyages-en-france.fr\/wp-content\/uploads\/2022\/02\/P2230430-30PC.jpg?resize=1024%2C682&#038;ssl=1\" alt=\"Ammonite \u00e0 la montagne de l'Audibergue\" width=\"1024\" height=\"682\" srcset=\"https:\/\/i0.wp.com\/voyages-en-france.fr\/wp-content\/uploads\/2022\/02\/P2230430-30PC.jpg?resize=1024%2C682&amp;ssl=1 1024w, https:\/\/i0.wp.com\/voyages-en-france.fr\/wp-content\/uploads\/2022\/02\/P2230430-30PC.jpg?resize=300%2C200&amp;ssl=1 300w, https:\/\/i0.wp.com\/voyages-en-france.fr\/wp-content\/uploads\/2022\/02\/P2230430-30PC.jpg?resize=768%2C512&amp;ssl=1 768w, https:\/\/i0.wp.com\/voyages-en-france.fr\/wp-content\/uploads\/2022\/02\/P2230430-30PC.jpg?resize=1536%2C1023&amp;ssl=1 1536w, https:\/\/i0.wp.com\/voyages-en-france.fr\/wp-content\/uploads\/2022\/02\/P2230430-30PC.jpg?resize=1200%2C800&amp;ssl=1 1200w, https:\/\/i0.wp.com\/voyages-en-france.fr\/wp-content\/uploads\/2022\/02\/P2230430-30PC.jpg?w=1642&amp;ssl=1 1642w\" sizes=\"auto, (max-width: 1024px) 100vw, 1024px\" \/><figcaption id=\"caption-attachment-2352\" class=\"wp-caption-text\">Ammonite \u00e0 la montagne de l&rsquo;Audibergue<\/figcaption><\/figure>\n<figure id=\"attachment_2351\" aria-describedby=\"caption-attachment-2351\" style=\"width: 1024px\" class=\"wp-caption aligncenter\"><img data-recalc-dims=\"1\" loading=\"lazy\" decoding=\"async\" data-attachment-id=\"2351\" data-permalink=\"https:\/\/voyages-en-france.fr\/index.php\/2021\/11\/20\/andon-et-la-montagne-de-laudibergue-1642m\/p2230428-30pc\/\" data-orig-file=\"https:\/\/i0.wp.com\/voyages-en-france.fr\/wp-content\/uploads\/2022\/02\/P2230428-30PC.jpg?fit=1642%2C1094&amp;ssl=1\" data-orig-size=\"1642,1094\" data-comments-opened=\"1\" data-image-meta=\"{&quot;aperture&quot;:&quot;4&quot;,&quot;credit&quot;:&quot;&quot;,&quot;camera&quot;:&quot;DMC-FZ1000&quot;,&quot;caption&quot;:&quot;&quot;,&quot;created_timestamp&quot;:&quot;1642343656&quot;,&quot;copyright&quot;:&quot;&quot;,&quot;focal_length&quot;:&quot;122.41&quot;,&quot;iso&quot;:&quot;125&quot;,&quot;shutter_speed&quot;:&quot;0.005&quot;,&quot;title&quot;:&quot;&quot;,&quot;orientation&quot;:&quot;1&quot;}\" data-image-title=\"P2230428 [30PC]\" data-image-description=\"&lt;p&gt;Ammonite \u00e0 la montagne de l&amp;rsquo;Audibergue&lt;\/p&gt;\n\" data-image-caption=\"&lt;p&gt;Ammonite \u00e0 la montagne de l&amp;rsquo;Audibergue&lt;\/p&gt;\n\" data-medium-file=\"https:\/\/i0.wp.com\/voyages-en-france.fr\/wp-content\/uploads\/2022\/02\/P2230428-30PC.jpg?fit=300%2C200&amp;ssl=1\" data-large-file=\"https:\/\/i0.wp.com\/voyages-en-france.fr\/wp-content\/uploads\/2022\/02\/P2230428-30PC.jpg?fit=1024%2C682&amp;ssl=1\" class=\"size-large wp-image-2351\" src=\"https:\/\/i0.wp.com\/voyages-en-france.fr\/wp-content\/uploads\/2022\/02\/P2230428-30PC.jpg?resize=1024%2C682&#038;ssl=1\" alt=\"Ammonite \u00e0 la montagne de l'Audibergue\" width=\"1024\" height=\"682\" srcset=\"https:\/\/i0.wp.com\/voyages-en-france.fr\/wp-content\/uploads\/2022\/02\/P2230428-30PC.jpg?resize=1024%2C682&amp;ssl=1 1024w, https:\/\/i0.wp.com\/voyages-en-france.fr\/wp-content\/uploads\/2022\/02\/P2230428-30PC.jpg?resize=300%2C200&amp;ssl=1 300w, https:\/\/i0.wp.com\/voyages-en-france.fr\/wp-content\/uploads\/2022\/02\/P2230428-30PC.jpg?resize=768%2C512&amp;ssl=1 768w, https:\/\/i0.wp.com\/voyages-en-france.fr\/wp-content\/uploads\/2022\/02\/P2230428-30PC.jpg?resize=1536%2C1023&amp;ssl=1 1536w, https:\/\/i0.wp.com\/voyages-en-france.fr\/wp-content\/uploads\/2022\/02\/P2230428-30PC.jpg?resize=1200%2C800&amp;ssl=1 1200w, https:\/\/i0.wp.com\/voyages-en-france.fr\/wp-content\/uploads\/2022\/02\/P2230428-30PC.jpg?w=1642&amp;ssl=1 1642w\" sizes=\"auto, (max-width: 1024px) 100vw, 1024px\" \/><figcaption id=\"caption-attachment-2351\" class=\"wp-caption-text\">Ammonite \u00e0 la montagne de l&rsquo;Audibergue<\/figcaption><\/figure>\n<h2>La Corse, vue de l&rsquo;Audibergue<\/h2>\n<p>Par temps relativement clair, en arrivant au sommet vous pourrez voir les sommets de la Corse. La Corse se trouve \u00e0 100 milles nautiques de la c\u00f4te \u00e0 Antibes, c&rsquo;est \u00e0 dire 185 km. Avec l&rsquo;altitude et sachant que les sommets de Corse sont \u00e0 plus de 2500m, malgr\u00e9 la rotondit\u00e9 de la surface de la terre, on peut apercevoir une grande partie des montagnes de Corse, m\u00eame au dessus de la brume marine.<\/p>\n<figure id=\"attachment_2346\" aria-describedby=\"caption-attachment-2346\" style=\"width: 1024px\" class=\"wp-caption aligncenter\"><img data-recalc-dims=\"1\" loading=\"lazy\" decoding=\"async\" data-attachment-id=\"2346\" data-permalink=\"https:\/\/voyages-en-france.fr\/index.php\/2021\/11\/20\/andon-et-la-montagne-de-laudibergue-1642m\/dsc_0502-30pc\/\" data-orig-file=\"https:\/\/i0.wp.com\/voyages-en-france.fr\/wp-content\/uploads\/2022\/02\/DSC_0502-30PC.jpg?fit=1742%2C1161&amp;ssl=1\" data-orig-size=\"1742,1161\" data-comments-opened=\"1\" data-image-meta=\"{&quot;aperture&quot;:&quot;11&quot;,&quot;credit&quot;:&quot;&quot;,&quot;camera&quot;:&quot;NIKON D5600&quot;,&quot;caption&quot;:&quot;&quot;,&quot;created_timestamp&quot;:&quot;1642346762&quot;,&quot;copyright&quot;:&quot;&quot;,&quot;focal_length&quot;:&quot;72&quot;,&quot;iso&quot;:&quot;320&quot;,&quot;shutter_speed&quot;:&quot;0.002&quot;,&quot;title&quot;:&quot;&quot;,&quot;orientation&quot;:&quot;1&quot;}\" data-image-title=\"DSC_0502 [30PC]\" data-image-description=\"&lt;p&gt;La Corse depuis le sommet de l&amp;rsquo;Audibergue&lt;\/p&gt;\n\" data-image-caption=\"&lt;p&gt;La Corse depuis le sommet de l&amp;rsquo;Audibergue&lt;\/p&gt;\n\" data-medium-file=\"https:\/\/i0.wp.com\/voyages-en-france.fr\/wp-content\/uploads\/2022\/02\/DSC_0502-30PC.jpg?fit=300%2C200&amp;ssl=1\" data-large-file=\"https:\/\/i0.wp.com\/voyages-en-france.fr\/wp-content\/uploads\/2022\/02\/DSC_0502-30PC.jpg?fit=1024%2C682&amp;ssl=1\" class=\"size-large wp-image-2346\" src=\"https:\/\/i0.wp.com\/voyages-en-france.fr\/wp-content\/uploads\/2022\/02\/DSC_0502-30PC.jpg?resize=1024%2C682&#038;ssl=1\" alt=\"La Corse depuis le sommet de l'Audibergue\" width=\"1024\" height=\"682\" srcset=\"https:\/\/i0.wp.com\/voyages-en-france.fr\/wp-content\/uploads\/2022\/02\/DSC_0502-30PC.jpg?resize=1024%2C682&amp;ssl=1 1024w, https:\/\/i0.wp.com\/voyages-en-france.fr\/wp-content\/uploads\/2022\/02\/DSC_0502-30PC.jpg?resize=300%2C200&amp;ssl=1 300w, https:\/\/i0.wp.com\/voyages-en-france.fr\/wp-content\/uploads\/2022\/02\/DSC_0502-30PC.jpg?resize=768%2C512&amp;ssl=1 768w, https:\/\/i0.wp.com\/voyages-en-france.fr\/wp-content\/uploads\/2022\/02\/DSC_0502-30PC.jpg?resize=1536%2C1024&amp;ssl=1 1536w, https:\/\/i0.wp.com\/voyages-en-france.fr\/wp-content\/uploads\/2022\/02\/DSC_0502-30PC.jpg?resize=1200%2C800&amp;ssl=1 1200w, https:\/\/i0.wp.com\/voyages-en-france.fr\/wp-content\/uploads\/2022\/02\/DSC_0502-30PC.jpg?w=1742&amp;ssl=1 1742w\" sizes=\"auto, (max-width: 1024px) 100vw, 1024px\" \/><figcaption id=\"caption-attachment-2346\" class=\"wp-caption-text\">La Corse depuis le sommet de l&rsquo;Audibergue<\/figcaption><\/figure>\n<figure id=\"attachment_2348\" aria-describedby=\"caption-attachment-2348\" style=\"width: 1024px\" class=\"wp-caption aligncenter\"><img data-recalc-dims=\"1\" loading=\"lazy\" decoding=\"async\" data-attachment-id=\"2348\" data-permalink=\"https:\/\/voyages-en-france.fr\/index.php\/2021\/11\/20\/andon-et-la-montagne-de-laudibergue-1642m\/dsc_0511-30pc\/\" data-orig-file=\"https:\/\/i0.wp.com\/voyages-en-france.fr\/wp-content\/uploads\/2022\/02\/DSC_0511-30PC.jpg?fit=1800%2C905&amp;ssl=1\" data-orig-size=\"1800,905\" data-comments-opened=\"1\" data-image-meta=\"{&quot;aperture&quot;:&quot;11&quot;,&quot;credit&quot;:&quot;&quot;,&quot;camera&quot;:&quot;NIKON D5600&quot;,&quot;caption&quot;:&quot;&quot;,&quot;created_timestamp&quot;:&quot;1642346802&quot;,&quot;copyright&quot;:&quot;&quot;,&quot;focal_length&quot;:&quot;300&quot;,&quot;iso&quot;:&quot;220&quot;,&quot;shutter_speed&quot;:&quot;0.002&quot;,&quot;title&quot;:&quot;&quot;,&quot;orientation&quot;:&quot;1&quot;}\" data-image-title=\"DSC_0511 [30PC]\" data-image-description=\"&lt;p&gt;La Corse depuis le sommet de l&amp;rsquo;Audibergue&lt;\/p&gt;\n\" data-image-caption=\"&lt;p&gt;La Corse depuis le sommet de l&amp;rsquo;Audibergue&lt;\/p&gt;\n\" data-medium-file=\"https:\/\/i0.wp.com\/voyages-en-france.fr\/wp-content\/uploads\/2022\/02\/DSC_0511-30PC.jpg?fit=300%2C151&amp;ssl=1\" data-large-file=\"https:\/\/i0.wp.com\/voyages-en-france.fr\/wp-content\/uploads\/2022\/02\/DSC_0511-30PC.jpg?fit=1024%2C515&amp;ssl=1\" class=\"size-large wp-image-2348\" src=\"https:\/\/i0.wp.com\/voyages-en-france.fr\/wp-content\/uploads\/2022\/02\/DSC_0511-30PC.jpg?resize=1024%2C515&#038;ssl=1\" alt=\"La Corse depuis le sommet de l'Audibergue\" width=\"1024\" height=\"515\" srcset=\"https:\/\/i0.wp.com\/voyages-en-france.fr\/wp-content\/uploads\/2022\/02\/DSC_0511-30PC.jpg?resize=1024%2C515&amp;ssl=1 1024w, https:\/\/i0.wp.com\/voyages-en-france.fr\/wp-content\/uploads\/2022\/02\/DSC_0511-30PC.jpg?resize=300%2C151&amp;ssl=1 300w, https:\/\/i0.wp.com\/voyages-en-france.fr\/wp-content\/uploads\/2022\/02\/DSC_0511-30PC.jpg?resize=768%2C386&amp;ssl=1 768w, https:\/\/i0.wp.com\/voyages-en-france.fr\/wp-content\/uploads\/2022\/02\/DSC_0511-30PC.jpg?resize=1536%2C772&amp;ssl=1 1536w, https:\/\/i0.wp.com\/voyages-en-france.fr\/wp-content\/uploads\/2022\/02\/DSC_0511-30PC.jpg?resize=1200%2C603&amp;ssl=1 1200w, https:\/\/i0.wp.com\/voyages-en-france.fr\/wp-content\/uploads\/2022\/02\/DSC_0511-30PC.jpg?w=1800&amp;ssl=1 1800w\" sizes=\"auto, (max-width: 1024px) 100vw, 1024px\" \/><figcaption id=\"caption-attachment-2348\" class=\"wp-caption-text\">La Corse depuis le sommet de l&rsquo;Audibergue<\/figcaption><\/figure>\n<figure id=\"attachment_2347\" aria-describedby=\"caption-attachment-2347\" style=\"width: 1024px\" class=\"wp-caption aligncenter\"><img data-recalc-dims=\"1\" loading=\"lazy\" decoding=\"async\" data-attachment-id=\"2347\" data-permalink=\"https:\/\/voyages-en-france.fr\/index.php\/2021\/11\/20\/andon-et-la-montagne-de-laudibergue-1642m\/dsc_0510-30pc\/\" data-orig-file=\"https:\/\/i0.wp.com\/voyages-en-france.fr\/wp-content\/uploads\/2022\/02\/DSC_0510-30PC.jpg?fit=1752%2C651&amp;ssl=1\" data-orig-size=\"1752,651\" data-comments-opened=\"1\" data-image-meta=\"{&quot;aperture&quot;:&quot;11&quot;,&quot;credit&quot;:&quot;&quot;,&quot;camera&quot;:&quot;NIKON D5600&quot;,&quot;caption&quot;:&quot;&quot;,&quot;created_timestamp&quot;:&quot;1642346797&quot;,&quot;copyright&quot;:&quot;&quot;,&quot;focal_length&quot;:&quot;300&quot;,&quot;iso&quot;:&quot;250&quot;,&quot;shutter_speed&quot;:&quot;0.002&quot;,&quot;title&quot;:&quot;&quot;,&quot;orientation&quot;:&quot;1&quot;}\" data-image-title=\"DSC_0510 [30PC]\" data-image-description=\"&lt;p&gt;La Corse depuis le sommet de l&amp;rsquo;Audibergue&lt;\/p&gt;\n\" data-image-caption=\"&lt;p&gt;La Corse depuis le sommet de l&amp;rsquo;Audibergue&lt;\/p&gt;\n\" data-medium-file=\"https:\/\/i0.wp.com\/voyages-en-france.fr\/wp-content\/uploads\/2022\/02\/DSC_0510-30PC.jpg?fit=300%2C111&amp;ssl=1\" data-large-file=\"https:\/\/i0.wp.com\/voyages-en-france.fr\/wp-content\/uploads\/2022\/02\/DSC_0510-30PC.jpg?fit=1024%2C380&amp;ssl=1\" class=\"size-large wp-image-2347\" src=\"https:\/\/i0.wp.com\/voyages-en-france.fr\/wp-content\/uploads\/2022\/02\/DSC_0510-30PC.jpg?resize=1024%2C380&#038;ssl=1\" alt=\"La Corse depuis le sommet de l'Audibergue\" width=\"1024\" height=\"380\" srcset=\"https:\/\/i0.wp.com\/voyages-en-france.fr\/wp-content\/uploads\/2022\/02\/DSC_0510-30PC.jpg?resize=1024%2C380&amp;ssl=1 1024w, https:\/\/i0.wp.com\/voyages-en-france.fr\/wp-content\/uploads\/2022\/02\/DSC_0510-30PC.jpg?resize=300%2C111&amp;ssl=1 300w, https:\/\/i0.wp.com\/voyages-en-france.fr\/wp-content\/uploads\/2022\/02\/DSC_0510-30PC.jpg?resize=768%2C285&amp;ssl=1 768w, https:\/\/i0.wp.com\/voyages-en-france.fr\/wp-content\/uploads\/2022\/02\/DSC_0510-30PC.jpg?resize=1536%2C571&amp;ssl=1 1536w, https:\/\/i0.wp.com\/voyages-en-france.fr\/wp-content\/uploads\/2022\/02\/DSC_0510-30PC.jpg?resize=1200%2C446&amp;ssl=1 1200w, https:\/\/i0.wp.com\/voyages-en-france.fr\/wp-content\/uploads\/2022\/02\/DSC_0510-30PC.jpg?w=1752&amp;ssl=1 1752w\" sizes=\"auto, (max-width: 1024px) 100vw, 1024px\" \/><figcaption id=\"caption-attachment-2347\" class=\"wp-caption-text\">La Corse depuis le sommet de l&rsquo;Audibergue<\/figcaption><\/figure>\n<span>","protected":false},"excerpt":{"rendered":"<p class=\"excerpt\"><span itemprop=\"description\">Andon dans les Pr\u00e9alpes d&rsquo;Azur Le village d&rsquo;Andon est situ\u00e9 \u00e0 20 km de Saint-Vallier-de-Thiey, 33 km de Castellane, 34 km de Grasse et 52 kilom\u00e8tres de l&rsquo;A\u00e9roport de Nice-C\u00f4te d&rsquo;Azur. C&rsquo;est une des communes du Parc naturel r\u00e9gional des&hellip;<\/span><\/p>\n<p class=\"more-link-p btn-align-right\"><a class=\"blue zoom-btn\" href=\"https:\/\/voyages-en-france.fr\/index.php\/2021\/11\/20\/andon-et-la-montagne-de-laudibergue-1642m\/\">Lire la suite<\/a><\/p>\n","protected":false},"author":1,"featured_media":2116,"comment_status":"open","ping_status":"open","sticky":false,"template":"","format":"standard","meta":{"pgc_sgb_lightbox_settings":"","jetpack_post_was_ever_published":false,"_bos_mb_destination":[""],"_jetpack_newsletter_access":"","_jetpack_dont_email_post_to_subs":false,"_jetpack_newsletter_tier_id":0,"_jetpack_memberships_contains_paywalled_content":false,"_jetpack_memberships_contains_paid_content":false,"footnotes":"","jetpack_publicize_message":"","jetpack_publicize_feature_enabled":true,"jetpack_social_post_already_shared":true,"jetpack_social_options":{"image_generator_settings":{"template":"highway","default_image_id":0,"font":"","enabled":false},"version":2}},"categories":[12,79],"tags":[4,5,323,311,312,322,324,313,6],"class_list":["post-2111","post","type-post","status-publish","format-standard","has-post-thumbnail","hentry","category-site-naturel","category-village","tag-4","tag-alpes-maritimes","tag-ammonite","tag-andon","tag-audibergue","tag-corse","tag-fossile","tag-parc-des-prealpes-dazur","tag-provence-alpes-cote-dazur","zoom-theme-has-thumb"],"yoast_head":"<!-- This site is optimized with the Yoast SEO plugin v27.1.1 - https:\/\/yoast.com\/product\/yoast-seo-wordpress\/ -->\n<title>Andon et la Montagne de l&#039;Audibergue (1642m) -<\/title>\n<meta name=\"description\" content=\"Andon et la Montagne de l&#039;Audibergue (1642m) Andon est un agr\u00e9able village des Pr\u00e9alpes d&#039;Azur \u00e0 1200m d&#039;altitude\" \/>\n<meta name=\"robots\" content=\"index, follow, max-snippet:-1, max-image-preview:large, max-video-preview:-1\" \/>\n<link rel=\"canonical\" href=\"https:\/\/voyages-en-france.fr\/index.php\/2021\/11\/20\/andon-et-la-montagne-de-laudibergue-1642m\/\" \/>\n<meta property=\"og:locale\" content=\"fr_FR\" \/>\n<meta property=\"og:type\" content=\"article\" \/>\n<meta property=\"og:title\" content=\"Andon et la Montagne de l&#039;Audibergue (1642m) -\" \/>\n<meta property=\"og:description\" content=\"Andon et la Montagne de l&#039;Audibergue (1642m) Andon est un agr\u00e9able village des Pr\u00e9alpes d&#039;Azur \u00e0 1200m d&#039;altitude\" \/>\n<meta property=\"og:url\" content=\"https:\/\/voyages-en-france.fr\/index.php\/2021\/11\/20\/andon-et-la-montagne-de-laudibergue-1642m\/\" \/>\n<meta property=\"og:site_name\" content=\"Voyages-en-France.fr\" \/>\n<meta property=\"article:publisher\" content=\"https:\/\/www.facebook.com\/voyages.au.coeur.de.la.france\/\" \/>\n<meta property=\"article:author\" content=\"https:\/\/www.facebook.com\/voyages.au.coeur.de.la.france\/\" \/>\n<meta property=\"article:published_time\" content=\"2021-11-19T23:09:36+00:00\" \/>\n<meta property=\"article:modified_time\" content=\"2026-03-08T11:01:06+00:00\" \/>\n<meta property=\"og:image\" content=\"https:\/\/voyages-en-france.fr\/wp-content\/uploads\/2021\/11\/P2210346.jpg\" \/>\n\t<meta property=\"og:image:width\" content=\"2501\" \/>\n\t<meta property=\"og:image:height\" content=\"1667\" \/>\n\t<meta property=\"og:image:type\" content=\"image\/jpeg\" \/>\n<meta name=\"author\" content=\"Christophe\" \/>\n<meta name=\"twitter:card\" content=\"summary_large_image\" \/>\n<meta name=\"twitter:creator\" content=\"@Voyages_France\" \/>\n<meta name=\"twitter:site\" content=\"@Voyages_France\" \/>\n<meta name=\"twitter:label1\" content=\"\u00c9crit par\" \/>\n\t<meta name=\"twitter:data1\" content=\"Christophe\" \/>\n\t<meta name=\"twitter:label2\" content=\"Dur\u00e9e de lecture estim\u00e9e\" \/>\n\t<meta name=\"twitter:data2\" content=\"10 minutes\" \/>\n<script type=\"application\/ld+json\" class=\"yoast-schema-graph\">{\"@context\":\"https:\/\/schema.org\",\"@graph\":[{\"@type\":\"Article\",\"@id\":\"https:\/\/voyages-en-france.fr\/index.php\/2021\/11\/20\/andon-et-la-montagne-de-laudibergue-1642m\/#article\",\"isPartOf\":{\"@id\":\"https:\/\/voyages-en-france.fr\/index.php\/2021\/11\/20\/andon-et-la-montagne-de-laudibergue-1642m\/\"},\"author\":{\"name\":\"Christophe\",\"@id\":\"https:\/\/voyages-en-france.fr\/#\/schema\/person\/611a624b57cd68dd2e4c3f7d385420e2\"},\"headline\":\"Andon et la Montagne de l&rsquo;Audibergue (1642m)\",\"datePublished\":\"2021-11-19T23:09:36+00:00\",\"dateModified\":\"2026-03-08T11:01:06+00:00\",\"mainEntityOfPage\":{\"@id\":\"https:\/\/voyages-en-france.fr\/index.php\/2021\/11\/20\/andon-et-la-montagne-de-laudibergue-1642m\/\"},\"wordCount\":1204,\"commentCount\":0,\"publisher\":{\"@id\":\"https:\/\/voyages-en-france.fr\/#\/schema\/person\/611a624b57cd68dd2e4c3f7d385420e2\"},\"image\":{\"@id\":\"https:\/\/voyages-en-france.fr\/index.php\/2021\/11\/20\/andon-et-la-montagne-de-laudibergue-1642m\/#primaryimage\"},\"thumbnailUrl\":\"https:\/\/i0.wp.com\/voyages-en-france.fr\/wp-content\/uploads\/2021\/11\/P2210346.jpg?fit=2501%2C1667&ssl=1\",\"keywords\":[\"06\",\"Alpes Maritimes\",\"ammonite\",\"Andon\",\"Audibergue\",\"Corse\",\"fossile\",\"Parc des Pr\u00e9alpes d'Azur\",\"Provence Alpes C\u00f4te d'Azur\"],\"articleSection\":[\"Site naturel\",\"village\"],\"inLanguage\":\"fr-FR\",\"potentialAction\":[{\"@type\":\"CommentAction\",\"name\":\"Comment\",\"target\":[\"https:\/\/voyages-en-france.fr\/index.php\/2021\/11\/20\/andon-et-la-montagne-de-laudibergue-1642m\/#respond\"]}]},{\"@type\":\"WebPage\",\"@id\":\"https:\/\/voyages-en-france.fr\/index.php\/2021\/11\/20\/andon-et-la-montagne-de-laudibergue-1642m\/\",\"url\":\"https:\/\/voyages-en-france.fr\/index.php\/2021\/11\/20\/andon-et-la-montagne-de-laudibergue-1642m\/\",\"name\":\"Andon et la Montagne de l'Audibergue (1642m) -\",\"isPartOf\":{\"@id\":\"https:\/\/voyages-en-france.fr\/#website\"},\"primaryImageOfPage\":{\"@id\":\"https:\/\/voyages-en-france.fr\/index.php\/2021\/11\/20\/andon-et-la-montagne-de-laudibergue-1642m\/#primaryimage\"},\"image\":{\"@id\":\"https:\/\/voyages-en-france.fr\/index.php\/2021\/11\/20\/andon-et-la-montagne-de-laudibergue-1642m\/#primaryimage\"},\"thumbnailUrl\":\"https:\/\/i0.wp.com\/voyages-en-france.fr\/wp-content\/uploads\/2021\/11\/P2210346.jpg?fit=2501%2C1667&ssl=1\",\"datePublished\":\"2021-11-19T23:09:36+00:00\",\"dateModified\":\"2026-03-08T11:01:06+00:00\",\"description\":\"Andon et la Montagne de l'Audibergue (1642m) Andon est un agr\u00e9able village des Pr\u00e9alpes d'Azur \u00e0 1200m d'altitude\",\"breadcrumb\":{\"@id\":\"https:\/\/voyages-en-france.fr\/index.php\/2021\/11\/20\/andon-et-la-montagne-de-laudibergue-1642m\/#breadcrumb\"},\"inLanguage\":\"fr-FR\",\"potentialAction\":[{\"@type\":\"ReadAction\",\"target\":[\"https:\/\/voyages-en-france.fr\/index.php\/2021\/11\/20\/andon-et-la-montagne-de-laudibergue-1642m\/\"]}]},{\"@type\":\"ImageObject\",\"inLanguage\":\"fr-FR\",\"@id\":\"https:\/\/voyages-en-france.fr\/index.php\/2021\/11\/20\/andon-et-la-montagne-de-laudibergue-1642m\/#primaryimage\",\"url\":\"https:\/\/i0.wp.com\/voyages-en-france.fr\/wp-content\/uploads\/2021\/11\/P2210346.jpg?fit=2501%2C1667&ssl=1\",\"contentUrl\":\"https:\/\/i0.wp.com\/voyages-en-france.fr\/wp-content\/uploads\/2021\/11\/P2210346.jpg?fit=2501%2C1667&ssl=1\",\"width\":2501,\"height\":1667,\"caption\":\"Le Pas de la Mule\"},{\"@type\":\"BreadcrumbList\",\"@id\":\"https:\/\/voyages-en-france.fr\/index.php\/2021\/11\/20\/andon-et-la-montagne-de-laudibergue-1642m\/#breadcrumb\",\"itemListElement\":[{\"@type\":\"ListItem\",\"position\":1,\"name\":\"Accueil\",\"item\":\"https:\/\/voyages-en-france.fr\/\"},{\"@type\":\"ListItem\",\"position\":2,\"name\":\"Andon et la Montagne de l&rsquo;Audibergue (1642m)\"}]},{\"@type\":\"WebSite\",\"@id\":\"https:\/\/voyages-en-france.fr\/#website\",\"url\":\"https:\/\/voyages-en-france.fr\/\",\"name\":\"Voyages-en-France.fr\",\"description\":\"D\u00e9couvrir la France, son patrimoine, ses richesses naturelles, son histoire...\",\"publisher\":{\"@id\":\"https:\/\/voyages-en-france.fr\/#\/schema\/person\/611a624b57cd68dd2e4c3f7d385420e2\"},\"potentialAction\":[{\"@type\":\"SearchAction\",\"target\":{\"@type\":\"EntryPoint\",\"urlTemplate\":\"https:\/\/voyages-en-france.fr\/?s={search_term_string}\"},\"query-input\":{\"@type\":\"PropertyValueSpecification\",\"valueRequired\":true,\"valueName\":\"search_term_string\"}}],\"inLanguage\":\"fr-FR\"},{\"@type\":[\"Person\",\"Organization\"],\"@id\":\"https:\/\/voyages-en-france.fr\/#\/schema\/person\/611a624b57cd68dd2e4c3f7d385420e2\",\"name\":\"Christophe\",\"image\":{\"@type\":\"ImageObject\",\"inLanguage\":\"fr-FR\",\"@id\":\"https:\/\/voyages-en-france.fr\/#\/schema\/person\/image\/\",\"url\":\"https:\/\/i0.wp.com\/voyages-en-france.fr\/wp-content\/uploads\/2017\/11\/cropped-FRANCE-1.jpg?fit=324%2C324&ssl=1\",\"contentUrl\":\"https:\/\/i0.wp.com\/voyages-en-france.fr\/wp-content\/uploads\/2017\/11\/cropped-FRANCE-1.jpg?fit=324%2C324&ssl=1\",\"width\":324,\"height\":324,\"caption\":\"Christophe\"},\"logo\":{\"@id\":\"https:\/\/voyages-en-france.fr\/#\/schema\/person\/image\/\"},\"sameAs\":[\"http:\/\/voyages-en-france.fr\/\",\"https:\/\/www.facebook.com\/voyages.au.coeur.de.la.france\/\",\"https:\/\/www.instagram.com\/voyages_en_france\/\",\"https:\/\/x.com\/Voyages_France\"]}]}<\/script>\n<!-- \/ Yoast SEO plugin. -->","yoast_head_json":{"title":"Andon et la Montagne de l'Audibergue (1642m) -","description":"Andon et la Montagne de l'Audibergue (1642m) Andon est un agr\u00e9able village des Pr\u00e9alpes d'Azur \u00e0 1200m d'altitude","robots":{"index":"index","follow":"follow","max-snippet":"max-snippet:-1","max-image-preview":"max-image-preview:large","max-video-preview":"max-video-preview:-1"},"canonical":"https:\/\/voyages-en-france.fr\/index.php\/2021\/11\/20\/andon-et-la-montagne-de-laudibergue-1642m\/","og_locale":"fr_FR","og_type":"article","og_title":"Andon et la Montagne de l'Audibergue (1642m) -","og_description":"Andon et la Montagne de l'Audibergue (1642m) Andon est un agr\u00e9able village des Pr\u00e9alpes d'Azur \u00e0 1200m d'altitude","og_url":"https:\/\/voyages-en-france.fr\/index.php\/2021\/11\/20\/andon-et-la-montagne-de-laudibergue-1642m\/","og_site_name":"Voyages-en-France.fr","article_publisher":"https:\/\/www.facebook.com\/voyages.au.coeur.de.la.france\/","article_author":"https:\/\/www.facebook.com\/voyages.au.coeur.de.la.france\/","article_published_time":"2021-11-19T23:09:36+00:00","article_modified_time":"2026-03-08T11:01:06+00:00","og_image":[{"width":2501,"height":1667,"url":"https:\/\/voyages-en-france.fr\/wp-content\/uploads\/2021\/11\/P2210346.jpg","type":"image\/jpeg"}],"author":"Christophe","twitter_card":"summary_large_image","twitter_creator":"@Voyages_France","twitter_site":"@Voyages_France","twitter_misc":{"\u00c9crit par":"Christophe","Dur\u00e9e de lecture estim\u00e9e":"10 minutes"},"schema":{"@context":"https:\/\/schema.org","@graph":[{"@type":"Article","@id":"https:\/\/voyages-en-france.fr\/index.php\/2021\/11\/20\/andon-et-la-montagne-de-laudibergue-1642m\/#article","isPartOf":{"@id":"https:\/\/voyages-en-france.fr\/index.php\/2021\/11\/20\/andon-et-la-montagne-de-laudibergue-1642m\/"},"author":{"name":"Christophe","@id":"https:\/\/voyages-en-france.fr\/#\/schema\/person\/611a624b57cd68dd2e4c3f7d385420e2"},"headline":"Andon et la Montagne de l&rsquo;Audibergue (1642m)","datePublished":"2021-11-19T23:09:36+00:00","dateModified":"2026-03-08T11:01:06+00:00","mainEntityOfPage":{"@id":"https:\/\/voyages-en-france.fr\/index.php\/2021\/11\/20\/andon-et-la-montagne-de-laudibergue-1642m\/"},"wordCount":1204,"commentCount":0,"publisher":{"@id":"https:\/\/voyages-en-france.fr\/#\/schema\/person\/611a624b57cd68dd2e4c3f7d385420e2"},"image":{"@id":"https:\/\/voyages-en-france.fr\/index.php\/2021\/11\/20\/andon-et-la-montagne-de-laudibergue-1642m\/#primaryimage"},"thumbnailUrl":"https:\/\/i0.wp.com\/voyages-en-france.fr\/wp-content\/uploads\/2021\/11\/P2210346.jpg?fit=2501%2C1667&ssl=1","keywords":["06","Alpes Maritimes","ammonite","Andon","Audibergue","Corse","fossile","Parc des Pr\u00e9alpes d'Azur","Provence Alpes C\u00f4te d'Azur"],"articleSection":["Site naturel","village"],"inLanguage":"fr-FR","potentialAction":[{"@type":"CommentAction","name":"Comment","target":["https:\/\/voyages-en-france.fr\/index.php\/2021\/11\/20\/andon-et-la-montagne-de-laudibergue-1642m\/#respond"]}]},{"@type":"WebPage","@id":"https:\/\/voyages-en-france.fr\/index.php\/2021\/11\/20\/andon-et-la-montagne-de-laudibergue-1642m\/","url":"https:\/\/voyages-en-france.fr\/index.php\/2021\/11\/20\/andon-et-la-montagne-de-laudibergue-1642m\/","name":"Andon et la Montagne de l'Audibergue (1642m) -","isPartOf":{"@id":"https:\/\/voyages-en-france.fr\/#website"},"primaryImageOfPage":{"@id":"https:\/\/voyages-en-france.fr\/index.php\/2021\/11\/20\/andon-et-la-montagne-de-laudibergue-1642m\/#primaryimage"},"image":{"@id":"https:\/\/voyages-en-france.fr\/index.php\/2021\/11\/20\/andon-et-la-montagne-de-laudibergue-1642m\/#primaryimage"},"thumbnailUrl":"https:\/\/i0.wp.com\/voyages-en-france.fr\/wp-content\/uploads\/2021\/11\/P2210346.jpg?fit=2501%2C1667&ssl=1","datePublished":"2021-11-19T23:09:36+00:00","dateModified":"2026-03-08T11:01:06+00:00","description":"Andon et la Montagne de l'Audibergue (1642m) Andon est un agr\u00e9able village des Pr\u00e9alpes d'Azur \u00e0 1200m d'altitude","breadcrumb":{"@id":"https:\/\/voyages-en-france.fr\/index.php\/2021\/11\/20\/andon-et-la-montagne-de-laudibergue-1642m\/#breadcrumb"},"inLanguage":"fr-FR","potentialAction":[{"@type":"ReadAction","target":["https:\/\/voyages-en-france.fr\/index.php\/2021\/11\/20\/andon-et-la-montagne-de-laudibergue-1642m\/"]}]},{"@type":"ImageObject","inLanguage":"fr-FR","@id":"https:\/\/voyages-en-france.fr\/index.php\/2021\/11\/20\/andon-et-la-montagne-de-laudibergue-1642m\/#primaryimage","url":"https:\/\/i0.wp.com\/voyages-en-france.fr\/wp-content\/uploads\/2021\/11\/P2210346.jpg?fit=2501%2C1667&ssl=1","contentUrl":"https:\/\/i0.wp.com\/voyages-en-france.fr\/wp-content\/uploads\/2021\/11\/P2210346.jpg?fit=2501%2C1667&ssl=1","width":2501,"height":1667,"caption":"Le Pas de la Mule"},{"@type":"BreadcrumbList","@id":"https:\/\/voyages-en-france.fr\/index.php\/2021\/11\/20\/andon-et-la-montagne-de-laudibergue-1642m\/#breadcrumb","itemListElement":[{"@type":"ListItem","position":1,"name":"Accueil","item":"https:\/\/voyages-en-france.fr\/"},{"@type":"ListItem","position":2,"name":"Andon et la Montagne de l&rsquo;Audibergue (1642m)"}]},{"@type":"WebSite","@id":"https:\/\/voyages-en-france.fr\/#website","url":"https:\/\/voyages-en-france.fr\/","name":"Voyages-en-France.fr","description":"D\u00e9couvrir la France, son patrimoine, ses richesses naturelles, son histoire...","publisher":{"@id":"https:\/\/voyages-en-france.fr\/#\/schema\/person\/611a624b57cd68dd2e4c3f7d385420e2"},"potentialAction":[{"@type":"SearchAction","target":{"@type":"EntryPoint","urlTemplate":"https:\/\/voyages-en-france.fr\/?s={search_term_string}"},"query-input":{"@type":"PropertyValueSpecification","valueRequired":true,"valueName":"search_term_string"}}],"inLanguage":"fr-FR"},{"@type":["Person","Organization"],"@id":"https:\/\/voyages-en-france.fr\/#\/schema\/person\/611a624b57cd68dd2e4c3f7d385420e2","name":"Christophe","image":{"@type":"ImageObject","inLanguage":"fr-FR","@id":"https:\/\/voyages-en-france.fr\/#\/schema\/person\/image\/","url":"https:\/\/i0.wp.com\/voyages-en-france.fr\/wp-content\/uploads\/2017\/11\/cropped-FRANCE-1.jpg?fit=324%2C324&ssl=1","contentUrl":"https:\/\/i0.wp.com\/voyages-en-france.fr\/wp-content\/uploads\/2017\/11\/cropped-FRANCE-1.jpg?fit=324%2C324&ssl=1","width":324,"height":324,"caption":"Christophe"},"logo":{"@id":"https:\/\/voyages-en-france.fr\/#\/schema\/person\/image\/"},"sameAs":["http:\/\/voyages-en-france.fr\/","https:\/\/www.facebook.com\/voyages.au.coeur.de.la.france\/","https:\/\/www.instagram.com\/voyages_en_france\/","https:\/\/x.com\/Voyages_France"]}]}},"jetpack_publicize_connections":[],"jetpack_featured_media_url":"https:\/\/i0.wp.com\/voyages-en-france.fr\/wp-content\/uploads\/2021\/11\/P2210346.jpg?fit=2501%2C1667&ssl=1","jetpack_sharing_enabled":true,"jetpack_shortlink":"https:\/\/wp.me\/p9pWxx-y3","jetpack_likes_enabled":true,"_links":{"self":[{"href":"https:\/\/voyages-en-france.fr\/index.php\/wp-json\/wp\/v2\/posts\/2111","targetHints":{"allow":["GET"]}}],"collection":[{"href":"https:\/\/voyages-en-france.fr\/index.php\/wp-json\/wp\/v2\/posts"}],"about":[{"href":"https:\/\/voyages-en-france.fr\/index.php\/wp-json\/wp\/v2\/types\/post"}],"author":[{"embeddable":true,"href":"https:\/\/voyages-en-france.fr\/index.php\/wp-json\/wp\/v2\/users\/1"}],"replies":[{"embeddable":true,"href":"https:\/\/voyages-en-france.fr\/index.php\/wp-json\/wp\/v2\/comments?post=2111"}],"version-history":[{"count":6,"href":"https:\/\/voyages-en-france.fr\/index.php\/wp-json\/wp\/v2\/posts\/2111\/revisions"}],"predecessor-version":[{"id":2891,"href":"https:\/\/voyages-en-france.fr\/index.php\/wp-json\/wp\/v2\/posts\/2111\/revisions\/2891"}],"wp:featuredmedia":[{"embeddable":true,"href":"https:\/\/voyages-en-france.fr\/index.php\/wp-json\/wp\/v2\/media\/2116"}],"wp:attachment":[{"href":"https:\/\/voyages-en-france.fr\/index.php\/wp-json\/wp\/v2\/media?parent=2111"}],"wp:term":[{"taxonomy":"category","embeddable":true,"href":"https:\/\/voyages-en-france.fr\/index.php\/wp-json\/wp\/v2\/categories?post=2111"},{"taxonomy":"post_tag","embeddable":true,"href":"https:\/\/voyages-en-france.fr\/index.php\/wp-json\/wp\/v2\/tags?post=2111"}],"curies":[{"name":"wp","href":"https:\/\/api.w.org\/{rel}","templated":true}]}}