{"id":2087,"date":"2021-10-21T23:40:51","date_gmt":"2021-10-21T21:40:51","guid":{"rendered":"http:\/\/voyages-en-france.fr\/?p=2087"},"modified":"2023-11-02T21:09:27","modified_gmt":"2023-11-02T20:09:27","slug":"le-chateau-de-castelnau-bretenou-forteresse-medievale-du-quercy","status":"publish","type":"post","link":"https:\/\/voyages-en-france.fr\/index.php\/2021\/10\/21\/le-chateau-de-castelnau-bretenou-forteresse-medievale-du-quercy\/","title":{"rendered":"Le ch\u00e2teau de Castelnau-Bretenou, forteresse m\u00e9di\u00e9vale du Quercy"},"content":{"rendered":"<span itemprop=\"description\"><h2>Le ch\u00e2teau de Castelnau-Bretenou<\/h2>\n<p>Le ch\u00e2teau de Castelnau-Bretenoux situ\u00e9 sur le territoire de la commune de Prudhomat, dans le d\u00e9partement du Lot, est la forteresse m\u00e9di\u00e9vale la plus imposante du Quercy.<\/p>\n<p>La 1\u00e8re mention d&rsquo;un Seigneur de Castelnau date de 860. La seigneurie de Castelnau est bord\u00e9e par la Vicomt\u00e9 de Turenne, le Comt\u00e9 d&rsquo; Auvergne, la Baronnie de Gramat et la Seigneurie de Saint C\u00e9r\u00e9.<\/p>\n<p>La construction du ch\u00e2teau s\u2019est d\u00e9roul\u00e9e du XIIe au XVIIe si\u00e8cle. Son origine remonte \u00e0 Hugues de Castelnau, qui fait \u00e9difier une enceinte autour de son domaine. Il est l\u2019anc\u00eatre d\u2019une lign\u00e9e familiale tr\u00e8s puissante, baronnie inf\u00e9od\u00e9e aux comtes de Toulouse et qui prosp\u00e8re dans une r\u00e9gion riche en ressources agricoles.<\/p>\n<p>De sa p\u00e9riode m\u00e9di\u00e9vale, on retrouve le donjon carr\u00e9 et un logis seigneurial. Il fut ensuite r\u00e9am\u00e9nag\u00e9 au XVe si\u00e8cle pour s\u2019adapter \u00e0 l\u2019artillerie naissante. Il sera pris par Henri II Plantagen\u00eat mais redeviendra propri\u00e9t\u00e9 des barons de Castelnau \u00e0 l\u2019issue de la guerre de Cent Ans.<\/p>\n<figure id=\"attachment_2091\" aria-describedby=\"caption-attachment-2091\" style=\"width: 1024px\" class=\"wp-caption aligncenter\"><img data-recalc-dims=\"1\" loading=\"lazy\" decoding=\"async\" data-attachment-id=\"2091\" data-permalink=\"https:\/\/voyages-en-france.fr\/index.php\/2021\/10\/21\/le-chateau-de-castelnau-bretenou-forteresse-medievale-du-quercy\/imgp1941-30pc\/\" data-orig-file=\"https:\/\/i0.wp.com\/voyages-en-france.fr\/wp-content\/uploads\/2021\/10\/IMGP1941-30PC.jpg?fit=1137%2C852&amp;ssl=1\" data-orig-size=\"1137,852\" data-comments-opened=\"1\" data-image-meta=\"{&quot;aperture&quot;:&quot;3.8&quot;,&quot;credit&quot;:&quot;&quot;,&quot;camera&quot;:&quot;PENTAX Optio A30&quot;,&quot;caption&quot;:&quot;&quot;,&quot;created_timestamp&quot;:&quot;1218641094&quot;,&quot;copyright&quot;:&quot;&quot;,&quot;focal_length&quot;:&quot;13.7&quot;,&quot;iso&quot;:&quot;64&quot;,&quot;shutter_speed&quot;:&quot;0.0025&quot;,&quot;title&quot;:&quot;&quot;,&quot;orientation&quot;:&quot;1&quot;}\" data-image-title=\"IMGP1941 [30PC]\" data-image-description=\"&lt;p&gt;Ch\u00e2teau de Castelnau-Bretenou&lt;\/p&gt;\n\" data-image-caption=\"&lt;p&gt;Ch\u00e2teau de Castelnau-Bretenou&lt;\/p&gt;\n\" data-medium-file=\"https:\/\/i0.wp.com\/voyages-en-france.fr\/wp-content\/uploads\/2021\/10\/IMGP1941-30PC.jpg?fit=300%2C225&amp;ssl=1\" data-large-file=\"https:\/\/i0.wp.com\/voyages-en-france.fr\/wp-content\/uploads\/2021\/10\/IMGP1941-30PC.jpg?fit=1024%2C767&amp;ssl=1\" class=\"size-large wp-image-2091\" src=\"https:\/\/i0.wp.com\/voyages-en-france.fr\/wp-content\/uploads\/2021\/10\/IMGP1941-30PC.jpg?resize=1024%2C767&#038;ssl=1\" alt=\"Ch\u00e2teau de Castelnau-Bretenou\" width=\"1024\" height=\"767\" srcset=\"https:\/\/i0.wp.com\/voyages-en-france.fr\/wp-content\/uploads\/2021\/10\/IMGP1941-30PC.jpg?resize=1024%2C767&amp;ssl=1 1024w, https:\/\/i0.wp.com\/voyages-en-france.fr\/wp-content\/uploads\/2021\/10\/IMGP1941-30PC.jpg?resize=300%2C225&amp;ssl=1 300w, https:\/\/i0.wp.com\/voyages-en-france.fr\/wp-content\/uploads\/2021\/10\/IMGP1941-30PC.jpg?resize=768%2C575&amp;ssl=1 768w, https:\/\/i0.wp.com\/voyages-en-france.fr\/wp-content\/uploads\/2021\/10\/IMGP1941-30PC.jpg?w=1137&amp;ssl=1 1137w\" sizes=\"auto, (max-width: 1024px) 100vw, 1024px\" \/><figcaption id=\"caption-attachment-2091\" class=\"wp-caption-text\">Ch\u00e2teau de Castelnau-Bretenou<\/figcaption><\/figure>\n<h2>Relique de Saint Louis<\/h2>\n<p>La tradition veut que le sire de Castelnau, \u00e9cuyer de Louis IX (<a href=\"https:\/\/voyages-en-france.fr\/index.php\/tag\/saint-louis\/\">Saint Louis<\/a>), ait rapport\u00e9 d&rsquo;Afrique une relique insigne du roi, le bras droit, conserv\u00e9 dans un reliquaire (une pi\u00e8ce sur \u00e2me de bois constitu\u00e9e d&rsquo;une main en cuivre sur un bras d&rsquo;argent).<\/p>\n<figure id=\"attachment_2092\" aria-describedby=\"caption-attachment-2092\" style=\"width: 767px\" class=\"wp-caption aligncenter\"><img data-recalc-dims=\"1\" loading=\"lazy\" decoding=\"async\" data-attachment-id=\"2092\" data-permalink=\"https:\/\/voyages-en-france.fr\/index.php\/2021\/10\/21\/le-chateau-de-castelnau-bretenou-forteresse-medievale-du-quercy\/imgp1978-30pc\/\" data-orig-file=\"https:\/\/i0.wp.com\/voyages-en-france.fr\/wp-content\/uploads\/2021\/10\/IMGP1978-30PC.jpg?fit=852%2C1137&amp;ssl=1\" data-orig-size=\"852,1137\" data-comments-opened=\"1\" data-image-meta=\"{&quot;aperture&quot;:&quot;2.8&quot;,&quot;credit&quot;:&quot;&quot;,&quot;camera&quot;:&quot;PENTAX Optio A30&quot;,&quot;caption&quot;:&quot;&quot;,&quot;created_timestamp&quot;:&quot;1218644801&quot;,&quot;copyright&quot;:&quot;&quot;,&quot;focal_length&quot;:&quot;7.9&quot;,&quot;iso&quot;:&quot;400&quot;,&quot;shutter_speed&quot;:&quot;0.033333333333333&quot;,&quot;title&quot;:&quot;&quot;,&quot;orientation&quot;:&quot;0&quot;}\" data-image-title=\"IMGP1978 [30PC]\" data-image-description=\"&lt;p&gt;Relique de Saint Louis au ch\u00e2teau de Castelnau-Bretenou&lt;\/p&gt;\n\" data-image-caption=\"&lt;p&gt;Relique de Saint Louis au ch\u00e2teau de Castelnau-Bretenou&lt;\/p&gt;\n\" data-medium-file=\"https:\/\/i0.wp.com\/voyages-en-france.fr\/wp-content\/uploads\/2021\/10\/IMGP1978-30PC.jpg?fit=225%2C300&amp;ssl=1\" data-large-file=\"https:\/\/i0.wp.com\/voyages-en-france.fr\/wp-content\/uploads\/2021\/10\/IMGP1978-30PC.jpg?fit=767%2C1024&amp;ssl=1\" class=\"size-large wp-image-2092\" src=\"https:\/\/i0.wp.com\/voyages-en-france.fr\/wp-content\/uploads\/2021\/10\/IMGP1978-30PC.jpg?resize=767%2C1024&#038;ssl=1\" alt=\"Relique de Saint Louis au ch\u00e2teau de Castelnau-Bretenou\" width=\"767\" height=\"1024\" srcset=\"https:\/\/i0.wp.com\/voyages-en-france.fr\/wp-content\/uploads\/2021\/10\/IMGP1978-30PC.jpg?resize=767%2C1024&amp;ssl=1 767w, https:\/\/i0.wp.com\/voyages-en-france.fr\/wp-content\/uploads\/2021\/10\/IMGP1978-30PC.jpg?resize=225%2C300&amp;ssl=1 225w, https:\/\/i0.wp.com\/voyages-en-france.fr\/wp-content\/uploads\/2021\/10\/IMGP1978-30PC.jpg?resize=768%2C1025&amp;ssl=1 768w, https:\/\/i0.wp.com\/voyages-en-france.fr\/wp-content\/uploads\/2021\/10\/IMGP1978-30PC.jpg?w=852&amp;ssl=1 852w\" sizes=\"auto, (max-width: 767px) 100vw, 767px\" \/><figcaption id=\"caption-attachment-2092\" class=\"wp-caption-text\">Relique de Saint Louis au ch\u00e2teau de Castelnau-Bretenou<\/figcaption><\/figure>\n<p>&nbsp;<\/p>\n<figure id=\"attachment_2097\" aria-describedby=\"caption-attachment-2097\" style=\"width: 1024px\" class=\"wp-caption aligncenter\"><img data-recalc-dims=\"1\" loading=\"lazy\" decoding=\"async\" data-attachment-id=\"2097\" data-permalink=\"https:\/\/voyages-en-france.fr\/index.php\/2021\/10\/21\/le-chateau-de-castelnau-bretenou-forteresse-medievale-du-quercy\/imgp1919-30pc\/\" data-orig-file=\"https:\/\/i0.wp.com\/voyages-en-france.fr\/wp-content\/uploads\/2021\/10\/IMGP1919-30PC.jpg?fit=1137%2C852&amp;ssl=1\" data-orig-size=\"1137,852\" data-comments-opened=\"1\" data-image-meta=\"{&quot;aperture&quot;:&quot;2.8&quot;,&quot;credit&quot;:&quot;&quot;,&quot;camera&quot;:&quot;PENTAX Optio A30&quot;,&quot;caption&quot;:&quot;&quot;,&quot;created_timestamp&quot;:&quot;1218637768&quot;,&quot;copyright&quot;:&quot;&quot;,&quot;focal_length&quot;:&quot;7.9&quot;,&quot;iso&quot;:&quot;64&quot;,&quot;shutter_speed&quot;:&quot;0.0015625&quot;,&quot;title&quot;:&quot;&quot;,&quot;orientation&quot;:&quot;1&quot;}\" data-image-title=\"IMGP1919 [30PC]\" data-image-description=\"&lt;p&gt;chapelle du ch\u00e2teau de Castelnau-Bretenou&lt;\/p&gt;\n\" data-image-caption=\"&lt;p&gt;chapelle du ch\u00e2teau de Castelnau-Bretenou&lt;\/p&gt;\n\" data-medium-file=\"https:\/\/i0.wp.com\/voyages-en-france.fr\/wp-content\/uploads\/2021\/10\/IMGP1919-30PC.jpg?fit=300%2C225&amp;ssl=1\" data-large-file=\"https:\/\/i0.wp.com\/voyages-en-france.fr\/wp-content\/uploads\/2021\/10\/IMGP1919-30PC.jpg?fit=1024%2C767&amp;ssl=1\" class=\"size-large wp-image-2097\" src=\"https:\/\/i0.wp.com\/voyages-en-france.fr\/wp-content\/uploads\/2021\/10\/IMGP1919-30PC.jpg?resize=1024%2C767&#038;ssl=1\" alt=\"chapelle du ch\u00e2teau de Castelnau-Bretenou\" width=\"1024\" height=\"767\" srcset=\"https:\/\/i0.wp.com\/voyages-en-france.fr\/wp-content\/uploads\/2021\/10\/IMGP1919-30PC.jpg?resize=1024%2C767&amp;ssl=1 1024w, https:\/\/i0.wp.com\/voyages-en-france.fr\/wp-content\/uploads\/2021\/10\/IMGP1919-30PC.jpg?resize=300%2C225&amp;ssl=1 300w, https:\/\/i0.wp.com\/voyages-en-france.fr\/wp-content\/uploads\/2021\/10\/IMGP1919-30PC.jpg?resize=768%2C575&amp;ssl=1 768w, https:\/\/i0.wp.com\/voyages-en-france.fr\/wp-content\/uploads\/2021\/10\/IMGP1919-30PC.jpg?w=1137&amp;ssl=1 1137w\" sizes=\"auto, (max-width: 1024px) 100vw, 1024px\" \/><figcaption id=\"caption-attachment-2097\" class=\"wp-caption-text\">chapelle du ch\u00e2teau de Castelnau-Bretenou<\/figcaption><\/figure>\n<figure id=\"attachment_2093\" aria-describedby=\"caption-attachment-2093\" style=\"width: 1024px\" class=\"wp-caption aligncenter\"><img data-recalc-dims=\"1\" loading=\"lazy\" decoding=\"async\" data-attachment-id=\"2093\" data-permalink=\"https:\/\/voyages-en-france.fr\/index.php\/2021\/10\/21\/le-chateau-de-castelnau-bretenou-forteresse-medievale-du-quercy\/imgp1979-30pc\/\" data-orig-file=\"https:\/\/i0.wp.com\/voyages-en-france.fr\/wp-content\/uploads\/2021\/10\/IMGP1979-30PC.jpg?fit=1137%2C852&amp;ssl=1\" data-orig-size=\"1137,852\" data-comments-opened=\"1\" data-image-meta=\"{&quot;aperture&quot;:&quot;2.8&quot;,&quot;credit&quot;:&quot;&quot;,&quot;camera&quot;:&quot;PENTAX Optio A30&quot;,&quot;caption&quot;:&quot;&quot;,&quot;created_timestamp&quot;:&quot;1218644823&quot;,&quot;copyright&quot;:&quot;&quot;,&quot;focal_length&quot;:&quot;7.9&quot;,&quot;iso&quot;:&quot;400&quot;,&quot;shutter_speed&quot;:&quot;0.033333333333333&quot;,&quot;title&quot;:&quot;&quot;,&quot;orientation&quot;:&quot;1&quot;}\" data-image-title=\"IMGP1979 [30PC]\" data-image-description=\"&lt;p&gt;Chapelle du Ch\u00e2teau de Castelnau-Bretenou&lt;\/p&gt;\n\" data-image-caption=\"&lt;p&gt;Chapelle du Ch\u00e2teau de Castelnau-Bretenou&lt;\/p&gt;\n\" data-medium-file=\"https:\/\/i0.wp.com\/voyages-en-france.fr\/wp-content\/uploads\/2021\/10\/IMGP1979-30PC.jpg?fit=300%2C225&amp;ssl=1\" data-large-file=\"https:\/\/i0.wp.com\/voyages-en-france.fr\/wp-content\/uploads\/2021\/10\/IMGP1979-30PC.jpg?fit=1024%2C767&amp;ssl=1\" class=\"size-large wp-image-2093\" src=\"https:\/\/i0.wp.com\/voyages-en-france.fr\/wp-content\/uploads\/2021\/10\/IMGP1979-30PC.jpg?resize=1024%2C767&#038;ssl=1\" alt=\"Chapelle du Ch\u00e2teau de Castelnau-Bretenou\" width=\"1024\" height=\"767\" srcset=\"https:\/\/i0.wp.com\/voyages-en-france.fr\/wp-content\/uploads\/2021\/10\/IMGP1979-30PC.jpg?resize=1024%2C767&amp;ssl=1 1024w, https:\/\/i0.wp.com\/voyages-en-france.fr\/wp-content\/uploads\/2021\/10\/IMGP1979-30PC.jpg?resize=300%2C225&amp;ssl=1 300w, https:\/\/i0.wp.com\/voyages-en-france.fr\/wp-content\/uploads\/2021\/10\/IMGP1979-30PC.jpg?resize=768%2C575&amp;ssl=1 768w, https:\/\/i0.wp.com\/voyages-en-france.fr\/wp-content\/uploads\/2021\/10\/IMGP1979-30PC.jpg?w=1137&amp;ssl=1 1137w\" sizes=\"auto, (max-width: 1024px) 100vw, 1024px\" \/><figcaption id=\"caption-attachment-2093\" class=\"wp-caption-text\">Chapelle du Ch\u00e2teau de Castelnau-Bretenou<\/figcaption><\/figure>\n<h2>Ou se trouve le\u00a0ch\u00e2teau de Castelnau-Bretenou?<\/h2>\n<p>Le ch\u00e2teau se t rouve dans d\u00e9partement du Lot, non loin de Gouffre de Padirac au centre d&rsquo;un triangle Brive, Cahors, Aurillac. C&rsquo;est vraiment vers le centre de la France ! Le ch\u00e2teau de Castelnau-Bretenou se trouve \u00e0 530 km au sud de Paris (par l&rsquo;autoroute A20) et \u00e0 185 km au nord de Toulouse.<\/p>\n<p>C&rsquo;est une visite accessible depuis Rocamadour ou m\u00eame le P\u00e9rigord.<\/p>\n<p>A ne pas confondre avec le ch\u00e2teau de Castelnaud La Chapelle, lui aussi magnifique mais situ\u00e9 non loin dans le d\u00e9partement de la Dordogne en plein pays du P\u00e9rigord! (Notez l&rsquo;orthographe avec un D \u00e0 la fin)<\/p>\n<p style=\"text-align: center;\"><iframe loading=\"lazy\" style=\"border: 0;\" src=\"https:\/\/www.google.com\/maps\/embed?pb=!1m18!1m12!1m3!1d611215.5319356845!2d1.6018781162376385!3d44.63171132553982!2m3!1f0!2f0!3f0!3m2!1i1024!2i768!4f13.1!3m3!1m2!1s0x12acd61b0bc019eb%3A0x58e82f2990bffb1b!2sCh%C3%A2teau%20de%20Castelnau-Bretenoux!5e0!3m2!1sfr!2sfr!4v1634839781717!5m2!1sfr!2sfr\" width=\"1024\" height=\"500\" allowfullscreen=\"allowfullscreen\"><span data-mce-type=\"bookmark\" style=\"display: inline-block; width: 0px; overflow: hidden; line-height: 0;\" class=\"mce_SELRES_start\">\ufeff<\/span><span data-mce-type=\"bookmark\" style=\"display: inline-block; width: 0px; overflow: hidden; line-height: 0;\" class=\"mce_SELRES_start\">\ufeff<\/span><\/iframe><\/p>\n<p>&nbsp;<\/p>\n<figure id=\"attachment_2096\" aria-describedby=\"caption-attachment-2096\" style=\"width: 1024px\" class=\"wp-caption aligncenter\"><img data-recalc-dims=\"1\" loading=\"lazy\" decoding=\"async\" data-attachment-id=\"2096\" data-permalink=\"https:\/\/voyages-en-france.fr\/index.php\/2021\/10\/21\/le-chateau-de-castelnau-bretenou-forteresse-medievale-du-quercy\/imgp1913-2-30pc\/\" data-orig-file=\"https:\/\/i0.wp.com\/voyages-en-france.fr\/wp-content\/uploads\/2021\/10\/IMGP1913-2-30PC.jpg?fit=1137%2C852&amp;ssl=1\" data-orig-size=\"1137,852\" data-comments-opened=\"1\" data-image-meta=\"{&quot;aperture&quot;:&quot;2.8&quot;,&quot;credit&quot;:&quot;&quot;,&quot;camera&quot;:&quot;PENTAX Optio A30&quot;,&quot;caption&quot;:&quot;&quot;,&quot;created_timestamp&quot;:&quot;1218637402&quot;,&quot;copyright&quot;:&quot;&quot;,&quot;focal_length&quot;:&quot;7.9&quot;,&quot;iso&quot;:&quot;64&quot;,&quot;shutter_speed&quot;:&quot;0.002&quot;,&quot;title&quot;:&quot;&quot;,&quot;orientation&quot;:&quot;1&quot;}\" data-image-title=\"IMGP1913 (2) [30PC]\" data-image-description=\"&lt;p&gt;Ch\u00e2teau de Castelnau-Bretenou&lt;\/p&gt;\n\" data-image-caption=\"&lt;p&gt;Ch\u00e2teau de Castelnau-Bretenou&lt;\/p&gt;\n\" data-medium-file=\"https:\/\/i0.wp.com\/voyages-en-france.fr\/wp-content\/uploads\/2021\/10\/IMGP1913-2-30PC.jpg?fit=300%2C225&amp;ssl=1\" data-large-file=\"https:\/\/i0.wp.com\/voyages-en-france.fr\/wp-content\/uploads\/2021\/10\/IMGP1913-2-30PC.jpg?fit=1024%2C767&amp;ssl=1\" class=\"size-large wp-image-2096\" src=\"https:\/\/i0.wp.com\/voyages-en-france.fr\/wp-content\/uploads\/2021\/10\/IMGP1913-2-30PC.jpg?resize=1024%2C767&#038;ssl=1\" alt=\"Ch\u00e2teau de Castelnau-Bretenou\" width=\"1024\" height=\"767\" srcset=\"https:\/\/i0.wp.com\/voyages-en-france.fr\/wp-content\/uploads\/2021\/10\/IMGP1913-2-30PC.jpg?resize=1024%2C767&amp;ssl=1 1024w, https:\/\/i0.wp.com\/voyages-en-france.fr\/wp-content\/uploads\/2021\/10\/IMGP1913-2-30PC.jpg?resize=300%2C225&amp;ssl=1 300w, https:\/\/i0.wp.com\/voyages-en-france.fr\/wp-content\/uploads\/2021\/10\/IMGP1913-2-30PC.jpg?resize=768%2C575&amp;ssl=1 768w, https:\/\/i0.wp.com\/voyages-en-france.fr\/wp-content\/uploads\/2021\/10\/IMGP1913-2-30PC.jpg?w=1137&amp;ssl=1 1137w\" sizes=\"auto, (max-width: 1024px) 100vw, 1024px\" \/><figcaption id=\"caption-attachment-2096\" class=\"wp-caption-text\">Ch\u00e2teau de Castelnau-Bretenou<\/figcaption><\/figure>\n<figure id=\"attachment_2095\" aria-describedby=\"caption-attachment-2095\" style=\"width: 1024px\" class=\"wp-caption aligncenter\"><img data-recalc-dims=\"1\" loading=\"lazy\" decoding=\"async\" data-attachment-id=\"2095\" data-permalink=\"https:\/\/voyages-en-france.fr\/index.php\/2021\/10\/21\/le-chateau-de-castelnau-bretenou-forteresse-medievale-du-quercy\/imgp1908-30pc\/\" data-orig-file=\"https:\/\/i0.wp.com\/voyages-en-france.fr\/wp-content\/uploads\/2021\/10\/IMGP1908-30PC.jpg?fit=1137%2C852&amp;ssl=1\" data-orig-size=\"1137,852\" data-comments-opened=\"1\" data-image-meta=\"{&quot;aperture&quot;:&quot;8&quot;,&quot;credit&quot;:&quot;&quot;,&quot;camera&quot;:&quot;PENTAX Optio A30&quot;,&quot;caption&quot;:&quot;&quot;,&quot;created_timestamp&quot;:&quot;1218636618&quot;,&quot;copyright&quot;:&quot;&quot;,&quot;focal_length&quot;:&quot;7.9&quot;,&quot;iso&quot;:&quot;64&quot;,&quot;shutter_speed&quot;:&quot;0.008&quot;,&quot;title&quot;:&quot;&quot;,&quot;orientation&quot;:&quot;1&quot;}\" data-image-title=\"IMGP1908 [30PC]\" data-image-description=\"&lt;p&gt;Ch\u00e2teau de Castelnau-Bretenou&lt;\/p&gt;\n\" data-image-caption=\"&lt;p&gt;Ch\u00e2teau de Castelnau-Bretenou&lt;\/p&gt;\n\" data-medium-file=\"https:\/\/i0.wp.com\/voyages-en-france.fr\/wp-content\/uploads\/2021\/10\/IMGP1908-30PC.jpg?fit=300%2C225&amp;ssl=1\" data-large-file=\"https:\/\/i0.wp.com\/voyages-en-france.fr\/wp-content\/uploads\/2021\/10\/IMGP1908-30PC.jpg?fit=1024%2C767&amp;ssl=1\" class=\"size-large wp-image-2095\" src=\"https:\/\/i0.wp.com\/voyages-en-france.fr\/wp-content\/uploads\/2021\/10\/IMGP1908-30PC.jpg?resize=1024%2C767&#038;ssl=1\" alt=\"Ch\u00e2teau de Castelnau-Bretenou\" width=\"1024\" height=\"767\" srcset=\"https:\/\/i0.wp.com\/voyages-en-france.fr\/wp-content\/uploads\/2021\/10\/IMGP1908-30PC.jpg?resize=1024%2C767&amp;ssl=1 1024w, https:\/\/i0.wp.com\/voyages-en-france.fr\/wp-content\/uploads\/2021\/10\/IMGP1908-30PC.jpg?resize=300%2C225&amp;ssl=1 300w, https:\/\/i0.wp.com\/voyages-en-france.fr\/wp-content\/uploads\/2021\/10\/IMGP1908-30PC.jpg?resize=768%2C575&amp;ssl=1 768w, https:\/\/i0.wp.com\/voyages-en-france.fr\/wp-content\/uploads\/2021\/10\/IMGP1908-30PC.jpg?w=1137&amp;ssl=1 1137w\" sizes=\"auto, (max-width: 1024px) 100vw, 1024px\" \/><figcaption id=\"caption-attachment-2095\" class=\"wp-caption-text\">Ch\u00e2teau de Castelnau-Bretenou<\/figcaption><\/figure>\n<span>","protected":false},"excerpt":{"rendered":"<p class=\"excerpt\"><span itemprop=\"description\">Le ch\u00e2teau de Castelnau-Bretenou Le ch\u00e2teau de Castelnau-Bretenoux situ\u00e9 sur le territoire de la commune de Prudhomat, dans le d\u00e9partement du Lot, est la forteresse m\u00e9di\u00e9vale la plus imposante du Quercy. La 1\u00e8re mention d&rsquo;un Seigneur de Castelnau date de&hellip;<\/span><\/p>\n<p class=\"more-link-p btn-align-right\"><a class=\"blue zoom-btn\" href=\"https:\/\/voyages-en-france.fr\/index.php\/2021\/10\/21\/le-chateau-de-castelnau-bretenou-forteresse-medievale-du-quercy\/\">Lire la suite<\/a><\/p>\n","protected":false},"author":1,"featured_media":2094,"comment_status":"open","ping_status":"open","sticky":false,"template":"","format":"standard","meta":{"pgc_sgb_lightbox_settings":"","jetpack_post_was_ever_published":false,"_bos_mb_destination":[""],"_jetpack_newsletter_access":"","_jetpack_dont_email_post_to_subs":false,"_jetpack_newsletter_tier_id":0,"_jetpack_memberships_contains_paywalled_content":false,"_jetpack_memberships_contains_paid_content":false,"footnotes":"","jetpack_publicize_message":"","jetpack_publicize_feature_enabled":true,"jetpack_social_post_already_shared":true,"jetpack_social_options":{"image_generator_settings":{"template":"highway","default_image_id":0,"font":"","enabled":false},"version":2}},"categories":[70],"tags":[308,306,307,309,310,274],"class_list":["post-2087","post","type-post","status-publish","format-standard","has-post-thumbnail","hentry","category-chateau","tag-308","tag-castelnau-bretenou","tag-lot","tag-midi-pyrenees","tag-occitanie","tag-saint-louis","zoom-theme-has-thumb"],"yoast_head":"<!-- This site is optimized with the Yoast SEO plugin v27.1.1 - https:\/\/yoast.com\/product\/yoast-seo-wordpress\/ -->\n<title>Le ch\u00e2teau de Castelnau-Bretenou<\/title>\n<meta name=\"description\" content=\"Le ch\u00e2teau de Castelnau-Bretenou, forteresse m\u00e9di\u00e9vale du Quercy - un beau chateau \u00e0 visiter dans le d\u00e9partement du Lot.\" \/>\n<meta name=\"robots\" content=\"index, follow, max-snippet:-1, max-image-preview:large, max-video-preview:-1\" \/>\n<link rel=\"canonical\" href=\"https:\/\/voyages-en-france.fr\/index.php\/2021\/10\/21\/le-chateau-de-castelnau-bretenou-forteresse-medievale-du-quercy\/\" \/>\n<meta property=\"og:locale\" content=\"fr_FR\" \/>\n<meta property=\"og:type\" content=\"article\" \/>\n<meta property=\"og:title\" content=\"Le ch\u00e2teau de Castelnau-Bretenou\" \/>\n<meta property=\"og:description\" content=\"Le ch\u00e2teau de Castelnau-Bretenou, forteresse m\u00e9di\u00e9vale du Quercy - un beau chateau \u00e0 visiter dans le d\u00e9partement du Lot.\" \/>\n<meta property=\"og:url\" content=\"https:\/\/voyages-en-france.fr\/index.php\/2021\/10\/21\/le-chateau-de-castelnau-bretenou-forteresse-medievale-du-quercy\/\" \/>\n<meta property=\"og:site_name\" content=\"Voyages-en-France.fr\" \/>\n<meta property=\"article:publisher\" content=\"https:\/\/www.facebook.com\/voyages.au.coeur.de.la.france\/\" \/>\n<meta property=\"article:author\" content=\"https:\/\/www.facebook.com\/voyages.au.coeur.de.la.france\/\" \/>\n<meta property=\"article:published_time\" content=\"2021-10-21T21:40:51+00:00\" \/>\n<meta property=\"article:modified_time\" content=\"2023-11-02T20:09:27+00:00\" \/>\n<meta property=\"og:image\" content=\"https:\/\/voyages-en-france.fr\/wp-content\/uploads\/2021\/10\/IMGP1865-30PC.jpg\" \/>\n\t<meta property=\"og:image:width\" content=\"1137\" \/>\n\t<meta property=\"og:image:height\" content=\"852\" \/>\n\t<meta property=\"og:image:type\" content=\"image\/jpeg\" \/>\n<meta name=\"author\" content=\"Christophe\" \/>\n<meta name=\"twitter:card\" content=\"summary_large_image\" \/>\n<meta name=\"twitter:creator\" content=\"@Voyages_France\" \/>\n<meta name=\"twitter:site\" content=\"@Voyages_France\" \/>\n<meta name=\"twitter:label1\" content=\"\u00c9crit par\" \/>\n\t<meta name=\"twitter:data1\" content=\"Christophe\" \/>\n\t<meta name=\"twitter:label2\" content=\"Dur\u00e9e de lecture estim\u00e9e\" \/>\n\t<meta name=\"twitter:data2\" content=\"4 minutes\" \/>\n<script type=\"application\/ld+json\" class=\"yoast-schema-graph\">{\"@context\":\"https:\/\/schema.org\",\"@graph\":[{\"@type\":\"Article\",\"@id\":\"https:\/\/voyages-en-france.fr\/index.php\/2021\/10\/21\/le-chateau-de-castelnau-bretenou-forteresse-medievale-du-quercy\/#article\",\"isPartOf\":{\"@id\":\"https:\/\/voyages-en-france.fr\/index.php\/2021\/10\/21\/le-chateau-de-castelnau-bretenou-forteresse-medievale-du-quercy\/\"},\"author\":{\"name\":\"Christophe\",\"@id\":\"https:\/\/voyages-en-france.fr\/#\/schema\/person\/611a624b57cd68dd2e4c3f7d385420e2\"},\"headline\":\"Le ch\u00e2teau de Castelnau-Bretenou, forteresse m\u00e9di\u00e9vale du Quercy\",\"datePublished\":\"2021-10-21T21:40:51+00:00\",\"dateModified\":\"2023-11-02T20:09:27+00:00\",\"mainEntityOfPage\":{\"@id\":\"https:\/\/voyages-en-france.fr\/index.php\/2021\/10\/21\/le-chateau-de-castelnau-bretenou-forteresse-medievale-du-quercy\/\"},\"wordCount\":442,\"commentCount\":0,\"publisher\":{\"@id\":\"https:\/\/voyages-en-france.fr\/#\/schema\/person\/611a624b57cd68dd2e4c3f7d385420e2\"},\"image\":{\"@id\":\"https:\/\/voyages-en-france.fr\/index.php\/2021\/10\/21\/le-chateau-de-castelnau-bretenou-forteresse-medievale-du-quercy\/#primaryimage\"},\"thumbnailUrl\":\"https:\/\/i0.wp.com\/voyages-en-france.fr\/wp-content\/uploads\/2021\/10\/IMGP1865-30PC.jpg?fit=1137%2C852&ssl=1\",\"keywords\":[\"46\",\"Castelnau-Bretenou\",\"Lot\",\"Midi Pyr\u00e9n\u00e9es\",\"Occitanie\",\"Saint-Louis\"],\"articleSection\":[\"ch\u00e2teau\"],\"inLanguage\":\"fr-FR\",\"potentialAction\":[{\"@type\":\"CommentAction\",\"name\":\"Comment\",\"target\":[\"https:\/\/voyages-en-france.fr\/index.php\/2021\/10\/21\/le-chateau-de-castelnau-bretenou-forteresse-medievale-du-quercy\/#respond\"]}]},{\"@type\":\"WebPage\",\"@id\":\"https:\/\/voyages-en-france.fr\/index.php\/2021\/10\/21\/le-chateau-de-castelnau-bretenou-forteresse-medievale-du-quercy\/\",\"url\":\"https:\/\/voyages-en-france.fr\/index.php\/2021\/10\/21\/le-chateau-de-castelnau-bretenou-forteresse-medievale-du-quercy\/\",\"name\":\"Le ch\u00e2teau de Castelnau-Bretenou\",\"isPartOf\":{\"@id\":\"https:\/\/voyages-en-france.fr\/#website\"},\"primaryImageOfPage\":{\"@id\":\"https:\/\/voyages-en-france.fr\/index.php\/2021\/10\/21\/le-chateau-de-castelnau-bretenou-forteresse-medievale-du-quercy\/#primaryimage\"},\"image\":{\"@id\":\"https:\/\/voyages-en-france.fr\/index.php\/2021\/10\/21\/le-chateau-de-castelnau-bretenou-forteresse-medievale-du-quercy\/#primaryimage\"},\"thumbnailUrl\":\"https:\/\/i0.wp.com\/voyages-en-france.fr\/wp-content\/uploads\/2021\/10\/IMGP1865-30PC.jpg?fit=1137%2C852&ssl=1\",\"datePublished\":\"2021-10-21T21:40:51+00:00\",\"dateModified\":\"2023-11-02T20:09:27+00:00\",\"description\":\"Le ch\u00e2teau de Castelnau-Bretenou, forteresse m\u00e9di\u00e9vale du Quercy - un beau chateau \u00e0 visiter dans le d\u00e9partement du Lot.\",\"breadcrumb\":{\"@id\":\"https:\/\/voyages-en-france.fr\/index.php\/2021\/10\/21\/le-chateau-de-castelnau-bretenou-forteresse-medievale-du-quercy\/#breadcrumb\"},\"inLanguage\":\"fr-FR\",\"potentialAction\":[{\"@type\":\"ReadAction\",\"target\":[\"https:\/\/voyages-en-france.fr\/index.php\/2021\/10\/21\/le-chateau-de-castelnau-bretenou-forteresse-medievale-du-quercy\/\"]}]},{\"@type\":\"ImageObject\",\"inLanguage\":\"fr-FR\",\"@id\":\"https:\/\/voyages-en-france.fr\/index.php\/2021\/10\/21\/le-chateau-de-castelnau-bretenou-forteresse-medievale-du-quercy\/#primaryimage\",\"url\":\"https:\/\/i0.wp.com\/voyages-en-france.fr\/wp-content\/uploads\/2021\/10\/IMGP1865-30PC.jpg?fit=1137%2C852&ssl=1\",\"contentUrl\":\"https:\/\/i0.wp.com\/voyages-en-france.fr\/wp-content\/uploads\/2021\/10\/IMGP1865-30PC.jpg?fit=1137%2C852&ssl=1\",\"width\":1137,\"height\":852,\"caption\":\"Ch\u00e2teau de Castelnau-Bretenou\"},{\"@type\":\"BreadcrumbList\",\"@id\":\"https:\/\/voyages-en-france.fr\/index.php\/2021\/10\/21\/le-chateau-de-castelnau-bretenou-forteresse-medievale-du-quercy\/#breadcrumb\",\"itemListElement\":[{\"@type\":\"ListItem\",\"position\":1,\"name\":\"Accueil\",\"item\":\"https:\/\/voyages-en-france.fr\/\"},{\"@type\":\"ListItem\",\"position\":2,\"name\":\"Le ch\u00e2teau de Castelnau-Bretenou, forteresse m\u00e9di\u00e9vale du Quercy\"}]},{\"@type\":\"WebSite\",\"@id\":\"https:\/\/voyages-en-france.fr\/#website\",\"url\":\"https:\/\/voyages-en-france.fr\/\",\"name\":\"Voyages-en-France.fr\",\"description\":\"D\u00e9couvrir la France, son patrimoine, ses richesses naturelles, son histoire...\",\"publisher\":{\"@id\":\"https:\/\/voyages-en-france.fr\/#\/schema\/person\/611a624b57cd68dd2e4c3f7d385420e2\"},\"potentialAction\":[{\"@type\":\"SearchAction\",\"target\":{\"@type\":\"EntryPoint\",\"urlTemplate\":\"https:\/\/voyages-en-france.fr\/?s={search_term_string}\"},\"query-input\":{\"@type\":\"PropertyValueSpecification\",\"valueRequired\":true,\"valueName\":\"search_term_string\"}}],\"inLanguage\":\"fr-FR\"},{\"@type\":[\"Person\",\"Organization\"],\"@id\":\"https:\/\/voyages-en-france.fr\/#\/schema\/person\/611a624b57cd68dd2e4c3f7d385420e2\",\"name\":\"Christophe\",\"image\":{\"@type\":\"ImageObject\",\"inLanguage\":\"fr-FR\",\"@id\":\"https:\/\/voyages-en-france.fr\/#\/schema\/person\/image\/\",\"url\":\"https:\/\/i0.wp.com\/voyages-en-france.fr\/wp-content\/uploads\/2017\/11\/cropped-FRANCE-1.jpg?fit=324%2C324&ssl=1\",\"contentUrl\":\"https:\/\/i0.wp.com\/voyages-en-france.fr\/wp-content\/uploads\/2017\/11\/cropped-FRANCE-1.jpg?fit=324%2C324&ssl=1\",\"width\":324,\"height\":324,\"caption\":\"Christophe\"},\"logo\":{\"@id\":\"https:\/\/voyages-en-france.fr\/#\/schema\/person\/image\/\"},\"sameAs\":[\"http:\/\/voyages-en-france.fr\/\",\"https:\/\/www.facebook.com\/voyages.au.coeur.de.la.france\/\",\"https:\/\/www.instagram.com\/voyages_en_france\/\",\"https:\/\/x.com\/Voyages_France\"]}]}<\/script>\n<!-- \/ Yoast SEO plugin. -->","yoast_head_json":{"title":"Le ch\u00e2teau de Castelnau-Bretenou","description":"Le ch\u00e2teau de Castelnau-Bretenou, forteresse m\u00e9di\u00e9vale du Quercy - un beau chateau \u00e0 visiter dans le d\u00e9partement du Lot.","robots":{"index":"index","follow":"follow","max-snippet":"max-snippet:-1","max-image-preview":"max-image-preview:large","max-video-preview":"max-video-preview:-1"},"canonical":"https:\/\/voyages-en-france.fr\/index.php\/2021\/10\/21\/le-chateau-de-castelnau-bretenou-forteresse-medievale-du-quercy\/","og_locale":"fr_FR","og_type":"article","og_title":"Le ch\u00e2teau de Castelnau-Bretenou","og_description":"Le ch\u00e2teau de Castelnau-Bretenou, forteresse m\u00e9di\u00e9vale du Quercy - un beau chateau \u00e0 visiter dans le d\u00e9partement du Lot.","og_url":"https:\/\/voyages-en-france.fr\/index.php\/2021\/10\/21\/le-chateau-de-castelnau-bretenou-forteresse-medievale-du-quercy\/","og_site_name":"Voyages-en-France.fr","article_publisher":"https:\/\/www.facebook.com\/voyages.au.coeur.de.la.france\/","article_author":"https:\/\/www.facebook.com\/voyages.au.coeur.de.la.france\/","article_published_time":"2021-10-21T21:40:51+00:00","article_modified_time":"2023-11-02T20:09:27+00:00","og_image":[{"width":1137,"height":852,"url":"https:\/\/voyages-en-france.fr\/wp-content\/uploads\/2021\/10\/IMGP1865-30PC.jpg","type":"image\/jpeg"}],"author":"Christophe","twitter_card":"summary_large_image","twitter_creator":"@Voyages_France","twitter_site":"@Voyages_France","twitter_misc":{"\u00c9crit par":"Christophe","Dur\u00e9e de lecture estim\u00e9e":"4 minutes"},"schema":{"@context":"https:\/\/schema.org","@graph":[{"@type":"Article","@id":"https:\/\/voyages-en-france.fr\/index.php\/2021\/10\/21\/le-chateau-de-castelnau-bretenou-forteresse-medievale-du-quercy\/#article","isPartOf":{"@id":"https:\/\/voyages-en-france.fr\/index.php\/2021\/10\/21\/le-chateau-de-castelnau-bretenou-forteresse-medievale-du-quercy\/"},"author":{"name":"Christophe","@id":"https:\/\/voyages-en-france.fr\/#\/schema\/person\/611a624b57cd68dd2e4c3f7d385420e2"},"headline":"Le ch\u00e2teau de Castelnau-Bretenou, forteresse m\u00e9di\u00e9vale du Quercy","datePublished":"2021-10-21T21:40:51+00:00","dateModified":"2023-11-02T20:09:27+00:00","mainEntityOfPage":{"@id":"https:\/\/voyages-en-france.fr\/index.php\/2021\/10\/21\/le-chateau-de-castelnau-bretenou-forteresse-medievale-du-quercy\/"},"wordCount":442,"commentCount":0,"publisher":{"@id":"https:\/\/voyages-en-france.fr\/#\/schema\/person\/611a624b57cd68dd2e4c3f7d385420e2"},"image":{"@id":"https:\/\/voyages-en-france.fr\/index.php\/2021\/10\/21\/le-chateau-de-castelnau-bretenou-forteresse-medievale-du-quercy\/#primaryimage"},"thumbnailUrl":"https:\/\/i0.wp.com\/voyages-en-france.fr\/wp-content\/uploads\/2021\/10\/IMGP1865-30PC.jpg?fit=1137%2C852&ssl=1","keywords":["46","Castelnau-Bretenou","Lot","Midi Pyr\u00e9n\u00e9es","Occitanie","Saint-Louis"],"articleSection":["ch\u00e2teau"],"inLanguage":"fr-FR","potentialAction":[{"@type":"CommentAction","name":"Comment","target":["https:\/\/voyages-en-france.fr\/index.php\/2021\/10\/21\/le-chateau-de-castelnau-bretenou-forteresse-medievale-du-quercy\/#respond"]}]},{"@type":"WebPage","@id":"https:\/\/voyages-en-france.fr\/index.php\/2021\/10\/21\/le-chateau-de-castelnau-bretenou-forteresse-medievale-du-quercy\/","url":"https:\/\/voyages-en-france.fr\/index.php\/2021\/10\/21\/le-chateau-de-castelnau-bretenou-forteresse-medievale-du-quercy\/","name":"Le ch\u00e2teau de Castelnau-Bretenou","isPartOf":{"@id":"https:\/\/voyages-en-france.fr\/#website"},"primaryImageOfPage":{"@id":"https:\/\/voyages-en-france.fr\/index.php\/2021\/10\/21\/le-chateau-de-castelnau-bretenou-forteresse-medievale-du-quercy\/#primaryimage"},"image":{"@id":"https:\/\/voyages-en-france.fr\/index.php\/2021\/10\/21\/le-chateau-de-castelnau-bretenou-forteresse-medievale-du-quercy\/#primaryimage"},"thumbnailUrl":"https:\/\/i0.wp.com\/voyages-en-france.fr\/wp-content\/uploads\/2021\/10\/IMGP1865-30PC.jpg?fit=1137%2C852&ssl=1","datePublished":"2021-10-21T21:40:51+00:00","dateModified":"2023-11-02T20:09:27+00:00","description":"Le ch\u00e2teau de Castelnau-Bretenou, forteresse m\u00e9di\u00e9vale du Quercy - un beau chateau \u00e0 visiter dans le d\u00e9partement du Lot.","breadcrumb":{"@id":"https:\/\/voyages-en-france.fr\/index.php\/2021\/10\/21\/le-chateau-de-castelnau-bretenou-forteresse-medievale-du-quercy\/#breadcrumb"},"inLanguage":"fr-FR","potentialAction":[{"@type":"ReadAction","target":["https:\/\/voyages-en-france.fr\/index.php\/2021\/10\/21\/le-chateau-de-castelnau-bretenou-forteresse-medievale-du-quercy\/"]}]},{"@type":"ImageObject","inLanguage":"fr-FR","@id":"https:\/\/voyages-en-france.fr\/index.php\/2021\/10\/21\/le-chateau-de-castelnau-bretenou-forteresse-medievale-du-quercy\/#primaryimage","url":"https:\/\/i0.wp.com\/voyages-en-france.fr\/wp-content\/uploads\/2021\/10\/IMGP1865-30PC.jpg?fit=1137%2C852&ssl=1","contentUrl":"https:\/\/i0.wp.com\/voyages-en-france.fr\/wp-content\/uploads\/2021\/10\/IMGP1865-30PC.jpg?fit=1137%2C852&ssl=1","width":1137,"height":852,"caption":"Ch\u00e2teau de Castelnau-Bretenou"},{"@type":"BreadcrumbList","@id":"https:\/\/voyages-en-france.fr\/index.php\/2021\/10\/21\/le-chateau-de-castelnau-bretenou-forteresse-medievale-du-quercy\/#breadcrumb","itemListElement":[{"@type":"ListItem","position":1,"name":"Accueil","item":"https:\/\/voyages-en-france.fr\/"},{"@type":"ListItem","position":2,"name":"Le ch\u00e2teau de Castelnau-Bretenou, forteresse m\u00e9di\u00e9vale du Quercy"}]},{"@type":"WebSite","@id":"https:\/\/voyages-en-france.fr\/#website","url":"https:\/\/voyages-en-france.fr\/","name":"Voyages-en-France.fr","description":"D\u00e9couvrir la France, son patrimoine, ses richesses naturelles, son histoire...","publisher":{"@id":"https:\/\/voyages-en-france.fr\/#\/schema\/person\/611a624b57cd68dd2e4c3f7d385420e2"},"potentialAction":[{"@type":"SearchAction","target":{"@type":"EntryPoint","urlTemplate":"https:\/\/voyages-en-france.fr\/?s={search_term_string}"},"query-input":{"@type":"PropertyValueSpecification","valueRequired":true,"valueName":"search_term_string"}}],"inLanguage":"fr-FR"},{"@type":["Person","Organization"],"@id":"https:\/\/voyages-en-france.fr\/#\/schema\/person\/611a624b57cd68dd2e4c3f7d385420e2","name":"Christophe","image":{"@type":"ImageObject","inLanguage":"fr-FR","@id":"https:\/\/voyages-en-france.fr\/#\/schema\/person\/image\/","url":"https:\/\/i0.wp.com\/voyages-en-france.fr\/wp-content\/uploads\/2017\/11\/cropped-FRANCE-1.jpg?fit=324%2C324&ssl=1","contentUrl":"https:\/\/i0.wp.com\/voyages-en-france.fr\/wp-content\/uploads\/2017\/11\/cropped-FRANCE-1.jpg?fit=324%2C324&ssl=1","width":324,"height":324,"caption":"Christophe"},"logo":{"@id":"https:\/\/voyages-en-france.fr\/#\/schema\/person\/image\/"},"sameAs":["http:\/\/voyages-en-france.fr\/","https:\/\/www.facebook.com\/voyages.au.coeur.de.la.france\/","https:\/\/www.instagram.com\/voyages_en_france\/","https:\/\/x.com\/Voyages_France"]}]}},"jetpack_publicize_connections":[],"jetpack_featured_media_url":"https:\/\/i0.wp.com\/voyages-en-france.fr\/wp-content\/uploads\/2021\/10\/IMGP1865-30PC.jpg?fit=1137%2C852&ssl=1","jetpack_sharing_enabled":true,"jetpack_shortlink":"https:\/\/wp.me\/p9pWxx-xF","jetpack_likes_enabled":true,"_links":{"self":[{"href":"https:\/\/voyages-en-france.fr\/index.php\/wp-json\/wp\/v2\/posts\/2087","targetHints":{"allow":["GET"]}}],"collection":[{"href":"https:\/\/voyages-en-france.fr\/index.php\/wp-json\/wp\/v2\/posts"}],"about":[{"href":"https:\/\/voyages-en-france.fr\/index.php\/wp-json\/wp\/v2\/types\/post"}],"author":[{"embeddable":true,"href":"https:\/\/voyages-en-france.fr\/index.php\/wp-json\/wp\/v2\/users\/1"}],"replies":[{"embeddable":true,"href":"https:\/\/voyages-en-france.fr\/index.php\/wp-json\/wp\/v2\/comments?post=2087"}],"version-history":[{"count":9,"href":"https:\/\/voyages-en-france.fr\/index.php\/wp-json\/wp\/v2\/posts\/2087\/revisions"}],"predecessor-version":[{"id":2783,"href":"https:\/\/voyages-en-france.fr\/index.php\/wp-json\/wp\/v2\/posts\/2087\/revisions\/2783"}],"wp:featuredmedia":[{"embeddable":true,"href":"https:\/\/voyages-en-france.fr\/index.php\/wp-json\/wp\/v2\/media\/2094"}],"wp:attachment":[{"href":"https:\/\/voyages-en-france.fr\/index.php\/wp-json\/wp\/v2\/media?parent=2087"}],"wp:term":[{"taxonomy":"category","embeddable":true,"href":"https:\/\/voyages-en-france.fr\/index.php\/wp-json\/wp\/v2\/categories?post=2087"},{"taxonomy":"post_tag","embeddable":true,"href":"https:\/\/voyages-en-france.fr\/index.php\/wp-json\/wp\/v2\/tags?post=2087"}],"curies":[{"name":"wp","href":"https:\/\/api.w.org\/{rel}","templated":true}]}}