{"id":1884,"date":"2020-07-25T23:33:30","date_gmt":"2020-07-25T21:33:30","guid":{"rendered":"http:\/\/voyages-en-france.fr\/?p=1884"},"modified":"2024-05-09T22:48:17","modified_gmt":"2024-05-09T20:48:17","slug":"le-cap-taillat-la-cote-sauvage-du-var","status":"publish","type":"post","link":"https:\/\/voyages-en-france.fr\/index.php\/2020\/07\/25\/le-cap-taillat-la-cote-sauvage-du-var\/","title":{"rendered":"Le Cap Taillat, la c\u00f4te sauvage du Var"},"content":{"rendered":"<span itemprop=\"description\"><h2>Le Cap Taillat, sur la presqu&rsquo;\u00eele de Saint-Tropez<\/h2>\n<p>Le Cap Taillat fait partie des joyaux naturels de la presqu\u2019\u00eele de Saint-Tropez sur la <a href=\"https:\/\/voyages-en-france.fr\/index.php\/2017\/11\/27\/cote-dazur-vue-ciel\/\">C\u00f4te d&rsquo;Azur<\/a> dans le <a href=\"https:\/\/voyages-en-france.fr\/index.php\/tag\/var\/\">d\u00e9partement du Var<\/a>. Ils se trouve entre 2 autes caps: le cap Lardier et le cap Camarat. Sa forme est tout \u00e0 fait particuli\u00e8re, il s&rsquo;agit en fait d&rsquo;une presqu&rsquo;\u00eele reli\u00e9 \u00e0 la c\u00f4te par son remarquable isthme sableux. Le cap Taillat est aussi appel\u00e9 Cap Cartaya. La zone est g\u00e9r\u00e9e par le <a href=\"http:\/\/www.conservatoire-du-littoral.fr\/siteLittoral\/193\/28-le-cap-taillat-83_var.htm\">Conservatoire du Littoral<\/a>.<\/p>\n<figure id=\"attachment_1887\" aria-describedby=\"caption-attachment-1887\" style=\"width: 1024px\" class=\"wp-caption aligncenter\"><img data-recalc-dims=\"1\" loading=\"lazy\" decoding=\"async\" data-attachment-id=\"1887\" data-permalink=\"https:\/\/voyages-en-france.fr\/index.php\/2020\/07\/25\/le-cap-taillat-la-cote-sauvage-du-var\/p2130769-35pc\/\" data-orig-file=\"https:\/\/i0.wp.com\/voyages-en-france.fr\/wp-content\/uploads\/2020\/07\/P2130769-35pc.jpg?fit=1591%2C1060&amp;ssl=1\" data-orig-size=\"1591,1060\" data-comments-opened=\"1\" data-image-meta=\"{&quot;aperture&quot;:&quot;5&quot;,&quot;credit&quot;:&quot;&quot;,&quot;camera&quot;:&quot;DMC-FZ1000&quot;,&quot;caption&quot;:&quot;&quot;,&quot;created_timestamp&quot;:&quot;1582893552&quot;,&quot;copyright&quot;:&quot;&quot;,&quot;focal_length&quot;:&quot;9.12&quot;,&quot;iso&quot;:&quot;125&quot;,&quot;shutter_speed&quot;:&quot;0.000625&quot;,&quot;title&quot;:&quot;&quot;,&quot;orientation&quot;:&quot;1&quot;}\" data-image-title=\"P2130769 [35pc]\" data-image-description=\"&lt;p&gt;Cap Taillat et le poste de Douane&lt;\/p&gt;\n\" data-image-caption=\"&lt;p&gt;Cap Taillat et le poste de Douane&lt;\/p&gt;\n\" data-medium-file=\"https:\/\/i0.wp.com\/voyages-en-france.fr\/wp-content\/uploads\/2020\/07\/P2130769-35pc.jpg?fit=300%2C200&amp;ssl=1\" data-large-file=\"https:\/\/i0.wp.com\/voyages-en-france.fr\/wp-content\/uploads\/2020\/07\/P2130769-35pc.jpg?fit=1024%2C682&amp;ssl=1\" class=\"size-large wp-image-1887\" src=\"https:\/\/i0.wp.com\/voyages-en-france.fr\/wp-content\/uploads\/2020\/07\/P2130769-35pc.jpg?resize=1024%2C682&#038;ssl=1\" alt=\"Cap Taillat et le poste de Douane\" width=\"1024\" height=\"682\" srcset=\"https:\/\/i0.wp.com\/voyages-en-france.fr\/wp-content\/uploads\/2020\/07\/P2130769-35pc.jpg?resize=1024%2C682&amp;ssl=1 1024w, https:\/\/i0.wp.com\/voyages-en-france.fr\/wp-content\/uploads\/2020\/07\/P2130769-35pc.jpg?resize=300%2C200&amp;ssl=1 300w, https:\/\/i0.wp.com\/voyages-en-france.fr\/wp-content\/uploads\/2020\/07\/P2130769-35pc.jpg?resize=768%2C512&amp;ssl=1 768w, https:\/\/i0.wp.com\/voyages-en-france.fr\/wp-content\/uploads\/2020\/07\/P2130769-35pc.jpg?resize=1536%2C1023&amp;ssl=1 1536w, https:\/\/i0.wp.com\/voyages-en-france.fr\/wp-content\/uploads\/2020\/07\/P2130769-35pc.jpg?resize=1200%2C799&amp;ssl=1 1200w, https:\/\/i0.wp.com\/voyages-en-france.fr\/wp-content\/uploads\/2020\/07\/P2130769-35pc.jpg?w=1591&amp;ssl=1 1591w\" sizes=\"auto, (max-width: 1024px) 100vw, 1024px\" \/><figcaption id=\"caption-attachment-1887\" class=\"wp-caption-text\">Cap Taillat et le poste de Douane<\/figcaption><\/figure>\n<p>En parcourant les chemins qui y m\u00e8ne on comprend que le lieu a \u00e9t\u00e9 ravag\u00e9 par un incendie de for\u00eat. Ce v\u00e9ritable poumon vert a perdu une grande partie de ses pins. En effet, la quasi totalit\u00e9 du cap Taillat a \u00e9t\u00e9 r\u00e9duite en cendres le 24 juillet 2017 par un incendie qui a \u00e9galement touch\u00e9 le cap Lardier (550 hectares d\u00e9truits).<\/p>\n<p>Les visiteurs marchent sur environ 2,5 km de sentier littoral am\u00e9nag\u00e9 et bord\u00e9 d\u2019une tout de m\u00eame magnifique v\u00e9g\u00e9tation et une c\u00f4te rocheuse superbe. Des sentiers permettent aussi de visiter l\u2019int\u00e9rieur du massif o\u00f9 l\u2019on y d\u00e9couvre notamment vignoble priv\u00e9 et s\u00e9pulture m\u00e9galithique (Dolmen de Briande). Sur le littoral, la Maison des Douanes d\u00e9voile ses 8 cellules enti\u00e8rement restaur\u00e9es en 2011.<\/p>\n<figure id=\"attachment_1892\" aria-describedby=\"caption-attachment-1892\" style=\"width: 1009px\" class=\"wp-caption aligncenter\"><img data-recalc-dims=\"1\" loading=\"lazy\" decoding=\"async\" data-attachment-id=\"1892\" data-permalink=\"https:\/\/voyages-en-france.fr\/index.php\/2020\/07\/25\/le-cap-taillat-la-cote-sauvage-du-var\/img_2408-35pc\/\" data-orig-file=\"https:\/\/i0.wp.com\/voyages-en-france.fr\/wp-content\/uploads\/2020\/07\/IMG_2408-35pc.jpg?fit=1009%2C892&amp;ssl=1\" data-orig-size=\"1009,892\" data-comments-opened=\"1\" data-image-meta=\"{&quot;aperture&quot;:&quot;1.8&quot;,&quot;credit&quot;:&quot;&quot;,&quot;camera&quot;:&quot;iPhone 7&quot;,&quot;caption&quot;:&quot;&quot;,&quot;created_timestamp&quot;:&quot;1582892463&quot;,&quot;copyright&quot;:&quot;&quot;,&quot;focal_length&quot;:&quot;3.99&quot;,&quot;iso&quot;:&quot;25&quot;,&quot;shutter_speed&quot;:&quot;0.022222222222222&quot;,&quot;title&quot;:&quot;&quot;,&quot;orientation&quot;:&quot;1&quot;}\" data-image-title=\"IMG_2408 [35pc]\" data-image-description=\"&lt;p&gt;Cap Taillat&lt;\/p&gt;\n\" data-image-caption=\"&lt;p&gt;Cap Taillat&lt;\/p&gt;\n\" data-medium-file=\"https:\/\/i0.wp.com\/voyages-en-france.fr\/wp-content\/uploads\/2020\/07\/IMG_2408-35pc.jpg?fit=300%2C265&amp;ssl=1\" data-large-file=\"https:\/\/i0.wp.com\/voyages-en-france.fr\/wp-content\/uploads\/2020\/07\/IMG_2408-35pc.jpg?fit=1009%2C892&amp;ssl=1\" class=\"wp-image-1892 size-full\" src=\"https:\/\/i0.wp.com\/voyages-en-france.fr\/wp-content\/uploads\/2020\/07\/IMG_2408-35pc.jpg?resize=1009%2C892&#038;ssl=1\" alt=\"Caps Lardier et Taillat - plan\" width=\"1009\" height=\"892\" srcset=\"https:\/\/i0.wp.com\/voyages-en-france.fr\/wp-content\/uploads\/2020\/07\/IMG_2408-35pc.jpg?w=1009&amp;ssl=1 1009w, https:\/\/i0.wp.com\/voyages-en-france.fr\/wp-content\/uploads\/2020\/07\/IMG_2408-35pc.jpg?resize=300%2C265&amp;ssl=1 300w, https:\/\/i0.wp.com\/voyages-en-france.fr\/wp-content\/uploads\/2020\/07\/IMG_2408-35pc.jpg?resize=768%2C679&amp;ssl=1 768w\" sizes=\"auto, (max-width: 1009px) 100vw, 1009px\" \/><figcaption id=\"caption-attachment-1892\" class=\"wp-caption-text\">Caps Lardier et Taillat &#8211; plan<\/figcaption><\/figure>\n<p>Le cap Taillat fait partie de la grande presqu&rsquo;\u00eele de Saint-Tropez. C&rsquo;est une avanc\u00e9e du massif des Maures dans la mer M\u00e9diterran\u00e9e, entre le golfe de Saint-Tropez au nord et la baie de Cavalaire au sud.<\/p>\n<figure id=\"attachment_1891\" aria-describedby=\"caption-attachment-1891\" style=\"width: 1024px\" class=\"wp-caption aligncenter\"><img data-recalc-dims=\"1\" loading=\"lazy\" decoding=\"async\" data-attachment-id=\"1891\" data-permalink=\"https:\/\/voyages-en-france.fr\/index.php\/2020\/07\/25\/le-cap-taillat-la-cote-sauvage-du-var\/p2130970-35pc\/\" data-orig-file=\"https:\/\/i0.wp.com\/voyages-en-france.fr\/wp-content\/uploads\/2020\/07\/P2130970-35pc.jpg?fit=1642%2C1094&amp;ssl=1\" data-orig-size=\"1642,1094\" data-comments-opened=\"1\" data-image-meta=\"{&quot;aperture&quot;:&quot;5.6&quot;,&quot;credit&quot;:&quot;&quot;,&quot;camera&quot;:&quot;DMC-FZ1000&quot;,&quot;caption&quot;:&quot;&quot;,&quot;created_timestamp&quot;:&quot;1582898551&quot;,&quot;copyright&quot;:&quot;&quot;,&quot;focal_length&quot;:&quot;12.12&quot;,&quot;iso&quot;:&quot;125&quot;,&quot;shutter_speed&quot;:&quot;0.000625&quot;,&quot;title&quot;:&quot;&quot;,&quot;orientation&quot;:&quot;1&quot;}\" data-image-title=\"P2130970 [35pc]\" data-image-description=\"&lt;p&gt;Cap Taillat &#8211; depuis la plage de la Briande&lt;\/p&gt;\n\" data-image-caption=\"&lt;p&gt;Cap Taillat &#8211; depuis la plage de la Briande&lt;\/p&gt;\n\" data-medium-file=\"https:\/\/i0.wp.com\/voyages-en-france.fr\/wp-content\/uploads\/2020\/07\/P2130970-35pc.jpg?fit=300%2C200&amp;ssl=1\" data-large-file=\"https:\/\/i0.wp.com\/voyages-en-france.fr\/wp-content\/uploads\/2020\/07\/P2130970-35pc.jpg?fit=1024%2C682&amp;ssl=1\" class=\"wp-image-1891 size-large\" src=\"https:\/\/i0.wp.com\/voyages-en-france.fr\/wp-content\/uploads\/2020\/07\/P2130970-35pc.jpg?resize=1024%2C682&#038;ssl=1\" alt=\"La plage de la Briande\" width=\"1024\" height=\"682\" srcset=\"https:\/\/i0.wp.com\/voyages-en-france.fr\/wp-content\/uploads\/2020\/07\/P2130970-35pc.jpg?resize=1024%2C682&amp;ssl=1 1024w, https:\/\/i0.wp.com\/voyages-en-france.fr\/wp-content\/uploads\/2020\/07\/P2130970-35pc.jpg?resize=300%2C200&amp;ssl=1 300w, https:\/\/i0.wp.com\/voyages-en-france.fr\/wp-content\/uploads\/2020\/07\/P2130970-35pc.jpg?resize=768%2C512&amp;ssl=1 768w, https:\/\/i0.wp.com\/voyages-en-france.fr\/wp-content\/uploads\/2020\/07\/P2130970-35pc.jpg?resize=1536%2C1023&amp;ssl=1 1536w, https:\/\/i0.wp.com\/voyages-en-france.fr\/wp-content\/uploads\/2020\/07\/P2130970-35pc.jpg?resize=1200%2C800&amp;ssl=1 1200w, https:\/\/i0.wp.com\/voyages-en-france.fr\/wp-content\/uploads\/2020\/07\/P2130970-35pc.jpg?w=1642&amp;ssl=1 1642w\" sizes=\"auto, (max-width: 1024px) 100vw, 1024px\" \/><figcaption id=\"caption-attachment-1891\" class=\"wp-caption-text\">Cap Taillat &#8211; depuis la plage de la Briande<\/figcaption><\/figure>\n<p>La zone est agr\u00e9able en toute saisons&#8230;. les balades \u00e0 pieds sont recommand\u00e9es en hiver, vous \u00e9viterez la foule sur les plages dont certaines sont autoris\u00e9es aux naturistes.<\/p>\n<h2>Le sommet du cap Taillat<\/h2>\n<p>N&rsquo;h\u00e9sitez pas \u00e0 traverser l&rsquo;isthme sableux et \u00e0 monter au sommet de cette petite presqu\u2019\u00eele. Un chemin facile passe sur le c\u00f4t\u00e9 ouest du cap, la vue est vraiment magnifique en haut.<\/p>\n<figure id=\"attachment_1888\" aria-describedby=\"caption-attachment-1888\" style=\"width: 1024px\" class=\"wp-caption aligncenter\"><img data-recalc-dims=\"1\" loading=\"lazy\" decoding=\"async\" data-attachment-id=\"1888\" data-permalink=\"https:\/\/voyages-en-france.fr\/index.php\/2020\/07\/25\/le-cap-taillat-la-cote-sauvage-du-var\/p2130882-35pc\/\" data-orig-file=\"https:\/\/i0.wp.com\/voyages-en-france.fr\/wp-content\/uploads\/2020\/07\/P2130882-35pc.jpg?fit=1642%2C1094&amp;ssl=1\" data-orig-size=\"1642,1094\" data-comments-opened=\"1\" data-image-meta=\"{&quot;aperture&quot;:&quot;5&quot;,&quot;credit&quot;:&quot;&quot;,&quot;camera&quot;:&quot;DMC-FZ1000&quot;,&quot;caption&quot;:&quot;&quot;,&quot;created_timestamp&quot;:&quot;1582895095&quot;,&quot;copyright&quot;:&quot;&quot;,&quot;focal_length&quot;:&quot;9.12&quot;,&quot;iso&quot;:&quot;125&quot;,&quot;shutter_speed&quot;:&quot;0.000625&quot;,&quot;title&quot;:&quot;&quot;,&quot;orientation&quot;:&quot;1&quot;}\" data-image-title=\"P2130882 [35pc]\" data-image-description=\"&lt;p&gt;Cap Taillat &#8211; le sommet, vue vers la c\u00f4te&lt;\/p&gt;\n\" data-image-caption=\"&lt;p&gt;Cap Taillat &#8211; le sommet, vue vers la c\u00f4te&lt;\/p&gt;\n\" data-medium-file=\"https:\/\/i0.wp.com\/voyages-en-france.fr\/wp-content\/uploads\/2020\/07\/P2130882-35pc.jpg?fit=300%2C200&amp;ssl=1\" data-large-file=\"https:\/\/i0.wp.com\/voyages-en-france.fr\/wp-content\/uploads\/2020\/07\/P2130882-35pc.jpg?fit=1024%2C682&amp;ssl=1\" class=\"size-large wp-image-1888\" src=\"https:\/\/i0.wp.com\/voyages-en-france.fr\/wp-content\/uploads\/2020\/07\/P2130882-35pc.jpg?resize=1024%2C682&#038;ssl=1\" alt=\"Cap Taillat - le sommet, vue vers la c\u00f4te\" width=\"1024\" height=\"682\" srcset=\"https:\/\/i0.wp.com\/voyages-en-france.fr\/wp-content\/uploads\/2020\/07\/P2130882-35pc.jpg?resize=1024%2C682&amp;ssl=1 1024w, https:\/\/i0.wp.com\/voyages-en-france.fr\/wp-content\/uploads\/2020\/07\/P2130882-35pc.jpg?resize=300%2C200&amp;ssl=1 300w, https:\/\/i0.wp.com\/voyages-en-france.fr\/wp-content\/uploads\/2020\/07\/P2130882-35pc.jpg?resize=768%2C512&amp;ssl=1 768w, https:\/\/i0.wp.com\/voyages-en-france.fr\/wp-content\/uploads\/2020\/07\/P2130882-35pc.jpg?resize=1536%2C1023&amp;ssl=1 1536w, https:\/\/i0.wp.com\/voyages-en-france.fr\/wp-content\/uploads\/2020\/07\/P2130882-35pc.jpg?resize=1200%2C800&amp;ssl=1 1200w, https:\/\/i0.wp.com\/voyages-en-france.fr\/wp-content\/uploads\/2020\/07\/P2130882-35pc.jpg?w=1642&amp;ssl=1 1642w\" sizes=\"auto, (max-width: 1024px) 100vw, 1024px\" \/><figcaption id=\"caption-attachment-1888\" class=\"wp-caption-text\">Cap Taillat &#8211; le sommet, vue vers la c\u00f4te<\/figcaption><\/figure>\n<h2>Le cap Taillat, comment s&rsquo;y rendre?<\/h2>\n<p>Il y a deux moyens de l&rsquo;aborder car aucune route ne m\u00e8ne au cap Taillat:<\/p>\n<ol>\n<li style=\"list-style-type: none;\">\n<ol>\n<li>Le chemin le plus court: se rendre en voiture \u00e0 la plage de l&rsquo;Escalet et la pointe du Canadel, proche de Ramatuelle&#8230; Le sentier litoral atteint le cap en 2.5 km. Il est relativement plat<\/li>\n<li>Le chemin le plus long consiste \u00e0 partir de la plage de Gigaro \u00e0 La Croix Valmer. Le sentier est beau mais beaucoup plus long avec plus de d\u00e9nivel\u00e9&#8230; \u00e7a monte puis, \u00e7a descend et ainsi de suite. Le chemin permet de d\u00e9couvrir le Cap Lardier aussi.<\/li>\n<\/ol>\n<\/li>\n<\/ol>\n<p style=\"text-align: center;\"><iframe loading=\"lazy\" style=\"border: 0;\" tabindex=\"0\" src=\"https:\/\/www.google.com\/maps\/embed?pb=!1m18!1m12!1m3!1d24726.57021769684!2d6.61669292032181!3d43.17572773606311!2m3!1f0!2f0!3f0!3m2!1i1024!2i768!4f13.1!3m3!1m2!1s0x12cec48c49555ea7%3A0xdd4fa4feb0a69435!2sCap%20Taillat!5e1!3m2!1sfr!2sfr!4v1595710916419!5m2!1sfr!2sfr\" width=\"1024\" height=\"500\" frameborder=\"0\" allowfullscreen=\"allowfullscreen\" aria-hidden=\"false\"><span data-mce-type=\"bookmark\" style=\"display: inline-block; width: 0px; overflow: hidden; line-height: 0;\" class=\"mce_SELRES_start\">\ufeff<\/span><span data-mce-type=\"bookmark\" style=\"display: inline-block; width: 0px; overflow: hidden; line-height: 0;\" class=\"mce_SELRES_start\">\ufeff<\/span><\/iframe><\/p>\n<h2>La plage de la Briande<\/h2>\n<p>Entre le Cap Taillat et le Cap Lardier, une grande plage de sable vous attend, c&rsquo;est la plage de la Briande.<\/p>\n<figure id=\"attachment_1885\" aria-describedby=\"caption-attachment-1885\" style=\"width: 1024px\" class=\"wp-caption aligncenter\"><img data-recalc-dims=\"1\" loading=\"lazy\" decoding=\"async\" data-attachment-id=\"1885\" data-permalink=\"https:\/\/voyages-en-france.fr\/index.php\/2020\/07\/25\/le-cap-taillat-la-cote-sauvage-du-var\/p2130986-35pc\/\" data-orig-file=\"https:\/\/i0.wp.com\/voyages-en-france.fr\/wp-content\/uploads\/2020\/07\/P2130986-35pc.jpg?fit=1642%2C1094&amp;ssl=1\" data-orig-size=\"1642,1094\" data-comments-opened=\"1\" data-image-meta=\"{&quot;aperture&quot;:&quot;4&quot;,&quot;credit&quot;:&quot;&quot;,&quot;camera&quot;:&quot;DMC-FZ1000&quot;,&quot;caption&quot;:&quot;&quot;,&quot;created_timestamp&quot;:&quot;1582898998&quot;,&quot;copyright&quot;:&quot;&quot;,&quot;focal_length&quot;:&quot;9.12&quot;,&quot;iso&quot;:&quot;125&quot;,&quot;shutter_speed&quot;:&quot;0.0005&quot;,&quot;title&quot;:&quot;&quot;,&quot;orientation&quot;:&quot;1&quot;}\" data-image-title=\"P2130986 [35pc]\" data-image-description=\"&lt;p&gt;Cap Taillat et plage de la Briande&lt;\/p&gt;\n\" data-image-caption=\"&lt;p&gt;Cap Taillat et plage de la Briande&lt;\/p&gt;\n\" data-medium-file=\"https:\/\/i0.wp.com\/voyages-en-france.fr\/wp-content\/uploads\/2020\/07\/P2130986-35pc.jpg?fit=300%2C200&amp;ssl=1\" data-large-file=\"https:\/\/i0.wp.com\/voyages-en-france.fr\/wp-content\/uploads\/2020\/07\/P2130986-35pc.jpg?fit=1024%2C682&amp;ssl=1\" class=\"wp-image-1885 size-large\" src=\"https:\/\/i0.wp.com\/voyages-en-france.fr\/wp-content\/uploads\/2020\/07\/P2130986-35pc.jpg?resize=1024%2C682&#038;ssl=1\" alt=\"La plage de la Briande \" width=\"1024\" height=\"682\" srcset=\"https:\/\/i0.wp.com\/voyages-en-france.fr\/wp-content\/uploads\/2020\/07\/P2130986-35pc.jpg?resize=1024%2C682&amp;ssl=1 1024w, https:\/\/i0.wp.com\/voyages-en-france.fr\/wp-content\/uploads\/2020\/07\/P2130986-35pc.jpg?resize=300%2C200&amp;ssl=1 300w, https:\/\/i0.wp.com\/voyages-en-france.fr\/wp-content\/uploads\/2020\/07\/P2130986-35pc.jpg?resize=768%2C512&amp;ssl=1 768w, https:\/\/i0.wp.com\/voyages-en-france.fr\/wp-content\/uploads\/2020\/07\/P2130986-35pc.jpg?resize=1536%2C1023&amp;ssl=1 1536w, https:\/\/i0.wp.com\/voyages-en-france.fr\/wp-content\/uploads\/2020\/07\/P2130986-35pc.jpg?resize=1200%2C800&amp;ssl=1 1200w, https:\/\/i0.wp.com\/voyages-en-france.fr\/wp-content\/uploads\/2020\/07\/P2130986-35pc.jpg?w=1642&amp;ssl=1 1642w\" sizes=\"auto, (max-width: 1024px) 100vw, 1024px\" \/><figcaption id=\"caption-attachment-1885\" class=\"wp-caption-text\">La plage de la Briande devant le Cap Taillat<\/figcaption><\/figure>\n<h2>Le cap sous diff\u00e9rents points de vue&#8230; toujours aussi beau!<\/h2>\n<div class=\"pgc-sgb-cb wp-block-pgcsimplygalleryblock-justified \" data-gallery-id=\"53637251\"><div class=\"sgb-preloader\" id=\"pr_53637251\">\n\t<div class=\"sgb-square\" style=\"background:#d4d4d4\"><\/div>\n\t<div class=\"sgb-square\" style=\"background:#d4d4d4\"><\/div>\n\t<div class=\"sgb-square\" style=\"background:#d4d4d4\"><\/div>\n\t<div class=\"sgb-square\" style=\"background:#d4d4d4\"><\/div><\/div><div class=\"simply-gallery-amp pgc_sgb_slider \" style=\"display: none;\"><div class=\"sgb-gallery\"><div class=\"sgb-item\"><a href=\"https:\/\/voyages-en-france.fr\/p2140132\/\" target=\"_blank\"><img data-recalc-dims=\"1\" decoding=\"async\" alt=\"Cap Taillat -Var\" width=\"300\" height=\"200\" loading=\"lazy\" src=\"https:\/\/i0.wp.com\/voyages-en-france.fr\/wp-content\/uploads\/2022\/08\/P2140132.jpg?resize=300%2C200&#038;ssl=1\" srcset=\"https:\/\/voyages-en-france.fr\/wp-content\/uploads\/2022\/08\/P2140132-300x200.jpg 300w,https:\/\/voyages-en-france.fr\/wp-content\/uploads\/2022\/08\/P2140132-1024x683.jpg 1024w,https:\/\/voyages-en-france.fr\/wp-content\/uploads\/2022\/08\/P2140132-scaled.jpg 2560w\" sizes=\"auto, 250px\"\/><\/a><div class=\"sgb-item-caption\"><em>Cap Taillat -Var<\/em><\/div><\/div><div class=\"sgb-item\"><a href=\"https:\/\/voyages-en-france.fr\/p2130997\/\" target=\"_blank\"><img data-recalc-dims=\"1\" decoding=\"async\" alt=\"Cap Taillat -Var\" width=\"300\" height=\"200\" loading=\"lazy\" src=\"https:\/\/i0.wp.com\/voyages-en-france.fr\/wp-content\/uploads\/2022\/08\/P2130997.jpg?resize=300%2C200&#038;ssl=1\" srcset=\"https:\/\/voyages-en-france.fr\/wp-content\/uploads\/2022\/08\/P2130997-300x200.jpg 300w,https:\/\/voyages-en-france.fr\/wp-content\/uploads\/2022\/08\/P2130997-1024x683.jpg 1024w,https:\/\/voyages-en-france.fr\/wp-content\/uploads\/2022\/08\/P2130997-scaled.jpg 2560w\" sizes=\"auto, 250px\"\/><\/a><div class=\"sgb-item-caption\"><em>Cap Taillat -Var<\/em><\/div><\/div><div class=\"sgb-item\"><a href=\"https:\/\/voyages-en-france.fr\/p2130926\/\" target=\"_blank\"><img data-recalc-dims=\"1\" decoding=\"async\" alt=\"Cap Taillat -Var\" width=\"300\" height=\"200\" loading=\"lazy\" src=\"https:\/\/i0.wp.com\/voyages-en-france.fr\/wp-content\/uploads\/2022\/08\/P2130926.jpg?resize=300%2C200&#038;ssl=1\" srcset=\"https:\/\/voyages-en-france.fr\/wp-content\/uploads\/2022\/08\/P2130926-300x200.jpg 300w,https:\/\/voyages-en-france.fr\/wp-content\/uploads\/2022\/08\/P2130926-1024x683.jpg 1024w,https:\/\/voyages-en-france.fr\/wp-content\/uploads\/2022\/08\/P2130926-scaled.jpg 2560w\" sizes=\"auto, 250px\"\/><\/a><div class=\"sgb-item-caption\"><em>Cap Taillat -Var<\/em><\/div><\/div><div class=\"sgb-item\"><a href=\"https:\/\/voyages-en-france.fr\/p2130893\/\" target=\"_blank\"><img data-recalc-dims=\"1\" decoding=\"async\" alt=\"Cap Taillat -Var\" width=\"300\" height=\"200\" loading=\"lazy\" src=\"https:\/\/i0.wp.com\/voyages-en-france.fr\/wp-content\/uploads\/2022\/08\/P2130893.jpg?resize=300%2C200&#038;ssl=1\" srcset=\"https:\/\/voyages-en-france.fr\/wp-content\/uploads\/2022\/08\/P2130893-300x200.jpg 300w,https:\/\/voyages-en-france.fr\/wp-content\/uploads\/2022\/08\/P2130893-1024x683.jpg 1024w,https:\/\/voyages-en-france.fr\/wp-content\/uploads\/2022\/08\/P2130893-scaled.jpg 2560w\" sizes=\"auto, 250px\"\/><\/a><div class=\"sgb-item-caption\"><em>Cap Taillat -Var<\/em><\/div><\/div><div class=\"sgb-item\"><a href=\"https:\/\/voyages-en-france.fr\/p2130866\/\" target=\"_blank\"><img data-recalc-dims=\"1\" decoding=\"async\" alt=\"Cap Taillat -Var\" width=\"300\" height=\"200\" loading=\"lazy\" src=\"https:\/\/i0.wp.com\/voyages-en-france.fr\/wp-content\/uploads\/2022\/08\/P2130866.jpg?resize=300%2C200&#038;ssl=1\" srcset=\"https:\/\/voyages-en-france.fr\/wp-content\/uploads\/2022\/08\/P2130866-300x200.jpg 300w,https:\/\/voyages-en-france.fr\/wp-content\/uploads\/2022\/08\/P2130866-1024x683.jpg 1024w,https:\/\/voyages-en-france.fr\/wp-content\/uploads\/2022\/08\/P2130866-scaled.jpg 2560w\" sizes=\"auto, 250px\"\/><\/a><div class=\"sgb-item-caption\"><em>Cap Taillat -Var<\/em><\/div><\/div><div class=\"sgb-item\"><a href=\"https:\/\/voyages-en-france.fr\/p2140173\/\" target=\"_blank\"><img data-recalc-dims=\"1\" decoding=\"async\" alt=\"Cap Taillat -Var\" width=\"300\" height=\"200\" loading=\"lazy\" src=\"https:\/\/i0.wp.com\/voyages-en-france.fr\/wp-content\/uploads\/2022\/08\/P2140173.jpg?resize=300%2C200&#038;ssl=1\" srcset=\"https:\/\/voyages-en-france.fr\/wp-content\/uploads\/2022\/08\/P2140173-300x200.jpg 300w,https:\/\/voyages-en-france.fr\/wp-content\/uploads\/2022\/08\/P2140173-1024x683.jpg 1024w,https:\/\/voyages-en-france.fr\/wp-content\/uploads\/2022\/08\/P2140173-scaled.jpg 2560w\" sizes=\"auto, 250px\"\/><\/a><div class=\"sgb-item-caption\"><em>Cap Taillat -Var<\/em><\/div><\/div><\/div><\/div><script type=\"application\/json\" class=\"sgb-data\">{\"lastRowFill\":true,\"collectionThumbMiniScreenScale\":true,\"externalLinkFontSize\":10,\"collectionthumbHoverTitleFontSize\":10,\"galleryType\":\"pgc_sgb_justified\",\"galleryId\":\"53637251\",\"images\":[{\"id\":2538,\"title\":\"P2140132\",\"url\":\"https:\/\/voyages-en-france.fr\/wp-content\/uploads\/2022\/08\/P2140132-scaled.jpg\",\"link\":\"https:\/\/voyages-en-france.fr\/p2140132\/\",\"alt\":\"Cap Taillat -Var\",\"description\":\"Cap Taillat -Var\",\"caption\":\"Cap Taillat -Var\",\"mime\":\"image\/jpeg\",\"type\":\"image\",\"width\":2560,\"height\":1707,\"sizes\":{\"thumbnail\":{\"height\":150,\"width\":150,\"url\":\"https:\/\/voyages-en-france.fr\/wp-content\/uploads\/2022\/08\/P2140132-150x150.jpg\",\"orientation\":\"landscape\"},\"medium\":{\"height\":200,\"width\":300,\"url\":\"https:\/\/voyages-en-france.fr\/wp-content\/uploads\/2022\/08\/P2140132-300x200.jpg\",\"orientation\":\"landscape\"},\"large\":{\"height\":683,\"width\":1024,\"url\":\"https:\/\/voyages-en-france.fr\/wp-content\/uploads\/2022\/08\/P2140132-1024x683.jpg\",\"orientation\":\"landscape\"},\"full\":{\"url\":\"https:\/\/voyages-en-france.fr\/wp-content\/uploads\/2022\/08\/P2140132-scaled.jpg\",\"height\":1707,\"width\":2560,\"orientation\":\"landscape\"}},\"meta\":false,\"postlink\":\"https:\/\/voyages-en-france.fr\/p2140132\/\"},{\"id\":2537,\"title\":\"P2130997\",\"url\":\"https:\/\/voyages-en-france.fr\/wp-content\/uploads\/2022\/08\/P2130997-scaled.jpg\",\"link\":\"https:\/\/voyages-en-france.fr\/p2130997\/\",\"alt\":\"Cap Taillat -Var\",\"description\":\"Cap Taillat -Var\",\"caption\":\"Cap Taillat -Var\",\"mime\":\"image\/jpeg\",\"type\":\"image\",\"width\":2560,\"height\":1707,\"sizes\":{\"thumbnail\":{\"height\":150,\"width\":150,\"url\":\"https:\/\/voyages-en-france.fr\/wp-content\/uploads\/2022\/08\/P2130997-150x150.jpg\",\"orientation\":\"landscape\"},\"medium\":{\"height\":200,\"width\":300,\"url\":\"https:\/\/voyages-en-france.fr\/wp-content\/uploads\/2022\/08\/P2130997-300x200.jpg\",\"orientation\":\"landscape\"},\"large\":{\"height\":683,\"width\":1024,\"url\":\"https:\/\/voyages-en-france.fr\/wp-content\/uploads\/2022\/08\/P2130997-1024x683.jpg\",\"orientation\":\"landscape\"},\"full\":{\"url\":\"https:\/\/voyages-en-france.fr\/wp-content\/uploads\/2022\/08\/P2130997-scaled.jpg\",\"height\":1707,\"width\":2560,\"orientation\":\"landscape\"}},\"meta\":false,\"postlink\":\"https:\/\/voyages-en-france.fr\/p2130997\/\"},{\"id\":2536,\"title\":\"P2130926\",\"url\":\"https:\/\/voyages-en-france.fr\/wp-content\/uploads\/2022\/08\/P2130926-scaled.jpg\",\"link\":\"https:\/\/voyages-en-france.fr\/p2130926\/\",\"alt\":\"Cap Taillat -Var\",\"description\":\"Cap Taillat -Var\",\"caption\":\"Cap Taillat -Var\",\"mime\":\"image\/jpeg\",\"type\":\"image\",\"width\":2560,\"height\":1707,\"sizes\":{\"thumbnail\":{\"height\":150,\"width\":150,\"url\":\"https:\/\/voyages-en-france.fr\/wp-content\/uploads\/2022\/08\/P2130926-150x150.jpg\",\"orientation\":\"landscape\"},\"medium\":{\"height\":200,\"width\":300,\"url\":\"https:\/\/voyages-en-france.fr\/wp-content\/uploads\/2022\/08\/P2130926-300x200.jpg\",\"orientation\":\"landscape\"},\"large\":{\"height\":683,\"width\":1024,\"url\":\"https:\/\/voyages-en-france.fr\/wp-content\/uploads\/2022\/08\/P2130926-1024x683.jpg\",\"orientation\":\"landscape\"},\"full\":{\"url\":\"https:\/\/voyages-en-france.fr\/wp-content\/uploads\/2022\/08\/P2130926-scaled.jpg\",\"height\":1707,\"width\":2560,\"orientation\":\"landscape\"}},\"meta\":false,\"postlink\":\"https:\/\/voyages-en-france.fr\/p2130926\/\"},{\"id\":2535,\"title\":\"P2130893\",\"url\":\"https:\/\/voyages-en-france.fr\/wp-content\/uploads\/2022\/08\/P2130893-scaled.jpg\",\"link\":\"https:\/\/voyages-en-france.fr\/p2130893\/\",\"alt\":\"Cap Taillat -Var\",\"description\":\"Cap Taillat -Var\",\"caption\":\"Cap Taillat -Var\",\"mime\":\"image\/jpeg\",\"type\":\"image\",\"width\":2560,\"height\":1707,\"sizes\":{\"thumbnail\":{\"height\":150,\"width\":150,\"url\":\"https:\/\/voyages-en-france.fr\/wp-content\/uploads\/2022\/08\/P2130893-150x150.jpg\",\"orientation\":\"landscape\"},\"medium\":{\"height\":200,\"width\":300,\"url\":\"https:\/\/voyages-en-france.fr\/wp-content\/uploads\/2022\/08\/P2130893-300x200.jpg\",\"orientation\":\"landscape\"},\"large\":{\"height\":683,\"width\":1024,\"url\":\"https:\/\/voyages-en-france.fr\/wp-content\/uploads\/2022\/08\/P2130893-1024x683.jpg\",\"orientation\":\"landscape\"},\"full\":{\"url\":\"https:\/\/voyages-en-france.fr\/wp-content\/uploads\/2022\/08\/P2130893-scaled.jpg\",\"height\":1707,\"width\":2560,\"orientation\":\"landscape\"}},\"meta\":false,\"postlink\":\"https:\/\/voyages-en-france.fr\/p2130893\/\"},{\"id\":2534,\"title\":\"P2130866\",\"url\":\"https:\/\/voyages-en-france.fr\/wp-content\/uploads\/2022\/08\/P2130866-scaled.jpg\",\"link\":\"https:\/\/voyages-en-france.fr\/p2130866\/\",\"alt\":\"Cap Taillat -Var\",\"description\":\"Cap Taillat -Var\",\"caption\":\"Cap Taillat -Var\",\"mime\":\"image\/jpeg\",\"type\":\"image\",\"width\":2560,\"height\":1707,\"sizes\":{\"thumbnail\":{\"height\":150,\"width\":150,\"url\":\"https:\/\/voyages-en-france.fr\/wp-content\/uploads\/2022\/08\/P2130866-150x150.jpg\",\"orientation\":\"landscape\"},\"medium\":{\"height\":200,\"width\":300,\"url\":\"https:\/\/voyages-en-france.fr\/wp-content\/uploads\/2022\/08\/P2130866-300x200.jpg\",\"orientation\":\"landscape\"},\"large\":{\"height\":683,\"width\":1024,\"url\":\"https:\/\/voyages-en-france.fr\/wp-content\/uploads\/2022\/08\/P2130866-1024x683.jpg\",\"orientation\":\"landscape\"},\"full\":{\"url\":\"https:\/\/voyages-en-france.fr\/wp-content\/uploads\/2022\/08\/P2130866-scaled.jpg\",\"height\":1707,\"width\":2560,\"orientation\":\"landscape\"}},\"meta\":false,\"postlink\":\"https:\/\/voyages-en-france.fr\/p2130866\/\"},{\"id\":2533,\"title\":\"P2140173\",\"url\":\"https:\/\/voyages-en-france.fr\/wp-content\/uploads\/2022\/08\/P2140173-scaled.jpg\",\"link\":\"https:\/\/voyages-en-france.fr\/p2140173\/\",\"alt\":\"Cap Taillat -Var\",\"description\":\"Cap Taillat -Var\",\"caption\":\"Cap Taillat -Var\",\"mime\":\"image\/jpeg\",\"type\":\"image\",\"width\":2560,\"height\":1707,\"sizes\":{\"thumbnail\":{\"height\":150,\"width\":150,\"url\":\"https:\/\/voyages-en-france.fr\/wp-content\/uploads\/2022\/08\/P2140173-150x150.jpg\",\"orientation\":\"landscape\"},\"medium\":{\"height\":200,\"width\":300,\"url\":\"https:\/\/voyages-en-france.fr\/wp-content\/uploads\/2022\/08\/P2140173-300x200.jpg\",\"orientation\":\"landscape\"},\"large\":{\"height\":683,\"width\":1024,\"url\":\"https:\/\/voyages-en-france.fr\/wp-content\/uploads\/2022\/08\/P2140173-1024x683.jpg\",\"orientation\":\"landscape\"},\"full\":{\"url\":\"https:\/\/voyages-en-france.fr\/wp-content\/uploads\/2022\/08\/P2140173-scaled.jpg\",\"height\":1707,\"width\":2560,\"orientation\":\"landscape\"}},\"meta\":false,\"postlink\":\"https:\/\/voyages-en-france.fr\/p2140173\/\"}],\"itemsMetaDataCollection\":[]}<\/script><script>(function(){if(window.PGC_SGB && window.PGC_SGB.searcher){window.PGC_SGB.searcher.initBlocks()}})()<\/script><\/div>\n<span>","protected":false},"excerpt":{"rendered":"<p class=\"excerpt\"><span itemprop=\"description\">Le Cap Taillat, sur la presqu&rsquo;\u00eele de Saint-Tropez Le Cap Taillat fait partie des joyaux naturels de la presqu\u2019\u00eele de Saint-Tropez sur la C\u00f4te d&rsquo;Azur dans le d\u00e9partement du Var. Ils se trouve entre 2 autes caps: le cap Lardier&hellip;<\/span><\/p>\n<p class=\"more-link-p btn-align-right\"><a class=\"blue zoom-btn\" href=\"https:\/\/voyages-en-france.fr\/index.php\/2020\/07\/25\/le-cap-taillat-la-cote-sauvage-du-var\/\">Lire la suite<\/a><\/p>\n","protected":false},"author":1,"featured_media":1889,"comment_status":"open","ping_status":"open","sticky":false,"template":"","format":"standard","meta":{"pgc_sgb_lightbox_settings":"","jetpack_post_was_ever_published":false,"_bos_mb_destination":[""],"_jetpack_newsletter_access":"","_jetpack_dont_email_post_to_subs":false,"_jetpack_newsletter_tier_id":0,"_jetpack_memberships_contains_paywalled_content":false,"_jetpack_memberships_contains_paid_content":false,"footnotes":"","jetpack_publicize_message":"","jetpack_publicize_feature_enabled":true,"jetpack_social_post_already_shared":true,"jetpack_social_options":{"image_generator_settings":{"template":"highway","default_image_id":0,"font":"","enabled":false},"version":2}},"categories":[283,12],"tags":[49,284,10,6,286,285,50],"class_list":["post-1884","post","type-post","status-publish","format-standard","has-post-thumbnail","hentry","category-cap","category-site-naturel","tag-49","tag-cap-taillat","tag-cote-dazur","tag-provence-alpes-cote-dazur","tag-ramatuelle","tag-saint-tropez","tag-var","zoom-theme-has-thumb"],"yoast_head":"<!-- This site is optimized with the Yoast SEO plugin v27.1.1 - https:\/\/yoast.com\/product\/yoast-seo-wordpress\/ -->\n<title>Le Cap Taillat, la c\u00f4te sauvage du Var<\/title>\n<meta name=\"description\" content=\"Le Cap Taillat est sur une presqu&#039;\u00eele fait partie des joyaux naturels de la C\u00f4te d&#039;Azur. Une magnifique promenade vous y attend!\" \/>\n<meta name=\"robots\" content=\"index, follow, max-snippet:-1, max-image-preview:large, max-video-preview:-1\" \/>\n<link rel=\"canonical\" href=\"https:\/\/voyages-en-france.fr\/index.php\/2020\/07\/25\/le-cap-taillat-la-cote-sauvage-du-var\/\" \/>\n<meta property=\"og:locale\" content=\"fr_FR\" \/>\n<meta property=\"og:type\" content=\"article\" \/>\n<meta property=\"og:title\" content=\"Le Cap Taillat, la c\u00f4te sauvage du Var\" \/>\n<meta property=\"og:description\" content=\"Le Cap Taillat est sur une presqu&#039;\u00eele fait partie des joyaux naturels de la C\u00f4te d&#039;Azur. Une magnifique promenade vous y attend!\" \/>\n<meta property=\"og:url\" content=\"https:\/\/voyages-en-france.fr\/index.php\/2020\/07\/25\/le-cap-taillat-la-cote-sauvage-du-var\/\" \/>\n<meta property=\"og:site_name\" content=\"Voyages-en-France.fr\" \/>\n<meta property=\"article:publisher\" content=\"https:\/\/www.facebook.com\/voyages.au.coeur.de.la.france\/\" \/>\n<meta property=\"article:author\" content=\"https:\/\/www.facebook.com\/voyages.au.coeur.de.la.france\/\" \/>\n<meta property=\"article:published_time\" content=\"2020-07-25T21:33:30+00:00\" \/>\n<meta property=\"article:modified_time\" content=\"2024-05-09T20:48:17+00:00\" \/>\n<meta property=\"og:image\" content=\"https:\/\/voyages-en-france.fr\/wp-content\/uploads\/2020\/07\/P2130907-35pc.jpg\" \/>\n\t<meta property=\"og:image:width\" content=\"1642\" \/>\n\t<meta property=\"og:image:height\" content=\"1094\" \/>\n\t<meta property=\"og:image:type\" content=\"image\/jpeg\" \/>\n<meta name=\"author\" content=\"Christophe\" \/>\n<meta name=\"twitter:card\" content=\"summary_large_image\" \/>\n<meta name=\"twitter:creator\" content=\"@Voyages_France\" \/>\n<meta name=\"twitter:site\" content=\"@Voyages_France\" \/>\n<meta name=\"twitter:label1\" content=\"\u00c9crit par\" \/>\n\t<meta name=\"twitter:data1\" content=\"Christophe\" \/>\n\t<meta name=\"twitter:label2\" content=\"Dur\u00e9e de lecture estim\u00e9e\" \/>\n\t<meta name=\"twitter:data2\" content=\"4 minutes\" \/>\n<script type=\"application\/ld+json\" class=\"yoast-schema-graph\">{\"@context\":\"https:\/\/schema.org\",\"@graph\":[{\"@type\":\"Article\",\"@id\":\"https:\/\/voyages-en-france.fr\/index.php\/2020\/07\/25\/le-cap-taillat-la-cote-sauvage-du-var\/#article\",\"isPartOf\":{\"@id\":\"https:\/\/voyages-en-france.fr\/index.php\/2020\/07\/25\/le-cap-taillat-la-cote-sauvage-du-var\/\"},\"author\":{\"name\":\"Christophe\",\"@id\":\"https:\/\/voyages-en-france.fr\/#\/schema\/person\/611a624b57cd68dd2e4c3f7d385420e2\"},\"headline\":\"Le Cap Taillat, la c\u00f4te sauvage du Var\",\"datePublished\":\"2020-07-25T21:33:30+00:00\",\"dateModified\":\"2024-05-09T20:48:17+00:00\",\"mainEntityOfPage\":{\"@id\":\"https:\/\/voyages-en-france.fr\/index.php\/2020\/07\/25\/le-cap-taillat-la-cote-sauvage-du-var\/\"},\"wordCount\":562,\"commentCount\":0,\"publisher\":{\"@id\":\"https:\/\/voyages-en-france.fr\/#\/schema\/person\/611a624b57cd68dd2e4c3f7d385420e2\"},\"image\":{\"@id\":\"https:\/\/voyages-en-france.fr\/index.php\/2020\/07\/25\/le-cap-taillat-la-cote-sauvage-du-var\/#primaryimage\"},\"thumbnailUrl\":\"https:\/\/i0.wp.com\/voyages-en-france.fr\/wp-content\/uploads\/2020\/07\/P2130907-35pc.jpg?fit=1642%2C1094&ssl=1\",\"keywords\":[\"83\",\"Cap Taillat\",\"C\u00f4te d'Azur\",\"Provence Alpes C\u00f4te d'Azur\",\"Ramatuelle\",\"Saint-Tropez\",\"Var\"],\"articleSection\":[\"cap\",\"Site naturel\"],\"inLanguage\":\"fr-FR\",\"potentialAction\":[{\"@type\":\"CommentAction\",\"name\":\"Comment\",\"target\":[\"https:\/\/voyages-en-france.fr\/index.php\/2020\/07\/25\/le-cap-taillat-la-cote-sauvage-du-var\/#respond\"]}]},{\"@type\":\"WebPage\",\"@id\":\"https:\/\/voyages-en-france.fr\/index.php\/2020\/07\/25\/le-cap-taillat-la-cote-sauvage-du-var\/\",\"url\":\"https:\/\/voyages-en-france.fr\/index.php\/2020\/07\/25\/le-cap-taillat-la-cote-sauvage-du-var\/\",\"name\":\"Le Cap Taillat, la c\u00f4te sauvage du Var\",\"isPartOf\":{\"@id\":\"https:\/\/voyages-en-france.fr\/#website\"},\"primaryImageOfPage\":{\"@id\":\"https:\/\/voyages-en-france.fr\/index.php\/2020\/07\/25\/le-cap-taillat-la-cote-sauvage-du-var\/#primaryimage\"},\"image\":{\"@id\":\"https:\/\/voyages-en-france.fr\/index.php\/2020\/07\/25\/le-cap-taillat-la-cote-sauvage-du-var\/#primaryimage\"},\"thumbnailUrl\":\"https:\/\/i0.wp.com\/voyages-en-france.fr\/wp-content\/uploads\/2020\/07\/P2130907-35pc.jpg?fit=1642%2C1094&ssl=1\",\"datePublished\":\"2020-07-25T21:33:30+00:00\",\"dateModified\":\"2024-05-09T20:48:17+00:00\",\"description\":\"Le Cap Taillat est sur une presqu'\u00eele fait partie des joyaux naturels de la C\u00f4te d'Azur. Une magnifique promenade vous y attend!\",\"breadcrumb\":{\"@id\":\"https:\/\/voyages-en-france.fr\/index.php\/2020\/07\/25\/le-cap-taillat-la-cote-sauvage-du-var\/#breadcrumb\"},\"inLanguage\":\"fr-FR\",\"potentialAction\":[{\"@type\":\"ReadAction\",\"target\":[\"https:\/\/voyages-en-france.fr\/index.php\/2020\/07\/25\/le-cap-taillat-la-cote-sauvage-du-var\/\"]}]},{\"@type\":\"ImageObject\",\"inLanguage\":\"fr-FR\",\"@id\":\"https:\/\/voyages-en-france.fr\/index.php\/2020\/07\/25\/le-cap-taillat-la-cote-sauvage-du-var\/#primaryimage\",\"url\":\"https:\/\/i0.wp.com\/voyages-en-france.fr\/wp-content\/uploads\/2020\/07\/P2130907-35pc.jpg?fit=1642%2C1094&ssl=1\",\"contentUrl\":\"https:\/\/i0.wp.com\/voyages-en-france.fr\/wp-content\/uploads\/2020\/07\/P2130907-35pc.jpg?fit=1642%2C1094&ssl=1\",\"width\":1642,\"height\":1094,\"caption\":\"Cap Taillat - le sommet, vue vers la c\u00f4te\"},{\"@type\":\"BreadcrumbList\",\"@id\":\"https:\/\/voyages-en-france.fr\/index.php\/2020\/07\/25\/le-cap-taillat-la-cote-sauvage-du-var\/#breadcrumb\",\"itemListElement\":[{\"@type\":\"ListItem\",\"position\":1,\"name\":\"Accueil\",\"item\":\"https:\/\/voyages-en-france.fr\/\"},{\"@type\":\"ListItem\",\"position\":2,\"name\":\"Le Cap Taillat, la c\u00f4te sauvage du Var\"}]},{\"@type\":\"WebSite\",\"@id\":\"https:\/\/voyages-en-france.fr\/#website\",\"url\":\"https:\/\/voyages-en-france.fr\/\",\"name\":\"Voyages-en-France.fr\",\"description\":\"D\u00e9couvrir la France, son patrimoine, ses richesses naturelles, son histoire...\",\"publisher\":{\"@id\":\"https:\/\/voyages-en-france.fr\/#\/schema\/person\/611a624b57cd68dd2e4c3f7d385420e2\"},\"potentialAction\":[{\"@type\":\"SearchAction\",\"target\":{\"@type\":\"EntryPoint\",\"urlTemplate\":\"https:\/\/voyages-en-france.fr\/?s={search_term_string}\"},\"query-input\":{\"@type\":\"PropertyValueSpecification\",\"valueRequired\":true,\"valueName\":\"search_term_string\"}}],\"inLanguage\":\"fr-FR\"},{\"@type\":[\"Person\",\"Organization\"],\"@id\":\"https:\/\/voyages-en-france.fr\/#\/schema\/person\/611a624b57cd68dd2e4c3f7d385420e2\",\"name\":\"Christophe\",\"image\":{\"@type\":\"ImageObject\",\"inLanguage\":\"fr-FR\",\"@id\":\"https:\/\/voyages-en-france.fr\/#\/schema\/person\/image\/\",\"url\":\"https:\/\/i0.wp.com\/voyages-en-france.fr\/wp-content\/uploads\/2017\/11\/cropped-FRANCE-1.jpg?fit=324%2C324&ssl=1\",\"contentUrl\":\"https:\/\/i0.wp.com\/voyages-en-france.fr\/wp-content\/uploads\/2017\/11\/cropped-FRANCE-1.jpg?fit=324%2C324&ssl=1\",\"width\":324,\"height\":324,\"caption\":\"Christophe\"},\"logo\":{\"@id\":\"https:\/\/voyages-en-france.fr\/#\/schema\/person\/image\/\"},\"sameAs\":[\"http:\/\/voyages-en-france.fr\/\",\"https:\/\/www.facebook.com\/voyages.au.coeur.de.la.france\/\",\"https:\/\/www.instagram.com\/voyages_en_france\/\",\"https:\/\/x.com\/Voyages_France\"]}]}<\/script>\n<!-- \/ Yoast SEO plugin. -->","yoast_head_json":{"title":"Le Cap Taillat, la c\u00f4te sauvage du Var","description":"Le Cap Taillat est sur une presqu'\u00eele fait partie des joyaux naturels de la C\u00f4te d'Azur. Une magnifique promenade vous y attend!","robots":{"index":"index","follow":"follow","max-snippet":"max-snippet:-1","max-image-preview":"max-image-preview:large","max-video-preview":"max-video-preview:-1"},"canonical":"https:\/\/voyages-en-france.fr\/index.php\/2020\/07\/25\/le-cap-taillat-la-cote-sauvage-du-var\/","og_locale":"fr_FR","og_type":"article","og_title":"Le Cap Taillat, la c\u00f4te sauvage du Var","og_description":"Le Cap Taillat est sur une presqu'\u00eele fait partie des joyaux naturels de la C\u00f4te d'Azur. Une magnifique promenade vous y attend!","og_url":"https:\/\/voyages-en-france.fr\/index.php\/2020\/07\/25\/le-cap-taillat-la-cote-sauvage-du-var\/","og_site_name":"Voyages-en-France.fr","article_publisher":"https:\/\/www.facebook.com\/voyages.au.coeur.de.la.france\/","article_author":"https:\/\/www.facebook.com\/voyages.au.coeur.de.la.france\/","article_published_time":"2020-07-25T21:33:30+00:00","article_modified_time":"2024-05-09T20:48:17+00:00","og_image":[{"width":1642,"height":1094,"url":"https:\/\/voyages-en-france.fr\/wp-content\/uploads\/2020\/07\/P2130907-35pc.jpg","type":"image\/jpeg"}],"author":"Christophe","twitter_card":"summary_large_image","twitter_creator":"@Voyages_France","twitter_site":"@Voyages_France","twitter_misc":{"\u00c9crit par":"Christophe","Dur\u00e9e de lecture estim\u00e9e":"4 minutes"},"schema":{"@context":"https:\/\/schema.org","@graph":[{"@type":"Article","@id":"https:\/\/voyages-en-france.fr\/index.php\/2020\/07\/25\/le-cap-taillat-la-cote-sauvage-du-var\/#article","isPartOf":{"@id":"https:\/\/voyages-en-france.fr\/index.php\/2020\/07\/25\/le-cap-taillat-la-cote-sauvage-du-var\/"},"author":{"name":"Christophe","@id":"https:\/\/voyages-en-france.fr\/#\/schema\/person\/611a624b57cd68dd2e4c3f7d385420e2"},"headline":"Le Cap Taillat, la c\u00f4te sauvage du Var","datePublished":"2020-07-25T21:33:30+00:00","dateModified":"2024-05-09T20:48:17+00:00","mainEntityOfPage":{"@id":"https:\/\/voyages-en-france.fr\/index.php\/2020\/07\/25\/le-cap-taillat-la-cote-sauvage-du-var\/"},"wordCount":562,"commentCount":0,"publisher":{"@id":"https:\/\/voyages-en-france.fr\/#\/schema\/person\/611a624b57cd68dd2e4c3f7d385420e2"},"image":{"@id":"https:\/\/voyages-en-france.fr\/index.php\/2020\/07\/25\/le-cap-taillat-la-cote-sauvage-du-var\/#primaryimage"},"thumbnailUrl":"https:\/\/i0.wp.com\/voyages-en-france.fr\/wp-content\/uploads\/2020\/07\/P2130907-35pc.jpg?fit=1642%2C1094&ssl=1","keywords":["83","Cap Taillat","C\u00f4te d'Azur","Provence Alpes C\u00f4te d'Azur","Ramatuelle","Saint-Tropez","Var"],"articleSection":["cap","Site naturel"],"inLanguage":"fr-FR","potentialAction":[{"@type":"CommentAction","name":"Comment","target":["https:\/\/voyages-en-france.fr\/index.php\/2020\/07\/25\/le-cap-taillat-la-cote-sauvage-du-var\/#respond"]}]},{"@type":"WebPage","@id":"https:\/\/voyages-en-france.fr\/index.php\/2020\/07\/25\/le-cap-taillat-la-cote-sauvage-du-var\/","url":"https:\/\/voyages-en-france.fr\/index.php\/2020\/07\/25\/le-cap-taillat-la-cote-sauvage-du-var\/","name":"Le Cap Taillat, la c\u00f4te sauvage du Var","isPartOf":{"@id":"https:\/\/voyages-en-france.fr\/#website"},"primaryImageOfPage":{"@id":"https:\/\/voyages-en-france.fr\/index.php\/2020\/07\/25\/le-cap-taillat-la-cote-sauvage-du-var\/#primaryimage"},"image":{"@id":"https:\/\/voyages-en-france.fr\/index.php\/2020\/07\/25\/le-cap-taillat-la-cote-sauvage-du-var\/#primaryimage"},"thumbnailUrl":"https:\/\/i0.wp.com\/voyages-en-france.fr\/wp-content\/uploads\/2020\/07\/P2130907-35pc.jpg?fit=1642%2C1094&ssl=1","datePublished":"2020-07-25T21:33:30+00:00","dateModified":"2024-05-09T20:48:17+00:00","description":"Le Cap Taillat est sur une presqu'\u00eele fait partie des joyaux naturels de la C\u00f4te d'Azur. Une magnifique promenade vous y attend!","breadcrumb":{"@id":"https:\/\/voyages-en-france.fr\/index.php\/2020\/07\/25\/le-cap-taillat-la-cote-sauvage-du-var\/#breadcrumb"},"inLanguage":"fr-FR","potentialAction":[{"@type":"ReadAction","target":["https:\/\/voyages-en-france.fr\/index.php\/2020\/07\/25\/le-cap-taillat-la-cote-sauvage-du-var\/"]}]},{"@type":"ImageObject","inLanguage":"fr-FR","@id":"https:\/\/voyages-en-france.fr\/index.php\/2020\/07\/25\/le-cap-taillat-la-cote-sauvage-du-var\/#primaryimage","url":"https:\/\/i0.wp.com\/voyages-en-france.fr\/wp-content\/uploads\/2020\/07\/P2130907-35pc.jpg?fit=1642%2C1094&ssl=1","contentUrl":"https:\/\/i0.wp.com\/voyages-en-france.fr\/wp-content\/uploads\/2020\/07\/P2130907-35pc.jpg?fit=1642%2C1094&ssl=1","width":1642,"height":1094,"caption":"Cap Taillat - le sommet, vue vers la c\u00f4te"},{"@type":"BreadcrumbList","@id":"https:\/\/voyages-en-france.fr\/index.php\/2020\/07\/25\/le-cap-taillat-la-cote-sauvage-du-var\/#breadcrumb","itemListElement":[{"@type":"ListItem","position":1,"name":"Accueil","item":"https:\/\/voyages-en-france.fr\/"},{"@type":"ListItem","position":2,"name":"Le Cap Taillat, la c\u00f4te sauvage du Var"}]},{"@type":"WebSite","@id":"https:\/\/voyages-en-france.fr\/#website","url":"https:\/\/voyages-en-france.fr\/","name":"Voyages-en-France.fr","description":"D\u00e9couvrir la France, son patrimoine, ses richesses naturelles, son histoire...","publisher":{"@id":"https:\/\/voyages-en-france.fr\/#\/schema\/person\/611a624b57cd68dd2e4c3f7d385420e2"},"potentialAction":[{"@type":"SearchAction","target":{"@type":"EntryPoint","urlTemplate":"https:\/\/voyages-en-france.fr\/?s={search_term_string}"},"query-input":{"@type":"PropertyValueSpecification","valueRequired":true,"valueName":"search_term_string"}}],"inLanguage":"fr-FR"},{"@type":["Person","Organization"],"@id":"https:\/\/voyages-en-france.fr\/#\/schema\/person\/611a624b57cd68dd2e4c3f7d385420e2","name":"Christophe","image":{"@type":"ImageObject","inLanguage":"fr-FR","@id":"https:\/\/voyages-en-france.fr\/#\/schema\/person\/image\/","url":"https:\/\/i0.wp.com\/voyages-en-france.fr\/wp-content\/uploads\/2017\/11\/cropped-FRANCE-1.jpg?fit=324%2C324&ssl=1","contentUrl":"https:\/\/i0.wp.com\/voyages-en-france.fr\/wp-content\/uploads\/2017\/11\/cropped-FRANCE-1.jpg?fit=324%2C324&ssl=1","width":324,"height":324,"caption":"Christophe"},"logo":{"@id":"https:\/\/voyages-en-france.fr\/#\/schema\/person\/image\/"},"sameAs":["http:\/\/voyages-en-france.fr\/","https:\/\/www.facebook.com\/voyages.au.coeur.de.la.france\/","https:\/\/www.instagram.com\/voyages_en_france\/","https:\/\/x.com\/Voyages_France"]}]}},"jetpack_publicize_connections":[],"jetpack_featured_media_url":"https:\/\/i0.wp.com\/voyages-en-france.fr\/wp-content\/uploads\/2020\/07\/P2130907-35pc.jpg?fit=1642%2C1094&ssl=1","jetpack_sharing_enabled":true,"jetpack_shortlink":"https:\/\/wp.me\/p9pWxx-uo","jetpack_likes_enabled":true,"_links":{"self":[{"href":"https:\/\/voyages-en-france.fr\/index.php\/wp-json\/wp\/v2\/posts\/1884","targetHints":{"allow":["GET"]}}],"collection":[{"href":"https:\/\/voyages-en-france.fr\/index.php\/wp-json\/wp\/v2\/posts"}],"about":[{"href":"https:\/\/voyages-en-france.fr\/index.php\/wp-json\/wp\/v2\/types\/post"}],"author":[{"embeddable":true,"href":"https:\/\/voyages-en-france.fr\/index.php\/wp-json\/wp\/v2\/users\/1"}],"replies":[{"embeddable":true,"href":"https:\/\/voyages-en-france.fr\/index.php\/wp-json\/wp\/v2\/comments?post=1884"}],"version-history":[{"count":8,"href":"https:\/\/voyages-en-france.fr\/index.php\/wp-json\/wp\/v2\/posts\/1884\/revisions"}],"predecessor-version":[{"id":2790,"href":"https:\/\/voyages-en-france.fr\/index.php\/wp-json\/wp\/v2\/posts\/1884\/revisions\/2790"}],"wp:featuredmedia":[{"embeddable":true,"href":"https:\/\/voyages-en-france.fr\/index.php\/wp-json\/wp\/v2\/media\/1889"}],"wp:attachment":[{"href":"https:\/\/voyages-en-france.fr\/index.php\/wp-json\/wp\/v2\/media?parent=1884"}],"wp:term":[{"taxonomy":"category","embeddable":true,"href":"https:\/\/voyages-en-france.fr\/index.php\/wp-json\/wp\/v2\/categories?post=1884"},{"taxonomy":"post_tag","embeddable":true,"href":"https:\/\/voyages-en-france.fr\/index.php\/wp-json\/wp\/v2\/tags?post=1884"}],"curies":[{"name":"wp","href":"https:\/\/api.w.org\/{rel}","templated":true}]}}