{"id":1870,"date":"2020-07-11T00:16:02","date_gmt":"2020-07-10T22:16:02","guid":{"rendered":"http:\/\/voyages-en-france.fr\/?p=1870"},"modified":"2023-11-02T21:20:03","modified_gmt":"2023-11-02T20:20:03","slug":"la-rade-de-toulon-port-militaire-charge-dhistoire","status":"publish","type":"post","link":"https:\/\/voyages-en-france.fr\/index.php\/2020\/07\/11\/la-rade-de-toulon-port-militaire-charge-dhistoire\/","title":{"rendered":"La rade de Toulon: port militaire charg\u00e9 d&rsquo;histoire"},"content":{"rendered":"<span itemprop=\"description\"><h2>Toulon, grande ville du sud, plus grand port de la Marine Nationale<\/h2>\n<p>La rade de Toulon est un port naturel sur la M\u00e9diterran\u00e9e gr\u00e2ce \u00e0 sa rade. Toulon est aussi une grande m\u00e9tropole sous le nom de Toulon-Provence-M\u00e9diterran\u00e9e avec notamment les communes de Toulon, La Seyne-sur-Mer et Saint-Mandrier-sur-Mer. C&rsquo;est la plus grande m\u00e9tropole du <a href=\"https:\/\/voyages-en-france.fr\/index.php\/tag\/var\/\">d\u00e9partement du Var<\/a>.<\/p>\n<figure id=\"attachment_1875\" aria-describedby=\"caption-attachment-1875\" style=\"width: 1024px\" class=\"wp-caption aligncenter\"><img data-recalc-dims=\"1\" loading=\"lazy\" decoding=\"async\" data-attachment-id=\"1875\" data-permalink=\"https:\/\/voyages-en-france.fr\/index.php\/2020\/07\/11\/la-rade-de-toulon-port-militaire-charge-dhistoire\/p2150582-35pc\/\" data-orig-file=\"https:\/\/i0.wp.com\/voyages-en-france.fr\/wp-content\/uploads\/2020\/07\/P2150582-35pc.jpg?fit=1587%2C1058&amp;ssl=1\" data-orig-size=\"1587,1058\" data-comments-opened=\"1\" data-image-meta=\"{&quot;aperture&quot;:&quot;3.5&quot;,&quot;credit&quot;:&quot;&quot;,&quot;camera&quot;:&quot;DMC-FZ1000&quot;,&quot;caption&quot;:&quot;&quot;,&quot;created_timestamp&quot;:&quot;1592739357&quot;,&quot;copyright&quot;:&quot;&quot;,&quot;focal_length&quot;:&quot;22.2&quot;,&quot;iso&quot;:&quot;125&quot;,&quot;shutter_speed&quot;:&quot;0.00076923076923077&quot;,&quot;title&quot;:&quot;&quot;,&quot;orientation&quot;:&quot;1&quot;}\" data-image-title=\"P2150582 [35pc]\" data-image-description=\"&lt;p&gt;Rade de toulon: porte-h\u00e9licopt\u00e8res amphibie Dixmude&lt;\/p&gt;\n\" data-image-caption=\"&lt;p&gt;Rade de toulon: porte-h\u00e9licopt\u00e8res amphibie Dixmude&lt;\/p&gt;\n\" data-medium-file=\"https:\/\/i0.wp.com\/voyages-en-france.fr\/wp-content\/uploads\/2020\/07\/P2150582-35pc.jpg?fit=300%2C200&amp;ssl=1\" data-large-file=\"https:\/\/i0.wp.com\/voyages-en-france.fr\/wp-content\/uploads\/2020\/07\/P2150582-35pc.jpg?fit=1024%2C683&amp;ssl=1\" class=\"size-large wp-image-1875\" src=\"https:\/\/i0.wp.com\/voyages-en-france.fr\/wp-content\/uploads\/2020\/07\/P2150582-35pc.jpg?resize=1024%2C683&#038;ssl=1\" alt=\"Rade de toulon: porte-h\u00e9licopt\u00e8res amphibie Dixmude\" width=\"1024\" height=\"683\" srcset=\"https:\/\/i0.wp.com\/voyages-en-france.fr\/wp-content\/uploads\/2020\/07\/P2150582-35pc.jpg?resize=1024%2C683&amp;ssl=1 1024w, https:\/\/i0.wp.com\/voyages-en-france.fr\/wp-content\/uploads\/2020\/07\/P2150582-35pc.jpg?resize=300%2C200&amp;ssl=1 300w, https:\/\/i0.wp.com\/voyages-en-france.fr\/wp-content\/uploads\/2020\/07\/P2150582-35pc.jpg?resize=768%2C512&amp;ssl=1 768w, https:\/\/i0.wp.com\/voyages-en-france.fr\/wp-content\/uploads\/2020\/07\/P2150582-35pc.jpg?resize=1536%2C1024&amp;ssl=1 1536w, https:\/\/i0.wp.com\/voyages-en-france.fr\/wp-content\/uploads\/2020\/07\/P2150582-35pc.jpg?resize=1200%2C800&amp;ssl=1 1200w, https:\/\/i0.wp.com\/voyages-en-france.fr\/wp-content\/uploads\/2020\/07\/P2150582-35pc.jpg?w=1587&amp;ssl=1 1587w\" sizes=\"auto, (max-width: 1024px) 100vw, 1024px\" \/><figcaption id=\"caption-attachment-1875\" class=\"wp-caption-text\">Rade de toulon: porte-h\u00e9licopt\u00e8res amphibie Dixmude<\/figcaption><\/figure>\n<p>La rade est utilis\u00e9e depuis l&rsquo;Antiquit\u00e9 par les navires grecs puis romains, elle abrite aujourd&rsquo;hui le port civil et militaire de Toulon. Elle est entour\u00e9e de plusieurs forts protecteurs, comme le fort de Six-Fours, encore utilis\u00e9, ainsi que plusieurs autres comme le fort de Balaguier maintenant r\u00e9form\u00e9s et constituant un important patrimoine militaire. Autour de Toulon, de nombreuses montagnes forment une protection naturelle \u00e0 la ville, et des forts y sont construits pour sa d\u00e9fense, ce sont les monts du Toulonnais avec notamment: le mont Caume &#8211; 804 m, le mont Faron &#8211; 584 m, le mont Coudon &#8211; 702 m&#8230;<\/p>\n<p style=\"text-align: center;\"><iframe loading=\"lazy\" style=\"border: 0;\" tabindex=\"0\" src=\"https:\/\/www.google.com\/maps\/embed?pb=!1m14!1m12!1m3!1d53690.97570695939!2d5.94472720436686!3d43.11239255126907!2m3!1f0!2f0!3f0!3m2!1i1024!2i768!4f13.1!5e1!3m2!1sfr!2sfr!4v1594416573060!5m2!1sfr!2sfr\" width=\"1024\" height=\"550\" frameborder=\"0\" allowfullscreen=\"allowfullscreen\" aria-hidden=\"false\"><span data-mce-type=\"bookmark\" style=\"display: inline-block; width: 0px; overflow: hidden; line-height: 0;\" class=\"mce_SELRES_start\">\ufeff<\/span><span data-mce-type=\"bookmark\" style=\"display: inline-block; width: 0px; overflow: hidden; line-height: 0;\" class=\"mce_SELRES_start\">\ufeff<\/span><\/iframe><\/p>\n<p>&nbsp;<\/p>\n<h2>Le port militaire dans la rade de Toulon<\/h2>\n<p>Le port militaire de Toulon est, devant Brest et Cherbourg, la plus grande base navale fran\u00e7aise. En ce d\u00e9but de XXIe si\u00e8cle, elle abrite notamment la majeure partie de la force d&rsquo;action navale, comprenant le porte-avions Charles de Gaulle, les 3 porte-h\u00e9licopt\u00e8res amphibies (PHA) de Classe Mistral (BPC) Mistral, Tonnerre et Dixmude, les six sous-marins nucl\u00e9aires d&rsquo;attaque, classe Rubis. une douzaine de fr\u00e9gates et 4 avisos.<\/p>\n<p>Au total plus de 60 % du tonnage de la Marine nationale fran\u00e7aise est \u00e0 quai dans la rade de Toulon.\u00a0 Le meilleur moyen de d\u00e9couvrir le port militaire est de prendre un de ces <a href=\"https:\/\/www.bateliersdelacotedazur.com\/rade-toulon.php\">bateaux qui font le tour de la rade<\/a>, donnant des informations sur les navires \u00e0 quai.<\/p>\n<figure id=\"attachment_1877\" aria-describedby=\"caption-attachment-1877\" style=\"width: 1024px\" class=\"wp-caption aligncenter\"><img data-recalc-dims=\"1\" loading=\"lazy\" decoding=\"async\" data-attachment-id=\"1877\" data-permalink=\"https:\/\/voyages-en-france.fr\/index.php\/2020\/07\/11\/la-rade-de-toulon-port-militaire-charge-dhistoire\/p2150808-35pc\/\" data-orig-file=\"https:\/\/i0.wp.com\/voyages-en-france.fr\/wp-content\/uploads\/2020\/07\/P2150808-35pc.jpg?fit=1516%2C644&amp;ssl=1\" data-orig-size=\"1516,644\" data-comments-opened=\"1\" data-image-meta=\"{&quot;aperture&quot;:&quot;3.7&quot;,&quot;credit&quot;:&quot;&quot;,&quot;camera&quot;:&quot;DMC-FZ1000&quot;,&quot;caption&quot;:&quot;&quot;,&quot;created_timestamp&quot;:&quot;1592746760&quot;,&quot;copyright&quot;:&quot;&quot;,&quot;focal_length&quot;:&quot;26.28&quot;,&quot;iso&quot;:&quot;125&quot;,&quot;shutter_speed&quot;:&quot;0.00125&quot;,&quot;title&quot;:&quot;&quot;,&quot;orientation&quot;:&quot;1&quot;}\" data-image-title=\"P2150808 [35pc]\" data-image-description=\"&lt;p&gt;Rade de Toulon: les fr\u00e9gates de la Marine Nationale&lt;\/p&gt;\n\" data-image-caption=\"&lt;p&gt;Rade de Toulon: les fr\u00e9gates de la Marine Nationale&lt;\/p&gt;\n\" data-medium-file=\"https:\/\/i0.wp.com\/voyages-en-france.fr\/wp-content\/uploads\/2020\/07\/P2150808-35pc.jpg?fit=300%2C127&amp;ssl=1\" data-large-file=\"https:\/\/i0.wp.com\/voyages-en-france.fr\/wp-content\/uploads\/2020\/07\/P2150808-35pc.jpg?fit=1024%2C435&amp;ssl=1\" class=\"wp-image-1877 size-large\" src=\"https:\/\/i0.wp.com\/voyages-en-france.fr\/wp-content\/uploads\/2020\/07\/P2150808-35pc.jpg?resize=1024%2C435&#038;ssl=1\" alt=\"Rade de Toulon: les fr\u00e9gates de la Marine Nationale\" width=\"1024\" height=\"435\" srcset=\"https:\/\/i0.wp.com\/voyages-en-france.fr\/wp-content\/uploads\/2020\/07\/P2150808-35pc.jpg?resize=1024%2C435&amp;ssl=1 1024w, https:\/\/i0.wp.com\/voyages-en-france.fr\/wp-content\/uploads\/2020\/07\/P2150808-35pc.jpg?resize=300%2C127&amp;ssl=1 300w, https:\/\/i0.wp.com\/voyages-en-france.fr\/wp-content\/uploads\/2020\/07\/P2150808-35pc.jpg?resize=768%2C326&amp;ssl=1 768w, https:\/\/i0.wp.com\/voyages-en-france.fr\/wp-content\/uploads\/2020\/07\/P2150808-35pc.jpg?resize=1200%2C510&amp;ssl=1 1200w, https:\/\/i0.wp.com\/voyages-en-france.fr\/wp-content\/uploads\/2020\/07\/P2150808-35pc.jpg?w=1516&amp;ssl=1 1516w\" sizes=\"auto, (max-width: 1024px) 100vw, 1024px\" \/><figcaption id=\"caption-attachment-1877\" class=\"wp-caption-text\">Toulon: les fr\u00e9gates de la Marine Nationale<\/figcaption><\/figure>\n<figure id=\"attachment_1876\" aria-describedby=\"caption-attachment-1876\" style=\"width: 1024px\" class=\"wp-caption aligncenter\"><img data-recalc-dims=\"1\" loading=\"lazy\" decoding=\"async\" data-attachment-id=\"1876\" data-permalink=\"https:\/\/voyages-en-france.fr\/index.php\/2020\/07\/11\/la-rade-de-toulon-port-militaire-charge-dhistoire\/p2150654-35pc\/\" data-orig-file=\"https:\/\/i0.wp.com\/voyages-en-france.fr\/wp-content\/uploads\/2020\/07\/P2150654-35pc.jpg?fit=1587%2C1058&amp;ssl=1\" data-orig-size=\"1587,1058\" data-comments-opened=\"1\" data-image-meta=\"{&quot;aperture&quot;:&quot;3.8&quot;,&quot;credit&quot;:&quot;&quot;,&quot;camera&quot;:&quot;DMC-FZ1000&quot;,&quot;caption&quot;:&quot;&quot;,&quot;created_timestamp&quot;:&quot;1592745817&quot;,&quot;copyright&quot;:&quot;&quot;,&quot;focal_length&quot;:&quot;33.51&quot;,&quot;iso&quot;:&quot;125&quot;,&quot;shutter_speed&quot;:&quot;0.0015625&quot;,&quot;title&quot;:&quot;&quot;,&quot;orientation&quot;:&quot;1&quot;}\" data-image-title=\"P2150654 [35pc]\" data-image-description=\"&lt;p&gt;Rade de Toulon: porte-avions Charles de Gaulle&lt;\/p&gt;\n\" data-image-caption=\"&lt;p&gt;Rade de Toulon: porte-avions Charles de Gaulle&lt;\/p&gt;\n\" data-medium-file=\"https:\/\/i0.wp.com\/voyages-en-france.fr\/wp-content\/uploads\/2020\/07\/P2150654-35pc.jpg?fit=300%2C200&amp;ssl=1\" data-large-file=\"https:\/\/i0.wp.com\/voyages-en-france.fr\/wp-content\/uploads\/2020\/07\/P2150654-35pc.jpg?fit=1024%2C683&amp;ssl=1\" class=\"wp-image-1876 size-large\" src=\"https:\/\/i0.wp.com\/voyages-en-france.fr\/wp-content\/uploads\/2020\/07\/P2150654-35pc.jpg?resize=1024%2C683&#038;ssl=1\" alt=\"Rade de Toulon: porte-avions Charles de Gaulle\" width=\"1024\" height=\"683\" srcset=\"https:\/\/i0.wp.com\/voyages-en-france.fr\/wp-content\/uploads\/2020\/07\/P2150654-35pc.jpg?resize=1024%2C683&amp;ssl=1 1024w, https:\/\/i0.wp.com\/voyages-en-france.fr\/wp-content\/uploads\/2020\/07\/P2150654-35pc.jpg?resize=300%2C200&amp;ssl=1 300w, https:\/\/i0.wp.com\/voyages-en-france.fr\/wp-content\/uploads\/2020\/07\/P2150654-35pc.jpg?resize=768%2C512&amp;ssl=1 768w, https:\/\/i0.wp.com\/voyages-en-france.fr\/wp-content\/uploads\/2020\/07\/P2150654-35pc.jpg?resize=1536%2C1024&amp;ssl=1 1536w, https:\/\/i0.wp.com\/voyages-en-france.fr\/wp-content\/uploads\/2020\/07\/P2150654-35pc.jpg?resize=1200%2C800&amp;ssl=1 1200w, https:\/\/i0.wp.com\/voyages-en-france.fr\/wp-content\/uploads\/2020\/07\/P2150654-35pc.jpg?w=1587&amp;ssl=1 1587w\" sizes=\"auto, (max-width: 1024px) 100vw, 1024px\" \/><figcaption id=\"caption-attachment-1876\" class=\"wp-caption-text\">Toulon: porte-avions Charles de Gaulle<\/figcaption><\/figure>\n<h2><\/h2>\n<h2>Le fort de l&rsquo;\u00c9guillette<\/h2>\n<p>Le fort de l&rsquo;\u00c9guillette fait partie d&rsquo;une ensemble de fortifications \u00e9difi\u00e9es pour prot\u00e9ger la rade de Toulon. Il fut construit entre 1674 et 1685, prot\u00e9geant la rade de l&rsquo;intrusion de navires ennemis mais \u00e9galement le rivage seynois. Le fort pr\u00e9sente contrairement aux formes rondes de la tour Royale ou au fort de Balaguier, une architecture carr\u00e9e avec une tour et deux ailes obliques constitu\u00e9es \u00e0 l&rsquo;origine de parapet et embrasures \u00e0 ciel ouvert \u00e9quip\u00e9s de 22 canons. Batterie basse, elle permettait un tir rasant destin\u00e9 \u00e0 toucher les coques en bois des navires de l&rsquo;\u00e9poque (les boulets de canons faisant \u00e9ventuellement des ricochets sur la surface de l&rsquo;eau).<\/p>\n<figure id=\"attachment_1878\" aria-describedby=\"caption-attachment-1878\" style=\"width: 1024px\" class=\"wp-caption aligncenter\"><img data-recalc-dims=\"1\" loading=\"lazy\" decoding=\"async\" data-attachment-id=\"1878\" data-permalink=\"https:\/\/voyages-en-france.fr\/index.php\/2020\/07\/11\/la-rade-de-toulon-port-militaire-charge-dhistoire\/p2150837-35pc\/\" data-orig-file=\"https:\/\/i0.wp.com\/voyages-en-france.fr\/wp-content\/uploads\/2020\/07\/P2150837-35pc.jpg?fit=1587%2C1058&amp;ssl=1\" data-orig-size=\"1587,1058\" data-comments-opened=\"1\" data-image-meta=\"{&quot;aperture&quot;:&quot;3.7&quot;,&quot;credit&quot;:&quot;&quot;,&quot;camera&quot;:&quot;DMC-FZ1000&quot;,&quot;caption&quot;:&quot;&quot;,&quot;created_timestamp&quot;:&quot;1592746913&quot;,&quot;copyright&quot;:&quot;&quot;,&quot;focal_length&quot;:&quot;26.28&quot;,&quot;iso&quot;:&quot;125&quot;,&quot;shutter_speed&quot;:&quot;0.0015625&quot;,&quot;title&quot;:&quot;&quot;,&quot;orientation&quot;:&quot;1&quot;}\" data-image-title=\"P2150837 [35pc]\" data-image-description=\"&lt;p&gt;Rade de Toulon: le fort de l&amp;rsquo;\u00c9guillette&lt;\/p&gt;\n\" data-image-caption=\"&lt;p&gt;Rade de Toulon: le fort de l&amp;rsquo;\u00c9guillette&lt;\/p&gt;\n\" data-medium-file=\"https:\/\/i0.wp.com\/voyages-en-france.fr\/wp-content\/uploads\/2020\/07\/P2150837-35pc.jpg?fit=300%2C200&amp;ssl=1\" data-large-file=\"https:\/\/i0.wp.com\/voyages-en-france.fr\/wp-content\/uploads\/2020\/07\/P2150837-35pc.jpg?fit=1024%2C683&amp;ssl=1\" class=\"size-large wp-image-1878\" src=\"https:\/\/i0.wp.com\/voyages-en-france.fr\/wp-content\/uploads\/2020\/07\/P2150837-35pc.jpg?resize=1024%2C683&#038;ssl=1\" alt=\"Rade de Toulon: le fort de l'\u00c9guillette\" width=\"1024\" height=\"683\" srcset=\"https:\/\/i0.wp.com\/voyages-en-france.fr\/wp-content\/uploads\/2020\/07\/P2150837-35pc.jpg?resize=1024%2C683&amp;ssl=1 1024w, https:\/\/i0.wp.com\/voyages-en-france.fr\/wp-content\/uploads\/2020\/07\/P2150837-35pc.jpg?resize=300%2C200&amp;ssl=1 300w, https:\/\/i0.wp.com\/voyages-en-france.fr\/wp-content\/uploads\/2020\/07\/P2150837-35pc.jpg?resize=768%2C512&amp;ssl=1 768w, https:\/\/i0.wp.com\/voyages-en-france.fr\/wp-content\/uploads\/2020\/07\/P2150837-35pc.jpg?resize=1536%2C1024&amp;ssl=1 1536w, https:\/\/i0.wp.com\/voyages-en-france.fr\/wp-content\/uploads\/2020\/07\/P2150837-35pc.jpg?resize=1200%2C800&amp;ssl=1 1200w, https:\/\/i0.wp.com\/voyages-en-france.fr\/wp-content\/uploads\/2020\/07\/P2150837-35pc.jpg?w=1587&amp;ssl=1 1587w\" sizes=\"auto, (max-width: 1024px) 100vw, 1024px\" \/><figcaption id=\"caption-attachment-1878\" class=\"wp-caption-text\">Rade de Toulon: le fort de l&rsquo;\u00c9guillette<\/figcaption><\/figure>\n<h2><\/h2>\n<h2>Le fort de Balaguier<\/h2>\n<p>Le fort de Balaguier ou fort Balaguier fut \u00e9difi\u00e9 en 1636 dans le but de prot\u00e9ger des intrusions la rade de Toulon. Sa construction est d\u00e9cid\u00e9e et entreprise \u00e0 l&rsquo;issue d&rsquo;une inspection des c\u00f4tes de Provence par Henri de S\u00e9guiran, premier pr\u00e9sident du parlement de Provence et lieutenant du grand ma\u00eetre de la navigation qu&rsquo;\u00e9tait le cardinal de Richelieu.\u00a0 En 1793, apr\u00e8s que la ville de Toulon se sera livr\u00e9e aux Britanniques, le fort sera le th\u00e9\u00e2tre d&rsquo;\u00e2pres combats entre les soldats de la R\u00e9publique, guid\u00e9s par Bonaparte, et les Britanniques.<\/p>\n<figure id=\"attachment_1872\" aria-describedby=\"caption-attachment-1872\" style=\"width: 1024px\" class=\"wp-caption aligncenter\"><img data-recalc-dims=\"1\" loading=\"lazy\" decoding=\"async\" data-attachment-id=\"1872\" data-permalink=\"https:\/\/voyages-en-france.fr\/index.php\/2020\/07\/11\/la-rade-de-toulon-port-militaire-charge-dhistoire\/p2150887-35pc\/\" data-orig-file=\"https:\/\/i0.wp.com\/voyages-en-france.fr\/wp-content\/uploads\/2020\/07\/P2150887-35pc.jpg?fit=1475%2C983&amp;ssl=1\" data-orig-size=\"1475,983\" data-comments-opened=\"1\" data-image-meta=\"{&quot;aperture&quot;:&quot;3.9&quot;,&quot;credit&quot;:&quot;&quot;,&quot;camera&quot;:&quot;DMC-FZ1000&quot;,&quot;caption&quot;:&quot;&quot;,&quot;created_timestamp&quot;:&quot;1592747189&quot;,&quot;copyright&quot;:&quot;&quot;,&quot;focal_length&quot;:&quot;40.84&quot;,&quot;iso&quot;:&quot;125&quot;,&quot;shutter_speed&quot;:&quot;0.0015625&quot;,&quot;title&quot;:&quot;&quot;,&quot;orientation&quot;:&quot;1&quot;}\" data-image-title=\"P2150887 [35pc]\" data-image-description=\"&lt;p&gt;Rade de Toulon: Le fort de Balaguier&lt;\/p&gt;\n\" data-image-caption=\"&lt;p&gt;Rade de Toulon: Le fort de Balaguier&lt;\/p&gt;\n\" data-medium-file=\"https:\/\/i0.wp.com\/voyages-en-france.fr\/wp-content\/uploads\/2020\/07\/P2150887-35pc.jpg?fit=300%2C200&amp;ssl=1\" data-large-file=\"https:\/\/i0.wp.com\/voyages-en-france.fr\/wp-content\/uploads\/2020\/07\/P2150887-35pc.jpg?fit=1024%2C682&amp;ssl=1\" class=\"size-large wp-image-1872\" src=\"https:\/\/i0.wp.com\/voyages-en-france.fr\/wp-content\/uploads\/2020\/07\/P2150887-35pc.jpg?resize=1024%2C682&#038;ssl=1\" alt=\"Rade de Toulon: Le fort de Balaguier\" width=\"1024\" height=\"682\" srcset=\"https:\/\/i0.wp.com\/voyages-en-france.fr\/wp-content\/uploads\/2020\/07\/P2150887-35pc.jpg?resize=1024%2C682&amp;ssl=1 1024w, https:\/\/i0.wp.com\/voyages-en-france.fr\/wp-content\/uploads\/2020\/07\/P2150887-35pc.jpg?resize=300%2C200&amp;ssl=1 300w, https:\/\/i0.wp.com\/voyages-en-france.fr\/wp-content\/uploads\/2020\/07\/P2150887-35pc.jpg?resize=768%2C512&amp;ssl=1 768w, https:\/\/i0.wp.com\/voyages-en-france.fr\/wp-content\/uploads\/2020\/07\/P2150887-35pc.jpg?resize=1200%2C800&amp;ssl=1 1200w, https:\/\/i0.wp.com\/voyages-en-france.fr\/wp-content\/uploads\/2020\/07\/P2150887-35pc.jpg?w=1475&amp;ssl=1 1475w\" sizes=\"auto, (max-width: 1024px) 100vw, 1024px\" \/><figcaption id=\"caption-attachment-1872\" class=\"wp-caption-text\">Rade de Toulon: Le fort de Balaguier<\/figcaption><\/figure>\n<h2><\/h2>\n<h2>La grande jet\u00e9e ferme la rade de Toulon<\/h2>\n<p>La grande et la petite rade sont s\u00e9par\u00e9es par la grande jet\u00e9e, une digue de 1500 m\u00e8tres de long r\u00e9alis\u00e9e de 1877 \u00e0 1881 par les ing\u00e9nieurs de la Marine du Roy de France et par les bagnards de Toulon.<\/p>\n<figure id=\"attachment_1873\" aria-describedby=\"caption-attachment-1873\" style=\"width: 1024px\" class=\"wp-caption aligncenter\"><img data-recalc-dims=\"1\" loading=\"lazy\" decoding=\"async\" data-attachment-id=\"1873\" data-permalink=\"https:\/\/voyages-en-france.fr\/index.php\/2020\/07\/11\/la-rade-de-toulon-port-militaire-charge-dhistoire\/p2150922-35pc\/\" data-orig-file=\"https:\/\/i0.wp.com\/voyages-en-france.fr\/wp-content\/uploads\/2020\/07\/P2150922-35pc.jpg?fit=1587%2C1058&amp;ssl=1\" data-orig-size=\"1587,1058\" data-comments-opened=\"1\" data-image-meta=\"{&quot;aperture&quot;:&quot;4&quot;,&quot;credit&quot;:&quot;&quot;,&quot;camera&quot;:&quot;DMC-FZ1000&quot;,&quot;caption&quot;:&quot;&quot;,&quot;created_timestamp&quot;:&quot;1592747441&quot;,&quot;copyright&quot;:&quot;&quot;,&quot;focal_length&quot;:&quot;75.13&quot;,&quot;iso&quot;:&quot;125&quot;,&quot;shutter_speed&quot;:&quot;0.0015625&quot;,&quot;title&quot;:&quot;&quot;,&quot;orientation&quot;:&quot;1&quot;}\" data-image-title=\"P2150922 [35pc]\" data-image-description=\"&lt;p&gt;Rade de Toulon: la grande jet\u00e9e&lt;\/p&gt;\n\" data-image-caption=\"&lt;p&gt;Rade de Toulon: la grande jet\u00e9e&lt;\/p&gt;\n\" data-medium-file=\"https:\/\/i0.wp.com\/voyages-en-france.fr\/wp-content\/uploads\/2020\/07\/P2150922-35pc.jpg?fit=300%2C200&amp;ssl=1\" data-large-file=\"https:\/\/i0.wp.com\/voyages-en-france.fr\/wp-content\/uploads\/2020\/07\/P2150922-35pc.jpg?fit=1024%2C683&amp;ssl=1\" class=\"size-large wp-image-1873\" src=\"https:\/\/i0.wp.com\/voyages-en-france.fr\/wp-content\/uploads\/2020\/07\/P2150922-35pc.jpg?resize=1024%2C683&#038;ssl=1\" alt=\"Rade de Toulon: la grande jet\u00e9e\" width=\"1024\" height=\"683\" srcset=\"https:\/\/i0.wp.com\/voyages-en-france.fr\/wp-content\/uploads\/2020\/07\/P2150922-35pc.jpg?resize=1024%2C683&amp;ssl=1 1024w, https:\/\/i0.wp.com\/voyages-en-france.fr\/wp-content\/uploads\/2020\/07\/P2150922-35pc.jpg?resize=300%2C200&amp;ssl=1 300w, https:\/\/i0.wp.com\/voyages-en-france.fr\/wp-content\/uploads\/2020\/07\/P2150922-35pc.jpg?resize=768%2C512&amp;ssl=1 768w, https:\/\/i0.wp.com\/voyages-en-france.fr\/wp-content\/uploads\/2020\/07\/P2150922-35pc.jpg?resize=1536%2C1024&amp;ssl=1 1536w, https:\/\/i0.wp.com\/voyages-en-france.fr\/wp-content\/uploads\/2020\/07\/P2150922-35pc.jpg?resize=1200%2C800&amp;ssl=1 1200w, https:\/\/i0.wp.com\/voyages-en-france.fr\/wp-content\/uploads\/2020\/07\/P2150922-35pc.jpg?w=1587&amp;ssl=1 1587w\" sizes=\"auto, (max-width: 1024px) 100vw, 1024px\" \/><figcaption id=\"caption-attachment-1873\" class=\"wp-caption-text\">Rade de Toulon: la grande jet\u00e9e<\/figcaption><\/figure>\n<h2><\/h2>\n<h2>La Tour royale<\/h2>\n<p>La Tour royale, \u00e9galement nomm\u00e9e Grosse Tour, est une tour \u00e0 canons \u00e9difi\u00e9e \u00e0 Toulon \u00e0 la pointe de Pipady, au d\u00e9but du XVIe si\u00e8cle (1514) \u00e0 l&rsquo;initiative de Louis XII, afin de prot\u00e9ger la rade des intrusions ennemies.<\/p>\n<figure id=\"attachment_1874\" aria-describedby=\"caption-attachment-1874\" style=\"width: 1024px\" class=\"wp-caption aligncenter\"><img data-recalc-dims=\"1\" loading=\"lazy\" decoding=\"async\" data-attachment-id=\"1874\" data-permalink=\"https:\/\/voyages-en-france.fr\/index.php\/2020\/07\/11\/la-rade-de-toulon-port-militaire-charge-dhistoire\/p2150963-35pc\/\" data-orig-file=\"https:\/\/i0.wp.com\/voyages-en-france.fr\/wp-content\/uploads\/2020\/07\/P2150963-35pc.jpg?fit=1587%2C1058&amp;ssl=1\" data-orig-size=\"1587,1058\" data-comments-opened=\"1\" data-image-meta=\"{&quot;aperture&quot;:&quot;3.7&quot;,&quot;credit&quot;:&quot;&quot;,&quot;camera&quot;:&quot;DMC-FZ1000&quot;,&quot;caption&quot;:&quot;&quot;,&quot;created_timestamp&quot;:&quot;1592747837&quot;,&quot;copyright&quot;:&quot;&quot;,&quot;focal_length&quot;:&quot;25.64&quot;,&quot;iso&quot;:&quot;125&quot;,&quot;shutter_speed&quot;:&quot;0.00076923076923077&quot;,&quot;title&quot;:&quot;&quot;,&quot;orientation&quot;:&quot;1&quot;}\" data-image-title=\"P2150963 [35pc]\" data-image-description=\"&lt;p&gt;Rade de Toulon: la tour Royale&lt;\/p&gt;\n\" data-image-caption=\"&lt;p&gt;Rade de Toulon: la tour Royale&lt;\/p&gt;\n\" data-medium-file=\"https:\/\/i0.wp.com\/voyages-en-france.fr\/wp-content\/uploads\/2020\/07\/P2150963-35pc.jpg?fit=300%2C200&amp;ssl=1\" data-large-file=\"https:\/\/i0.wp.com\/voyages-en-france.fr\/wp-content\/uploads\/2020\/07\/P2150963-35pc.jpg?fit=1024%2C683&amp;ssl=1\" class=\"wp-image-1874 size-large\" src=\"https:\/\/i0.wp.com\/voyages-en-france.fr\/wp-content\/uploads\/2020\/07\/P2150963-35pc.jpg?resize=1024%2C683&#038;ssl=1\" alt=\"Rade de Toulon: la tour Royale\" width=\"1024\" height=\"683\" srcset=\"https:\/\/i0.wp.com\/voyages-en-france.fr\/wp-content\/uploads\/2020\/07\/P2150963-35pc.jpg?resize=1024%2C683&amp;ssl=1 1024w, https:\/\/i0.wp.com\/voyages-en-france.fr\/wp-content\/uploads\/2020\/07\/P2150963-35pc.jpg?resize=300%2C200&amp;ssl=1 300w, https:\/\/i0.wp.com\/voyages-en-france.fr\/wp-content\/uploads\/2020\/07\/P2150963-35pc.jpg?resize=768%2C512&amp;ssl=1 768w, https:\/\/i0.wp.com\/voyages-en-france.fr\/wp-content\/uploads\/2020\/07\/P2150963-35pc.jpg?resize=1536%2C1024&amp;ssl=1 1536w, https:\/\/i0.wp.com\/voyages-en-france.fr\/wp-content\/uploads\/2020\/07\/P2150963-35pc.jpg?resize=1200%2C800&amp;ssl=1 1200w, https:\/\/i0.wp.com\/voyages-en-france.fr\/wp-content\/uploads\/2020\/07\/P2150963-35pc.jpg?w=1587&amp;ssl=1 1587w\" sizes=\"auto, (max-width: 1024px) 100vw, 1024px\" \/><figcaption id=\"caption-attachment-1874\" class=\"wp-caption-text\">Toulon: la tour Royale<\/figcaption><\/figure>\n<p>&nbsp;<\/p>\n<span>","protected":false},"excerpt":{"rendered":"<p class=\"excerpt\"><span itemprop=\"description\">Toulon, grande ville du sud, plus grand port de la Marine Nationale La rade de Toulon est un port naturel sur la M\u00e9diterran\u00e9e gr\u00e2ce \u00e0 sa rade. Toulon est aussi une grande m\u00e9tropole sous le nom de Toulon-Provence-M\u00e9diterran\u00e9e avec notamment&hellip;<\/span><\/p>\n<p class=\"more-link-p btn-align-right\"><a class=\"blue zoom-btn\" href=\"https:\/\/voyages-en-france.fr\/index.php\/2020\/07\/11\/la-rade-de-toulon-port-militaire-charge-dhistoire\/\">Lire la suite<\/a><\/p>\n","protected":false},"author":1,"featured_media":1879,"comment_status":"open","ping_status":"open","sticky":false,"template":"","format":"standard","meta":{"pgc_sgb_lightbox_settings":"","jetpack_post_was_ever_published":false,"_bos_mb_destination":[""],"_jetpack_newsletter_access":"","_jetpack_dont_email_post_to_subs":false,"_jetpack_newsletter_tier_id":0,"_jetpack_memberships_contains_paywalled_content":false,"_jetpack_memberships_contains_paid_content":false,"footnotes":"","jetpack_publicize_message":"","jetpack_publicize_feature_enabled":true,"jetpack_social_post_already_shared":true,"jetpack_social_options":{"image_generator_settings":{"template":"highway","default_image_id":0,"font":"","enabled":false},"version":2}},"categories":[280,155,12,2],"tags":[49,6,282,281,50],"class_list":["post-1870","post","type-post","status-publish","format-standard","has-post-thumbnail","hentry","category-port","category-site-industriel","category-site-naturel","category-ville","tag-49","tag-provence-alpes-cote-dazur","tag-rade-de-toulon","tag-toulon","tag-var","zoom-theme-has-thumb"],"yoast_head":"<!-- This site is optimized with the Yoast SEO plugin v27.1.1 - https:\/\/yoast.com\/product\/yoast-seo-wordpress\/ -->\n<title>La rade de Toulon: port militaire charg\u00e9 d&#039;histoire - Voyages-en-France.fr<\/title>\n<meta name=\"description\" content=\"Charg\u00e9 d&#039;histoire, le port naturel de la rade de Toulon est utilis\u00e9 depuis l&#039;Antiquit\u00e9, c &#039;est la plus grande base navale fran\u00e7aise.\" \/>\n<meta name=\"robots\" content=\"index, follow, max-snippet:-1, max-image-preview:large, max-video-preview:-1\" \/>\n<link rel=\"canonical\" href=\"https:\/\/voyages-en-france.fr\/index.php\/2020\/07\/11\/la-rade-de-toulon-port-militaire-charge-dhistoire\/\" \/>\n<meta property=\"og:locale\" content=\"fr_FR\" \/>\n<meta property=\"og:type\" content=\"article\" \/>\n<meta property=\"og:title\" content=\"La rade de Toulon: port militaire charg\u00e9 d&#039;histoire - Voyages-en-France.fr\" \/>\n<meta property=\"og:description\" content=\"Charg\u00e9 d&#039;histoire, le port naturel de la rade de Toulon est utilis\u00e9 depuis l&#039;Antiquit\u00e9, c &#039;est la plus grande base navale fran\u00e7aise.\" \/>\n<meta property=\"og:url\" content=\"https:\/\/voyages-en-france.fr\/index.php\/2020\/07\/11\/la-rade-de-toulon-port-militaire-charge-dhistoire\/\" \/>\n<meta property=\"og:site_name\" content=\"Voyages-en-France.fr\" \/>\n<meta property=\"article:publisher\" content=\"https:\/\/www.facebook.com\/voyages.au.coeur.de.la.france\/\" \/>\n<meta property=\"article:author\" content=\"https:\/\/www.facebook.com\/voyages.au.coeur.de.la.france\/\" \/>\n<meta property=\"article:published_time\" content=\"2020-07-10T22:16:02+00:00\" \/>\n<meta property=\"article:modified_time\" content=\"2023-11-02T20:20:03+00:00\" \/>\n<meta property=\"og:image\" content=\"https:\/\/voyages-en-france.fr\/wp-content\/uploads\/2020\/07\/P2150876-35pc.jpg\" \/>\n\t<meta property=\"og:image:width\" content=\"1587\" \/>\n\t<meta property=\"og:image:height\" content=\"1058\" \/>\n\t<meta property=\"og:image:type\" content=\"image\/jpeg\" \/>\n<meta name=\"author\" content=\"Christophe\" \/>\n<meta name=\"twitter:card\" content=\"summary_large_image\" \/>\n<meta name=\"twitter:creator\" content=\"@Voyages_France\" \/>\n<meta name=\"twitter:site\" content=\"@Voyages_France\" \/>\n<meta name=\"twitter:label1\" content=\"\u00c9crit par\" \/>\n\t<meta name=\"twitter:data1\" content=\"Christophe\" \/>\n\t<meta name=\"twitter:label2\" content=\"Dur\u00e9e de lecture estim\u00e9e\" \/>\n\t<meta name=\"twitter:data2\" content=\"5 minutes\" \/>\n<script type=\"application\/ld+json\" class=\"yoast-schema-graph\">{\"@context\":\"https:\/\/schema.org\",\"@graph\":[{\"@type\":\"Article\",\"@id\":\"https:\/\/voyages-en-france.fr\/index.php\/2020\/07\/11\/la-rade-de-toulon-port-militaire-charge-dhistoire\/#article\",\"isPartOf\":{\"@id\":\"https:\/\/voyages-en-france.fr\/index.php\/2020\/07\/11\/la-rade-de-toulon-port-militaire-charge-dhistoire\/\"},\"author\":{\"name\":\"Christophe\",\"@id\":\"https:\/\/voyages-en-france.fr\/#\/schema\/person\/611a624b57cd68dd2e4c3f7d385420e2\"},\"headline\":\"La rade de Toulon: port militaire charg\u00e9 d&rsquo;histoire\",\"datePublished\":\"2020-07-10T22:16:02+00:00\",\"dateModified\":\"2023-11-02T20:20:03+00:00\",\"mainEntityOfPage\":{\"@id\":\"https:\/\/voyages-en-france.fr\/index.php\/2020\/07\/11\/la-rade-de-toulon-port-militaire-charge-dhistoire\/\"},\"wordCount\":716,\"commentCount\":0,\"publisher\":{\"@id\":\"https:\/\/voyages-en-france.fr\/#\/schema\/person\/611a624b57cd68dd2e4c3f7d385420e2\"},\"image\":{\"@id\":\"https:\/\/voyages-en-france.fr\/index.php\/2020\/07\/11\/la-rade-de-toulon-port-militaire-charge-dhistoire\/#primaryimage\"},\"thumbnailUrl\":\"https:\/\/i0.wp.com\/voyages-en-france.fr\/wp-content\/uploads\/2020\/07\/P2150876-35pc.jpg?fit=1587%2C1058&ssl=1\",\"keywords\":[\"83\",\"Provence Alpes C\u00f4te d'Azur\",\"Rade de Toulon\",\"Toulon\",\"Var\"],\"articleSection\":[\"port\",\"site industriel\",\"Site naturel\",\"ville\"],\"inLanguage\":\"fr-FR\",\"potentialAction\":[{\"@type\":\"CommentAction\",\"name\":\"Comment\",\"target\":[\"https:\/\/voyages-en-france.fr\/index.php\/2020\/07\/11\/la-rade-de-toulon-port-militaire-charge-dhistoire\/#respond\"]}]},{\"@type\":\"WebPage\",\"@id\":\"https:\/\/voyages-en-france.fr\/index.php\/2020\/07\/11\/la-rade-de-toulon-port-militaire-charge-dhistoire\/\",\"url\":\"https:\/\/voyages-en-france.fr\/index.php\/2020\/07\/11\/la-rade-de-toulon-port-militaire-charge-dhistoire\/\",\"name\":\"La rade de Toulon: port militaire charg\u00e9 d'histoire - Voyages-en-France.fr\",\"isPartOf\":{\"@id\":\"https:\/\/voyages-en-france.fr\/#website\"},\"primaryImageOfPage\":{\"@id\":\"https:\/\/voyages-en-france.fr\/index.php\/2020\/07\/11\/la-rade-de-toulon-port-militaire-charge-dhistoire\/#primaryimage\"},\"image\":{\"@id\":\"https:\/\/voyages-en-france.fr\/index.php\/2020\/07\/11\/la-rade-de-toulon-port-militaire-charge-dhistoire\/#primaryimage\"},\"thumbnailUrl\":\"https:\/\/i0.wp.com\/voyages-en-france.fr\/wp-content\/uploads\/2020\/07\/P2150876-35pc.jpg?fit=1587%2C1058&ssl=1\",\"datePublished\":\"2020-07-10T22:16:02+00:00\",\"dateModified\":\"2023-11-02T20:20:03+00:00\",\"description\":\"Charg\u00e9 d'histoire, le port naturel de la rade de Toulon est utilis\u00e9 depuis l'Antiquit\u00e9, c 'est la plus grande base navale fran\u00e7aise.\",\"breadcrumb\":{\"@id\":\"https:\/\/voyages-en-france.fr\/index.php\/2020\/07\/11\/la-rade-de-toulon-port-militaire-charge-dhistoire\/#breadcrumb\"},\"inLanguage\":\"fr-FR\",\"potentialAction\":[{\"@type\":\"ReadAction\",\"target\":[\"https:\/\/voyages-en-france.fr\/index.php\/2020\/07\/11\/la-rade-de-toulon-port-militaire-charge-dhistoire\/\"]}]},{\"@type\":\"ImageObject\",\"inLanguage\":\"fr-FR\",\"@id\":\"https:\/\/voyages-en-france.fr\/index.php\/2020\/07\/11\/la-rade-de-toulon-port-militaire-charge-dhistoire\/#primaryimage\",\"url\":\"https:\/\/i0.wp.com\/voyages-en-france.fr\/wp-content\/uploads\/2020\/07\/P2150876-35pc.jpg?fit=1587%2C1058&ssl=1\",\"contentUrl\":\"https:\/\/i0.wp.com\/voyages-en-france.fr\/wp-content\/uploads\/2020\/07\/P2150876-35pc.jpg?fit=1587%2C1058&ssl=1\",\"width\":1587,\"height\":1058,\"caption\":\"Rade de Toulon\"},{\"@type\":\"BreadcrumbList\",\"@id\":\"https:\/\/voyages-en-france.fr\/index.php\/2020\/07\/11\/la-rade-de-toulon-port-militaire-charge-dhistoire\/#breadcrumb\",\"itemListElement\":[{\"@type\":\"ListItem\",\"position\":1,\"name\":\"Accueil\",\"item\":\"https:\/\/voyages-en-france.fr\/\"},{\"@type\":\"ListItem\",\"position\":2,\"name\":\"La rade de Toulon: port militaire charg\u00e9 d&rsquo;histoire\"}]},{\"@type\":\"WebSite\",\"@id\":\"https:\/\/voyages-en-france.fr\/#website\",\"url\":\"https:\/\/voyages-en-france.fr\/\",\"name\":\"Voyages-en-France.fr\",\"description\":\"D\u00e9couvrir la France, son patrimoine, ses richesses naturelles, son histoire...\",\"publisher\":{\"@id\":\"https:\/\/voyages-en-france.fr\/#\/schema\/person\/611a624b57cd68dd2e4c3f7d385420e2\"},\"potentialAction\":[{\"@type\":\"SearchAction\",\"target\":{\"@type\":\"EntryPoint\",\"urlTemplate\":\"https:\/\/voyages-en-france.fr\/?s={search_term_string}\"},\"query-input\":{\"@type\":\"PropertyValueSpecification\",\"valueRequired\":true,\"valueName\":\"search_term_string\"}}],\"inLanguage\":\"fr-FR\"},{\"@type\":[\"Person\",\"Organization\"],\"@id\":\"https:\/\/voyages-en-france.fr\/#\/schema\/person\/611a624b57cd68dd2e4c3f7d385420e2\",\"name\":\"Christophe\",\"image\":{\"@type\":\"ImageObject\",\"inLanguage\":\"fr-FR\",\"@id\":\"https:\/\/voyages-en-france.fr\/#\/schema\/person\/image\/\",\"url\":\"https:\/\/i0.wp.com\/voyages-en-france.fr\/wp-content\/uploads\/2017\/11\/cropped-FRANCE-1.jpg?fit=324%2C324&ssl=1\",\"contentUrl\":\"https:\/\/i0.wp.com\/voyages-en-france.fr\/wp-content\/uploads\/2017\/11\/cropped-FRANCE-1.jpg?fit=324%2C324&ssl=1\",\"width\":324,\"height\":324,\"caption\":\"Christophe\"},\"logo\":{\"@id\":\"https:\/\/voyages-en-france.fr\/#\/schema\/person\/image\/\"},\"sameAs\":[\"http:\/\/voyages-en-france.fr\/\",\"https:\/\/www.facebook.com\/voyages.au.coeur.de.la.france\/\",\"https:\/\/www.instagram.com\/voyages_en_france\/\",\"https:\/\/x.com\/Voyages_France\"]}]}<\/script>\n<!-- \/ Yoast SEO plugin. -->","yoast_head_json":{"title":"La rade de Toulon: port militaire charg\u00e9 d'histoire - Voyages-en-France.fr","description":"Charg\u00e9 d'histoire, le port naturel de la rade de Toulon est utilis\u00e9 depuis l'Antiquit\u00e9, c 'est la plus grande base navale fran\u00e7aise.","robots":{"index":"index","follow":"follow","max-snippet":"max-snippet:-1","max-image-preview":"max-image-preview:large","max-video-preview":"max-video-preview:-1"},"canonical":"https:\/\/voyages-en-france.fr\/index.php\/2020\/07\/11\/la-rade-de-toulon-port-militaire-charge-dhistoire\/","og_locale":"fr_FR","og_type":"article","og_title":"La rade de Toulon: port militaire charg\u00e9 d'histoire - Voyages-en-France.fr","og_description":"Charg\u00e9 d'histoire, le port naturel de la rade de Toulon est utilis\u00e9 depuis l'Antiquit\u00e9, c 'est la plus grande base navale fran\u00e7aise.","og_url":"https:\/\/voyages-en-france.fr\/index.php\/2020\/07\/11\/la-rade-de-toulon-port-militaire-charge-dhistoire\/","og_site_name":"Voyages-en-France.fr","article_publisher":"https:\/\/www.facebook.com\/voyages.au.coeur.de.la.france\/","article_author":"https:\/\/www.facebook.com\/voyages.au.coeur.de.la.france\/","article_published_time":"2020-07-10T22:16:02+00:00","article_modified_time":"2023-11-02T20:20:03+00:00","og_image":[{"width":1587,"height":1058,"url":"https:\/\/voyages-en-france.fr\/wp-content\/uploads\/2020\/07\/P2150876-35pc.jpg","type":"image\/jpeg"}],"author":"Christophe","twitter_card":"summary_large_image","twitter_creator":"@Voyages_France","twitter_site":"@Voyages_France","twitter_misc":{"\u00c9crit par":"Christophe","Dur\u00e9e de lecture estim\u00e9e":"5 minutes"},"schema":{"@context":"https:\/\/schema.org","@graph":[{"@type":"Article","@id":"https:\/\/voyages-en-france.fr\/index.php\/2020\/07\/11\/la-rade-de-toulon-port-militaire-charge-dhistoire\/#article","isPartOf":{"@id":"https:\/\/voyages-en-france.fr\/index.php\/2020\/07\/11\/la-rade-de-toulon-port-militaire-charge-dhistoire\/"},"author":{"name":"Christophe","@id":"https:\/\/voyages-en-france.fr\/#\/schema\/person\/611a624b57cd68dd2e4c3f7d385420e2"},"headline":"La rade de Toulon: port militaire charg\u00e9 d&rsquo;histoire","datePublished":"2020-07-10T22:16:02+00:00","dateModified":"2023-11-02T20:20:03+00:00","mainEntityOfPage":{"@id":"https:\/\/voyages-en-france.fr\/index.php\/2020\/07\/11\/la-rade-de-toulon-port-militaire-charge-dhistoire\/"},"wordCount":716,"commentCount":0,"publisher":{"@id":"https:\/\/voyages-en-france.fr\/#\/schema\/person\/611a624b57cd68dd2e4c3f7d385420e2"},"image":{"@id":"https:\/\/voyages-en-france.fr\/index.php\/2020\/07\/11\/la-rade-de-toulon-port-militaire-charge-dhistoire\/#primaryimage"},"thumbnailUrl":"https:\/\/i0.wp.com\/voyages-en-france.fr\/wp-content\/uploads\/2020\/07\/P2150876-35pc.jpg?fit=1587%2C1058&ssl=1","keywords":["83","Provence Alpes C\u00f4te d'Azur","Rade de Toulon","Toulon","Var"],"articleSection":["port","site industriel","Site naturel","ville"],"inLanguage":"fr-FR","potentialAction":[{"@type":"CommentAction","name":"Comment","target":["https:\/\/voyages-en-france.fr\/index.php\/2020\/07\/11\/la-rade-de-toulon-port-militaire-charge-dhistoire\/#respond"]}]},{"@type":"WebPage","@id":"https:\/\/voyages-en-france.fr\/index.php\/2020\/07\/11\/la-rade-de-toulon-port-militaire-charge-dhistoire\/","url":"https:\/\/voyages-en-france.fr\/index.php\/2020\/07\/11\/la-rade-de-toulon-port-militaire-charge-dhistoire\/","name":"La rade de Toulon: port militaire charg\u00e9 d'histoire - Voyages-en-France.fr","isPartOf":{"@id":"https:\/\/voyages-en-france.fr\/#website"},"primaryImageOfPage":{"@id":"https:\/\/voyages-en-france.fr\/index.php\/2020\/07\/11\/la-rade-de-toulon-port-militaire-charge-dhistoire\/#primaryimage"},"image":{"@id":"https:\/\/voyages-en-france.fr\/index.php\/2020\/07\/11\/la-rade-de-toulon-port-militaire-charge-dhistoire\/#primaryimage"},"thumbnailUrl":"https:\/\/i0.wp.com\/voyages-en-france.fr\/wp-content\/uploads\/2020\/07\/P2150876-35pc.jpg?fit=1587%2C1058&ssl=1","datePublished":"2020-07-10T22:16:02+00:00","dateModified":"2023-11-02T20:20:03+00:00","description":"Charg\u00e9 d'histoire, le port naturel de la rade de Toulon est utilis\u00e9 depuis l'Antiquit\u00e9, c 'est la plus grande base navale fran\u00e7aise.","breadcrumb":{"@id":"https:\/\/voyages-en-france.fr\/index.php\/2020\/07\/11\/la-rade-de-toulon-port-militaire-charge-dhistoire\/#breadcrumb"},"inLanguage":"fr-FR","potentialAction":[{"@type":"ReadAction","target":["https:\/\/voyages-en-france.fr\/index.php\/2020\/07\/11\/la-rade-de-toulon-port-militaire-charge-dhistoire\/"]}]},{"@type":"ImageObject","inLanguage":"fr-FR","@id":"https:\/\/voyages-en-france.fr\/index.php\/2020\/07\/11\/la-rade-de-toulon-port-militaire-charge-dhistoire\/#primaryimage","url":"https:\/\/i0.wp.com\/voyages-en-france.fr\/wp-content\/uploads\/2020\/07\/P2150876-35pc.jpg?fit=1587%2C1058&ssl=1","contentUrl":"https:\/\/i0.wp.com\/voyages-en-france.fr\/wp-content\/uploads\/2020\/07\/P2150876-35pc.jpg?fit=1587%2C1058&ssl=1","width":1587,"height":1058,"caption":"Rade de Toulon"},{"@type":"BreadcrumbList","@id":"https:\/\/voyages-en-france.fr\/index.php\/2020\/07\/11\/la-rade-de-toulon-port-militaire-charge-dhistoire\/#breadcrumb","itemListElement":[{"@type":"ListItem","position":1,"name":"Accueil","item":"https:\/\/voyages-en-france.fr\/"},{"@type":"ListItem","position":2,"name":"La rade de Toulon: port militaire charg\u00e9 d&rsquo;histoire"}]},{"@type":"WebSite","@id":"https:\/\/voyages-en-france.fr\/#website","url":"https:\/\/voyages-en-france.fr\/","name":"Voyages-en-France.fr","description":"D\u00e9couvrir la France, son patrimoine, ses richesses naturelles, son histoire...","publisher":{"@id":"https:\/\/voyages-en-france.fr\/#\/schema\/person\/611a624b57cd68dd2e4c3f7d385420e2"},"potentialAction":[{"@type":"SearchAction","target":{"@type":"EntryPoint","urlTemplate":"https:\/\/voyages-en-france.fr\/?s={search_term_string}"},"query-input":{"@type":"PropertyValueSpecification","valueRequired":true,"valueName":"search_term_string"}}],"inLanguage":"fr-FR"},{"@type":["Person","Organization"],"@id":"https:\/\/voyages-en-france.fr\/#\/schema\/person\/611a624b57cd68dd2e4c3f7d385420e2","name":"Christophe","image":{"@type":"ImageObject","inLanguage":"fr-FR","@id":"https:\/\/voyages-en-france.fr\/#\/schema\/person\/image\/","url":"https:\/\/i0.wp.com\/voyages-en-france.fr\/wp-content\/uploads\/2017\/11\/cropped-FRANCE-1.jpg?fit=324%2C324&ssl=1","contentUrl":"https:\/\/i0.wp.com\/voyages-en-france.fr\/wp-content\/uploads\/2017\/11\/cropped-FRANCE-1.jpg?fit=324%2C324&ssl=1","width":324,"height":324,"caption":"Christophe"},"logo":{"@id":"https:\/\/voyages-en-france.fr\/#\/schema\/person\/image\/"},"sameAs":["http:\/\/voyages-en-france.fr\/","https:\/\/www.facebook.com\/voyages.au.coeur.de.la.france\/","https:\/\/www.instagram.com\/voyages_en_france\/","https:\/\/x.com\/Voyages_France"]}]}},"jetpack_publicize_connections":[],"jetpack_featured_media_url":"https:\/\/i0.wp.com\/voyages-en-france.fr\/wp-content\/uploads\/2020\/07\/P2150876-35pc.jpg?fit=1587%2C1058&ssl=1","jetpack_sharing_enabled":true,"jetpack_shortlink":"https:\/\/wp.me\/p9pWxx-ua","jetpack_likes_enabled":true,"_links":{"self":[{"href":"https:\/\/voyages-en-france.fr\/index.php\/wp-json\/wp\/v2\/posts\/1870","targetHints":{"allow":["GET"]}}],"collection":[{"href":"https:\/\/voyages-en-france.fr\/index.php\/wp-json\/wp\/v2\/posts"}],"about":[{"href":"https:\/\/voyages-en-france.fr\/index.php\/wp-json\/wp\/v2\/types\/post"}],"author":[{"embeddable":true,"href":"https:\/\/voyages-en-france.fr\/index.php\/wp-json\/wp\/v2\/users\/1"}],"replies":[{"embeddable":true,"href":"https:\/\/voyages-en-france.fr\/index.php\/wp-json\/wp\/v2\/comments?post=1870"}],"version-history":[{"count":5,"href":"https:\/\/voyages-en-france.fr\/index.php\/wp-json\/wp\/v2\/posts\/1870\/revisions"}],"predecessor-version":[{"id":2791,"href":"https:\/\/voyages-en-france.fr\/index.php\/wp-json\/wp\/v2\/posts\/1870\/revisions\/2791"}],"wp:featuredmedia":[{"embeddable":true,"href":"https:\/\/voyages-en-france.fr\/index.php\/wp-json\/wp\/v2\/media\/1879"}],"wp:attachment":[{"href":"https:\/\/voyages-en-france.fr\/index.php\/wp-json\/wp\/v2\/media?parent=1870"}],"wp:term":[{"taxonomy":"category","embeddable":true,"href":"https:\/\/voyages-en-france.fr\/index.php\/wp-json\/wp\/v2\/categories?post=1870"},{"taxonomy":"post_tag","embeddable":true,"href":"https:\/\/voyages-en-france.fr\/index.php\/wp-json\/wp\/v2\/tags?post=1870"}],"curies":[{"name":"wp","href":"https:\/\/api.w.org\/{rel}","templated":true}]}}