{"id":1721,"date":"2019-10-22T00:24:26","date_gmt":"2019-10-21T22:24:26","guid":{"rendered":"http:\/\/voyages-en-france.fr\/?p=1721"},"modified":"2024-05-09T22:50:08","modified_gmt":"2024-05-09T20:50:08","slug":"alise-sainte-reine-en-bourgogne-site-du-siege-dalesia","status":"publish","type":"post","link":"https:\/\/voyages-en-france.fr\/index.php\/2019\/10\/22\/alise-sainte-reine-en-bourgogne-site-du-siege-dalesia\/","title":{"rendered":"Alise-Sainte-Reine en Bourgogne site du si\u00e8ge d&rsquo;Al\u00e9sia"},"content":{"rendered":"<span itemprop=\"description\"><h2>Alise-Sainte-Reine<\/h2>\n<p>Alise-Sainte-Reine est une commune fran\u00e7aise situ\u00e9e au centre du d\u00e9partement de la C\u00f4te-d&rsquo;Or en r\u00e9gion Bourgogne-Franche-Comt\u00e9, principalement connue pour avoir \u00e9t\u00e9 le si\u00e8ge de la bataille d&rsquo;Al\u00e9sia.<\/p>\n<p><strong>Sur place on peut visiter :\u00a0<\/strong><\/p>\n<ul>\n<li>dans la plaine, le <a href=\"https:\/\/www.alesia.com\/\">Mus\u00e9oParc<\/a> qui pr\u00e9sente de fa\u00e7on d\u00e9taill\u00e9e le contexte historique, le r\u00e9cit de la bataille et les renseignements sur les fouilles<\/li>\n<li>toujours sur le site du <a href=\"https:\/\/www.alesia.com\/\">Mus\u00e9oParc<\/a>, une reconstitution des fortifications romaines<\/li>\n<li>sur le Mont Auxois (village des gaulois assi\u00e9g\u00e9s), les vestiges de la cit\u00e9 gallo-romaine d\u00e9couverte \u00e0 cet endroit<\/li>\n<li>encore sur le mont Auxois la statue de <a href=\"https:\/\/voyages-en-france.fr\/index.php\/tag\/vercingetorix\/\">Vercing\u00e9torix<\/a> command\u00e9e par Napol\u00e9on III<\/li>\n<\/ul>\n<figure id=\"attachment_1725\" aria-describedby=\"caption-attachment-1725\" style=\"width: 1024px\" class=\"wp-caption aligncenter\"><img data-recalc-dims=\"1\" loading=\"lazy\" decoding=\"async\" data-attachment-id=\"1725\" data-permalink=\"https:\/\/voyages-en-france.fr\/index.php\/2019\/10\/22\/alise-sainte-reine-en-bourgogne-site-du-siege-dalesia\/p1810322-35pc\/\" data-orig-file=\"https:\/\/i0.wp.com\/voyages-en-france.fr\/wp-content\/uploads\/2019\/10\/P1810322-35pc.jpg?fit=1204%2C903&amp;ssl=1\" data-orig-size=\"1204,903\" data-comments-opened=\"1\" data-image-meta=\"{&quot;aperture&quot;:&quot;4&quot;,&quot;credit&quot;:&quot;&quot;,&quot;camera&quot;:&quot;DMC-FZ28&quot;,&quot;caption&quot;:&quot;&quot;,&quot;created_timestamp&quot;:&quot;1509638527&quot;,&quot;copyright&quot;:&quot;&quot;,&quot;focal_length&quot;:&quot;4.8&quot;,&quot;iso&quot;:&quot;160&quot;,&quot;shutter_speed&quot;:&quot;0.005&quot;,&quot;title&quot;:&quot;&quot;,&quot;orientation&quot;:&quot;1&quot;}\" data-image-title=\"P1810322 [35pc]\" data-image-description=\"&lt;p&gt;Al\u00e9sia &#8211; Alise-Sainte-Reine &#8211; fouilles du Mont Auxois&lt;\/p&gt;\n\" data-image-caption=\"&lt;p&gt;Al\u00e9sia &#8211; Alise-Sainte-Reine &#8211; fouilles du Mont Auxois&lt;\/p&gt;\n\" data-medium-file=\"https:\/\/i0.wp.com\/voyages-en-france.fr\/wp-content\/uploads\/2019\/10\/P1810322-35pc.jpg?fit=300%2C225&amp;ssl=1\" data-large-file=\"https:\/\/i0.wp.com\/voyages-en-france.fr\/wp-content\/uploads\/2019\/10\/P1810322-35pc.jpg?fit=1024%2C768&amp;ssl=1\" class=\"size-large wp-image-1725\" src=\"https:\/\/i0.wp.com\/voyages-en-france.fr\/wp-content\/uploads\/2019\/10\/P1810322-35pc.jpg?resize=1024%2C768&#038;ssl=1\" alt=\"Al\u00e9sia - Alise-Sainte-Reine - fouilles du Mont Auxois\" width=\"1024\" height=\"768\" srcset=\"https:\/\/i0.wp.com\/voyages-en-france.fr\/wp-content\/uploads\/2019\/10\/P1810322-35pc.jpg?resize=1024%2C768&amp;ssl=1 1024w, https:\/\/i0.wp.com\/voyages-en-france.fr\/wp-content\/uploads\/2019\/10\/P1810322-35pc.jpg?resize=300%2C225&amp;ssl=1 300w, https:\/\/i0.wp.com\/voyages-en-france.fr\/wp-content\/uploads\/2019\/10\/P1810322-35pc.jpg?resize=768%2C576&amp;ssl=1 768w, https:\/\/i0.wp.com\/voyages-en-france.fr\/wp-content\/uploads\/2019\/10\/P1810322-35pc.jpg?resize=1200%2C900&amp;ssl=1 1200w, https:\/\/i0.wp.com\/voyages-en-france.fr\/wp-content\/uploads\/2019\/10\/P1810322-35pc.jpg?w=1204&amp;ssl=1 1204w\" sizes=\"auto, (max-width: 1024px) 100vw, 1024px\" \/><figcaption id=\"caption-attachment-1725\" class=\"wp-caption-text\">Al\u00e9sia &#8211; Alise-Sainte-Reine &#8211; fouilles du Mont Auxois<\/figcaption><\/figure>\n<p style=\"text-align: center;\">La localisation d&rsquo;Al\u00e9sia \u00e0 Alise-Sainte-Reine s&rsquo;appuie sur la convergence d&rsquo;un certain nombre d&rsquo;indices, issus tant\u00f4t de la tradition litt\u00e9raire et de la toponymie locale, tant\u00f4t des d\u00e9couvertes arch\u00e9ologiques accumul\u00e9es sur l&rsquo;oppidum m\u00eame ainsi que dans ses environs imm\u00e9diats, lieux de la tenue du dispositif de si\u00e8ge c\u00e9sarien.<\/p>\n<p style=\"text-align: center;\"><iframe loading=\"lazy\" style=\"border: 0;\" src=\"https:\/\/www.google.com\/maps\/embed?pb=!1m18!1m12!1m3!1d325733.08711332583!2d4.503947091453796!3d47.487759603855295!2m3!1f0!2f0!3f0!3m2!1i1024!2i768!4f13.1!3m3!1m2!1s0x47ed9293650fcda3%3A0x409ce34b3146680!2s21150%20Alise-Sainte-Reine!5e0!3m2!1sfr!2sfr!4v1571695765091!5m2!1sfr!2sfr\" width=\"1024\" height=\"450\" frameborder=\"0\" allowfullscreen=\"allowfullscreen\"><span data-mce-type=\"bookmark\" style=\"display: inline-block; width: 0px; overflow: hidden; line-height: 0;\" class=\"mce_SELRES_start\">\ufeff<\/span><span data-mce-type=\"bookmark\" style=\"display: inline-block; width: 0px; overflow: hidden; line-height: 0;\" class=\"mce_SELRES_start\">\ufeff<\/span><\/iframe><\/p>\n<p>&nbsp;<\/p>\n<h2>Si\u00e8ge d&rsquo;Al\u00e9sia, le contexte historique<\/h2>\n<p>Le pari de C\u00e9sar \u00e9tait une conqu\u00eate rapide des Gaules, un ensemble de peuples divis\u00e9es. Le but de C\u00e9sar n&rsquo;\u00e9tant pas tant la conqu\u00eate de la Gaule mais plut\u00f4t celle du pouvoir \u00e0 Rome qui lui serait permise par son prestige de vainqueur des Gaulois. Une coalition de Gaulois lui a tenu t\u00eate emmen\u00e9e par le chef arverne<a href=\"https:\/\/voyages-en-france.fr\/index.php\/tag\/vercingetorix\/\"> Vercing\u00e9torix<\/a>. Celui-lui a m\u00eame impos\u00e9 une d\u00e9faite lors du <a href=\"https:\/\/voyages-en-france.fr\/index.php\/2017\/12\/18\/gergovie-victoire-de-vercingetorix\/\">si\u00e8ge de Gergovie<\/a>. Revoyant sa tactique et son approvisionnement, puis r\u00e9ussissant \u00e0 encercler les troupes de <a href=\"https:\/\/voyages-en-france.fr\/index.php\/tag\/vercingetorix\/\">Vercing\u00e9torix<\/a>, Jules C\u00e9sar tient sa revanche \u00e0 Al\u00e9sia.<\/p>\n<p><strong>Les forces en pr\u00e9sence:\u00a0<\/strong><\/p>\n<ul>\n<li>C\u00f4t\u00e9 gaulois: 80 000 hommes assi\u00e9g\u00e9s, une arm\u00e9e de secours de 240 000 hommes dont 8000 cavaliers selon C\u00e9sar<\/li>\n<li>C\u00f4t\u00e9 romain: 10 \u00e0 12 l\u00e9gions romaines (60 \u00e0 72 000 hommes) et la cavalerie germanique &#8211; l&rsquo;arm\u00e9e romaine comptait alors 23 l\u00e9gions&#8230; la moiti\u00e9 sont donc \u00e0 Al\u00e9sia<\/li>\n<\/ul>\n<figure id=\"attachment_1723\" aria-describedby=\"caption-attachment-1723\" style=\"width: 1024px\" class=\"wp-caption aligncenter\"><img data-recalc-dims=\"1\" loading=\"lazy\" decoding=\"async\" data-attachment-id=\"1723\" data-permalink=\"https:\/\/voyages-en-france.fr\/index.php\/2019\/10\/22\/alise-sainte-reine-en-bourgogne-site-du-siege-dalesia\/2017-10-31-17-46-43-35pc-2\/\" data-orig-file=\"https:\/\/i0.wp.com\/voyages-en-france.fr\/wp-content\/uploads\/2019\/10\/2017-10-31-17.46.43-35pc.jpg?fit=1204%2C797&amp;ssl=1\" data-orig-size=\"1204,797\" data-comments-opened=\"1\" data-image-meta=\"{&quot;aperture&quot;:&quot;1.8&quot;,&quot;credit&quot;:&quot;&quot;,&quot;camera&quot;:&quot;iPhone 7&quot;,&quot;caption&quot;:&quot;&quot;,&quot;created_timestamp&quot;:&quot;1509472003&quot;,&quot;copyright&quot;:&quot;&quot;,&quot;focal_length&quot;:&quot;3.99&quot;,&quot;iso&quot;:&quot;100&quot;,&quot;shutter_speed&quot;:&quot;0.071428571428571&quot;,&quot;title&quot;:&quot;&quot;,&quot;orientation&quot;:&quot;1&quot;}\" data-image-title=\"2017-10-31 17.46.43 [35pc]\" data-image-description=\"&lt;p&gt;Al\u00e9sia &#8211; Alise-Sainte-Reine&lt;\/p&gt;\n\" data-image-caption=\"&lt;p&gt;Al\u00e9sia &#8211; Alise-Sainte-Reine&lt;\/p&gt;\n\" data-medium-file=\"https:\/\/i0.wp.com\/voyages-en-france.fr\/wp-content\/uploads\/2019\/10\/2017-10-31-17.46.43-35pc.jpg?fit=300%2C199&amp;ssl=1\" data-large-file=\"https:\/\/i0.wp.com\/voyages-en-france.fr\/wp-content\/uploads\/2019\/10\/2017-10-31-17.46.43-35pc.jpg?fit=1024%2C678&amp;ssl=1\" class=\"size-large wp-image-1723\" src=\"https:\/\/i0.wp.com\/voyages-en-france.fr\/wp-content\/uploads\/2019\/10\/2017-10-31-17.46.43-35pc.jpg?resize=1024%2C678&#038;ssl=1\" alt=\"Al\u00e9sia - Alise-Sainte-Reine\" width=\"1024\" height=\"678\" srcset=\"https:\/\/i0.wp.com\/voyages-en-france.fr\/wp-content\/uploads\/2019\/10\/2017-10-31-17.46.43-35pc.jpg?resize=1024%2C678&amp;ssl=1 1024w, https:\/\/i0.wp.com\/voyages-en-france.fr\/wp-content\/uploads\/2019\/10\/2017-10-31-17.46.43-35pc.jpg?resize=300%2C199&amp;ssl=1 300w, https:\/\/i0.wp.com\/voyages-en-france.fr\/wp-content\/uploads\/2019\/10\/2017-10-31-17.46.43-35pc.jpg?resize=768%2C508&amp;ssl=1 768w, https:\/\/i0.wp.com\/voyages-en-france.fr\/wp-content\/uploads\/2019\/10\/2017-10-31-17.46.43-35pc.jpg?resize=1200%2C794&amp;ssl=1 1200w, https:\/\/i0.wp.com\/voyages-en-france.fr\/wp-content\/uploads\/2019\/10\/2017-10-31-17.46.43-35pc.jpg?w=1204&amp;ssl=1 1204w\" sizes=\"auto, (max-width: 1024px) 100vw, 1024px\" \/><figcaption id=\"caption-attachment-1723\" class=\"wp-caption-text\">Al\u00e9sia &#8211; Alise-Sainte-Reine<\/figcaption><\/figure>\n<h2>Le site d&rsquo;Al\u00e9sia. Positions des deux arm\u00e9es<\/h2>\n<h5>C\u00e9sar &#8211; Guerre des Gaules Livre 7 chapitre 69<\/h5>\n<p>Cette place \u00e9tait situ\u00e9e au sommet d&rsquo;une montagne, dans une position si \u00e9lev\u00e9e qu&rsquo;elle semblait ne pouvoir \u00eatre prise que par un si\u00e8ge en r\u00e8gle.\u00a0 Au pied de cette montagne coulaient deux rivi\u00e8res de deux c\u00f4t\u00e9s diff\u00e9rents. Devant la ville s&rsquo;\u00e9tendait une plaine d&rsquo;environ trois mille pas de longueur ; sur tous les autres points, des collines l&rsquo;entouraient, peu distantes entre elles et d&rsquo;une \u00e9gale hauteur. Sous les murailles, le c\u00f4t\u00e9 qui regardait le soleil levant \u00e9tait garni, dans toute son \u00e9tendue, de troupes gauloises ayant devant elles un foss\u00e9 et une muraille s\u00e8che de six pieds de haut. La ligne de circonvallation form\u00e9e par les Romains occupait un circuit de onze mille pas. Notre camp \u00e9tait assis dans une position avantageuse, et l&rsquo;on y \u00e9leva vingt-trois forts, dans lesquels des postes \u00e9taient plac\u00e9s pendant le jour pour pr\u00e9venir toute attaque subite ; on y tenait aussi toute la nuit des sentinelles et de fortes garnisons.<\/p>\n<figure id=\"attachment_1736\" aria-describedby=\"caption-attachment-1736\" style=\"width: 1024px\" class=\"wp-caption aligncenter\"><img data-recalc-dims=\"1\" loading=\"lazy\" decoding=\"async\" data-attachment-id=\"1736\" data-permalink=\"https:\/\/voyages-en-france.fr\/index.php\/2019\/10\/22\/alise-sainte-reine-en-bourgogne-site-du-siege-dalesia\/p1800766-35pc\/\" data-orig-file=\"https:\/\/i0.wp.com\/voyages-en-france.fr\/wp-content\/uploads\/2019\/10\/P1800766-35pc.jpg?fit=1204%2C903&amp;ssl=1\" data-orig-size=\"1204,903\" data-comments-opened=\"1\" data-image-meta=\"{&quot;aperture&quot;:&quot;3.6&quot;,&quot;credit&quot;:&quot;&quot;,&quot;camera&quot;:&quot;DMC-FZ28&quot;,&quot;caption&quot;:&quot;&quot;,&quot;created_timestamp&quot;:&quot;1509473496&quot;,&quot;copyright&quot;:&quot;&quot;,&quot;focal_length&quot;:&quot;17.4&quot;,&quot;iso&quot;:&quot;200&quot;,&quot;shutter_speed&quot;:&quot;0.00625&quot;,&quot;title&quot;:&quot;&quot;,&quot;orientation&quot;:&quot;1&quot;}\" data-image-title=\"P1800766 [35pc]\" data-image-description=\"&lt;p&gt;Al\u00e9sia &#8211; Alise-Sainte-Reine &#038; Mus\u00e9oParc&lt;\/p&gt;\n\" data-image-caption=\"&lt;p&gt;Al\u00e9sia &#8211; Alise-Sainte-Reine &#038; Mus\u00e9oParc&lt;\/p&gt;\n\" data-medium-file=\"https:\/\/i0.wp.com\/voyages-en-france.fr\/wp-content\/uploads\/2019\/10\/P1800766-35pc.jpg?fit=300%2C225&amp;ssl=1\" data-large-file=\"https:\/\/i0.wp.com\/voyages-en-france.fr\/wp-content\/uploads\/2019\/10\/P1800766-35pc.jpg?fit=1024%2C768&amp;ssl=1\" class=\"size-large wp-image-1736\" src=\"https:\/\/i0.wp.com\/voyages-en-france.fr\/wp-content\/uploads\/2019\/10\/P1800766-35pc.jpg?resize=1024%2C768&#038;ssl=1\" alt=\"Al\u00e9sia - Alise-Sainte-Reine &amp; Mus\u00e9oParc\" width=\"1024\" height=\"768\" srcset=\"https:\/\/i0.wp.com\/voyages-en-france.fr\/wp-content\/uploads\/2019\/10\/P1800766-35pc.jpg?resize=1024%2C768&amp;ssl=1 1024w, https:\/\/i0.wp.com\/voyages-en-france.fr\/wp-content\/uploads\/2019\/10\/P1800766-35pc.jpg?resize=300%2C225&amp;ssl=1 300w, https:\/\/i0.wp.com\/voyages-en-france.fr\/wp-content\/uploads\/2019\/10\/P1800766-35pc.jpg?resize=768%2C576&amp;ssl=1 768w, https:\/\/i0.wp.com\/voyages-en-france.fr\/wp-content\/uploads\/2019\/10\/P1800766-35pc.jpg?resize=1200%2C900&amp;ssl=1 1200w, https:\/\/i0.wp.com\/voyages-en-france.fr\/wp-content\/uploads\/2019\/10\/P1800766-35pc.jpg?w=1204&amp;ssl=1 1204w\" sizes=\"auto, (max-width: 1024px) 100vw, 1024px\" \/><figcaption id=\"caption-attachment-1736\" class=\"wp-caption-text\">Al\u00e9sia &#8211; Alise-Sainte-Reine &amp; Mus\u00e9oParc<\/figcaption><\/figure>\n<figure id=\"attachment_1730\" aria-describedby=\"caption-attachment-1730\" style=\"width: 1024px\" class=\"wp-caption aligncenter\"><img data-recalc-dims=\"1\" loading=\"lazy\" decoding=\"async\" data-attachment-id=\"1730\" data-permalink=\"https:\/\/voyages-en-france.fr\/index.php\/2019\/10\/22\/alise-sainte-reine-en-bourgogne-site-du-siege-dalesia\/p1810367-35pc\/\" data-orig-file=\"https:\/\/i0.wp.com\/voyages-en-france.fr\/wp-content\/uploads\/2019\/10\/P1810367-35pc.jpg?fit=1204%2C903&amp;ssl=1\" data-orig-size=\"1204,903\" data-comments-opened=\"1\" data-image-meta=\"{&quot;aperture&quot;:&quot;5&quot;,&quot;credit&quot;:&quot;&quot;,&quot;camera&quot;:&quot;DMC-FZ28&quot;,&quot;caption&quot;:&quot;&quot;,&quot;created_timestamp&quot;:&quot;1509641681&quot;,&quot;copyright&quot;:&quot;&quot;,&quot;focal_length&quot;:&quot;4.8&quot;,&quot;iso&quot;:&quot;160&quot;,&quot;shutter_speed&quot;:&quot;0.005&quot;,&quot;title&quot;:&quot;&quot;,&quot;orientation&quot;:&quot;1&quot;}\" data-image-title=\"P1810367 [35pc]\" data-image-description=\"&lt;p&gt;Al\u00e9sia &#8211; Alise-Sainte-Reine &#8211; Vercing\u00e9torix&lt;\/p&gt;\n\" data-image-caption=\"&lt;p&gt;Al\u00e9sia &#8211; Alise-Sainte-Reine &#8211; Vercing\u00e9torix&lt;\/p&gt;\n\" data-medium-file=\"https:\/\/i0.wp.com\/voyages-en-france.fr\/wp-content\/uploads\/2019\/10\/P1810367-35pc.jpg?fit=300%2C225&amp;ssl=1\" data-large-file=\"https:\/\/i0.wp.com\/voyages-en-france.fr\/wp-content\/uploads\/2019\/10\/P1810367-35pc.jpg?fit=1024%2C768&amp;ssl=1\" class=\"size-large wp-image-1730\" src=\"https:\/\/i0.wp.com\/voyages-en-france.fr\/wp-content\/uploads\/2019\/10\/P1810367-35pc.jpg?resize=1024%2C768&#038;ssl=1\" alt=\"Al\u00e9sia - Alise-Sainte-Reine - Vercing\u00e9torix\" width=\"1024\" height=\"768\" srcset=\"https:\/\/i0.wp.com\/voyages-en-france.fr\/wp-content\/uploads\/2019\/10\/P1810367-35pc.jpg?resize=1024%2C768&amp;ssl=1 1024w, https:\/\/i0.wp.com\/voyages-en-france.fr\/wp-content\/uploads\/2019\/10\/P1810367-35pc.jpg?resize=300%2C225&amp;ssl=1 300w, https:\/\/i0.wp.com\/voyages-en-france.fr\/wp-content\/uploads\/2019\/10\/P1810367-35pc.jpg?resize=768%2C576&amp;ssl=1 768w, https:\/\/i0.wp.com\/voyages-en-france.fr\/wp-content\/uploads\/2019\/10\/P1810367-35pc.jpg?resize=1200%2C900&amp;ssl=1 1200w, https:\/\/i0.wp.com\/voyages-en-france.fr\/wp-content\/uploads\/2019\/10\/P1810367-35pc.jpg?w=1204&amp;ssl=1 1204w\" sizes=\"auto, (max-width: 1024px) 100vw, 1024px\" \/><figcaption id=\"caption-attachment-1730\" class=\"wp-caption-text\">Al\u00e9sia &#8211; Alise-Sainte-Reine &#8211; Vercing\u00e9torix<\/figcaption><\/figure>\n<h2>Le si\u00e8ge d&rsquo;Al\u00e9sia n\u00e9cessite des constructions<\/h2>\n<p>Deux lignes de fortifications sont construites :<\/p>\n<p>1 &#8211; La <strong>contrevallation<\/strong>, est \u00e9difi\u00e9e pour emp\u00eacher les sorties des assi\u00e9g\u00e9s (longueur 14 km). Le syst\u00e8me de fortification est constitu\u00e9 d&rsquo;un foss\u00e9 de 4,50 m de largeur et de m\u00eame profondeur qui se remplit d&rsquo;eau dans l&rsquo;heure suivant son terrassement, du fait de la nature semi-mar\u00e9cageuse du site (vallum). La terre pr\u00e9lev\u00e9e sert \u00e0 construire un remblai (agger) de 3,50 m de haut. Il est surmont\u00e9 d&rsquo;une palissade avec pieux (pluteus). Des tours sont ajout\u00e9es tous les 24 m. En avant du foss\u00e9 sont enterr\u00e9s des petits pieux \u00e9quip\u00e9s de pointes de fer (stimuli). En avant des stimuli sont dispos\u00e9s sur huit rangs et en quinconce, des trous coniques de 90 cm de profondeur au fond desquels ont \u00e9t\u00e9 cal\u00e9s des pieux ac\u00e9r\u00e9s dissimul\u00e9s par des broussailles : ce sont les lilia. Ensuite vient un second foss\u00e9 de 4,50 m de profondeur et autant de largeur, suivi d&rsquo;un autre foss\u00e9 de 1,50 m de profondeur et 6 m de largeur, combl\u00e9 de troncs dont les branches ont \u00e9t\u00e9 taill\u00e9es de mani\u00e8re \u00e0 former des pointes ac\u00e9r\u00e9es (cippi). Vingt-trois fortins (castella) renforcent cette ligne de d\u00e9fense. Rin n&rsquo;est laiss\u00e9 au hasard!<\/p>\n<p>2 &#8211; Les m\u00eames travaux sont effectu\u00e9s pour une deuxi\u00e8me ligne de d\u00e9fense (longueur\u00a0 21 km), la <strong>circonvallation<\/strong>, tourn\u00e9e vers l&rsquo;ext\u00e9rieur et destin\u00e9e \u00e0 prot\u00e9ger les assaillants d&rsquo;une \u00e9ventuelle arm\u00e9e de secours.<\/p>\n<p>Les l\u00e9gions romaines se tiennent entre les deux lignes de fortifications.<\/p>\n<figure id=\"attachment_1728\" aria-describedby=\"caption-attachment-1728\" style=\"width: 1024px\" class=\"wp-caption aligncenter\"><img data-recalc-dims=\"1\" loading=\"lazy\" decoding=\"async\" data-attachment-id=\"1728\" data-permalink=\"https:\/\/voyages-en-france.fr\/index.php\/2019\/10\/22\/alise-sainte-reine-en-bourgogne-site-du-siege-dalesia\/p1810355-35pc\/\" data-orig-file=\"https:\/\/i0.wp.com\/voyages-en-france.fr\/wp-content\/uploads\/2019\/10\/P1810355-35pc.jpg?fit=1204%2C903&amp;ssl=1\" data-orig-size=\"1204,903\" data-comments-opened=\"1\" data-image-meta=\"{&quot;aperture&quot;:&quot;2.8&quot;,&quot;credit&quot;:&quot;&quot;,&quot;camera&quot;:&quot;DMC-FZ28&quot;,&quot;caption&quot;:&quot;&quot;,&quot;created_timestamp&quot;:&quot;1509640690&quot;,&quot;copyright&quot;:&quot;&quot;,&quot;focal_length&quot;:&quot;4.8&quot;,&quot;iso&quot;:&quot;250&quot;,&quot;shutter_speed&quot;:&quot;0.033333333333333&quot;,&quot;title&quot;:&quot;&quot;,&quot;orientation&quot;:&quot;1&quot;}\" data-image-title=\"P1810355 [35pc]\" data-image-description=\"&lt;p&gt;Al\u00e9sia &#8211; Alise-Sainte-Reine &#8211; plan des fortifications de C\u00e9sar&lt;\/p&gt;\n\" data-image-caption=\"&lt;p&gt;Al\u00e9sia &#8211; Alise-Sainte-Reine &#8211; plan des fortifications de C\u00e9sar&lt;\/p&gt;\n\" data-medium-file=\"https:\/\/i0.wp.com\/voyages-en-france.fr\/wp-content\/uploads\/2019\/10\/P1810355-35pc.jpg?fit=300%2C225&amp;ssl=1\" data-large-file=\"https:\/\/i0.wp.com\/voyages-en-france.fr\/wp-content\/uploads\/2019\/10\/P1810355-35pc.jpg?fit=1024%2C768&amp;ssl=1\" class=\"size-large wp-image-1728\" src=\"https:\/\/i0.wp.com\/voyages-en-france.fr\/wp-content\/uploads\/2019\/10\/P1810355-35pc.jpg?resize=1024%2C768&#038;ssl=1\" alt=\"Al\u00e9sia - Alise-Sainte-Reine - plan des fortifications de C\u00e9sar\" width=\"1024\" height=\"768\" srcset=\"https:\/\/i0.wp.com\/voyages-en-france.fr\/wp-content\/uploads\/2019\/10\/P1810355-35pc.jpg?resize=1024%2C768&amp;ssl=1 1024w, https:\/\/i0.wp.com\/voyages-en-france.fr\/wp-content\/uploads\/2019\/10\/P1810355-35pc.jpg?resize=300%2C225&amp;ssl=1 300w, https:\/\/i0.wp.com\/voyages-en-france.fr\/wp-content\/uploads\/2019\/10\/P1810355-35pc.jpg?resize=768%2C576&amp;ssl=1 768w, https:\/\/i0.wp.com\/voyages-en-france.fr\/wp-content\/uploads\/2019\/10\/P1810355-35pc.jpg?resize=1200%2C900&amp;ssl=1 1200w, https:\/\/i0.wp.com\/voyages-en-france.fr\/wp-content\/uploads\/2019\/10\/P1810355-35pc.jpg?w=1204&amp;ssl=1 1204w\" sizes=\"auto, (max-width: 1024px) 100vw, 1024px\" \/><figcaption id=\"caption-attachment-1728\" class=\"wp-caption-text\">Al\u00e9sia &#8211; Alise-Sainte-Reine &#8211; plan des fortifications de C\u00e9sar<\/figcaption><\/figure>\n<h2>La d\u00e9faite des gaulois<\/h2>\n<p>L&rsquo;arm\u00e9e de secours arrive devant Al\u00e9sia peut-\u00eatre fin septembre. Elle est command\u00e9e conjointement par Commios, le roi des Atr\u00e9bates, Vercassivellaunos, le cousin de Vercing\u00e9torix. Elle est forte, selon C\u00e9sar, \u00ab d&rsquo;environ 240 000 \u00bb fantassins et de 8 000 cavaliers. La concentration d\u2019hommes r\u00e9unis dans cet affrontement d\u00e9cisif est extraordinaire : environ 400 000 combattants sont en pr\u00e9sence, auxquels s\u2019ajoutent la masse des civils emmen\u00e9s avec les arm\u00e9es, les serviteurs et esclaves de l\u2019arm\u00e9e romaine.<\/p>\n<p>1 &#8211; Les troupes gauloises se postent sur une colline \u00e0 mille pas des fortifications. La cavalerie gauloise passe \u00e0 l&rsquo;attaque. Mais l&rsquo;infanterie romaine a pris position sur les lignes de circonvallation et contrevallation. Jules C\u00e9sar envoie sa cavalerie et repousse l&rsquo;attaque.<\/p>\n<p>2 -Les gaulois fabriquent ensuite des passerelles pour passer les fortifications mais sans succ\u00e8s.<\/p>\n<p>3 &#8211; Apr\u00e8s des 2 \u00e9checs, une troupe d&rsquo;\u00e9lite de 60 000 hommes est constitu\u00e9e sous le commandement de Vercassivellaunos. Apr\u00e8s une longue marche de nuit et une matin\u00e9e de repos, Vercassivellaunos attaque le camp sup\u00e9rieur depuis la montagne nord &#8211; endroit le plus escarp\u00e9. Cette attaque est dat\u00e9e du 26 septembre 52 av. J.-C.\u00a0 en raison de sa lune pleine, qui aurait permis \u00e0 C\u00e9sar de lancer sa cavalerie apr\u00e8s la bataille \u00e0 la poursuite de l&rsquo;arm\u00e9e en fuite.\u00a0 En m\u00eame temps, la cavalerie gauloise s\u2019approche des fortifications de la plaine et le reste des troupes se d\u00e9ploie en avant du camp gaulois. Vercing\u00e9torix sort de la ville avec tout son mat\u00e9riel d&rsquo;assaut. Les Romains attaqu\u00e9s de toute part commencent \u00e0 c\u00e9der.<\/p>\n<p>4 &#8211; Se voyant en difficult\u00e9, C\u00e9sar envoie alors sa cavalerie qui contourne les gaulois pour les prendre \u00e0 revers. C&rsquo;est un massacre et Vercing\u00e9torix ordonne le repli des gaulois<\/p>\n<p>5 &#8211; Enfin, le lendemain <a href=\"https:\/\/voyages-en-france.fr\/index.php\/tag\/vercingetorix\/\">Vercing\u00e9torix<\/a> d\u00e9cide de se rendre.<\/p>\n<figure id=\"attachment_1729\" aria-describedby=\"caption-attachment-1729\" style=\"width: 768px\" class=\"wp-caption aligncenter\"><img data-recalc-dims=\"1\" loading=\"lazy\" decoding=\"async\" data-attachment-id=\"1729\" data-permalink=\"https:\/\/voyages-en-france.fr\/index.php\/2019\/10\/22\/alise-sainte-reine-en-bourgogne-site-du-siege-dalesia\/p1810365-35pc\/\" data-orig-file=\"https:\/\/i0.wp.com\/voyages-en-france.fr\/wp-content\/uploads\/2019\/10\/P1810365-35pc.jpg?fit=903%2C1204&amp;ssl=1\" data-orig-size=\"903,1204\" data-comments-opened=\"1\" data-image-meta=\"{&quot;aperture&quot;:&quot;5.6&quot;,&quot;credit&quot;:&quot;&quot;,&quot;camera&quot;:&quot;DMC-FZ28&quot;,&quot;caption&quot;:&quot;&quot;,&quot;created_timestamp&quot;:&quot;1509641643&quot;,&quot;copyright&quot;:&quot;&quot;,&quot;focal_length&quot;:&quot;43.3&quot;,&quot;iso&quot;:&quot;100&quot;,&quot;shutter_speed&quot;:&quot;0.004&quot;,&quot;title&quot;:&quot;&quot;,&quot;orientation&quot;:&quot;1&quot;}\" data-image-title=\"P1810365 [35pc]\" data-image-description=\"&lt;p&gt;Al\u00e9sia &#8211; Alise-Sainte-Reine &#8211; Vercing\u00e9torix&lt;\/p&gt;\n\" data-image-caption=\"&lt;p&gt;Al\u00e9sia &#8211; Alise-Sainte-Reine &#8211; Vercing\u00e9torix&lt;\/p&gt;\n\" data-medium-file=\"https:\/\/i0.wp.com\/voyages-en-france.fr\/wp-content\/uploads\/2019\/10\/P1810365-35pc.jpg?fit=225%2C300&amp;ssl=1\" data-large-file=\"https:\/\/i0.wp.com\/voyages-en-france.fr\/wp-content\/uploads\/2019\/10\/P1810365-35pc.jpg?fit=768%2C1024&amp;ssl=1\" class=\"size-large wp-image-1729\" src=\"https:\/\/i0.wp.com\/voyages-en-france.fr\/wp-content\/uploads\/2019\/10\/P1810365-35pc.jpg?resize=768%2C1024&#038;ssl=1\" alt=\"Al\u00e9sia - Alise-Sainte-Reine - Vercing\u00e9torix\" width=\"768\" height=\"1024\" srcset=\"https:\/\/i0.wp.com\/voyages-en-france.fr\/wp-content\/uploads\/2019\/10\/P1810365-35pc.jpg?resize=768%2C1024&amp;ssl=1 768w, https:\/\/i0.wp.com\/voyages-en-france.fr\/wp-content\/uploads\/2019\/10\/P1810365-35pc.jpg?resize=225%2C300&amp;ssl=1 225w, https:\/\/i0.wp.com\/voyages-en-france.fr\/wp-content\/uploads\/2019\/10\/P1810365-35pc.jpg?w=903&amp;ssl=1 903w\" sizes=\"auto, (max-width: 768px) 100vw, 768px\" \/><figcaption id=\"caption-attachment-1729\" class=\"wp-caption-text\">Al\u00e9sia &#8211; Alise-Sainte-Reine &#8211; Vercing\u00e9torix<\/figcaption><\/figure>\n<figure id=\"attachment_2627\" aria-describedby=\"caption-attachment-2627\" style=\"width: 1024px\" class=\"wp-caption aligncenter\"><img data-recalc-dims=\"1\" loading=\"lazy\" decoding=\"async\" data-attachment-id=\"2627\" data-permalink=\"https:\/\/voyages-en-france.fr\/index.php\/2019\/10\/22\/alise-sainte-reine-en-bourgogne-site-du-siege-dalesia\/p1800778\/\" data-orig-file=\"https:\/\/i0.wp.com\/voyages-en-france.fr\/wp-content\/uploads\/2022\/11\/P1800778-scaled.jpg?fit=2560%2C1920&amp;ssl=1\" data-orig-size=\"2560,1920\" data-comments-opened=\"1\" data-image-meta=\"{&quot;aperture&quot;:&quot;3.4&quot;,&quot;credit&quot;:&quot;&quot;,&quot;camera&quot;:&quot;DMC-FZ28&quot;,&quot;caption&quot;:&quot;&quot;,&quot;created_timestamp&quot;:&quot;1509473745&quot;,&quot;copyright&quot;:&quot;&quot;,&quot;focal_length&quot;:&quot;14.4&quot;,&quot;iso&quot;:&quot;250&quot;,&quot;shutter_speed&quot;:&quot;0.025&quot;,&quot;title&quot;:&quot;&quot;,&quot;orientation&quot;:&quot;1&quot;}\" data-image-title=\"P1800778\" data-image-description=\"&lt;p&gt;Al\u00e9sia &#8211; Alise Sainte Reine&lt;\/p&gt;\n\" data-image-caption=\"&lt;p&gt;Al\u00e9sia &#8211; Alise Sainte Reine&lt;\/p&gt;\n\" data-medium-file=\"https:\/\/i0.wp.com\/voyages-en-france.fr\/wp-content\/uploads\/2022\/11\/P1800778-scaled.jpg?fit=300%2C225&amp;ssl=1\" data-large-file=\"https:\/\/i0.wp.com\/voyages-en-france.fr\/wp-content\/uploads\/2022\/11\/P1800778-scaled.jpg?fit=1024%2C768&amp;ssl=1\" class=\"size-large wp-image-2627\" src=\"https:\/\/i0.wp.com\/voyages-en-france.fr\/wp-content\/uploads\/2022\/11\/P1800778.jpg?resize=1024%2C768&#038;ssl=1\" alt=\"Al\u00e9sia - Alise Sainte Reine\" width=\"1024\" height=\"768\" srcset=\"https:\/\/i0.wp.com\/voyages-en-france.fr\/wp-content\/uploads\/2022\/11\/P1800778-scaled.jpg?resize=1024%2C768&amp;ssl=1 1024w, https:\/\/i0.wp.com\/voyages-en-france.fr\/wp-content\/uploads\/2022\/11\/P1800778-scaled.jpg?resize=300%2C225&amp;ssl=1 300w, https:\/\/i0.wp.com\/voyages-en-france.fr\/wp-content\/uploads\/2022\/11\/P1800778-scaled.jpg?resize=768%2C576&amp;ssl=1 768w, https:\/\/i0.wp.com\/voyages-en-france.fr\/wp-content\/uploads\/2022\/11\/P1800778-scaled.jpg?resize=1536%2C1152&amp;ssl=1 1536w, https:\/\/i0.wp.com\/voyages-en-france.fr\/wp-content\/uploads\/2022\/11\/P1800778-scaled.jpg?resize=2048%2C1536&amp;ssl=1 2048w, https:\/\/i0.wp.com\/voyages-en-france.fr\/wp-content\/uploads\/2022\/11\/P1800778-scaled.jpg?resize=1200%2C900&amp;ssl=1 1200w, https:\/\/i0.wp.com\/voyages-en-france.fr\/wp-content\/uploads\/2022\/11\/P1800778-scaled.jpg?w=2400&amp;ssl=1 2400w\" sizes=\"auto, (max-width: 1024px) 100vw, 1024px\" \/><figcaption id=\"caption-attachment-2627\" class=\"wp-caption-text\">Al\u00e9sia &#8211; Alise Sainte Reine<\/figcaption><\/figure>\n<span>","protected":false},"excerpt":{"rendered":"<p class=\"excerpt\"><span itemprop=\"description\">Alise-Sainte-Reine Alise-Sainte-Reine est une commune fran\u00e7aise situ\u00e9e au centre du d\u00e9partement de la C\u00f4te-d&rsquo;Or en r\u00e9gion Bourgogne-Franche-Comt\u00e9, principalement connue pour avoir \u00e9t\u00e9 le si\u00e8ge de la bataille d&rsquo;Al\u00e9sia. Sur place on peut visiter :\u00a0 dans la plaine, le Mus\u00e9oParc qui&hellip;<\/span><\/p>\n<p class=\"more-link-p btn-align-right\"><a class=\"blue zoom-btn\" href=\"https:\/\/voyages-en-france.fr\/index.php\/2019\/10\/22\/alise-sainte-reine-en-bourgogne-site-du-siege-dalesia\/\">Lire la suite<\/a><\/p>\n","protected":false},"author":1,"featured_media":1724,"comment_status":"open","ping_status":"open","sticky":false,"template":"","format":"standard","meta":{"pgc_sgb_lightbox_settings":"","jetpack_post_was_ever_published":false,"_bos_mb_destination":[""],"_jetpack_newsletter_access":"","_jetpack_dont_email_post_to_subs":false,"_jetpack_newsletter_tier_id":0,"_jetpack_memberships_contains_paywalled_content":false,"_jetpack_memberships_contains_paid_content":false,"footnotes":"","jetpack_publicize_message":"","jetpack_publicize_feature_enabled":true,"jetpack_social_post_already_shared":true,"jetpack_social_options":{"image_generator_settings":{"template":"highway","default_image_id":0,"font":"","enabled":false},"version":2}},"categories":[232,229,12],"tags":[115,267,268,58,407,114,87,269,88],"class_list":["post-1721","post","type-post","status-publish","format-standard","has-post-thumbnail","hentry","category-fort","category-musee","category-site-naturel","tag-115","tag-alesia","tag-alise-sainte-reine","tag-bourgogne","tag-cesar","tag-cote-dor","tag-jules-cesar","tag-mont-auxois","tag-vercingetorix","zoom-theme-has-thumb"],"yoast_head":"<!-- This site is optimized with the Yoast SEO plugin v27.1.1 - https:\/\/yoast.com\/product\/yoast-seo-wordpress\/ -->\n<title>Alise-Sainte-Reine en Bourgogne site du si\u00e8ge d&#039;Al\u00e9sia<\/title>\n<meta name=\"description\" content=\"Alise-Sainte-Reine en Bourgogne site du si\u00e8ge d&#039;Al\u00e9sia La bataille d\u00e9cisive entre Romains et Gaulois a eu lieu \u00e0 cet endroit!\" \/>\n<meta name=\"robots\" content=\"index, follow, max-snippet:-1, max-image-preview:large, max-video-preview:-1\" \/>\n<link rel=\"canonical\" href=\"https:\/\/voyages-en-france.fr\/index.php\/2019\/10\/22\/alise-sainte-reine-en-bourgogne-site-du-siege-dalesia\/\" \/>\n<meta property=\"og:locale\" content=\"fr_FR\" \/>\n<meta property=\"og:type\" content=\"article\" \/>\n<meta property=\"og:title\" content=\"Alise-Sainte-Reine en Bourgogne site du si\u00e8ge d&#039;Al\u00e9sia\" \/>\n<meta property=\"og:description\" content=\"Alise-Sainte-Reine en Bourgogne site du si\u00e8ge d&#039;Al\u00e9sia La bataille d\u00e9cisive entre Romains et Gaulois a eu lieu \u00e0 cet endroit!\" \/>\n<meta property=\"og:url\" content=\"https:\/\/voyages-en-france.fr\/index.php\/2019\/10\/22\/alise-sainte-reine-en-bourgogne-site-du-siege-dalesia\/\" \/>\n<meta property=\"og:site_name\" content=\"Voyages-en-France.fr\" \/>\n<meta property=\"article:publisher\" content=\"https:\/\/www.facebook.com\/voyages.au.coeur.de.la.france\/\" \/>\n<meta property=\"article:author\" content=\"https:\/\/www.facebook.com\/voyages.au.coeur.de.la.france\/\" \/>\n<meta property=\"article:published_time\" content=\"2019-10-21T22:24:26+00:00\" \/>\n<meta property=\"article:modified_time\" content=\"2024-05-09T20:50:08+00:00\" \/>\n<meta property=\"og:image\" content=\"https:\/\/voyages-en-france.fr\/wp-content\/uploads\/2019\/10\/P1800763-35pc.jpg\" \/>\n\t<meta property=\"og:image:width\" content=\"1204\" \/>\n\t<meta property=\"og:image:height\" content=\"903\" \/>\n\t<meta property=\"og:image:type\" content=\"image\/jpeg\" \/>\n<meta name=\"author\" content=\"Christophe\" \/>\n<meta name=\"twitter:card\" content=\"summary_large_image\" \/>\n<meta name=\"twitter:creator\" content=\"@Voyages_France\" \/>\n<meta name=\"twitter:site\" content=\"@Voyages_France\" \/>\n<meta name=\"twitter:label1\" content=\"\u00c9crit par\" \/>\n\t<meta name=\"twitter:data1\" content=\"Christophe\" \/>\n\t<meta name=\"twitter:label2\" content=\"Dur\u00e9e de lecture estim\u00e9e\" \/>\n\t<meta name=\"twitter:data2\" content=\"7 minutes\" \/>\n<script type=\"application\/ld+json\" class=\"yoast-schema-graph\">{\"@context\":\"https:\/\/schema.org\",\"@graph\":[{\"@type\":\"Article\",\"@id\":\"https:\/\/voyages-en-france.fr\/index.php\/2019\/10\/22\/alise-sainte-reine-en-bourgogne-site-du-siege-dalesia\/#article\",\"isPartOf\":{\"@id\":\"https:\/\/voyages-en-france.fr\/index.php\/2019\/10\/22\/alise-sainte-reine-en-bourgogne-site-du-siege-dalesia\/\"},\"author\":{\"name\":\"Christophe\",\"@id\":\"https:\/\/voyages-en-france.fr\/#\/schema\/person\/611a624b57cd68dd2e4c3f7d385420e2\"},\"headline\":\"Alise-Sainte-Reine en Bourgogne site du si\u00e8ge d&rsquo;Al\u00e9sia\",\"datePublished\":\"2019-10-21T22:24:26+00:00\",\"dateModified\":\"2024-05-09T20:50:08+00:00\",\"mainEntityOfPage\":{\"@id\":\"https:\/\/voyages-en-france.fr\/index.php\/2019\/10\/22\/alise-sainte-reine-en-bourgogne-site-du-siege-dalesia\/\"},\"wordCount\":1211,\"commentCount\":0,\"publisher\":{\"@id\":\"https:\/\/voyages-en-france.fr\/#\/schema\/person\/611a624b57cd68dd2e4c3f7d385420e2\"},\"image\":{\"@id\":\"https:\/\/voyages-en-france.fr\/index.php\/2019\/10\/22\/alise-sainte-reine-en-bourgogne-site-du-siege-dalesia\/#primaryimage\"},\"thumbnailUrl\":\"https:\/\/i0.wp.com\/voyages-en-france.fr\/wp-content\/uploads\/2019\/10\/P1800763-35pc.jpg?fit=1204%2C903&ssl=1\",\"keywords\":[\"21\",\"Al\u00e9sia\",\"Alise-Sainte-Reine\",\"Bourgogne\",\"C\u00e9sar\",\"C\u00f4te d'Or\",\"Jules C\u00e9sar\",\"Mont Auxois\",\"Vercing\u00e9torix\"],\"articleSection\":[\"fort\",\"mus\u00e9e\",\"Site naturel\"],\"inLanguage\":\"fr-FR\",\"potentialAction\":[{\"@type\":\"CommentAction\",\"name\":\"Comment\",\"target\":[\"https:\/\/voyages-en-france.fr\/index.php\/2019\/10\/22\/alise-sainte-reine-en-bourgogne-site-du-siege-dalesia\/#respond\"]}]},{\"@type\":\"WebPage\",\"@id\":\"https:\/\/voyages-en-france.fr\/index.php\/2019\/10\/22\/alise-sainte-reine-en-bourgogne-site-du-siege-dalesia\/\",\"url\":\"https:\/\/voyages-en-france.fr\/index.php\/2019\/10\/22\/alise-sainte-reine-en-bourgogne-site-du-siege-dalesia\/\",\"name\":\"Alise-Sainte-Reine en Bourgogne site du si\u00e8ge d'Al\u00e9sia\",\"isPartOf\":{\"@id\":\"https:\/\/voyages-en-france.fr\/#website\"},\"primaryImageOfPage\":{\"@id\":\"https:\/\/voyages-en-france.fr\/index.php\/2019\/10\/22\/alise-sainte-reine-en-bourgogne-site-du-siege-dalesia\/#primaryimage\"},\"image\":{\"@id\":\"https:\/\/voyages-en-france.fr\/index.php\/2019\/10\/22\/alise-sainte-reine-en-bourgogne-site-du-siege-dalesia\/#primaryimage\"},\"thumbnailUrl\":\"https:\/\/i0.wp.com\/voyages-en-france.fr\/wp-content\/uploads\/2019\/10\/P1800763-35pc.jpg?fit=1204%2C903&ssl=1\",\"datePublished\":\"2019-10-21T22:24:26+00:00\",\"dateModified\":\"2024-05-09T20:50:08+00:00\",\"description\":\"Alise-Sainte-Reine en Bourgogne site du si\u00e8ge d'Al\u00e9sia La bataille d\u00e9cisive entre Romains et Gaulois a eu lieu \u00e0 cet endroit!\",\"breadcrumb\":{\"@id\":\"https:\/\/voyages-en-france.fr\/index.php\/2019\/10\/22\/alise-sainte-reine-en-bourgogne-site-du-siege-dalesia\/#breadcrumb\"},\"inLanguage\":\"fr-FR\",\"potentialAction\":[{\"@type\":\"ReadAction\",\"target\":[\"https:\/\/voyages-en-france.fr\/index.php\/2019\/10\/22\/alise-sainte-reine-en-bourgogne-site-du-siege-dalesia\/\"]}]},{\"@type\":\"ImageObject\",\"inLanguage\":\"fr-FR\",\"@id\":\"https:\/\/voyages-en-france.fr\/index.php\/2019\/10\/22\/alise-sainte-reine-en-bourgogne-site-du-siege-dalesia\/#primaryimage\",\"url\":\"https:\/\/i0.wp.com\/voyages-en-france.fr\/wp-content\/uploads\/2019\/10\/P1800763-35pc.jpg?fit=1204%2C903&ssl=1\",\"contentUrl\":\"https:\/\/i0.wp.com\/voyages-en-france.fr\/wp-content\/uploads\/2019\/10\/P1800763-35pc.jpg?fit=1204%2C903&ssl=1\",\"width\":1204,\"height\":903,\"caption\":\"Al\u00e9sia - Alise-Sainte-Reine - Mus\u00e9oParc\"},{\"@type\":\"BreadcrumbList\",\"@id\":\"https:\/\/voyages-en-france.fr\/index.php\/2019\/10\/22\/alise-sainte-reine-en-bourgogne-site-du-siege-dalesia\/#breadcrumb\",\"itemListElement\":[{\"@type\":\"ListItem\",\"position\":1,\"name\":\"Accueil\",\"item\":\"https:\/\/voyages-en-france.fr\/\"},{\"@type\":\"ListItem\",\"position\":2,\"name\":\"Alise-Sainte-Reine en Bourgogne site du si\u00e8ge d&rsquo;Al\u00e9sia\"}]},{\"@type\":\"WebSite\",\"@id\":\"https:\/\/voyages-en-france.fr\/#website\",\"url\":\"https:\/\/voyages-en-france.fr\/\",\"name\":\"Voyages-en-France.fr\",\"description\":\"D\u00e9couvrir la France, son patrimoine, ses richesses naturelles, son histoire...\",\"publisher\":{\"@id\":\"https:\/\/voyages-en-france.fr\/#\/schema\/person\/611a624b57cd68dd2e4c3f7d385420e2\"},\"potentialAction\":[{\"@type\":\"SearchAction\",\"target\":{\"@type\":\"EntryPoint\",\"urlTemplate\":\"https:\/\/voyages-en-france.fr\/?s={search_term_string}\"},\"query-input\":{\"@type\":\"PropertyValueSpecification\",\"valueRequired\":true,\"valueName\":\"search_term_string\"}}],\"inLanguage\":\"fr-FR\"},{\"@type\":[\"Person\",\"Organization\"],\"@id\":\"https:\/\/voyages-en-france.fr\/#\/schema\/person\/611a624b57cd68dd2e4c3f7d385420e2\",\"name\":\"Christophe\",\"image\":{\"@type\":\"ImageObject\",\"inLanguage\":\"fr-FR\",\"@id\":\"https:\/\/voyages-en-france.fr\/#\/schema\/person\/image\/\",\"url\":\"https:\/\/i0.wp.com\/voyages-en-france.fr\/wp-content\/uploads\/2017\/11\/cropped-FRANCE-1.jpg?fit=324%2C324&ssl=1\",\"contentUrl\":\"https:\/\/i0.wp.com\/voyages-en-france.fr\/wp-content\/uploads\/2017\/11\/cropped-FRANCE-1.jpg?fit=324%2C324&ssl=1\",\"width\":324,\"height\":324,\"caption\":\"Christophe\"},\"logo\":{\"@id\":\"https:\/\/voyages-en-france.fr\/#\/schema\/person\/image\/\"},\"sameAs\":[\"http:\/\/voyages-en-france.fr\/\",\"https:\/\/www.facebook.com\/voyages.au.coeur.de.la.france\/\",\"https:\/\/www.instagram.com\/voyages_en_france\/\",\"https:\/\/x.com\/Voyages_France\"]}]}<\/script>\n<!-- \/ Yoast SEO plugin. -->","yoast_head_json":{"title":"Alise-Sainte-Reine en Bourgogne site du si\u00e8ge d'Al\u00e9sia","description":"Alise-Sainte-Reine en Bourgogne site du si\u00e8ge d'Al\u00e9sia La bataille d\u00e9cisive entre Romains et Gaulois a eu lieu \u00e0 cet endroit!","robots":{"index":"index","follow":"follow","max-snippet":"max-snippet:-1","max-image-preview":"max-image-preview:large","max-video-preview":"max-video-preview:-1"},"canonical":"https:\/\/voyages-en-france.fr\/index.php\/2019\/10\/22\/alise-sainte-reine-en-bourgogne-site-du-siege-dalesia\/","og_locale":"fr_FR","og_type":"article","og_title":"Alise-Sainte-Reine en Bourgogne site du si\u00e8ge d'Al\u00e9sia","og_description":"Alise-Sainte-Reine en Bourgogne site du si\u00e8ge d'Al\u00e9sia La bataille d\u00e9cisive entre Romains et Gaulois a eu lieu \u00e0 cet endroit!","og_url":"https:\/\/voyages-en-france.fr\/index.php\/2019\/10\/22\/alise-sainte-reine-en-bourgogne-site-du-siege-dalesia\/","og_site_name":"Voyages-en-France.fr","article_publisher":"https:\/\/www.facebook.com\/voyages.au.coeur.de.la.france\/","article_author":"https:\/\/www.facebook.com\/voyages.au.coeur.de.la.france\/","article_published_time":"2019-10-21T22:24:26+00:00","article_modified_time":"2024-05-09T20:50:08+00:00","og_image":[{"width":1204,"height":903,"url":"https:\/\/voyages-en-france.fr\/wp-content\/uploads\/2019\/10\/P1800763-35pc.jpg","type":"image\/jpeg"}],"author":"Christophe","twitter_card":"summary_large_image","twitter_creator":"@Voyages_France","twitter_site":"@Voyages_France","twitter_misc":{"\u00c9crit par":"Christophe","Dur\u00e9e de lecture estim\u00e9e":"7 minutes"},"schema":{"@context":"https:\/\/schema.org","@graph":[{"@type":"Article","@id":"https:\/\/voyages-en-france.fr\/index.php\/2019\/10\/22\/alise-sainte-reine-en-bourgogne-site-du-siege-dalesia\/#article","isPartOf":{"@id":"https:\/\/voyages-en-france.fr\/index.php\/2019\/10\/22\/alise-sainte-reine-en-bourgogne-site-du-siege-dalesia\/"},"author":{"name":"Christophe","@id":"https:\/\/voyages-en-france.fr\/#\/schema\/person\/611a624b57cd68dd2e4c3f7d385420e2"},"headline":"Alise-Sainte-Reine en Bourgogne site du si\u00e8ge d&rsquo;Al\u00e9sia","datePublished":"2019-10-21T22:24:26+00:00","dateModified":"2024-05-09T20:50:08+00:00","mainEntityOfPage":{"@id":"https:\/\/voyages-en-france.fr\/index.php\/2019\/10\/22\/alise-sainte-reine-en-bourgogne-site-du-siege-dalesia\/"},"wordCount":1211,"commentCount":0,"publisher":{"@id":"https:\/\/voyages-en-france.fr\/#\/schema\/person\/611a624b57cd68dd2e4c3f7d385420e2"},"image":{"@id":"https:\/\/voyages-en-france.fr\/index.php\/2019\/10\/22\/alise-sainte-reine-en-bourgogne-site-du-siege-dalesia\/#primaryimage"},"thumbnailUrl":"https:\/\/i0.wp.com\/voyages-en-france.fr\/wp-content\/uploads\/2019\/10\/P1800763-35pc.jpg?fit=1204%2C903&ssl=1","keywords":["21","Al\u00e9sia","Alise-Sainte-Reine","Bourgogne","C\u00e9sar","C\u00f4te d'Or","Jules C\u00e9sar","Mont Auxois","Vercing\u00e9torix"],"articleSection":["fort","mus\u00e9e","Site naturel"],"inLanguage":"fr-FR","potentialAction":[{"@type":"CommentAction","name":"Comment","target":["https:\/\/voyages-en-france.fr\/index.php\/2019\/10\/22\/alise-sainte-reine-en-bourgogne-site-du-siege-dalesia\/#respond"]}]},{"@type":"WebPage","@id":"https:\/\/voyages-en-france.fr\/index.php\/2019\/10\/22\/alise-sainte-reine-en-bourgogne-site-du-siege-dalesia\/","url":"https:\/\/voyages-en-france.fr\/index.php\/2019\/10\/22\/alise-sainte-reine-en-bourgogne-site-du-siege-dalesia\/","name":"Alise-Sainte-Reine en Bourgogne site du si\u00e8ge d'Al\u00e9sia","isPartOf":{"@id":"https:\/\/voyages-en-france.fr\/#website"},"primaryImageOfPage":{"@id":"https:\/\/voyages-en-france.fr\/index.php\/2019\/10\/22\/alise-sainte-reine-en-bourgogne-site-du-siege-dalesia\/#primaryimage"},"image":{"@id":"https:\/\/voyages-en-france.fr\/index.php\/2019\/10\/22\/alise-sainte-reine-en-bourgogne-site-du-siege-dalesia\/#primaryimage"},"thumbnailUrl":"https:\/\/i0.wp.com\/voyages-en-france.fr\/wp-content\/uploads\/2019\/10\/P1800763-35pc.jpg?fit=1204%2C903&ssl=1","datePublished":"2019-10-21T22:24:26+00:00","dateModified":"2024-05-09T20:50:08+00:00","description":"Alise-Sainte-Reine en Bourgogne site du si\u00e8ge d'Al\u00e9sia La bataille d\u00e9cisive entre Romains et Gaulois a eu lieu \u00e0 cet endroit!","breadcrumb":{"@id":"https:\/\/voyages-en-france.fr\/index.php\/2019\/10\/22\/alise-sainte-reine-en-bourgogne-site-du-siege-dalesia\/#breadcrumb"},"inLanguage":"fr-FR","potentialAction":[{"@type":"ReadAction","target":["https:\/\/voyages-en-france.fr\/index.php\/2019\/10\/22\/alise-sainte-reine-en-bourgogne-site-du-siege-dalesia\/"]}]},{"@type":"ImageObject","inLanguage":"fr-FR","@id":"https:\/\/voyages-en-france.fr\/index.php\/2019\/10\/22\/alise-sainte-reine-en-bourgogne-site-du-siege-dalesia\/#primaryimage","url":"https:\/\/i0.wp.com\/voyages-en-france.fr\/wp-content\/uploads\/2019\/10\/P1800763-35pc.jpg?fit=1204%2C903&ssl=1","contentUrl":"https:\/\/i0.wp.com\/voyages-en-france.fr\/wp-content\/uploads\/2019\/10\/P1800763-35pc.jpg?fit=1204%2C903&ssl=1","width":1204,"height":903,"caption":"Al\u00e9sia - Alise-Sainte-Reine - Mus\u00e9oParc"},{"@type":"BreadcrumbList","@id":"https:\/\/voyages-en-france.fr\/index.php\/2019\/10\/22\/alise-sainte-reine-en-bourgogne-site-du-siege-dalesia\/#breadcrumb","itemListElement":[{"@type":"ListItem","position":1,"name":"Accueil","item":"https:\/\/voyages-en-france.fr\/"},{"@type":"ListItem","position":2,"name":"Alise-Sainte-Reine en Bourgogne site du si\u00e8ge d&rsquo;Al\u00e9sia"}]},{"@type":"WebSite","@id":"https:\/\/voyages-en-france.fr\/#website","url":"https:\/\/voyages-en-france.fr\/","name":"Voyages-en-France.fr","description":"D\u00e9couvrir la France, son patrimoine, ses richesses naturelles, son histoire...","publisher":{"@id":"https:\/\/voyages-en-france.fr\/#\/schema\/person\/611a624b57cd68dd2e4c3f7d385420e2"},"potentialAction":[{"@type":"SearchAction","target":{"@type":"EntryPoint","urlTemplate":"https:\/\/voyages-en-france.fr\/?s={search_term_string}"},"query-input":{"@type":"PropertyValueSpecification","valueRequired":true,"valueName":"search_term_string"}}],"inLanguage":"fr-FR"},{"@type":["Person","Organization"],"@id":"https:\/\/voyages-en-france.fr\/#\/schema\/person\/611a624b57cd68dd2e4c3f7d385420e2","name":"Christophe","image":{"@type":"ImageObject","inLanguage":"fr-FR","@id":"https:\/\/voyages-en-france.fr\/#\/schema\/person\/image\/","url":"https:\/\/i0.wp.com\/voyages-en-france.fr\/wp-content\/uploads\/2017\/11\/cropped-FRANCE-1.jpg?fit=324%2C324&ssl=1","contentUrl":"https:\/\/i0.wp.com\/voyages-en-france.fr\/wp-content\/uploads\/2017\/11\/cropped-FRANCE-1.jpg?fit=324%2C324&ssl=1","width":324,"height":324,"caption":"Christophe"},"logo":{"@id":"https:\/\/voyages-en-france.fr\/#\/schema\/person\/image\/"},"sameAs":["http:\/\/voyages-en-france.fr\/","https:\/\/www.facebook.com\/voyages.au.coeur.de.la.france\/","https:\/\/www.instagram.com\/voyages_en_france\/","https:\/\/x.com\/Voyages_France"]}]}},"jetpack_publicize_connections":[],"jetpack_featured_media_url":"https:\/\/i0.wp.com\/voyages-en-france.fr\/wp-content\/uploads\/2019\/10\/P1800763-35pc.jpg?fit=1204%2C903&ssl=1","jetpack_sharing_enabled":true,"jetpack_shortlink":"https:\/\/wp.me\/p9pWxx-rL","jetpack_likes_enabled":true,"_links":{"self":[{"href":"https:\/\/voyages-en-france.fr\/index.php\/wp-json\/wp\/v2\/posts\/1721","targetHints":{"allow":["GET"]}}],"collection":[{"href":"https:\/\/voyages-en-france.fr\/index.php\/wp-json\/wp\/v2\/posts"}],"about":[{"href":"https:\/\/voyages-en-france.fr\/index.php\/wp-json\/wp\/v2\/types\/post"}],"author":[{"embeddable":true,"href":"https:\/\/voyages-en-france.fr\/index.php\/wp-json\/wp\/v2\/users\/1"}],"replies":[{"embeddable":true,"href":"https:\/\/voyages-en-france.fr\/index.php\/wp-json\/wp\/v2\/comments?post=1721"}],"version-history":[{"count":9,"href":"https:\/\/voyages-en-france.fr\/index.php\/wp-json\/wp\/v2\/posts\/1721\/revisions"}],"predecessor-version":[{"id":3089,"href":"https:\/\/voyages-en-france.fr\/index.php\/wp-json\/wp\/v2\/posts\/1721\/revisions\/3089"}],"wp:featuredmedia":[{"embeddable":true,"href":"https:\/\/voyages-en-france.fr\/index.php\/wp-json\/wp\/v2\/media\/1724"}],"wp:attachment":[{"href":"https:\/\/voyages-en-france.fr\/index.php\/wp-json\/wp\/v2\/media?parent=1721"}],"wp:term":[{"taxonomy":"category","embeddable":true,"href":"https:\/\/voyages-en-france.fr\/index.php\/wp-json\/wp\/v2\/categories?post=1721"},{"taxonomy":"post_tag","embeddable":true,"href":"https:\/\/voyages-en-france.fr\/index.php\/wp-json\/wp\/v2\/tags?post=1721"}],"curies":[{"name":"wp","href":"https:\/\/api.w.org\/{rel}","templated":true}]}}