{"id":1670,"date":"2019-08-11T19:11:55","date_gmt":"2019-08-11T17:11:55","guid":{"rendered":"http:\/\/voyages-en-france.fr\/?p=1670"},"modified":"2024-05-05T02:02:07","modified_gmt":"2024-05-05T00:02:07","slug":"carcassonne-cite_fortifiee","status":"publish","type":"post","link":"https:\/\/voyages-en-france.fr\/index.php\/2019\/08\/11\/carcassonne-cite_fortifiee\/","title":{"rendered":"Carcassonne, la cit\u00e9 fortifi\u00e9e class\u00e9e au Patrimoine Mondial"},"content":{"rendered":"<span itemprop=\"description\"><h2>Cit\u00e9 de Carcassonne dans l&rsquo;Aude<\/h2>\n<p>La cit\u00e9 de Carcassonne est situ\u00e9e dans le sud de la France \u00e0 80 kilom\u00e8tres au sud-est de Toulouse. Son emplacement strat\u00e9gique sur la route entre la mer M\u00e9diterran\u00e9e et l&rsquo;oc\u00e9an Atlantique est connu depuis le N\u00e9olithique. La ville se trouve dans un couloir entre la montagne Noire au nord et les Corbi\u00e8res \u00e0 l&rsquo;est, la plaine du Lauragais \u00e0 l&rsquo;ouest et la vall\u00e9e de l&rsquo;Aude au sud.<\/p>\n<p>Cette r\u00e9gion naturelle est appel\u00e9e le Carcass\u00e8s ou le Carcassonnais.<\/p>\n<p style=\"text-align: center;\"><iframe loading=\"lazy\" style=\"border: 0;\" src=\"https:\/\/www.google.com\/maps\/embed?pb=!1m18!1m12!1m3!1d1172315.9881557531!2d1.612709292720184!3d42.81422165060181!2m3!1f0!2f0!3f0!3m2!1i1024!2i768!4f13.1!3m3!1m2!1s0x12ae2c390116bd8b%3A0xe28fdf3b77a114c7!2s11000+Carcassonne!5e0!3m2!1sfr!2sfr!4v1565543074448!5m2!1sfr!2sfr\" width=\"1024\" height=\"450\" frameborder=\"0\" allowfullscreen=\"allowfullscreen\"><span data-mce-type=\"bookmark\" style=\"display: inline-block; width: 0px; overflow: hidden; line-height: 0;\" class=\"mce_SELRES_start\">\ufeff<\/span><span data-mce-type=\"bookmark\" style=\"display: inline-block; width: 0px; overflow: hidden; line-height: 0;\" class=\"mce_SELRES_start\">\ufeff<\/span><\/iframe><\/p>\n<p>&nbsp;<\/p>\n<h2><\/h2>\n<p>La Cit\u00e9 de Carcassonne est un ensemble architectural m\u00e9di\u00e9val qui se trouve dans la ville fran\u00e7aise de Carcassonne. Elle est situ\u00e9e sur la rive droite de l&rsquo;Aude, au sud-est de la ville actuelle. Cette cit\u00e9 m\u00e9di\u00e9vale fortifi\u00e9e, dont les origines remontent \u00e0 la p\u00e9riode gallo-romaine, doit sa renomm\u00e9e \u00e0 sa double enceinte, atteignant pr\u00e8s de 3 km de longueur et comportant cinquante-deux tours, qui domine la vall\u00e9e de l&rsquo;Aude. La Cit\u00e9 comprend \u00e9galement un ch\u00e2teau (le ch\u00e2teau comtal) et une basilique (la basilique Saint-Nazaire).<\/p>\n<figure id=\"attachment_1675\" aria-describedby=\"caption-attachment-1675\" style=\"width: 1024px\" class=\"wp-caption aligncenter\"><img data-recalc-dims=\"1\" loading=\"lazy\" decoding=\"async\" data-attachment-id=\"1675\" data-permalink=\"https:\/\/voyages-en-france.fr\/index.php\/2019\/08\/11\/carcassonne-cite_fortifiee\/p2050635-35pc\/\" data-orig-file=\"https:\/\/i0.wp.com\/voyages-en-france.fr\/wp-content\/uploads\/2019\/08\/P2050635-35pc.jpg?fit=1696%2C1131&amp;ssl=1\" data-orig-size=\"1696,1131\" data-comments-opened=\"1\" data-image-meta=\"{&quot;aperture&quot;:&quot;3.2&quot;,&quot;credit&quot;:&quot;&quot;,&quot;camera&quot;:&quot;DMC-FZ1000&quot;,&quot;caption&quot;:&quot;&quot;,&quot;created_timestamp&quot;:&quot;1563981621&quot;,&quot;copyright&quot;:&quot;&quot;,&quot;focal_length&quot;:&quot;9.12&quot;,&quot;iso&quot;:&quot;125&quot;,&quot;shutter_speed&quot;:&quot;0.0005&quot;,&quot;title&quot;:&quot;&quot;,&quot;orientation&quot;:&quot;1&quot;}\" data-image-title=\"P2050635 [35pc]\" data-image-description=\"&lt;p&gt;Le Ch\u00e2teau Comtal de Carcassonne&lt;\/p&gt;\n\" data-image-caption=\"&lt;p&gt;Le Ch\u00e2teau Comtal de Carcassonne&lt;\/p&gt;\n\" data-medium-file=\"https:\/\/i0.wp.com\/voyages-en-france.fr\/wp-content\/uploads\/2019\/08\/P2050635-35pc.jpg?fit=300%2C200&amp;ssl=1\" data-large-file=\"https:\/\/i0.wp.com\/voyages-en-france.fr\/wp-content\/uploads\/2019\/08\/P2050635-35pc.jpg?fit=1024%2C683&amp;ssl=1\" class=\"size-large wp-image-1675\" src=\"https:\/\/i0.wp.com\/voyages-en-france.fr\/wp-content\/uploads\/2019\/08\/P2050635-35pc.jpg?resize=1024%2C683&#038;ssl=1\" alt=\"La Cit\u00e9 de Carcassonne - Le Ch\u00e2teau Comtal\" width=\"1024\" height=\"683\" srcset=\"https:\/\/i0.wp.com\/voyages-en-france.fr\/wp-content\/uploads\/2019\/08\/P2050635-35pc.jpg?resize=1024%2C683&amp;ssl=1 1024w, https:\/\/i0.wp.com\/voyages-en-france.fr\/wp-content\/uploads\/2019\/08\/P2050635-35pc.jpg?resize=300%2C200&amp;ssl=1 300w, https:\/\/i0.wp.com\/voyages-en-france.fr\/wp-content\/uploads\/2019\/08\/P2050635-35pc.jpg?resize=768%2C512&amp;ssl=1 768w, https:\/\/i0.wp.com\/voyages-en-france.fr\/wp-content\/uploads\/2019\/08\/P2050635-35pc.jpg?resize=1200%2C800&amp;ssl=1 1200w, https:\/\/i0.wp.com\/voyages-en-france.fr\/wp-content\/uploads\/2019\/08\/P2050635-35pc.jpg?w=1696&amp;ssl=1 1696w\" sizes=\"auto, (max-width: 1024px) 100vw, 1024px\" \/><figcaption id=\"caption-attachment-1675\" class=\"wp-caption-text\">Le Ch\u00e2teau Comtal de Carcassonne<\/figcaption><\/figure>\n<figure id=\"attachment_3079\" aria-describedby=\"caption-attachment-3079\" style=\"width: 1024px\" class=\"wp-caption aligncenter\"><img data-recalc-dims=\"1\" loading=\"lazy\" decoding=\"async\" data-attachment-id=\"3079\" data-permalink=\"https:\/\/voyages-en-france.fr\/index.php\/2019\/08\/11\/carcassonne-cite_fortifiee\/p2050617\/\" data-orig-file=\"https:\/\/i0.wp.com\/voyages-en-france.fr\/wp-content\/uploads\/2024\/05\/P2050617-scaled.jpg?fit=2560%2C1707&amp;ssl=1\" data-orig-size=\"2560,1707\" data-comments-opened=\"1\" data-image-meta=\"{&quot;aperture&quot;:&quot;2.8&quot;,&quot;credit&quot;:&quot;&quot;,&quot;camera&quot;:&quot;DMC-FZ1000&quot;,&quot;caption&quot;:&quot;&quot;,&quot;created_timestamp&quot;:&quot;1563979566&quot;,&quot;copyright&quot;:&quot;&quot;,&quot;focal_length&quot;:&quot;9.12&quot;,&quot;iso&quot;:&quot;125&quot;,&quot;shutter_speed&quot;:&quot;0.0005&quot;,&quot;title&quot;:&quot;&quot;,&quot;orientation&quot;:&quot;1&quot;}\" data-image-title=\"P2050617\" data-image-description=\"&lt;p&gt;Cit\u00e9 de Carcassonne&lt;\/p&gt;\n\" data-image-caption=\"&lt;p&gt;Cit\u00e9 de Carcassonne&lt;\/p&gt;\n\" data-medium-file=\"https:\/\/i0.wp.com\/voyages-en-france.fr\/wp-content\/uploads\/2024\/05\/P2050617-scaled.jpg?fit=300%2C200&amp;ssl=1\" data-large-file=\"https:\/\/i0.wp.com\/voyages-en-france.fr\/wp-content\/uploads\/2024\/05\/P2050617-scaled.jpg?fit=1024%2C683&amp;ssl=1\" class=\"size-large wp-image-3079\" src=\"https:\/\/i0.wp.com\/voyages-en-france.fr\/wp-content\/uploads\/2024\/05\/P2050617.jpg?resize=1024%2C683&#038;ssl=1\" alt=\"Cit\u00e9 de Carcassonne\" width=\"1024\" height=\"683\" srcset=\"https:\/\/i0.wp.com\/voyages-en-france.fr\/wp-content\/uploads\/2024\/05\/P2050617-scaled.jpg?resize=1024%2C683&amp;ssl=1 1024w, https:\/\/i0.wp.com\/voyages-en-france.fr\/wp-content\/uploads\/2024\/05\/P2050617-scaled.jpg?resize=300%2C200&amp;ssl=1 300w, https:\/\/i0.wp.com\/voyages-en-france.fr\/wp-content\/uploads\/2024\/05\/P2050617-scaled.jpg?resize=768%2C512&amp;ssl=1 768w, https:\/\/i0.wp.com\/voyages-en-france.fr\/wp-content\/uploads\/2024\/05\/P2050617-scaled.jpg?resize=1536%2C1024&amp;ssl=1 1536w, https:\/\/i0.wp.com\/voyages-en-france.fr\/wp-content\/uploads\/2024\/05\/P2050617-scaled.jpg?resize=2048%2C1365&amp;ssl=1 2048w, https:\/\/i0.wp.com\/voyages-en-france.fr\/wp-content\/uploads\/2024\/05\/P2050617-scaled.jpg?resize=1200%2C800&amp;ssl=1 1200w, https:\/\/i0.wp.com\/voyages-en-france.fr\/wp-content\/uploads\/2024\/05\/P2050617-scaled.jpg?w=2400&amp;ssl=1 2400w\" sizes=\"auto, (max-width: 1024px) 100vw, 1024px\" \/><figcaption id=\"caption-attachment-3079\" class=\"wp-caption-text\">Cit\u00e9 de Carcassonne<\/figcaption><\/figure>\n<h3>Le Ch\u00e2teau Comtal<\/h3>\n<p>Ultime d\u00e9fense, il fut construit au XIIe si\u00e8cle par les Trencavel, Vicomtes de Carcassonne, et fut sans cesse modifi\u00e9 au cours des si\u00e8cles suivants. Au XIII\u00e8me si\u00e8cle la construction de l\u2019enceinte est entreprise pour le fortifier. Cette ceinture est constitu\u00e9e d\u2019une courtine, de tours rondes, du ch\u00e2telet d\u2019entr\u00e9e, de la barbacane ainsi que du foss\u00e9.<\/p>\n<figure id=\"attachment_1679\" aria-describedby=\"caption-attachment-1679\" style=\"width: 1024px\" class=\"wp-caption aligncenter\"><img data-recalc-dims=\"1\" loading=\"lazy\" decoding=\"async\" data-attachment-id=\"1679\" data-permalink=\"https:\/\/voyages-en-france.fr\/index.php\/2019\/08\/11\/carcassonne-cite_fortifiee\/p2050834-35pc\/\" data-orig-file=\"https:\/\/i0.wp.com\/voyages-en-france.fr\/wp-content\/uploads\/2019\/08\/P2050834-35pc.jpg?fit=1696%2C1131&amp;ssl=1\" data-orig-size=\"1696,1131\" data-comments-opened=\"1\" data-image-meta=\"{&quot;aperture&quot;:&quot;3.2&quot;,&quot;credit&quot;:&quot;&quot;,&quot;camera&quot;:&quot;DMC-FZ1000&quot;,&quot;caption&quot;:&quot;&quot;,&quot;created_timestamp&quot;:&quot;1564004996&quot;,&quot;copyright&quot;:&quot;&quot;,&quot;focal_length&quot;:&quot;15.26&quot;,&quot;iso&quot;:&quot;1600&quot;,&quot;shutter_speed&quot;:&quot;0.1&quot;,&quot;title&quot;:&quot;&quot;,&quot;orientation&quot;:&quot;1&quot;}\" data-image-title=\"P2050834 [35pc]\" data-image-description=\"&lt;p&gt;Cit\u00e9 de Carcassonne &#8211; porte de l&amp;rsquo;Aude&lt;\/p&gt;\n\" data-image-caption=\"&lt;p&gt;Cit\u00e9 de Carcassonne &#8211; porte de l&amp;rsquo;Aude&lt;\/p&gt;\n\" data-medium-file=\"https:\/\/i0.wp.com\/voyages-en-france.fr\/wp-content\/uploads\/2019\/08\/P2050834-35pc.jpg?fit=300%2C200&amp;ssl=1\" data-large-file=\"https:\/\/i0.wp.com\/voyages-en-france.fr\/wp-content\/uploads\/2019\/08\/P2050834-35pc.jpg?fit=1024%2C683&amp;ssl=1\" class=\"size-large wp-image-1679\" src=\"https:\/\/i0.wp.com\/voyages-en-france.fr\/wp-content\/uploads\/2019\/08\/P2050834-35pc.jpg?resize=1024%2C683&#038;ssl=1\" alt=\"Cit\u00e9 de Carcassonne - porte de l'Aude\" width=\"1024\" height=\"683\" srcset=\"https:\/\/i0.wp.com\/voyages-en-france.fr\/wp-content\/uploads\/2019\/08\/P2050834-35pc.jpg?resize=1024%2C683&amp;ssl=1 1024w, https:\/\/i0.wp.com\/voyages-en-france.fr\/wp-content\/uploads\/2019\/08\/P2050834-35pc.jpg?resize=300%2C200&amp;ssl=1 300w, https:\/\/i0.wp.com\/voyages-en-france.fr\/wp-content\/uploads\/2019\/08\/P2050834-35pc.jpg?resize=768%2C512&amp;ssl=1 768w, https:\/\/i0.wp.com\/voyages-en-france.fr\/wp-content\/uploads\/2019\/08\/P2050834-35pc.jpg?resize=1200%2C800&amp;ssl=1 1200w, https:\/\/i0.wp.com\/voyages-en-france.fr\/wp-content\/uploads\/2019\/08\/P2050834-35pc.jpg?w=1696&amp;ssl=1 1696w\" sizes=\"auto, (max-width: 1024px) 100vw, 1024px\" \/><figcaption id=\"caption-attachment-1679\" class=\"wp-caption-text\">Cit\u00e9 de Carcassonne &#8211; porte de l&rsquo;Aude<\/figcaption><\/figure>\n<figure id=\"attachment_3078\" aria-describedby=\"caption-attachment-3078\" style=\"width: 1024px\" class=\"wp-caption aligncenter\"><img data-recalc-dims=\"1\" loading=\"lazy\" decoding=\"async\" data-attachment-id=\"3078\" data-permalink=\"https:\/\/voyages-en-france.fr\/index.php\/2019\/08\/11\/carcassonne-cite_fortifiee\/p2050840\/\" data-orig-file=\"https:\/\/i0.wp.com\/voyages-en-france.fr\/wp-content\/uploads\/2024\/05\/P2050840-scaled.jpg?fit=2560%2C1707&amp;ssl=1\" data-orig-size=\"2560,1707\" data-comments-opened=\"1\" data-image-meta=\"{&quot;aperture&quot;:&quot;2.8&quot;,&quot;credit&quot;:&quot;&quot;,&quot;camera&quot;:&quot;DMC-FZ1000&quot;,&quot;caption&quot;:&quot;&quot;,&quot;created_timestamp&quot;:&quot;1564005068&quot;,&quot;copyright&quot;:&quot;&quot;,&quot;focal_length&quot;:&quot;9.14&quot;,&quot;iso&quot;:&quot;1600&quot;,&quot;shutter_speed&quot;:&quot;0.066666666666667&quot;,&quot;title&quot;:&quot;&quot;,&quot;orientation&quot;:&quot;1&quot;}\" data-image-title=\"P2050840\" data-image-description=\"&lt;p&gt;La porte de l&amp;rsquo;Aude \u00e0 la nuit tombante&lt;\/p&gt;\n\" data-image-caption=\"&lt;p&gt;La porte de l&amp;rsquo;Aude \u00e0 la nuit tombante&lt;\/p&gt;\n\" data-medium-file=\"https:\/\/i0.wp.com\/voyages-en-france.fr\/wp-content\/uploads\/2024\/05\/P2050840-scaled.jpg?fit=300%2C200&amp;ssl=1\" data-large-file=\"https:\/\/i0.wp.com\/voyages-en-france.fr\/wp-content\/uploads\/2024\/05\/P2050840-scaled.jpg?fit=1024%2C683&amp;ssl=1\" class=\"size-large wp-image-3078\" src=\"https:\/\/i0.wp.com\/voyages-en-france.fr\/wp-content\/uploads\/2024\/05\/P2050840.jpg?resize=1024%2C683&#038;ssl=1\" alt=\"La porte de l'Aude \u00e0 la nuit tombante\" width=\"1024\" height=\"683\" srcset=\"https:\/\/i0.wp.com\/voyages-en-france.fr\/wp-content\/uploads\/2024\/05\/P2050840-scaled.jpg?resize=1024%2C683&amp;ssl=1 1024w, https:\/\/i0.wp.com\/voyages-en-france.fr\/wp-content\/uploads\/2024\/05\/P2050840-scaled.jpg?resize=300%2C200&amp;ssl=1 300w, https:\/\/i0.wp.com\/voyages-en-france.fr\/wp-content\/uploads\/2024\/05\/P2050840-scaled.jpg?resize=768%2C512&amp;ssl=1 768w, https:\/\/i0.wp.com\/voyages-en-france.fr\/wp-content\/uploads\/2024\/05\/P2050840-scaled.jpg?resize=1536%2C1024&amp;ssl=1 1536w, https:\/\/i0.wp.com\/voyages-en-france.fr\/wp-content\/uploads\/2024\/05\/P2050840-scaled.jpg?resize=2048%2C1365&amp;ssl=1 2048w, https:\/\/i0.wp.com\/voyages-en-france.fr\/wp-content\/uploads\/2024\/05\/P2050840-scaled.jpg?resize=1200%2C800&amp;ssl=1 1200w, https:\/\/i0.wp.com\/voyages-en-france.fr\/wp-content\/uploads\/2024\/05\/P2050840-scaled.jpg?w=2400&amp;ssl=1 2400w\" sizes=\"auto, (max-width: 1024px) 100vw, 1024px\" \/><figcaption id=\"caption-attachment-3078\" class=\"wp-caption-text\">La porte de l&rsquo;Aude \u00e0 la nuit tombante<\/figcaption><\/figure>\n<h3>La porte d&rsquo;Aude<\/h3>\n<p>\u00c0 l&rsquo;ouest, la porte d&rsquo;Aude fait face au fleuve du m\u00eame nom. Elle est situ\u00e9e pr\u00e8s du ch\u00e2teau comtal. Cette porte se prolonge par la barbacane de l&rsquo;Aude d\u00e9truite en partie en 1816 pour construire l&rsquo;\u00e9glise Saint-Gimer. Seule la rampe entour\u00e9e de murs cr\u00e9nel\u00e9s subsiste. Cette porte, \u00e0 l&rsquo;aspect typiquement m\u00e9di\u00e9val, a servi de d\u00e9cor pour de nombreux tournages de films comme Les Visiteurs, Robin des Bois : Prince des voleurs ou Le Corniaud.<\/p>\n<figure id=\"attachment_1678\" aria-describedby=\"caption-attachment-1678\" style=\"width: 1024px\" class=\"wp-caption aligncenter\"><img data-recalc-dims=\"1\" loading=\"lazy\" decoding=\"async\" data-attachment-id=\"1678\" data-permalink=\"https:\/\/voyages-en-france.fr\/index.php\/2019\/08\/11\/carcassonne-cite_fortifiee\/p2050755-35pc\/\" data-orig-file=\"https:\/\/i0.wp.com\/voyages-en-france.fr\/wp-content\/uploads\/2019\/08\/P2050755-35pc.jpg?fit=1915%2C1277&amp;ssl=1\" data-orig-size=\"1915,1277\" data-comments-opened=\"1\" data-image-meta=\"{&quot;aperture&quot;:&quot;2.8&quot;,&quot;credit&quot;:&quot;&quot;,&quot;camera&quot;:&quot;DMC-FZ1000&quot;,&quot;caption&quot;:&quot;&quot;,&quot;created_timestamp&quot;:&quot;1563985985&quot;,&quot;copyright&quot;:&quot;&quot;,&quot;focal_length&quot;:&quot;9.12&quot;,&quot;iso&quot;:&quot;125&quot;,&quot;shutter_speed&quot;:&quot;0.00076923076923077&quot;,&quot;title&quot;:&quot;&quot;,&quot;orientation&quot;:&quot;1&quot;}\" data-image-title=\"P2050755 [35pc]\" data-image-description=\"&lt;p&gt;La basilique Saint Nazaire de Carcassonne&lt;\/p&gt;\n\" data-image-caption=\"&lt;p&gt;La basilique Saint Nazaire de Carcassonne&lt;\/p&gt;\n\" data-medium-file=\"https:\/\/i0.wp.com\/voyages-en-france.fr\/wp-content\/uploads\/2019\/08\/P2050755-35pc.jpg?fit=300%2C200&amp;ssl=1\" data-large-file=\"https:\/\/i0.wp.com\/voyages-en-france.fr\/wp-content\/uploads\/2019\/08\/P2050755-35pc.jpg?fit=1024%2C683&amp;ssl=1\" class=\"size-large wp-image-1678\" src=\"https:\/\/i0.wp.com\/voyages-en-france.fr\/wp-content\/uploads\/2019\/08\/P2050755-35pc.jpg?resize=1024%2C683&#038;ssl=1\" alt=\"La basilique Saint Nazaire de Carcassonne\" width=\"1024\" height=\"683\" srcset=\"https:\/\/i0.wp.com\/voyages-en-france.fr\/wp-content\/uploads\/2019\/08\/P2050755-35pc.jpg?resize=1024%2C683&amp;ssl=1 1024w, https:\/\/i0.wp.com\/voyages-en-france.fr\/wp-content\/uploads\/2019\/08\/P2050755-35pc.jpg?resize=300%2C200&amp;ssl=1 300w, https:\/\/i0.wp.com\/voyages-en-france.fr\/wp-content\/uploads\/2019\/08\/P2050755-35pc.jpg?resize=768%2C512&amp;ssl=1 768w, https:\/\/i0.wp.com\/voyages-en-france.fr\/wp-content\/uploads\/2019\/08\/P2050755-35pc.jpg?resize=1200%2C800&amp;ssl=1 1200w, https:\/\/i0.wp.com\/voyages-en-france.fr\/wp-content\/uploads\/2019\/08\/P2050755-35pc.jpg?w=1915&amp;ssl=1 1915w\" sizes=\"auto, (max-width: 1024px) 100vw, 1024px\" \/><figcaption id=\"caption-attachment-1678\" class=\"wp-caption-text\">La basilique Saint Nazaire de Carcassonne<\/figcaption><\/figure>\n<h3>La basilique Saint Nazaire<\/h3>\n<p>Le premier acte authentique mentionnant cette \u00e9glise date de 925. En 1096 le pape Urbain II vient \u00e0 Carcassonne et b\u00e9nit les pierres de la Cath\u00e9drale Saint-Nazaire et Saint Celse. L\u2019\u00e9difice est achev\u00e9 dans la premi\u00e8re moiti\u00e9 du XIIe si\u00e8cle. Remani\u00e9e plusieurs fois, elle perd son statut de cath\u00e9drale en 1801 au profit de l\u2019\u00e9glise Saint-Michel situ\u00e9 dans la Bastide. Elle re\u00e7oit en 1898 le titre de Basilique octroy\u00e9 par le pape L\u00e9on XIII.<\/p>\n<figure id=\"attachment_1674\" aria-describedby=\"caption-attachment-1674\" style=\"width: 1024px\" class=\"wp-caption aligncenter\"><img data-recalc-dims=\"1\" loading=\"lazy\" decoding=\"async\" data-attachment-id=\"1674\" data-permalink=\"https:\/\/voyages-en-france.fr\/index.php\/2019\/08\/11\/carcassonne-cite_fortifiee\/p2050894-35pc\/\" data-orig-file=\"https:\/\/i0.wp.com\/voyages-en-france.fr\/wp-content\/uploads\/2019\/08\/P2050894-35pc.jpg?fit=1696%2C1131&amp;ssl=1\" data-orig-size=\"1696,1131\" data-comments-opened=\"1\" data-image-meta=\"{&quot;aperture&quot;:&quot;3.9&quot;,&quot;credit&quot;:&quot;&quot;,&quot;camera&quot;:&quot;DMC-FZ1000&quot;,&quot;caption&quot;:&quot;&quot;,&quot;created_timestamp&quot;:&quot;1564050153&quot;,&quot;copyright&quot;:&quot;&quot;,&quot;focal_length&quot;:&quot;39.97&quot;,&quot;iso&quot;:&quot;125&quot;,&quot;shutter_speed&quot;:&quot;0.00125&quot;,&quot;title&quot;:&quot;&quot;,&quot;orientation&quot;:&quot;1&quot;}\" data-image-title=\"P2050894 [35pc]\" data-image-description=\"&lt;p&gt;La Cit\u00e9 de Carcassonne vue depuis l&amp;rsquo;Aude&lt;\/p&gt;\n\" data-image-caption=\"&lt;p&gt;La Cit\u00e9 de Carcassonne vue depuis l&amp;rsquo;Aude&lt;\/p&gt;\n\" data-medium-file=\"https:\/\/i0.wp.com\/voyages-en-france.fr\/wp-content\/uploads\/2019\/08\/P2050894-35pc.jpg?fit=300%2C200&amp;ssl=1\" data-large-file=\"https:\/\/i0.wp.com\/voyages-en-france.fr\/wp-content\/uploads\/2019\/08\/P2050894-35pc.jpg?fit=1024%2C683&amp;ssl=1\" class=\"size-large wp-image-1674\" src=\"https:\/\/i0.wp.com\/voyages-en-france.fr\/wp-content\/uploads\/2019\/08\/P2050894-35pc.jpg?resize=1024%2C683&#038;ssl=1\" alt=\"La Cit\u00e9 de Carcassonne\" width=\"1024\" height=\"683\" srcset=\"https:\/\/i0.wp.com\/voyages-en-france.fr\/wp-content\/uploads\/2019\/08\/P2050894-35pc.jpg?resize=1024%2C683&amp;ssl=1 1024w, https:\/\/i0.wp.com\/voyages-en-france.fr\/wp-content\/uploads\/2019\/08\/P2050894-35pc.jpg?resize=300%2C200&amp;ssl=1 300w, https:\/\/i0.wp.com\/voyages-en-france.fr\/wp-content\/uploads\/2019\/08\/P2050894-35pc.jpg?resize=768%2C512&amp;ssl=1 768w, https:\/\/i0.wp.com\/voyages-en-france.fr\/wp-content\/uploads\/2019\/08\/P2050894-35pc.jpg?resize=1200%2C800&amp;ssl=1 1200w, https:\/\/i0.wp.com\/voyages-en-france.fr\/wp-content\/uploads\/2019\/08\/P2050894-35pc.jpg?w=1696&amp;ssl=1 1696w\" sizes=\"auto, (max-width: 1024px) 100vw, 1024px\" \/><figcaption id=\"caption-attachment-1674\" class=\"wp-caption-text\">La Cit\u00e9 de Carcassonne vue depuis l&rsquo;Aude<\/figcaption><\/figure>\n<h2>Histoire de Carcassonne<\/h2>\n<p>Difficile de donner un age \u00e0 cette cit\u00e9 tant les \u00e9poques qui contribuent \u00e0 la construction de la ville sont nombreuses:<\/p>\n<h3>La cit\u00e9 de Carcassonne dans l&rsquo;Antiquit\u00e9:<\/h3>\n<p>Des restes d&rsquo;un oppidum fortifi\u00e9, oppidum Carcaso proche de l&#8217;emplacement actuel de la Cit\u00e9, ont \u00e9t\u00e9 mis au jour par des fouilles arch\u00e9ologiques. Ce lieu est d\u00e9j\u00e0 un important carrefour commercial. Vers 300 av. J.-C., les Volques Tectosages prennent possession de la r\u00e9gion et fortifient l&rsquo;oppidum de Carcasso.<\/p>\n<p>En 122 av. J.-C., les Romains annexent la r\u00e9gion qui sera int\u00e9gr\u00e9e dans la colonie Narbonnaise cr\u00e9\u00e9e en 118 av. J.-C. Les Romains sont d\u00e9j\u00e0 bien connus, car depuis deux cents ans leurs marchands parcourent les lieux. Sous la Pax Romana la petite cit\u00e9 gallo-romaine de Carcaso, devenue chef-lieu de la colonie Julia Carcaso, prosp\u00e8re sans doute gr\u00e2ce au commerce du vin et \u00e0 son implantation sur les voies de communication : l&rsquo;oppidum est agrandi par remblayage et les rues et ruelles forment un plan orthogonal. Au pied de l&rsquo;oppidum, une agglom\u00e9ration s&rsquo;\u00e9tend le long de la voie romaine. Mais \u00e0 partir du IIIe si\u00e8cle, la ville se retranche derri\u00e8re une premi\u00e8re s\u00e9rie de remparts. Les parties de fortification en brique rouge que l&rsquo;on voit toujours datent de cette \u00e9poque.<\/p>\n<h3>La cit\u00e9 de Carcassonne au Moyen-Age:<\/h3>\n<p>Entre 413 et 435, la Cit\u00e9 est sans doute occup\u00e9e alternativement par l&rsquo;arm\u00e9e romaine et par celle des Wisigoths au gr\u00e9 des alliances et de leurs modifications.<\/p>\n<p>En 725, lors de l&rsquo;invasion arabo-musulmane de la Septimanie, le wali Ambiza s&#8217;empare de Carcassonne. La Cit\u00e9 reste entre les mains des musulmans jusqu&rsquo;en 759, date \u00e0 laquelle elle est prise par les Francs conduits par P\u00e9pin le Bref. C&rsquo;est cet \u00e9pisode qui inspire la l\u00e9gende de Dame Carcas.<\/p>\n<p>Au Moyen-Age, l&rsquo;expansion de la ville et de ses fortifications continue. Il y a la construction de la cath\u00e9drale \u00e0 partir de 1096 puis par celle du ch\u00e2teau comtal au XIIe si\u00e8cle. Ce ch\u00e2teau est constitu\u00e9 \u00e0 l&rsquo;origine de deux corps de logis auxquels est ajout\u00e9e en 1150 une chapelle qui donne un plan en U autour de la cour centrale. Vers 1240 le ch\u00e2teau est rehauss\u00e9 d&rsquo;un second \u00e9tage. Bernard Aton IV Trencavel, vicomte d&rsquo;Albi, de N\u00eemes et de B\u00e9ziers, fait prosp\u00e9rer la ville et lance de nombreuses constructions.<\/p>\n<p>Plus tard, en 1208, le pape Innocent III, confront\u00e9 \u00e0 la mont\u00e9e du catharisme, appelle les barons du nord \u00e0 se lancer dans la croisade des Albigeois. Le comte de Toulouse, accus\u00e9 d&rsquo;h\u00e9r\u00e9sie, et son principal vassal le vicomte de Trencavel sont la cible de l&rsquo;attaque. Le 1er ao\u00fbt 1209, la Cit\u00e9 est assi\u00e9g\u00e9e par les crois\u00e9s. Raimond-Roger Trencavel se rend tr\u00e8s rapidement, le 15 ao\u00fbt, en \u00e9change de la vie sauve de ses habitants. Les bourgs autour de la Cit\u00e9 sont d\u00e9truits. Le vicomte meurt de dysenterie dans la prison m\u00eame de son ch\u00e2teau.\u00a0 D\u00e8s lors, la Cit\u00e9 sert de quartier g\u00e9n\u00e9ral aux troupes de la croisade.<\/p>\n<h3>P\u00e9riode royale \u00e0 Carcassonne :<\/h3>\n<p>Apr\u00e8s cette p\u00e9riode troubl\u00e9e, la Cit\u00e9 passe sous contr\u00f4le royal. Louis IX (Saint Louis) ordonne la construction de la deuxi\u00e8me enceinte pour que la place puisse soutenir de longs si\u00e8ges. En effet, \u00e0 cette \u00e9poque, les menaces sont nombreuses dans la r\u00e9gion: en effet Raimond Trencavel, r\u00e9fugi\u00e9 en Aragon, cherche toujours \u00e0 reprendre ses terres qu&rsquo;il revendique et le roi d&rsquo;Aragon, Jacques Ier le Conqu\u00e9rant, fait peser une lourde menace sur cette r\u00e9gion toute proche des fronti\u00e8res de son royaume. De plus, ces constructions permettent de marquer les esprits de la population de la Cit\u00e9 et de gagner leur confiance. La Cit\u00e9 fait partie du syst\u00e8me de d\u00e9fense de la fronti\u00e8re entre la France et l&rsquo;Aragon. Les premi\u00e8res constructions concernent le ch\u00e2teau comtal adoss\u00e9 \u00e0 la muraille ouest. Celui-ci est entour\u00e9 de murailles et de tours \u00e0 l&rsquo;int\u00e9rieur m\u00eame de la Cit\u00e9 pour assurer la protection des repr\u00e9sentants du roi. Ensuite, une deuxi\u00e8me ligne de fortifications est commenc\u00e9e sur environ un kilom\u00e8tre et demi avec quatorze tours. Cette enceinte est flanqu\u00e9e d&rsquo;une barbacane qui contr\u00f4le les abords de l&rsquo;Aude. La Cit\u00e9 prend la physionomie qu&rsquo;on lui connait aujourd&rsquo;hui.<\/p>\n<h3>Abandon de la Cit\u00e9 de Carcassonne<\/h3>\n<p>Le XVIIIe si\u00e8cle marque le d\u00e9but de l&rsquo;abandon de la Cit\u00e9. En 1657, le pr\u00e9sidial, la juridiction en place \u00e0 Carcassonne, est transf\u00e9r\u00e9 de la Cit\u00e9 \u00e0 la ville basse.<\/p>\n<p>En plus, en 1659, la Cit\u00e9 de Carcassonne perd sa position strat\u00e9gique \u00e0 la suite de la signature du Trait\u00e9 des Pyr\u00e9n\u00e9es qui rattache le Roussillon \u00e0 la France et fixe la fronti\u00e8re entre la France et l&rsquo;Espagne \u00e0 son emplacement actuel. La Cit\u00e9 est progressivement abandonn\u00e9e par ses habitants les plus ais\u00e9s et devient un quartier pauvre occup\u00e9 par les tisserands. Les lices sont progressivement occup\u00e9es par une centaine de maisons d&rsquo;ouvriers, essentiellement des taudis. Des caves et des greniers sont install\u00e9s dans les tours. La Cit\u00e9 se d\u00e9grade rapidement.<\/p>\n<figure id=\"attachment_1680\" aria-describedby=\"caption-attachment-1680\" style=\"width: 1024px\" class=\"wp-caption aligncenter\"><img data-recalc-dims=\"1\" loading=\"lazy\" decoding=\"async\" data-attachment-id=\"1680\" data-permalink=\"https:\/\/voyages-en-france.fr\/index.php\/2019\/08\/11\/carcassonne-cite_fortifiee\/p2050841-35pc\/\" data-orig-file=\"https:\/\/i0.wp.com\/voyages-en-france.fr\/wp-content\/uploads\/2019\/08\/P2050841-35pc.jpg?fit=1696%2C1131&amp;ssl=1\" data-orig-size=\"1696,1131\" data-comments-opened=\"1\" data-image-meta=\"{&quot;aperture&quot;:&quot;3.7&quot;,&quot;credit&quot;:&quot;&quot;,&quot;camera&quot;:&quot;DMC-FZ1000&quot;,&quot;caption&quot;:&quot;&quot;,&quot;created_timestamp&quot;:&quot;1564005073&quot;,&quot;copyright&quot;:&quot;&quot;,&quot;focal_length&quot;:&quot;26.28&quot;,&quot;iso&quot;:&quot;1600&quot;,&quot;shutter_speed&quot;:&quot;0.16666666666667&quot;,&quot;title&quot;:&quot;&quot;,&quot;orientation&quot;:&quot;1&quot;}\" data-image-title=\"P2050841 [35pc]\" data-image-description=\"&lt;p&gt;Cit\u00e9 de Carcassonne &#8211; porte de l&amp;rsquo;Aude&lt;\/p&gt;\n\" data-image-caption=\"&lt;p&gt;Cit\u00e9 de Carcassonne &#8211; porte de l&amp;rsquo;Aude&lt;\/p&gt;\n\" data-medium-file=\"https:\/\/i0.wp.com\/voyages-en-france.fr\/wp-content\/uploads\/2019\/08\/P2050841-35pc.jpg?fit=300%2C200&amp;ssl=1\" data-large-file=\"https:\/\/i0.wp.com\/voyages-en-france.fr\/wp-content\/uploads\/2019\/08\/P2050841-35pc.jpg?fit=1024%2C683&amp;ssl=1\" class=\"size-large wp-image-1680\" src=\"https:\/\/i0.wp.com\/voyages-en-france.fr\/wp-content\/uploads\/2019\/08\/P2050841-35pc.jpg?resize=1024%2C683&#038;ssl=1\" alt=\"Cit\u00e9 de Carcassonne - porte de l'Aude\" width=\"1024\" height=\"683\" srcset=\"https:\/\/i0.wp.com\/voyages-en-france.fr\/wp-content\/uploads\/2019\/08\/P2050841-35pc.jpg?resize=1024%2C683&amp;ssl=1 1024w, https:\/\/i0.wp.com\/voyages-en-france.fr\/wp-content\/uploads\/2019\/08\/P2050841-35pc.jpg?resize=300%2C200&amp;ssl=1 300w, https:\/\/i0.wp.com\/voyages-en-france.fr\/wp-content\/uploads\/2019\/08\/P2050841-35pc.jpg?resize=768%2C512&amp;ssl=1 768w, https:\/\/i0.wp.com\/voyages-en-france.fr\/wp-content\/uploads\/2019\/08\/P2050841-35pc.jpg?resize=1200%2C800&amp;ssl=1 1200w, https:\/\/i0.wp.com\/voyages-en-france.fr\/wp-content\/uploads\/2019\/08\/P2050841-35pc.jpg?w=1696&amp;ssl=1 1696w\" sizes=\"auto, (max-width: 1024px) 100vw, 1024px\" \/><figcaption id=\"caption-attachment-1680\" class=\"wp-caption-text\">Cit\u00e9 de Carcassonne &#8211; porte de l&rsquo;Aude<\/figcaption><\/figure>\n<h3>Renaissance de la Cit\u00e9 de Carcassonne<\/h3>\n<p>Finalement, la Cit\u00e9 est sauv\u00e9e de la destruction par l&rsquo;action et la t\u00e9nacit\u00e9 de l&rsquo;arch\u00e9ologue Jean-Pierre Cros-Mayrevieille, puis restaur\u00e9e au XIXe si\u00e8cle sous la direction de <a href=\"https:\/\/voyages-en-france.fr\/index.php\/tag\/viollet-le-duc\/\">Viollet-le-Duc<\/a> puis de Boeswillwald, la Cit\u00e9 de Carcassonne est, depuis 1997, class\u00e9e au <a href=\"https:\/\/voyages-en-france.fr\/index.php\/tag\/unesco\/\">patrimoine mondial de l&rsquo;UNESCO<\/a>. Le ch\u00e2teau comtal, les fortifications, et les tours appartiennent \u00e0 l&rsquo;\u00c9tat et sont g\u00e9r\u00e9s par le Centre des monuments nationaux, tandis que les lices et le reste de la Cit\u00e9 font partie du domaine municipal.<\/p>\n<span>","protected":false},"excerpt":{"rendered":"<p class=\"excerpt\"><span itemprop=\"description\">Cit\u00e9 de Carcassonne dans l&rsquo;Aude La cit\u00e9 de Carcassonne est situ\u00e9e dans le sud de la France \u00e0 80 kilom\u00e8tres au sud-est de Toulouse. Son emplacement strat\u00e9gique sur la route entre la mer M\u00e9diterran\u00e9e et l&rsquo;oc\u00e9an Atlantique est connu depuis&hellip;<\/span><\/p>\n<p class=\"more-link-p btn-align-right\"><a class=\"blue zoom-btn\" href=\"https:\/\/voyages-en-france.fr\/index.php\/2019\/08\/11\/carcassonne-cite_fortifiee\/\">Lire la suite<\/a><\/p>\n","protected":false},"author":1,"featured_media":1677,"comment_status":"open","ping_status":"open","sticky":false,"template":"","format":"standard","meta":{"pgc_sgb_lightbox_settings":"","jetpack_post_was_ever_published":false,"_bos_mb_destination":[""],"_jetpack_newsletter_access":"","_jetpack_dont_email_post_to_subs":false,"_jetpack_newsletter_tier_id":0,"_jetpack_memberships_contains_paywalled_content":false,"_jetpack_memberships_contains_paid_content":false,"footnotes":"","jetpack_publicize_message":"","jetpack_publicize_feature_enabled":true,"jetpack_social_post_already_shared":true,"jetpack_social_options":{"image_generator_settings":{"template":"highway","default_image_id":0,"font":"","enabled":false},"version":2}},"categories":[70,2],"tags":[260,261,259,262,146,266,265],"class_list":["post-1670","post","type-post","status-publish","format-standard","has-post-thumbnail","hentry","category-chateau","category-ville","tag-260","tag-aude","tag-carcassonne","tag-cite-de-carcassonne","tag-languedoc-roussilon","tag-unesco","tag-viollet-le-duc","zoom-theme-has-thumb"],"yoast_head":"<!-- This site is optimized with the Yoast SEO plugin v27.1.1 - https:\/\/yoast.com\/product\/yoast-seo-wordpress\/ -->\n<title>Carcassonne, la cit\u00e9 fortifi\u00e9e class\u00e9e au Patrimoine Mondial<\/title>\n<meta name=\"description\" content=\"Carcassonne, la cit\u00e9 fortifi\u00e9e class\u00e9e au Patrimoine Mondial Carcassonne, une cit\u00e9 m\u00e9di\u00e9vale magnifique class\u00e9e au Patrimoine Mondial\" \/>\n<meta name=\"robots\" content=\"index, follow, max-snippet:-1, max-image-preview:large, max-video-preview:-1\" \/>\n<link rel=\"canonical\" href=\"https:\/\/voyages-en-france.fr\/index.php\/2019\/08\/11\/carcassonne-cite_fortifiee\/\" \/>\n<meta property=\"og:locale\" content=\"fr_FR\" \/>\n<meta property=\"og:type\" content=\"article\" \/>\n<meta property=\"og:title\" content=\"Carcassonne, la cit\u00e9 fortifi\u00e9e class\u00e9e au Patrimoine Mondial\" \/>\n<meta property=\"og:description\" content=\"Carcassonne, la cit\u00e9 fortifi\u00e9e class\u00e9e au Patrimoine Mondial Carcassonne, une cit\u00e9 m\u00e9di\u00e9vale magnifique class\u00e9e au Patrimoine Mondial\" \/>\n<meta property=\"og:url\" content=\"https:\/\/voyages-en-france.fr\/index.php\/2019\/08\/11\/carcassonne-cite_fortifiee\/\" \/>\n<meta property=\"og:site_name\" content=\"Voyages-en-France.fr\" \/>\n<meta property=\"article:publisher\" content=\"https:\/\/www.facebook.com\/voyages.au.coeur.de.la.france\/\" \/>\n<meta property=\"article:author\" content=\"https:\/\/www.facebook.com\/voyages.au.coeur.de.la.france\/\" \/>\n<meta property=\"article:published_time\" content=\"2019-08-11T17:11:55+00:00\" \/>\n<meta property=\"article:modified_time\" content=\"2024-05-05T00:02:07+00:00\" \/>\n<meta property=\"og:image\" content=\"https:\/\/voyages-en-france.fr\/wp-content\/uploads\/2019\/08\/P2050740-35pc.jpg\" \/>\n\t<meta property=\"og:image:width\" content=\"1696\" \/>\n\t<meta property=\"og:image:height\" content=\"1131\" \/>\n\t<meta property=\"og:image:type\" content=\"image\/jpeg\" \/>\n<meta name=\"author\" content=\"Christophe\" \/>\n<meta name=\"twitter:card\" content=\"summary_large_image\" \/>\n<meta name=\"twitter:creator\" content=\"@Voyages_France\" \/>\n<meta name=\"twitter:site\" content=\"@Voyages_France\" \/>\n<meta name=\"twitter:label1\" content=\"\u00c9crit par\" \/>\n\t<meta name=\"twitter:data1\" content=\"Christophe\" \/>\n\t<meta name=\"twitter:label2\" content=\"Dur\u00e9e de lecture estim\u00e9e\" \/>\n\t<meta name=\"twitter:data2\" content=\"9 minutes\" \/>\n<script type=\"application\/ld+json\" class=\"yoast-schema-graph\">{\"@context\":\"https:\/\/schema.org\",\"@graph\":[{\"@type\":\"Article\",\"@id\":\"https:\/\/voyages-en-france.fr\/index.php\/2019\/08\/11\/carcassonne-cite_fortifiee\/#article\",\"isPartOf\":{\"@id\":\"https:\/\/voyages-en-france.fr\/index.php\/2019\/08\/11\/carcassonne-cite_fortifiee\/\"},\"author\":{\"name\":\"Christophe\",\"@id\":\"https:\/\/voyages-en-france.fr\/#\/schema\/person\/611a624b57cd68dd2e4c3f7d385420e2\"},\"headline\":\"Carcassonne, la cit\u00e9 fortifi\u00e9e class\u00e9e au Patrimoine Mondial\",\"datePublished\":\"2019-08-11T17:11:55+00:00\",\"dateModified\":\"2024-05-05T00:02:07+00:00\",\"mainEntityOfPage\":{\"@id\":\"https:\/\/voyages-en-france.fr\/index.php\/2019\/08\/11\/carcassonne-cite_fortifiee\/\"},\"wordCount\":1475,\"commentCount\":0,\"publisher\":{\"@id\":\"https:\/\/voyages-en-france.fr\/#\/schema\/person\/611a624b57cd68dd2e4c3f7d385420e2\"},\"image\":{\"@id\":\"https:\/\/voyages-en-france.fr\/index.php\/2019\/08\/11\/carcassonne-cite_fortifiee\/#primaryimage\"},\"thumbnailUrl\":\"https:\/\/i0.wp.com\/voyages-en-france.fr\/wp-content\/uploads\/2019\/08\/P2050740-35pc.jpg?fit=1696%2C1131&ssl=1\",\"keywords\":[\"11\",\"Aude\",\"Carcassonne\",\"Cit\u00e9 de Carcassonne\",\"Languedoc-Roussilon\",\"UNESCO\",\"Viollet-le-Duc\"],\"articleSection\":[\"ch\u00e2teau\",\"ville\"],\"inLanguage\":\"fr-FR\",\"potentialAction\":[{\"@type\":\"CommentAction\",\"name\":\"Comment\",\"target\":[\"https:\/\/voyages-en-france.fr\/index.php\/2019\/08\/11\/carcassonne-cite_fortifiee\/#respond\"]}]},{\"@type\":\"WebPage\",\"@id\":\"https:\/\/voyages-en-france.fr\/index.php\/2019\/08\/11\/carcassonne-cite_fortifiee\/\",\"url\":\"https:\/\/voyages-en-france.fr\/index.php\/2019\/08\/11\/carcassonne-cite_fortifiee\/\",\"name\":\"Carcassonne, la cit\u00e9 fortifi\u00e9e class\u00e9e au Patrimoine Mondial\",\"isPartOf\":{\"@id\":\"https:\/\/voyages-en-france.fr\/#website\"},\"primaryImageOfPage\":{\"@id\":\"https:\/\/voyages-en-france.fr\/index.php\/2019\/08\/11\/carcassonne-cite_fortifiee\/#primaryimage\"},\"image\":{\"@id\":\"https:\/\/voyages-en-france.fr\/index.php\/2019\/08\/11\/carcassonne-cite_fortifiee\/#primaryimage\"},\"thumbnailUrl\":\"https:\/\/i0.wp.com\/voyages-en-france.fr\/wp-content\/uploads\/2019\/08\/P2050740-35pc.jpg?fit=1696%2C1131&ssl=1\",\"datePublished\":\"2019-08-11T17:11:55+00:00\",\"dateModified\":\"2024-05-05T00:02:07+00:00\",\"description\":\"Carcassonne, la cit\u00e9 fortifi\u00e9e class\u00e9e au Patrimoine Mondial Carcassonne, une cit\u00e9 m\u00e9di\u00e9vale magnifique class\u00e9e au Patrimoine Mondial\",\"breadcrumb\":{\"@id\":\"https:\/\/voyages-en-france.fr\/index.php\/2019\/08\/11\/carcassonne-cite_fortifiee\/#breadcrumb\"},\"inLanguage\":\"fr-FR\",\"potentialAction\":[{\"@type\":\"ReadAction\",\"target\":[\"https:\/\/voyages-en-france.fr\/index.php\/2019\/08\/11\/carcassonne-cite_fortifiee\/\"]}]},{\"@type\":\"ImageObject\",\"inLanguage\":\"fr-FR\",\"@id\":\"https:\/\/voyages-en-france.fr\/index.php\/2019\/08\/11\/carcassonne-cite_fortifiee\/#primaryimage\",\"url\":\"https:\/\/i0.wp.com\/voyages-en-france.fr\/wp-content\/uploads\/2019\/08\/P2050740-35pc.jpg?fit=1696%2C1131&ssl=1\",\"contentUrl\":\"https:\/\/i0.wp.com\/voyages-en-france.fr\/wp-content\/uploads\/2019\/08\/P2050740-35pc.jpg?fit=1696%2C1131&ssl=1\",\"width\":1696,\"height\":1131,\"caption\":\"Cit\u00e9 de Carcassonne - sur les remparts\"},{\"@type\":\"BreadcrumbList\",\"@id\":\"https:\/\/voyages-en-france.fr\/index.php\/2019\/08\/11\/carcassonne-cite_fortifiee\/#breadcrumb\",\"itemListElement\":[{\"@type\":\"ListItem\",\"position\":1,\"name\":\"Accueil\",\"item\":\"https:\/\/voyages-en-france.fr\/\"},{\"@type\":\"ListItem\",\"position\":2,\"name\":\"Carcassonne, la cit\u00e9 fortifi\u00e9e class\u00e9e au Patrimoine Mondial\"}]},{\"@type\":\"WebSite\",\"@id\":\"https:\/\/voyages-en-france.fr\/#website\",\"url\":\"https:\/\/voyages-en-france.fr\/\",\"name\":\"Voyages-en-France.fr\",\"description\":\"D\u00e9couvrir la France, son patrimoine, ses richesses naturelles, son histoire...\",\"publisher\":{\"@id\":\"https:\/\/voyages-en-france.fr\/#\/schema\/person\/611a624b57cd68dd2e4c3f7d385420e2\"},\"potentialAction\":[{\"@type\":\"SearchAction\",\"target\":{\"@type\":\"EntryPoint\",\"urlTemplate\":\"https:\/\/voyages-en-france.fr\/?s={search_term_string}\"},\"query-input\":{\"@type\":\"PropertyValueSpecification\",\"valueRequired\":true,\"valueName\":\"search_term_string\"}}],\"inLanguage\":\"fr-FR\"},{\"@type\":[\"Person\",\"Organization\"],\"@id\":\"https:\/\/voyages-en-france.fr\/#\/schema\/person\/611a624b57cd68dd2e4c3f7d385420e2\",\"name\":\"Christophe\",\"image\":{\"@type\":\"ImageObject\",\"inLanguage\":\"fr-FR\",\"@id\":\"https:\/\/voyages-en-france.fr\/#\/schema\/person\/image\/\",\"url\":\"https:\/\/i0.wp.com\/voyages-en-france.fr\/wp-content\/uploads\/2017\/11\/cropped-FRANCE-1.jpg?fit=324%2C324&ssl=1\",\"contentUrl\":\"https:\/\/i0.wp.com\/voyages-en-france.fr\/wp-content\/uploads\/2017\/11\/cropped-FRANCE-1.jpg?fit=324%2C324&ssl=1\",\"width\":324,\"height\":324,\"caption\":\"Christophe\"},\"logo\":{\"@id\":\"https:\/\/voyages-en-france.fr\/#\/schema\/person\/image\/\"},\"sameAs\":[\"http:\/\/voyages-en-france.fr\/\",\"https:\/\/www.facebook.com\/voyages.au.coeur.de.la.france\/\",\"https:\/\/www.instagram.com\/voyages_en_france\/\",\"https:\/\/x.com\/Voyages_France\"]}]}<\/script>\n<!-- \/ Yoast SEO plugin. -->","yoast_head_json":{"title":"Carcassonne, la cit\u00e9 fortifi\u00e9e class\u00e9e au Patrimoine Mondial","description":"Carcassonne, la cit\u00e9 fortifi\u00e9e class\u00e9e au Patrimoine Mondial Carcassonne, une cit\u00e9 m\u00e9di\u00e9vale magnifique class\u00e9e au Patrimoine Mondial","robots":{"index":"index","follow":"follow","max-snippet":"max-snippet:-1","max-image-preview":"max-image-preview:large","max-video-preview":"max-video-preview:-1"},"canonical":"https:\/\/voyages-en-france.fr\/index.php\/2019\/08\/11\/carcassonne-cite_fortifiee\/","og_locale":"fr_FR","og_type":"article","og_title":"Carcassonne, la cit\u00e9 fortifi\u00e9e class\u00e9e au Patrimoine Mondial","og_description":"Carcassonne, la cit\u00e9 fortifi\u00e9e class\u00e9e au Patrimoine Mondial Carcassonne, une cit\u00e9 m\u00e9di\u00e9vale magnifique class\u00e9e au Patrimoine Mondial","og_url":"https:\/\/voyages-en-france.fr\/index.php\/2019\/08\/11\/carcassonne-cite_fortifiee\/","og_site_name":"Voyages-en-France.fr","article_publisher":"https:\/\/www.facebook.com\/voyages.au.coeur.de.la.france\/","article_author":"https:\/\/www.facebook.com\/voyages.au.coeur.de.la.france\/","article_published_time":"2019-08-11T17:11:55+00:00","article_modified_time":"2024-05-05T00:02:07+00:00","og_image":[{"width":1696,"height":1131,"url":"https:\/\/voyages-en-france.fr\/wp-content\/uploads\/2019\/08\/P2050740-35pc.jpg","type":"image\/jpeg"}],"author":"Christophe","twitter_card":"summary_large_image","twitter_creator":"@Voyages_France","twitter_site":"@Voyages_France","twitter_misc":{"\u00c9crit par":"Christophe","Dur\u00e9e de lecture estim\u00e9e":"9 minutes"},"schema":{"@context":"https:\/\/schema.org","@graph":[{"@type":"Article","@id":"https:\/\/voyages-en-france.fr\/index.php\/2019\/08\/11\/carcassonne-cite_fortifiee\/#article","isPartOf":{"@id":"https:\/\/voyages-en-france.fr\/index.php\/2019\/08\/11\/carcassonne-cite_fortifiee\/"},"author":{"name":"Christophe","@id":"https:\/\/voyages-en-france.fr\/#\/schema\/person\/611a624b57cd68dd2e4c3f7d385420e2"},"headline":"Carcassonne, la cit\u00e9 fortifi\u00e9e class\u00e9e au Patrimoine Mondial","datePublished":"2019-08-11T17:11:55+00:00","dateModified":"2024-05-05T00:02:07+00:00","mainEntityOfPage":{"@id":"https:\/\/voyages-en-france.fr\/index.php\/2019\/08\/11\/carcassonne-cite_fortifiee\/"},"wordCount":1475,"commentCount":0,"publisher":{"@id":"https:\/\/voyages-en-france.fr\/#\/schema\/person\/611a624b57cd68dd2e4c3f7d385420e2"},"image":{"@id":"https:\/\/voyages-en-france.fr\/index.php\/2019\/08\/11\/carcassonne-cite_fortifiee\/#primaryimage"},"thumbnailUrl":"https:\/\/i0.wp.com\/voyages-en-france.fr\/wp-content\/uploads\/2019\/08\/P2050740-35pc.jpg?fit=1696%2C1131&ssl=1","keywords":["11","Aude","Carcassonne","Cit\u00e9 de Carcassonne","Languedoc-Roussilon","UNESCO","Viollet-le-Duc"],"articleSection":["ch\u00e2teau","ville"],"inLanguage":"fr-FR","potentialAction":[{"@type":"CommentAction","name":"Comment","target":["https:\/\/voyages-en-france.fr\/index.php\/2019\/08\/11\/carcassonne-cite_fortifiee\/#respond"]}]},{"@type":"WebPage","@id":"https:\/\/voyages-en-france.fr\/index.php\/2019\/08\/11\/carcassonne-cite_fortifiee\/","url":"https:\/\/voyages-en-france.fr\/index.php\/2019\/08\/11\/carcassonne-cite_fortifiee\/","name":"Carcassonne, la cit\u00e9 fortifi\u00e9e class\u00e9e au Patrimoine Mondial","isPartOf":{"@id":"https:\/\/voyages-en-france.fr\/#website"},"primaryImageOfPage":{"@id":"https:\/\/voyages-en-france.fr\/index.php\/2019\/08\/11\/carcassonne-cite_fortifiee\/#primaryimage"},"image":{"@id":"https:\/\/voyages-en-france.fr\/index.php\/2019\/08\/11\/carcassonne-cite_fortifiee\/#primaryimage"},"thumbnailUrl":"https:\/\/i0.wp.com\/voyages-en-france.fr\/wp-content\/uploads\/2019\/08\/P2050740-35pc.jpg?fit=1696%2C1131&ssl=1","datePublished":"2019-08-11T17:11:55+00:00","dateModified":"2024-05-05T00:02:07+00:00","description":"Carcassonne, la cit\u00e9 fortifi\u00e9e class\u00e9e au Patrimoine Mondial Carcassonne, une cit\u00e9 m\u00e9di\u00e9vale magnifique class\u00e9e au Patrimoine Mondial","breadcrumb":{"@id":"https:\/\/voyages-en-france.fr\/index.php\/2019\/08\/11\/carcassonne-cite_fortifiee\/#breadcrumb"},"inLanguage":"fr-FR","potentialAction":[{"@type":"ReadAction","target":["https:\/\/voyages-en-france.fr\/index.php\/2019\/08\/11\/carcassonne-cite_fortifiee\/"]}]},{"@type":"ImageObject","inLanguage":"fr-FR","@id":"https:\/\/voyages-en-france.fr\/index.php\/2019\/08\/11\/carcassonne-cite_fortifiee\/#primaryimage","url":"https:\/\/i0.wp.com\/voyages-en-france.fr\/wp-content\/uploads\/2019\/08\/P2050740-35pc.jpg?fit=1696%2C1131&ssl=1","contentUrl":"https:\/\/i0.wp.com\/voyages-en-france.fr\/wp-content\/uploads\/2019\/08\/P2050740-35pc.jpg?fit=1696%2C1131&ssl=1","width":1696,"height":1131,"caption":"Cit\u00e9 de Carcassonne - sur les remparts"},{"@type":"BreadcrumbList","@id":"https:\/\/voyages-en-france.fr\/index.php\/2019\/08\/11\/carcassonne-cite_fortifiee\/#breadcrumb","itemListElement":[{"@type":"ListItem","position":1,"name":"Accueil","item":"https:\/\/voyages-en-france.fr\/"},{"@type":"ListItem","position":2,"name":"Carcassonne, la cit\u00e9 fortifi\u00e9e class\u00e9e au Patrimoine Mondial"}]},{"@type":"WebSite","@id":"https:\/\/voyages-en-france.fr\/#website","url":"https:\/\/voyages-en-france.fr\/","name":"Voyages-en-France.fr","description":"D\u00e9couvrir la France, son patrimoine, ses richesses naturelles, son histoire...","publisher":{"@id":"https:\/\/voyages-en-france.fr\/#\/schema\/person\/611a624b57cd68dd2e4c3f7d385420e2"},"potentialAction":[{"@type":"SearchAction","target":{"@type":"EntryPoint","urlTemplate":"https:\/\/voyages-en-france.fr\/?s={search_term_string}"},"query-input":{"@type":"PropertyValueSpecification","valueRequired":true,"valueName":"search_term_string"}}],"inLanguage":"fr-FR"},{"@type":["Person","Organization"],"@id":"https:\/\/voyages-en-france.fr\/#\/schema\/person\/611a624b57cd68dd2e4c3f7d385420e2","name":"Christophe","image":{"@type":"ImageObject","inLanguage":"fr-FR","@id":"https:\/\/voyages-en-france.fr\/#\/schema\/person\/image\/","url":"https:\/\/i0.wp.com\/voyages-en-france.fr\/wp-content\/uploads\/2017\/11\/cropped-FRANCE-1.jpg?fit=324%2C324&ssl=1","contentUrl":"https:\/\/i0.wp.com\/voyages-en-france.fr\/wp-content\/uploads\/2017\/11\/cropped-FRANCE-1.jpg?fit=324%2C324&ssl=1","width":324,"height":324,"caption":"Christophe"},"logo":{"@id":"https:\/\/voyages-en-france.fr\/#\/schema\/person\/image\/"},"sameAs":["http:\/\/voyages-en-france.fr\/","https:\/\/www.facebook.com\/voyages.au.coeur.de.la.france\/","https:\/\/www.instagram.com\/voyages_en_france\/","https:\/\/x.com\/Voyages_France"]}]}},"jetpack_publicize_connections":[],"jetpack_featured_media_url":"https:\/\/i0.wp.com\/voyages-en-france.fr\/wp-content\/uploads\/2019\/08\/P2050740-35pc.jpg?fit=1696%2C1131&ssl=1","jetpack_sharing_enabled":true,"jetpack_shortlink":"https:\/\/wp.me\/p9pWxx-qW","jetpack_likes_enabled":true,"_links":{"self":[{"href":"https:\/\/voyages-en-france.fr\/index.php\/wp-json\/wp\/v2\/posts\/1670","targetHints":{"allow":["GET"]}}],"collection":[{"href":"https:\/\/voyages-en-france.fr\/index.php\/wp-json\/wp\/v2\/posts"}],"about":[{"href":"https:\/\/voyages-en-france.fr\/index.php\/wp-json\/wp\/v2\/types\/post"}],"author":[{"embeddable":true,"href":"https:\/\/voyages-en-france.fr\/index.php\/wp-json\/wp\/v2\/users\/1"}],"replies":[{"embeddable":true,"href":"https:\/\/voyages-en-france.fr\/index.php\/wp-json\/wp\/v2\/comments?post=1670"}],"version-history":[{"count":13,"href":"https:\/\/voyages-en-france.fr\/index.php\/wp-json\/wp\/v2\/posts\/1670\/revisions"}],"predecessor-version":[{"id":3081,"href":"https:\/\/voyages-en-france.fr\/index.php\/wp-json\/wp\/v2\/posts\/1670\/revisions\/3081"}],"wp:featuredmedia":[{"embeddable":true,"href":"https:\/\/voyages-en-france.fr\/index.php\/wp-json\/wp\/v2\/media\/1677"}],"wp:attachment":[{"href":"https:\/\/voyages-en-france.fr\/index.php\/wp-json\/wp\/v2\/media?parent=1670"}],"wp:term":[{"taxonomy":"category","embeddable":true,"href":"https:\/\/voyages-en-france.fr\/index.php\/wp-json\/wp\/v2\/categories?post=1670"},{"taxonomy":"post_tag","embeddable":true,"href":"https:\/\/voyages-en-france.fr\/index.php\/wp-json\/wp\/v2\/tags?post=1670"}],"curies":[{"name":"wp","href":"https:\/\/api.w.org\/{rel}","templated":true}]}}