{"id":1336,"date":"2018-09-23T18:10:39","date_gmt":"2018-09-23T16:10:39","guid":{"rendered":"http:\/\/voyages-en-france.fr\/?p=1336"},"modified":"2019-08-11T20:03:29","modified_gmt":"2019-08-11T18:03:29","slug":"strasbourg-capitale-dalsace","status":"publish","type":"post","link":"https:\/\/voyages-en-france.fr\/index.php\/2018\/09\/23\/strasbourg-capitale-dalsace\/","title":{"rendered":"Strasbourg, capitale d&rsquo;Alsace"},"content":{"rendered":"<span itemprop=\"description\"><h2>Strasbourg, capitale d&rsquo;Alsace<\/h2>\n<p>Strasbourg est la grande m\u00e9tropole de l&rsquo;est de la France. Elle compte 300 000 habitants dans la ville et pr\u00e8s de 800 000 habitants dans l&rsquo;aire urbaine.<\/p>\n<p>Elle est le le si\u00e8ge de la pr\u00e9fecture du Bas-Rhin, la capitale de la nouvelle r\u00e9gion Grand Est et le si\u00e8ge du Parlement Europ\u00e9en. Elle se trouve au bord du Rhin \u00e0 la fronti\u00e8re avec l&rsquo;Allemagne. Cette position lui a valu une histoire mouvement\u00e9 lors des 3 guerres entre la France et l&rsquo;Allemagne. Elle fut annex\u00e9e \u00e0 l&rsquo;Allemagne entre 1870 et 1918 et pendant la Deuxi\u00e8me Guerre Mondiale comme toute l&rsquo;Alsace et la Moselle.<\/p>\n<p>Cela lui vaut aussi des particularit\u00e9s au niveau des institutions, car n&rsquo;\u00e9tant pas Fran\u00e7aise en 1905 l&rsquo;Alsace-Moselle n&rsquo;est pas soumise \u00e0 la loi de s\u00e9paration de l&rsquo;Eglise et de l&rsquo;Etat. Le Concordat sign\u00e9 en 1801 entre Napol\u00e9on et le Pape y et donc toujours en vigueur!<\/p>\n<p style=\"text-align: center;\"><iframe loading=\"lazy\" style=\"border: 0;\" src=\"https:\/\/www.google.com\/maps\/embed?pb=!1m18!1m12!1m3!1d2704270.0237975763!2d5.520749364926261!3d48.55452549143146!2m3!1f0!2f0!3f0!3m2!1i1024!2i768!4f13.1!3m3!1m2!1s0x4796c8495e18b2c1%3A0x971a483118e7241f!2sStrasbourg!5e0!3m2!1sfr!2sfr!4v1537717157882\" width=\"750\" height=\"450\" frameborder=\"0\" allowfullscreen=\"allowfullscreen\"><span data-mce-type=\"bookmark\" style=\"display: inline-block; width: 0px; overflow: hidden; line-height: 0;\" class=\"mce_SELRES_start\">\ufeff<\/span><\/iframe><\/p>\n<h2>La cath\u00e9drale de Strasbourg<\/h2>\n<p>La cath\u00e9drale Notre-Dame de Strasbourg est une cath\u00e9drale\u00a0fond\u00e9e en 1015 sur les vestiges d&rsquo;une pr\u00e9c\u00e9dente cath\u00e9drale et \u00e9lev\u00e9e \u00e0 partir de 1220 par la ville libre de Strasbourg, riche r\u00e9publique marchande et financi\u00e8re, dans le style gothique.<\/p>\n<p>Si\u00e8ge disput\u00e9 durant la r\u00e9forme d&rsquo;\u00e9v\u00eaques qui ont \u00e9t\u00e9 suffragants de la province de Mayence jusqu&rsquo;au concordat de 1801, elle est d\u00e9sormais exclusivement affect\u00e9e au culte catholique romain et abrite depuis 1988 un archidioc\u00e8se propre. C&rsquo;est aujourd&rsquo;hui la deuxi\u00e8me cath\u00e9drale la plus visit\u00e9e de France apr\u00e8s Notre-Dame de Paris, soit huit millions et demi de touristes par an.<\/p>\n<p>Haute de 142,11 m\u00e8tres, elle a \u00e9t\u00e9 pendant une longue p\u00e9riode l&rsquo;\u00e9difice le plus \u00e9lev\u00e9 du monde. Pratiquement achev\u00e9e en 1365, elle a la particularit\u00e9 d&rsquo;avoir vu l&rsquo;espace entre ses deux tours combl\u00e9 en 1388 et se reconnait \u00e0 son unique clocher surmont\u00e9 d&rsquo;une fl\u00e8che qui lui a \u00e9t\u00e9 ajout\u00e9 en 1439.<\/p>\n<p>Ce \u00ab prodige du gigantesque et du d\u00e9licat \u00bb admir\u00e9 de Victor Hugo est visible de tr\u00e8s loin dans la plaine d&rsquo;Alsace, jusque depuis les Vosges ou la For\u00eat-Noire. C\u00f4toy\u00e9e par la maison Notre-Dame et le palais Rohan, elle se dresse place de la cath\u00e9drale dans le quartier de la Grande \u00cele, au c\u0153ur du vieux Strasbourg qu&rsquo;entoure la rivi\u00e8re Ill.<\/p>\n<figure id=\"attachment_202\" aria-describedby=\"caption-attachment-202\" style=\"width: 1024px\" class=\"wp-caption aligncenter\"><img data-recalc-dims=\"1\" loading=\"lazy\" decoding=\"async\" data-attachment-id=\"202\" data-permalink=\"https:\/\/voyages-en-france.fr\/index.php\/2018\/09\/23\/strasbourg-capitale-dalsace\/p1290419-35pc\/\" data-orig-file=\"https:\/\/i0.wp.com\/voyages-en-france.fr\/wp-content\/uploads\/2017\/11\/P1290419-35pc.jpg?fit=1277%2C958&amp;ssl=1\" data-orig-size=\"1277,958\" data-comments-opened=\"1\" data-image-meta=\"{&quot;aperture&quot;:&quot;5&quot;,&quot;credit&quot;:&quot;&quot;,&quot;camera&quot;:&quot;DMC-FZ28&quot;,&quot;caption&quot;:&quot;&quot;,&quot;created_timestamp&quot;:&quot;1320073280&quot;,&quot;copyright&quot;:&quot;&quot;,&quot;focal_length&quot;:&quot;4.8&quot;,&quot;iso&quot;:&quot;160&quot;,&quot;shutter_speed&quot;:&quot;0.005&quot;,&quot;title&quot;:&quot;&quot;,&quot;orientation&quot;:&quot;1&quot;}\" data-image-title=\"P1290419 [35pc]\" data-image-description=\"&lt;p&gt;Cath\u00e9drale Notre-Dame de Strasbourg&lt;\/p&gt;\n\" data-image-caption=\"&lt;p&gt;Cath\u00e9drale Notre-Dame de Strasbourg&lt;\/p&gt;\n\" data-medium-file=\"https:\/\/i0.wp.com\/voyages-en-france.fr\/wp-content\/uploads\/2017\/11\/P1290419-35pc.jpg?fit=300%2C225&amp;ssl=1\" data-large-file=\"https:\/\/i0.wp.com\/voyages-en-france.fr\/wp-content\/uploads\/2017\/11\/P1290419-35pc.jpg?fit=1024%2C768&amp;ssl=1\" class=\"size-large wp-image-202\" src=\"https:\/\/i0.wp.com\/voyages-en-france.fr\/wp-content\/uploads\/2017\/11\/P1290419-35pc.jpg?resize=1024%2C768&#038;ssl=1\" alt=\"Cath\u00e9drale Notre-Dame de Strasbourg\" width=\"1024\" height=\"768\" srcset=\"https:\/\/i0.wp.com\/voyages-en-france.fr\/wp-content\/uploads\/2017\/11\/P1290419-35pc.jpg?resize=1024%2C768&amp;ssl=1 1024w, https:\/\/i0.wp.com\/voyages-en-france.fr\/wp-content\/uploads\/2017\/11\/P1290419-35pc.jpg?resize=300%2C225&amp;ssl=1 300w, https:\/\/i0.wp.com\/voyages-en-france.fr\/wp-content\/uploads\/2017\/11\/P1290419-35pc.jpg?resize=768%2C576&amp;ssl=1 768w, https:\/\/i0.wp.com\/voyages-en-france.fr\/wp-content\/uploads\/2017\/11\/P1290419-35pc.jpg?w=1277&amp;ssl=1 1277w\" sizes=\"auto, (max-width: 1024px) 100vw, 1024px\" \/><figcaption id=\"caption-attachment-202\" class=\"wp-caption-text\">Cath\u00e9drale Notre-Dame de Strasbourg<\/figcaption><\/figure>\n<figure id=\"attachment_200\" aria-describedby=\"caption-attachment-200\" style=\"width: 1024px\" class=\"wp-caption aligncenter\"><img data-recalc-dims=\"1\" loading=\"lazy\" decoding=\"async\" data-attachment-id=\"200\" data-permalink=\"https:\/\/voyages-en-france.fr\/index.php\/2018\/09\/23\/strasbourg-capitale-dalsace\/p1290406-35pc\/\" data-orig-file=\"https:\/\/i0.wp.com\/voyages-en-france.fr\/wp-content\/uploads\/2017\/11\/P1290406-35pc.jpg?fit=1277%2C958&amp;ssl=1\" data-orig-size=\"1277,958\" data-comments-opened=\"1\" data-image-meta=\"{&quot;aperture&quot;:&quot;2.8&quot;,&quot;credit&quot;:&quot;&quot;,&quot;camera&quot;:&quot;DMC-FZ28&quot;,&quot;caption&quot;:&quot;&quot;,&quot;created_timestamp&quot;:&quot;1320072023&quot;,&quot;copyright&quot;:&quot;&quot;,&quot;focal_length&quot;:&quot;4.8&quot;,&quot;iso&quot;:&quot;200&quot;,&quot;shutter_speed&quot;:&quot;0.005&quot;,&quot;title&quot;:&quot;&quot;,&quot;orientation&quot;:&quot;1&quot;}\" data-image-title=\"P1290406 [35pc]\" data-image-description=\"&lt;p&gt;Cath\u00e9drale Notre-Dame de Strasbourg&lt;\/p&gt;\n\" data-image-caption=\"&lt;p&gt;Cath\u00e9drale Notre-Dame de Strasbourg&lt;\/p&gt;\n\" data-medium-file=\"https:\/\/i0.wp.com\/voyages-en-france.fr\/wp-content\/uploads\/2017\/11\/P1290406-35pc.jpg?fit=300%2C225&amp;ssl=1\" data-large-file=\"https:\/\/i0.wp.com\/voyages-en-france.fr\/wp-content\/uploads\/2017\/11\/P1290406-35pc.jpg?fit=1024%2C768&amp;ssl=1\" class=\"size-large wp-image-200\" src=\"https:\/\/i0.wp.com\/voyages-en-france.fr\/wp-content\/uploads\/2017\/11\/P1290406-35pc.jpg?resize=1024%2C768&#038;ssl=1\" alt=\"Cath\u00e9drale Notre-Dame de Strasbourg\" width=\"1024\" height=\"768\" srcset=\"https:\/\/i0.wp.com\/voyages-en-france.fr\/wp-content\/uploads\/2017\/11\/P1290406-35pc.jpg?resize=1024%2C768&amp;ssl=1 1024w, https:\/\/i0.wp.com\/voyages-en-france.fr\/wp-content\/uploads\/2017\/11\/P1290406-35pc.jpg?resize=300%2C225&amp;ssl=1 300w, https:\/\/i0.wp.com\/voyages-en-france.fr\/wp-content\/uploads\/2017\/11\/P1290406-35pc.jpg?resize=768%2C576&amp;ssl=1 768w, https:\/\/i0.wp.com\/voyages-en-france.fr\/wp-content\/uploads\/2017\/11\/P1290406-35pc.jpg?w=1277&amp;ssl=1 1277w\" sizes=\"auto, (max-width: 1024px) 100vw, 1024px\" \/><figcaption id=\"caption-attachment-200\" class=\"wp-caption-text\">Cath\u00e9drale Notre-Dame de Strasbourg<\/figcaption><\/figure>\n<p>L&rsquo;Horloge astronomique construite durant le XVIe si\u00e8cle, est un chef-d&rsquo;\u0153uvre de la Renaissance. Ele est consid\u00e9r\u00e9e \u00e0 l&rsquo;\u00e9poque comme faisant partie des sept merveilles de l&rsquo;Allemagne. La l\u00e9gende pr\u00e9tend que le Magistrat, inquiet que le constructeur puisse construire ailleurs un ouvrage semblable, lui aurait crev\u00e9 les yeux. Des automates s&rsquo;activent tous les jours \u00e0 12 h 30.<\/p>\n<figure id=\"attachment_206\" aria-describedby=\"caption-attachment-206\" style=\"width: 1024px\" class=\"wp-caption aligncenter\"><img data-recalc-dims=\"1\" loading=\"lazy\" decoding=\"async\" data-attachment-id=\"206\" data-permalink=\"https:\/\/voyages-en-france.fr\/index.php\/2018\/09\/23\/strasbourg-capitale-dalsace\/p1290467-35pc\/\" data-orig-file=\"https:\/\/i0.wp.com\/voyages-en-france.fr\/wp-content\/uploads\/2017\/11\/P1290467-35pc.jpg?fit=1277%2C958&amp;ssl=1\" data-orig-size=\"1277,958\" data-comments-opened=\"1\" data-image-meta=\"{&quot;aperture&quot;:&quot;2.8&quot;,&quot;credit&quot;:&quot;&quot;,&quot;camera&quot;:&quot;DMC-FZ28&quot;,&quot;caption&quot;:&quot;&quot;,&quot;created_timestamp&quot;:&quot;1320074903&quot;,&quot;copyright&quot;:&quot;&quot;,&quot;focal_length&quot;:&quot;4.8&quot;,&quot;iso&quot;:&quot;800&quot;,&quot;shutter_speed&quot;:&quot;0.1&quot;,&quot;title&quot;:&quot;&quot;,&quot;orientation&quot;:&quot;1&quot;}\" data-image-title=\"P1290467 [35pc]\" data-image-description=\"&lt;p&gt;Cath\u00e9drale Notre-Dame de Strasbourg &#8211; horloge astronomique&lt;\/p&gt;\n\" data-image-caption=\"&lt;p&gt;Cath\u00e9drale Notre-Dame de Strasbourg &#8211; horloge astronomique&lt;\/p&gt;\n\" data-medium-file=\"https:\/\/i0.wp.com\/voyages-en-france.fr\/wp-content\/uploads\/2017\/11\/P1290467-35pc.jpg?fit=300%2C225&amp;ssl=1\" data-large-file=\"https:\/\/i0.wp.com\/voyages-en-france.fr\/wp-content\/uploads\/2017\/11\/P1290467-35pc.jpg?fit=1024%2C768&amp;ssl=1\" class=\"size-large wp-image-206\" src=\"https:\/\/i0.wp.com\/voyages-en-france.fr\/wp-content\/uploads\/2017\/11\/P1290467-35pc.jpg?resize=1024%2C768&#038;ssl=1\" alt=\"Cath\u00e9drale Notre-Dame de Strasbourg - horloge astronomique\" width=\"1024\" height=\"768\" srcset=\"https:\/\/i0.wp.com\/voyages-en-france.fr\/wp-content\/uploads\/2017\/11\/P1290467-35pc.jpg?resize=1024%2C768&amp;ssl=1 1024w, https:\/\/i0.wp.com\/voyages-en-france.fr\/wp-content\/uploads\/2017\/11\/P1290467-35pc.jpg?resize=300%2C225&amp;ssl=1 300w, https:\/\/i0.wp.com\/voyages-en-france.fr\/wp-content\/uploads\/2017\/11\/P1290467-35pc.jpg?resize=768%2C576&amp;ssl=1 768w, https:\/\/i0.wp.com\/voyages-en-france.fr\/wp-content\/uploads\/2017\/11\/P1290467-35pc.jpg?w=1277&amp;ssl=1 1277w\" sizes=\"auto, (max-width: 1024px) 100vw, 1024px\" \/><figcaption id=\"caption-attachment-206\" class=\"wp-caption-text\">Cath\u00e9drale Notre-Dame de Strasbourg &#8211; horloge astronomique<\/figcaption><\/figure>\n<h2>La Petite France<\/h2>\n<p>La Petite France est un quartier historique de Strasbourg. Il est situ\u00e9 sur la Grande \u00cele, qui est class\u00e9e au <a href=\"https:\/\/voyages-en-france.fr\/index.php\/tag\/unesco\/\">Patrimoine mondial de l&rsquo;humanit\u00e9 par l&rsquo;UNESCO<\/a> depuis 1988.\u00a0Le quartier tire son nom de l\u2019hospice des v\u00e9rol\u00e9s, construit \u00e0 la fin du XVe si\u00e8cle pour accueillir les soldats malades revenant de la campagne d\u2019Italie. La Petite France comportait de nombreuses tanneries et \u00e9tait de ce fait le \u00ab quartier des tanneurs \u00bb de Strasbourg, bien que l&rsquo;on y trouv\u00e2t \u00e9galement des p\u00eacheurs et des meuniers.<\/p>\n<p>Aujourd&rsquo;hui c&rsquo;est l&rsquo;un des quartiers les plus pittoresques de Strasbourg. Une balade dans les ruelles bord\u00e9es de\u00a0maisons typiques d&rsquo;Alsace vaut le d\u00e9tour. Vous y trouverez de nombreux restaurants.<\/p>\n<figure id=\"attachment_212\" aria-describedby=\"caption-attachment-212\" style=\"width: 1024px\" class=\"wp-caption aligncenter\"><img data-recalc-dims=\"1\" loading=\"lazy\" decoding=\"async\" data-attachment-id=\"212\" data-permalink=\"https:\/\/voyages-en-france.fr\/index.php\/2018\/09\/23\/strasbourg-capitale-dalsace\/p1290566-35pc\/\" data-orig-file=\"https:\/\/i0.wp.com\/voyages-en-france.fr\/wp-content\/uploads\/2017\/11\/P1290566-35pc.jpg?fit=1277%2C958&amp;ssl=1\" data-orig-size=\"1277,958\" data-comments-opened=\"1\" data-image-meta=\"{&quot;aperture&quot;:&quot;2.8&quot;,&quot;credit&quot;:&quot;&quot;,&quot;camera&quot;:&quot;DMC-FZ28&quot;,&quot;caption&quot;:&quot;&quot;,&quot;created_timestamp&quot;:&quot;1320079096&quot;,&quot;copyright&quot;:&quot;&quot;,&quot;focal_length&quot;:&quot;4.8&quot;,&quot;iso&quot;:&quot;100&quot;,&quot;shutter_speed&quot;:&quot;0.016666666666667&quot;,&quot;title&quot;:&quot;&quot;,&quot;orientation&quot;:&quot;1&quot;}\" data-image-title=\"P1290566 [35pc]\" data-image-description=\"&lt;p&gt;Strasbourg &#8211; la Petite France&lt;\/p&gt;\n\" data-image-caption=\"&lt;p&gt;Strasbourg &#8211; la Petite France&lt;\/p&gt;\n\" data-medium-file=\"https:\/\/i0.wp.com\/voyages-en-france.fr\/wp-content\/uploads\/2017\/11\/P1290566-35pc.jpg?fit=300%2C225&amp;ssl=1\" data-large-file=\"https:\/\/i0.wp.com\/voyages-en-france.fr\/wp-content\/uploads\/2017\/11\/P1290566-35pc.jpg?fit=1024%2C768&amp;ssl=1\" class=\"size-large wp-image-212\" src=\"https:\/\/i0.wp.com\/voyages-en-france.fr\/wp-content\/uploads\/2017\/11\/P1290566-35pc.jpg?resize=1024%2C768&#038;ssl=1\" alt=\"Strasbourg - la Petite France\" width=\"1024\" height=\"768\" srcset=\"https:\/\/i0.wp.com\/voyages-en-france.fr\/wp-content\/uploads\/2017\/11\/P1290566-35pc.jpg?resize=1024%2C768&amp;ssl=1 1024w, https:\/\/i0.wp.com\/voyages-en-france.fr\/wp-content\/uploads\/2017\/11\/P1290566-35pc.jpg?resize=300%2C225&amp;ssl=1 300w, https:\/\/i0.wp.com\/voyages-en-france.fr\/wp-content\/uploads\/2017\/11\/P1290566-35pc.jpg?resize=768%2C576&amp;ssl=1 768w, https:\/\/i0.wp.com\/voyages-en-france.fr\/wp-content\/uploads\/2017\/11\/P1290566-35pc.jpg?w=1277&amp;ssl=1 1277w\" sizes=\"auto, (max-width: 1024px) 100vw, 1024px\" \/><figcaption id=\"caption-attachment-212\" class=\"wp-caption-text\">Strasbourg &#8211; la Petite France<\/figcaption><\/figure>\n<figure id=\"attachment_208\" aria-describedby=\"caption-attachment-208\" style=\"width: 1024px\" class=\"wp-caption aligncenter\"><img data-recalc-dims=\"1\" loading=\"lazy\" decoding=\"async\" data-attachment-id=\"208\" data-permalink=\"https:\/\/voyages-en-france.fr\/index.php\/2018\/09\/23\/strasbourg-capitale-dalsace\/p1290521-35pc\/\" data-orig-file=\"https:\/\/i0.wp.com\/voyages-en-france.fr\/wp-content\/uploads\/2017\/11\/P1290521-35pc.jpg?fit=1277%2C958&amp;ssl=1\" data-orig-size=\"1277,958\" data-comments-opened=\"1\" data-image-meta=\"{&quot;aperture&quot;:&quot;2.8&quot;,&quot;credit&quot;:&quot;&quot;,&quot;camera&quot;:&quot;DMC-FZ28&quot;,&quot;caption&quot;:&quot;&quot;,&quot;created_timestamp&quot;:&quot;1320077911&quot;,&quot;copyright&quot;:&quot;&quot;,&quot;focal_length&quot;:&quot;4.8&quot;,&quot;iso&quot;:&quot;100&quot;,&quot;shutter_speed&quot;:&quot;0.0125&quot;,&quot;title&quot;:&quot;&quot;,&quot;orientation&quot;:&quot;1&quot;}\" data-image-title=\"P1290521 [35pc]\" data-image-description=\"&lt;p&gt;Strasbourg &#8211; la Petite France&lt;\/p&gt;\n\" data-image-caption=\"&lt;p&gt;Strasbourg &#8211; la Petite France&lt;\/p&gt;\n\" data-medium-file=\"https:\/\/i0.wp.com\/voyages-en-france.fr\/wp-content\/uploads\/2017\/11\/P1290521-35pc.jpg?fit=300%2C225&amp;ssl=1\" data-large-file=\"https:\/\/i0.wp.com\/voyages-en-france.fr\/wp-content\/uploads\/2017\/11\/P1290521-35pc.jpg?fit=1024%2C768&amp;ssl=1\" class=\"size-large wp-image-208\" src=\"https:\/\/i0.wp.com\/voyages-en-france.fr\/wp-content\/uploads\/2017\/11\/P1290521-35pc.jpg?resize=1024%2C768&#038;ssl=1\" alt=\"Strasbourg - la Petite France\" width=\"1024\" height=\"768\" srcset=\"https:\/\/i0.wp.com\/voyages-en-france.fr\/wp-content\/uploads\/2017\/11\/P1290521-35pc.jpg?resize=1024%2C768&amp;ssl=1 1024w, https:\/\/i0.wp.com\/voyages-en-france.fr\/wp-content\/uploads\/2017\/11\/P1290521-35pc.jpg?resize=300%2C225&amp;ssl=1 300w, https:\/\/i0.wp.com\/voyages-en-france.fr\/wp-content\/uploads\/2017\/11\/P1290521-35pc.jpg?resize=768%2C576&amp;ssl=1 768w, https:\/\/i0.wp.com\/voyages-en-france.fr\/wp-content\/uploads\/2017\/11\/P1290521-35pc.jpg?w=1277&amp;ssl=1 1277w\" sizes=\"auto, (max-width: 1024px) 100vw, 1024px\" \/><figcaption id=\"caption-attachment-208\" class=\"wp-caption-text\">Strasbourg &#8211; la Petite France<\/figcaption><\/figure>\n<span>","protected":false},"excerpt":{"rendered":"<p class=\"excerpt\"><span itemprop=\"description\">Strasbourg, capitale d&rsquo;Alsace Strasbourg est la grande m\u00e9tropole de l&rsquo;est de la France. Elle compte 300 000 habitants dans la ville et pr\u00e8s de 800 000 habitants dans l&rsquo;aire urbaine. Elle est le le si\u00e8ge de la pr\u00e9fecture du Bas-Rhin,&hellip;<\/span><\/p>\n<p class=\"more-link-p btn-align-right\"><a class=\"blue zoom-btn\" href=\"https:\/\/voyages-en-france.fr\/index.php\/2018\/09\/23\/strasbourg-capitale-dalsace\/\">Lire la suite<\/a><\/p>\n","protected":false},"author":1,"featured_media":210,"comment_status":"open","ping_status":"open","sticky":false,"template":"","format":"standard","meta":{"pgc_sgb_lightbox_settings":"","jetpack_post_was_ever_published":false,"_bos_mb_destination":[""],"_jetpack_newsletter_access":"","_jetpack_dont_email_post_to_subs":false,"_jetpack_newsletter_tier_id":0,"_jetpack_memberships_contains_paywalled_content":false,"_jetpack_memberships_contains_paid_content":false,"footnotes":"","jetpack_publicize_message":"","jetpack_publicize_feature_enabled":true,"jetpack_social_post_already_shared":true,"jetpack_social_options":{"image_generator_settings":{"template":"highway","default_image_id":0,"font":"","enabled":false},"version":2}},"categories":[2],"tags":[19,21,20,216,266],"class_list":["post-1336","post","type-post","status-publish","format-standard","has-post-thumbnail","hentry","category-ville","tag-19","tag-alsace","tag-bas-rhin","tag-strasbourg","tag-unesco","zoom-theme-has-thumb"],"yoast_head":"<!-- This site is optimized with the Yoast SEO plugin v27.1.1 - https:\/\/yoast.com\/product\/yoast-seo-wordpress\/ -->\n<title>Strasbourg, capitale d&#039;Alsace - Voyages-en-France.fr<\/title>\n<meta name=\"description\" content=\"Strasbourg, capitale d&#039;Alsace ville % -\" \/>\n<meta name=\"robots\" content=\"index, follow, max-snippet:-1, max-image-preview:large, max-video-preview:-1\" \/>\n<link rel=\"canonical\" href=\"https:\/\/voyages-en-france.fr\/index.php\/2018\/09\/23\/strasbourg-capitale-dalsace\/\" \/>\n<meta property=\"og:locale\" content=\"fr_FR\" \/>\n<meta property=\"og:type\" content=\"article\" \/>\n<meta property=\"og:title\" content=\"Strasbourg, capitale d&#039;Alsace - Voyages-en-France.fr\" \/>\n<meta property=\"og:description\" content=\"Strasbourg, capitale d&#039;Alsace ville % -\" \/>\n<meta property=\"og:url\" content=\"https:\/\/voyages-en-france.fr\/index.php\/2018\/09\/23\/strasbourg-capitale-dalsace\/\" \/>\n<meta property=\"og:site_name\" content=\"Voyages-en-France.fr\" \/>\n<meta property=\"article:publisher\" content=\"https:\/\/www.facebook.com\/voyages.au.coeur.de.la.france\/\" \/>\n<meta property=\"article:author\" content=\"https:\/\/www.facebook.com\/voyages.au.coeur.de.la.france\/\" \/>\n<meta property=\"article:published_time\" content=\"2018-09-23T16:10:39+00:00\" \/>\n<meta property=\"article:modified_time\" content=\"2019-08-11T18:03:29+00:00\" \/>\n<meta property=\"og:image\" content=\"https:\/\/i0.wp.com\/voyages-en-france.fr\/wp-content\/uploads\/2017\/11\/P1290557-35pc.jpg?fit=1277%2C958&ssl=1\" \/>\n\t<meta property=\"og:image:width\" content=\"1277\" \/>\n\t<meta property=\"og:image:height\" content=\"958\" \/>\n\t<meta property=\"og:image:type\" content=\"image\/jpeg\" \/>\n<meta name=\"author\" content=\"Christophe\" \/>\n<meta name=\"twitter:card\" content=\"summary_large_image\" \/>\n<meta name=\"twitter:creator\" content=\"@Voyages_France\" \/>\n<meta name=\"twitter:site\" content=\"@Voyages_France\" \/>\n<meta name=\"twitter:label1\" content=\"\u00c9crit par\" \/>\n\t<meta name=\"twitter:data1\" content=\"Christophe\" \/>\n\t<meta name=\"twitter:label2\" content=\"Dur\u00e9e de lecture estim\u00e9e\" \/>\n\t<meta name=\"twitter:data2\" content=\"3 minutes\" \/>\n<script type=\"application\/ld+json\" class=\"yoast-schema-graph\">{\"@context\":\"https:\/\/schema.org\",\"@graph\":[{\"@type\":\"Article\",\"@id\":\"https:\/\/voyages-en-france.fr\/index.php\/2018\/09\/23\/strasbourg-capitale-dalsace\/#article\",\"isPartOf\":{\"@id\":\"https:\/\/voyages-en-france.fr\/index.php\/2018\/09\/23\/strasbourg-capitale-dalsace\/\"},\"author\":{\"name\":\"Christophe\",\"@id\":\"https:\/\/voyages-en-france.fr\/#\/schema\/person\/611a624b57cd68dd2e4c3f7d385420e2\"},\"headline\":\"Strasbourg, capitale d&rsquo;Alsace\",\"datePublished\":\"2018-09-23T16:10:39+00:00\",\"dateModified\":\"2019-08-11T18:03:29+00:00\",\"mainEntityOfPage\":{\"@id\":\"https:\/\/voyages-en-france.fr\/index.php\/2018\/09\/23\/strasbourg-capitale-dalsace\/\"},\"wordCount\":637,\"commentCount\":0,\"publisher\":{\"@id\":\"https:\/\/voyages-en-france.fr\/#\/schema\/person\/611a624b57cd68dd2e4c3f7d385420e2\"},\"image\":{\"@id\":\"https:\/\/voyages-en-france.fr\/index.php\/2018\/09\/23\/strasbourg-capitale-dalsace\/#primaryimage\"},\"thumbnailUrl\":\"https:\/\/i0.wp.com\/voyages-en-france.fr\/wp-content\/uploads\/2017\/11\/P1290557-35pc.jpg?fit=1277%2C958&ssl=1\",\"keywords\":[\"67\",\"Alsace\",\"Bas-Rhin\",\"Strasbourg\",\"UNESCO\"],\"articleSection\":[\"ville\"],\"inLanguage\":\"fr-FR\",\"potentialAction\":[{\"@type\":\"CommentAction\",\"name\":\"Comment\",\"target\":[\"https:\/\/voyages-en-france.fr\/index.php\/2018\/09\/23\/strasbourg-capitale-dalsace\/#respond\"]}]},{\"@type\":\"WebPage\",\"@id\":\"https:\/\/voyages-en-france.fr\/index.php\/2018\/09\/23\/strasbourg-capitale-dalsace\/\",\"url\":\"https:\/\/voyages-en-france.fr\/index.php\/2018\/09\/23\/strasbourg-capitale-dalsace\/\",\"name\":\"Strasbourg, capitale d'Alsace - Voyages-en-France.fr\",\"isPartOf\":{\"@id\":\"https:\/\/voyages-en-france.fr\/#website\"},\"primaryImageOfPage\":{\"@id\":\"https:\/\/voyages-en-france.fr\/index.php\/2018\/09\/23\/strasbourg-capitale-dalsace\/#primaryimage\"},\"image\":{\"@id\":\"https:\/\/voyages-en-france.fr\/index.php\/2018\/09\/23\/strasbourg-capitale-dalsace\/#primaryimage\"},\"thumbnailUrl\":\"https:\/\/i0.wp.com\/voyages-en-france.fr\/wp-content\/uploads\/2017\/11\/P1290557-35pc.jpg?fit=1277%2C958&ssl=1\",\"datePublished\":\"2018-09-23T16:10:39+00:00\",\"dateModified\":\"2019-08-11T18:03:29+00:00\",\"description\":\"Strasbourg, capitale d'Alsace ville % -\",\"breadcrumb\":{\"@id\":\"https:\/\/voyages-en-france.fr\/index.php\/2018\/09\/23\/strasbourg-capitale-dalsace\/#breadcrumb\"},\"inLanguage\":\"fr-FR\",\"potentialAction\":[{\"@type\":\"ReadAction\",\"target\":[\"https:\/\/voyages-en-france.fr\/index.php\/2018\/09\/23\/strasbourg-capitale-dalsace\/\"]}]},{\"@type\":\"ImageObject\",\"inLanguage\":\"fr-FR\",\"@id\":\"https:\/\/voyages-en-france.fr\/index.php\/2018\/09\/23\/strasbourg-capitale-dalsace\/#primaryimage\",\"url\":\"https:\/\/i0.wp.com\/voyages-en-france.fr\/wp-content\/uploads\/2017\/11\/P1290557-35pc.jpg?fit=1277%2C958&ssl=1\",\"contentUrl\":\"https:\/\/i0.wp.com\/voyages-en-france.fr\/wp-content\/uploads\/2017\/11\/P1290557-35pc.jpg?fit=1277%2C958&ssl=1\",\"width\":1277,\"height\":958,\"caption\":\"Strasbourg - la Petite France\"},{\"@type\":\"BreadcrumbList\",\"@id\":\"https:\/\/voyages-en-france.fr\/index.php\/2018\/09\/23\/strasbourg-capitale-dalsace\/#breadcrumb\",\"itemListElement\":[{\"@type\":\"ListItem\",\"position\":1,\"name\":\"Accueil\",\"item\":\"https:\/\/voyages-en-france.fr\/\"},{\"@type\":\"ListItem\",\"position\":2,\"name\":\"Strasbourg, capitale d&rsquo;Alsace\"}]},{\"@type\":\"WebSite\",\"@id\":\"https:\/\/voyages-en-france.fr\/#website\",\"url\":\"https:\/\/voyages-en-france.fr\/\",\"name\":\"Voyages-en-France.fr\",\"description\":\"D\u00e9couvrir la France, son patrimoine, ses richesses naturelles, son histoire...\",\"publisher\":{\"@id\":\"https:\/\/voyages-en-france.fr\/#\/schema\/person\/611a624b57cd68dd2e4c3f7d385420e2\"},\"potentialAction\":[{\"@type\":\"SearchAction\",\"target\":{\"@type\":\"EntryPoint\",\"urlTemplate\":\"https:\/\/voyages-en-france.fr\/?s={search_term_string}\"},\"query-input\":{\"@type\":\"PropertyValueSpecification\",\"valueRequired\":true,\"valueName\":\"search_term_string\"}}],\"inLanguage\":\"fr-FR\"},{\"@type\":[\"Person\",\"Organization\"],\"@id\":\"https:\/\/voyages-en-france.fr\/#\/schema\/person\/611a624b57cd68dd2e4c3f7d385420e2\",\"name\":\"Christophe\",\"image\":{\"@type\":\"ImageObject\",\"inLanguage\":\"fr-FR\",\"@id\":\"https:\/\/voyages-en-france.fr\/#\/schema\/person\/image\/\",\"url\":\"https:\/\/i0.wp.com\/voyages-en-france.fr\/wp-content\/uploads\/2017\/11\/cropped-FRANCE-1.jpg?fit=324%2C324&ssl=1\",\"contentUrl\":\"https:\/\/i0.wp.com\/voyages-en-france.fr\/wp-content\/uploads\/2017\/11\/cropped-FRANCE-1.jpg?fit=324%2C324&ssl=1\",\"width\":324,\"height\":324,\"caption\":\"Christophe\"},\"logo\":{\"@id\":\"https:\/\/voyages-en-france.fr\/#\/schema\/person\/image\/\"},\"sameAs\":[\"http:\/\/voyages-en-france.fr\/\",\"https:\/\/www.facebook.com\/voyages.au.coeur.de.la.france\/\",\"https:\/\/www.instagram.com\/voyages_en_france\/\",\"https:\/\/x.com\/Voyages_France\"]}]}<\/script>\n<!-- \/ Yoast SEO plugin. -->","yoast_head_json":{"title":"Strasbourg, capitale d'Alsace - Voyages-en-France.fr","description":"Strasbourg, capitale d'Alsace ville % -","robots":{"index":"index","follow":"follow","max-snippet":"max-snippet:-1","max-image-preview":"max-image-preview:large","max-video-preview":"max-video-preview:-1"},"canonical":"https:\/\/voyages-en-france.fr\/index.php\/2018\/09\/23\/strasbourg-capitale-dalsace\/","og_locale":"fr_FR","og_type":"article","og_title":"Strasbourg, capitale d'Alsace - Voyages-en-France.fr","og_description":"Strasbourg, capitale d'Alsace ville % -","og_url":"https:\/\/voyages-en-france.fr\/index.php\/2018\/09\/23\/strasbourg-capitale-dalsace\/","og_site_name":"Voyages-en-France.fr","article_publisher":"https:\/\/www.facebook.com\/voyages.au.coeur.de.la.france\/","article_author":"https:\/\/www.facebook.com\/voyages.au.coeur.de.la.france\/","article_published_time":"2018-09-23T16:10:39+00:00","article_modified_time":"2019-08-11T18:03:29+00:00","og_image":[{"width":1277,"height":958,"url":"https:\/\/i0.wp.com\/voyages-en-france.fr\/wp-content\/uploads\/2017\/11\/P1290557-35pc.jpg?fit=1277%2C958&ssl=1","type":"image\/jpeg"}],"author":"Christophe","twitter_card":"summary_large_image","twitter_creator":"@Voyages_France","twitter_site":"@Voyages_France","twitter_misc":{"\u00c9crit par":"Christophe","Dur\u00e9e de lecture estim\u00e9e":"3 minutes"},"schema":{"@context":"https:\/\/schema.org","@graph":[{"@type":"Article","@id":"https:\/\/voyages-en-france.fr\/index.php\/2018\/09\/23\/strasbourg-capitale-dalsace\/#article","isPartOf":{"@id":"https:\/\/voyages-en-france.fr\/index.php\/2018\/09\/23\/strasbourg-capitale-dalsace\/"},"author":{"name":"Christophe","@id":"https:\/\/voyages-en-france.fr\/#\/schema\/person\/611a624b57cd68dd2e4c3f7d385420e2"},"headline":"Strasbourg, capitale d&rsquo;Alsace","datePublished":"2018-09-23T16:10:39+00:00","dateModified":"2019-08-11T18:03:29+00:00","mainEntityOfPage":{"@id":"https:\/\/voyages-en-france.fr\/index.php\/2018\/09\/23\/strasbourg-capitale-dalsace\/"},"wordCount":637,"commentCount":0,"publisher":{"@id":"https:\/\/voyages-en-france.fr\/#\/schema\/person\/611a624b57cd68dd2e4c3f7d385420e2"},"image":{"@id":"https:\/\/voyages-en-france.fr\/index.php\/2018\/09\/23\/strasbourg-capitale-dalsace\/#primaryimage"},"thumbnailUrl":"https:\/\/i0.wp.com\/voyages-en-france.fr\/wp-content\/uploads\/2017\/11\/P1290557-35pc.jpg?fit=1277%2C958&ssl=1","keywords":["67","Alsace","Bas-Rhin","Strasbourg","UNESCO"],"articleSection":["ville"],"inLanguage":"fr-FR","potentialAction":[{"@type":"CommentAction","name":"Comment","target":["https:\/\/voyages-en-france.fr\/index.php\/2018\/09\/23\/strasbourg-capitale-dalsace\/#respond"]}]},{"@type":"WebPage","@id":"https:\/\/voyages-en-france.fr\/index.php\/2018\/09\/23\/strasbourg-capitale-dalsace\/","url":"https:\/\/voyages-en-france.fr\/index.php\/2018\/09\/23\/strasbourg-capitale-dalsace\/","name":"Strasbourg, capitale d'Alsace - Voyages-en-France.fr","isPartOf":{"@id":"https:\/\/voyages-en-france.fr\/#website"},"primaryImageOfPage":{"@id":"https:\/\/voyages-en-france.fr\/index.php\/2018\/09\/23\/strasbourg-capitale-dalsace\/#primaryimage"},"image":{"@id":"https:\/\/voyages-en-france.fr\/index.php\/2018\/09\/23\/strasbourg-capitale-dalsace\/#primaryimage"},"thumbnailUrl":"https:\/\/i0.wp.com\/voyages-en-france.fr\/wp-content\/uploads\/2017\/11\/P1290557-35pc.jpg?fit=1277%2C958&ssl=1","datePublished":"2018-09-23T16:10:39+00:00","dateModified":"2019-08-11T18:03:29+00:00","description":"Strasbourg, capitale d'Alsace ville % -","breadcrumb":{"@id":"https:\/\/voyages-en-france.fr\/index.php\/2018\/09\/23\/strasbourg-capitale-dalsace\/#breadcrumb"},"inLanguage":"fr-FR","potentialAction":[{"@type":"ReadAction","target":["https:\/\/voyages-en-france.fr\/index.php\/2018\/09\/23\/strasbourg-capitale-dalsace\/"]}]},{"@type":"ImageObject","inLanguage":"fr-FR","@id":"https:\/\/voyages-en-france.fr\/index.php\/2018\/09\/23\/strasbourg-capitale-dalsace\/#primaryimage","url":"https:\/\/i0.wp.com\/voyages-en-france.fr\/wp-content\/uploads\/2017\/11\/P1290557-35pc.jpg?fit=1277%2C958&ssl=1","contentUrl":"https:\/\/i0.wp.com\/voyages-en-france.fr\/wp-content\/uploads\/2017\/11\/P1290557-35pc.jpg?fit=1277%2C958&ssl=1","width":1277,"height":958,"caption":"Strasbourg - la Petite France"},{"@type":"BreadcrumbList","@id":"https:\/\/voyages-en-france.fr\/index.php\/2018\/09\/23\/strasbourg-capitale-dalsace\/#breadcrumb","itemListElement":[{"@type":"ListItem","position":1,"name":"Accueil","item":"https:\/\/voyages-en-france.fr\/"},{"@type":"ListItem","position":2,"name":"Strasbourg, capitale d&rsquo;Alsace"}]},{"@type":"WebSite","@id":"https:\/\/voyages-en-france.fr\/#website","url":"https:\/\/voyages-en-france.fr\/","name":"Voyages-en-France.fr","description":"D\u00e9couvrir la France, son patrimoine, ses richesses naturelles, son histoire...","publisher":{"@id":"https:\/\/voyages-en-france.fr\/#\/schema\/person\/611a624b57cd68dd2e4c3f7d385420e2"},"potentialAction":[{"@type":"SearchAction","target":{"@type":"EntryPoint","urlTemplate":"https:\/\/voyages-en-france.fr\/?s={search_term_string}"},"query-input":{"@type":"PropertyValueSpecification","valueRequired":true,"valueName":"search_term_string"}}],"inLanguage":"fr-FR"},{"@type":["Person","Organization"],"@id":"https:\/\/voyages-en-france.fr\/#\/schema\/person\/611a624b57cd68dd2e4c3f7d385420e2","name":"Christophe","image":{"@type":"ImageObject","inLanguage":"fr-FR","@id":"https:\/\/voyages-en-france.fr\/#\/schema\/person\/image\/","url":"https:\/\/i0.wp.com\/voyages-en-france.fr\/wp-content\/uploads\/2017\/11\/cropped-FRANCE-1.jpg?fit=324%2C324&ssl=1","contentUrl":"https:\/\/i0.wp.com\/voyages-en-france.fr\/wp-content\/uploads\/2017\/11\/cropped-FRANCE-1.jpg?fit=324%2C324&ssl=1","width":324,"height":324,"caption":"Christophe"},"logo":{"@id":"https:\/\/voyages-en-france.fr\/#\/schema\/person\/image\/"},"sameAs":["http:\/\/voyages-en-france.fr\/","https:\/\/www.facebook.com\/voyages.au.coeur.de.la.france\/","https:\/\/www.instagram.com\/voyages_en_france\/","https:\/\/x.com\/Voyages_France"]}]}},"jetpack_publicize_connections":[],"jetpack_featured_media_url":"https:\/\/i0.wp.com\/voyages-en-france.fr\/wp-content\/uploads\/2017\/11\/P1290557-35pc.jpg?fit=1277%2C958&ssl=1","jetpack_sharing_enabled":true,"jetpack_shortlink":"https:\/\/wp.me\/p9pWxx-ly","jetpack_likes_enabled":true,"_links":{"self":[{"href":"https:\/\/voyages-en-france.fr\/index.php\/wp-json\/wp\/v2\/posts\/1336","targetHints":{"allow":["GET"]}}],"collection":[{"href":"https:\/\/voyages-en-france.fr\/index.php\/wp-json\/wp\/v2\/posts"}],"about":[{"href":"https:\/\/voyages-en-france.fr\/index.php\/wp-json\/wp\/v2\/types\/post"}],"author":[{"embeddable":true,"href":"https:\/\/voyages-en-france.fr\/index.php\/wp-json\/wp\/v2\/users\/1"}],"replies":[{"embeddable":true,"href":"https:\/\/voyages-en-france.fr\/index.php\/wp-json\/wp\/v2\/comments?post=1336"}],"version-history":[{"count":2,"href":"https:\/\/voyages-en-france.fr\/index.php\/wp-json\/wp\/v2\/posts\/1336\/revisions"}],"predecessor-version":[{"id":1704,"href":"https:\/\/voyages-en-france.fr\/index.php\/wp-json\/wp\/v2\/posts\/1336\/revisions\/1704"}],"wp:featuredmedia":[{"embeddable":true,"href":"https:\/\/voyages-en-france.fr\/index.php\/wp-json\/wp\/v2\/media\/210"}],"wp:attachment":[{"href":"https:\/\/voyages-en-france.fr\/index.php\/wp-json\/wp\/v2\/media?parent=1336"}],"wp:term":[{"taxonomy":"category","embeddable":true,"href":"https:\/\/voyages-en-france.fr\/index.php\/wp-json\/wp\/v2\/categories?post=1336"},{"taxonomy":"post_tag","embeddable":true,"href":"https:\/\/voyages-en-france.fr\/index.php\/wp-json\/wp\/v2\/tags?post=1336"}],"curies":[{"name":"wp","href":"https:\/\/api.w.org\/{rel}","templated":true}]}}