{"id":1272,"date":"2018-08-21T19:48:00","date_gmt":"2018-08-21T17:48:00","guid":{"rendered":"http:\/\/voyages-en-france.fr\/?p=1272"},"modified":"2018-08-21T19:52:01","modified_gmt":"2018-08-21T17:52:01","slug":"la-cote-de-beaune-par-la-voie-des-vignes","status":"publish","type":"post","link":"https:\/\/voyages-en-france.fr\/index.php\/2018\/08\/21\/la-cote-de-beaune-par-la-voie-des-vignes\/","title":{"rendered":"La c\u00f4te de Beaune par la voie des vignes"},"content":{"rendered":"<span itemprop=\"description\"><h2>La c\u00f4te de Beaune<\/h2>\n<p>Le vignoble de la c\u00f4te de Beaune est un vignoble occupant une zone \u00e9troite de Ladoix-Serrigny au nord, jusqu&rsquo;\u00e0 Cheilly-l\u00e8s-Maranges au sud, dans les d\u00e9partements de la C\u00f4te-d&rsquo;Or et de Sa\u00f4ne-et-Loire. La <a href=\"https:\/\/voyages-en-france.fr\/index.php\/2018\/01\/11\/hospices-de-beaune-lhopital-moyen-age\/\">ville de Beaune<\/a> se trouve plut\u00f4t dans la partie nord de la C\u00f4te de Beaune. Le relief\u00a0 sym\u00e9trique entre Ladoix-Serrigny est Dijon s&rsquo;appelle la <a href=\"https:\/\/voyages-en-france.fr\/index.php\/2018\/08\/18\/chateau-du-clos-de-vougeot\/\">C\u00f4te de Nuits<\/a>.<\/p>\n<figure id=\"attachment_1277\" aria-describedby=\"caption-attachment-1277\" style=\"width: 1024px\" class=\"wp-caption aligncenter\"><img data-recalc-dims=\"1\" loading=\"lazy\" decoding=\"async\" data-attachment-id=\"1277\" data-permalink=\"https:\/\/voyages-en-france.fr\/index.php\/2018\/08\/21\/la-cote-de-beaune-par-la-voie-des-vignes\/p1950517-35pc\/\" data-orig-file=\"https:\/\/i0.wp.com\/voyages-en-france.fr\/wp-content\/uploads\/2018\/08\/P1950517-35pc.jpg?fit=1915%2C1277&amp;ssl=1\" data-orig-size=\"1915,1277\" data-comments-opened=\"1\" data-image-meta=\"{&quot;aperture&quot;:&quot;3.2&quot;,&quot;credit&quot;:&quot;&quot;,&quot;camera&quot;:&quot;DMC-FZ1000&quot;,&quot;caption&quot;:&quot;&quot;,&quot;created_timestamp&quot;:&quot;1533650787&quot;,&quot;copyright&quot;:&quot;&quot;,&quot;focal_length&quot;:&quot;9.12&quot;,&quot;iso&quot;:&quot;125&quot;,&quot;shutter_speed&quot;:&quot;0.0005&quot;,&quot;title&quot;:&quot;&quot;,&quot;orientation&quot;:&quot;1&quot;}\" data-image-title=\"P1950517 [35pc]\" data-image-description=\"&lt;p&gt;La voie des vignes &#8211; pr\u00e8s de Santenay&lt;\/p&gt;\n\" data-image-caption=\"&lt;p&gt;La voie des vignes &#8211; pr\u00e8s de Santenay&lt;\/p&gt;\n\" data-medium-file=\"https:\/\/i0.wp.com\/voyages-en-france.fr\/wp-content\/uploads\/2018\/08\/P1950517-35pc.jpg?fit=300%2C200&amp;ssl=1\" data-large-file=\"https:\/\/i0.wp.com\/voyages-en-france.fr\/wp-content\/uploads\/2018\/08\/P1950517-35pc.jpg?fit=1024%2C683&amp;ssl=1\" class=\"size-large wp-image-1277\" src=\"https:\/\/i0.wp.com\/voyages-en-france.fr\/wp-content\/uploads\/2018\/08\/P1950517-35pc.jpg?resize=1024%2C683&#038;ssl=1\" alt=\"La voie des vignes - pr\u00e8s de Santenay\" width=\"1024\" height=\"683\" srcset=\"https:\/\/i0.wp.com\/voyages-en-france.fr\/wp-content\/uploads\/2018\/08\/P1950517-35pc.jpg?resize=1024%2C683&amp;ssl=1 1024w, https:\/\/i0.wp.com\/voyages-en-france.fr\/wp-content\/uploads\/2018\/08\/P1950517-35pc.jpg?resize=300%2C200&amp;ssl=1 300w, https:\/\/i0.wp.com\/voyages-en-france.fr\/wp-content\/uploads\/2018\/08\/P1950517-35pc.jpg?resize=768%2C512&amp;ssl=1 768w, https:\/\/i0.wp.com\/voyages-en-france.fr\/wp-content\/uploads\/2018\/08\/P1950517-35pc.jpg?resize=1200%2C800&amp;ssl=1 1200w, https:\/\/i0.wp.com\/voyages-en-france.fr\/wp-content\/uploads\/2018\/08\/P1950517-35pc.jpg?w=1915&amp;ssl=1 1915w\" sizes=\"auto, (max-width: 1024px) 100vw, 1024px\" \/><figcaption id=\"caption-attachment-1277\" class=\"wp-caption-text\">La voie des vignes &#8211; pr\u00e8s de Santenay<\/figcaption><\/figure>\n<h2>La c\u00f4te de Beaune par la voie des vignes<\/h2>\n<figure id=\"attachment_1273\" aria-describedby=\"caption-attachment-1273\" style=\"width: 1024px\" class=\"wp-caption aligncenter\"><img data-recalc-dims=\"1\" loading=\"lazy\" decoding=\"async\" data-attachment-id=\"1273\" data-permalink=\"https:\/\/voyages-en-france.fr\/index.php\/2018\/08\/21\/la-cote-de-beaune-par-la-voie-des-vignes\/p1950343-35pc\/\" data-orig-file=\"https:\/\/i0.wp.com\/voyages-en-france.fr\/wp-content\/uploads\/2018\/08\/P1950343-35pc.jpg?fit=1915%2C1277&amp;ssl=1\" data-orig-size=\"1915,1277\" data-comments-opened=\"1\" data-image-meta=\"{&quot;aperture&quot;:&quot;4.5&quot;,&quot;credit&quot;:&quot;&quot;,&quot;camera&quot;:&quot;DMC-FZ1000&quot;,&quot;caption&quot;:&quot;&quot;,&quot;created_timestamp&quot;:&quot;1533642260&quot;,&quot;copyright&quot;:&quot;&quot;,&quot;focal_length&quot;:&quot;9.12&quot;,&quot;iso&quot;:&quot;125&quot;,&quot;shutter_speed&quot;:&quot;0.000625&quot;,&quot;title&quot;:&quot;&quot;,&quot;orientation&quot;:&quot;1&quot;}\" data-image-title=\"P1950343 [35pc]\" data-image-description=\"&lt;p&gt;La voie des vignes &#8211; d\u00e9part \u00e0 Beaune&lt;\/p&gt;\n\" data-image-caption=\"&lt;p&gt;La voie des vignes &#8211; d\u00e9part \u00e0 Beaune&lt;\/p&gt;\n\" data-medium-file=\"https:\/\/i0.wp.com\/voyages-en-france.fr\/wp-content\/uploads\/2018\/08\/P1950343-35pc.jpg?fit=300%2C200&amp;ssl=1\" data-large-file=\"https:\/\/i0.wp.com\/voyages-en-france.fr\/wp-content\/uploads\/2018\/08\/P1950343-35pc.jpg?fit=1024%2C683&amp;ssl=1\" class=\"size-large wp-image-1273\" src=\"https:\/\/i0.wp.com\/voyages-en-france.fr\/wp-content\/uploads\/2018\/08\/P1950343-35pc.jpg?resize=1024%2C683&#038;ssl=1\" alt=\"La voie des vignes - d\u00e9part \u00e0 Beaune\" width=\"1024\" height=\"683\" srcset=\"https:\/\/i0.wp.com\/voyages-en-france.fr\/wp-content\/uploads\/2018\/08\/P1950343-35pc.jpg?resize=1024%2C683&amp;ssl=1 1024w, https:\/\/i0.wp.com\/voyages-en-france.fr\/wp-content\/uploads\/2018\/08\/P1950343-35pc.jpg?resize=300%2C200&amp;ssl=1 300w, https:\/\/i0.wp.com\/voyages-en-france.fr\/wp-content\/uploads\/2018\/08\/P1950343-35pc.jpg?resize=768%2C512&amp;ssl=1 768w, https:\/\/i0.wp.com\/voyages-en-france.fr\/wp-content\/uploads\/2018\/08\/P1950343-35pc.jpg?resize=1200%2C800&amp;ssl=1 1200w, https:\/\/i0.wp.com\/voyages-en-france.fr\/wp-content\/uploads\/2018\/08\/P1950343-35pc.jpg?w=1915&amp;ssl=1 1915w\" sizes=\"auto, (max-width: 1024px) 100vw, 1024px\" \/><figcaption id=\"caption-attachment-1273\" class=\"wp-caption-text\">La voie des vignes &#8211; d\u00e9part \u00e0 Beaune<\/figcaption><\/figure>\n<p>La voie des vignes est une piste cyclable qui permet de traverser les villes et villages suivants:<\/p>\n<ul>\n<li>Beaune (appellations Beaune, C\u00f4te-de-Beaune et Bourgogne-Hautes-C\u00f4tes-de-Beaune)<\/li>\n<li>Pommard (appellations Pommard et Bourgogne-hautes-c\u00f4tes-de-Beaune)<\/li>\n<li>Volnay (appellations Volnay et Bourgogne-Hautes-C\u00f4tes-de-Beaune) ;<\/li>\n<li>Meursault (appellations Meursault, Blagny, Sainte-Marie-la-Blanche, Volnay et Bourgogne-Hautes-C\u00f4tes-de-Beaune)<\/li>\n<li>Puligny-Montrachet (appellations Puligny-Montrachet, b\u00e2tard-Montrachet, bienvenues-b\u00e2tard-Montrachet, Montrachet, Chevalier-Montrachet, Blagny et C\u00f4te-de-Beaune-villages)<\/li>\n<li>Chassagne-Montrachet (appellations Chassagne-Montrachet, b\u00e2tard-Montrachet, criots-b\u00e2tard-Montrachet, Montrachet et C\u00f4te-de-Beaune-villages)<\/li>\n<li>Santenay (appellations Santenay et C\u00f4te-de-Beaune-villages)<\/li>\n<\/ul>\n<figure id=\"attachment_1275\" aria-describedby=\"caption-attachment-1275\" style=\"width: 700px\" class=\"wp-caption aligncenter\"><img data-recalc-dims=\"1\" loading=\"lazy\" decoding=\"async\" data-attachment-id=\"1275\" data-permalink=\"https:\/\/voyages-en-france.fr\/index.php\/2018\/08\/21\/la-cote-de-beaune-par-la-voie-des-vignes\/p1950432-35pc\/\" data-orig-file=\"https:\/\/i0.wp.com\/voyages-en-france.fr\/wp-content\/uploads\/2018\/08\/P1950432-35pc.jpg?fit=1078%2C1577&amp;ssl=1\" data-orig-size=\"1078,1577\" data-comments-opened=\"1\" data-image-meta=\"{&quot;aperture&quot;:&quot;2.8&quot;,&quot;credit&quot;:&quot;&quot;,&quot;camera&quot;:&quot;DMC-FZ1000&quot;,&quot;caption&quot;:&quot;&quot;,&quot;created_timestamp&quot;:&quot;1533645351&quot;,&quot;copyright&quot;:&quot;&quot;,&quot;focal_length&quot;:&quot;9.12&quot;,&quot;iso&quot;:&quot;125&quot;,&quot;shutter_speed&quot;:&quot;0.001&quot;,&quot;title&quot;:&quot;&quot;,&quot;orientation&quot;:&quot;1&quot;}\" data-image-title=\"P1950432 [35pc]\" data-image-description=\"&lt;p&gt;La voie des vignes &lt;\/p&gt;\n\" data-image-caption=\"&lt;p&gt;La voie des vignes &lt;\/p&gt;\n\" data-medium-file=\"https:\/\/i0.wp.com\/voyages-en-france.fr\/wp-content\/uploads\/2018\/08\/P1950432-35pc.jpg?fit=205%2C300&amp;ssl=1\" data-large-file=\"https:\/\/i0.wp.com\/voyages-en-france.fr\/wp-content\/uploads\/2018\/08\/P1950432-35pc.jpg?fit=700%2C1024&amp;ssl=1\" class=\"size-large wp-image-1275\" src=\"https:\/\/i0.wp.com\/voyages-en-france.fr\/wp-content\/uploads\/2018\/08\/P1950432-35pc.jpg?resize=700%2C1024&#038;ssl=1\" alt=\"La voie des vignes\" width=\"700\" height=\"1024\" srcset=\"https:\/\/i0.wp.com\/voyages-en-france.fr\/wp-content\/uploads\/2018\/08\/P1950432-35pc.jpg?resize=700%2C1024&amp;ssl=1 700w, https:\/\/i0.wp.com\/voyages-en-france.fr\/wp-content\/uploads\/2018\/08\/P1950432-35pc.jpg?resize=205%2C300&amp;ssl=1 205w, https:\/\/i0.wp.com\/voyages-en-france.fr\/wp-content\/uploads\/2018\/08\/P1950432-35pc.jpg?resize=768%2C1124&amp;ssl=1 768w, https:\/\/i0.wp.com\/voyages-en-france.fr\/wp-content\/uploads\/2018\/08\/P1950432-35pc.jpg?w=1078&amp;ssl=1 1078w\" sizes=\"auto, (max-width: 700px) 100vw, 700px\" \/><figcaption id=\"caption-attachment-1275\" class=\"wp-caption-text\">La voie des vignes<\/figcaption><\/figure>\n<p>En v\u00e9lo le chemin est bien indiqu\u00e9 et l&rsquo;aller-retour centre de Beaune centre \u00e0 Santenay fait 52 kilom\u00e8tres. Le parcours est souvent accessible en voiture mais surtout utilis\u00e9 par les viticulteurs. Le chemin est relativement peut vallonn\u00e9. Par contre il y a peu d&rsquo;ombre, donc pr\u00e9voir de quoi s&rsquo;hydrater&#8230; et pas seulement de l&rsquo;excellent vin de Bourgogne en vente dans chaque propri\u00e9t\u00e9!<\/p>\n<figure id=\"attachment_1278\" aria-describedby=\"caption-attachment-1278\" style=\"width: 1024px\" class=\"wp-caption aligncenter\"><img data-recalc-dims=\"1\" loading=\"lazy\" decoding=\"async\" data-attachment-id=\"1278\" data-permalink=\"https:\/\/voyages-en-france.fr\/index.php\/2018\/08\/21\/la-cote-de-beaune-par-la-voie-des-vignes\/p1950565-35pc\/\" data-orig-file=\"https:\/\/i0.wp.com\/voyages-en-france.fr\/wp-content\/uploads\/2018\/08\/P1950565-35pc.jpg?fit=1915%2C1277&amp;ssl=1\" data-orig-size=\"1915,1277\" data-comments-opened=\"1\" data-image-meta=\"{&quot;aperture&quot;:&quot;3.5&quot;,&quot;credit&quot;:&quot;&quot;,&quot;camera&quot;:&quot;DMC-FZ1000&quot;,&quot;caption&quot;:&quot;&quot;,&quot;created_timestamp&quot;:&quot;1533653861&quot;,&quot;copyright&quot;:&quot;&quot;,&quot;focal_length&quot;:&quot;9.12&quot;,&quot;iso&quot;:&quot;125&quot;,&quot;shutter_speed&quot;:&quot;0.000625&quot;,&quot;title&quot;:&quot;&quot;,&quot;orientation&quot;:&quot;1&quot;}\" data-image-title=\"P1950565 [35pc]\" data-image-description=\"&lt;p&gt;La voie des vignes &#8211; B\u00e2tard Montrachet&lt;\/p&gt;\n\" data-image-caption=\"&lt;p&gt;La voie des vignes &#8211; B\u00e2tard Montrachet&lt;\/p&gt;\n\" data-medium-file=\"https:\/\/i0.wp.com\/voyages-en-france.fr\/wp-content\/uploads\/2018\/08\/P1950565-35pc.jpg?fit=300%2C200&amp;ssl=1\" data-large-file=\"https:\/\/i0.wp.com\/voyages-en-france.fr\/wp-content\/uploads\/2018\/08\/P1950565-35pc.jpg?fit=1024%2C683&amp;ssl=1\" class=\"size-large wp-image-1278\" src=\"https:\/\/i0.wp.com\/voyages-en-france.fr\/wp-content\/uploads\/2018\/08\/P1950565-35pc.jpg?resize=1024%2C683&#038;ssl=1\" alt=\"La voie des vignes - B\u00e2tard Montrachet\" width=\"1024\" height=\"683\" srcset=\"https:\/\/i0.wp.com\/voyages-en-france.fr\/wp-content\/uploads\/2018\/08\/P1950565-35pc.jpg?resize=1024%2C683&amp;ssl=1 1024w, https:\/\/i0.wp.com\/voyages-en-france.fr\/wp-content\/uploads\/2018\/08\/P1950565-35pc.jpg?resize=300%2C200&amp;ssl=1 300w, https:\/\/i0.wp.com\/voyages-en-france.fr\/wp-content\/uploads\/2018\/08\/P1950565-35pc.jpg?resize=768%2C512&amp;ssl=1 768w, https:\/\/i0.wp.com\/voyages-en-france.fr\/wp-content\/uploads\/2018\/08\/P1950565-35pc.jpg?resize=1200%2C800&amp;ssl=1 1200w, https:\/\/i0.wp.com\/voyages-en-france.fr\/wp-content\/uploads\/2018\/08\/P1950565-35pc.jpg?w=1915&amp;ssl=1 1915w\" sizes=\"auto, (max-width: 1024px) 100vw, 1024px\" \/><figcaption id=\"caption-attachment-1278\" class=\"wp-caption-text\">La voie des vignes &#8211; B\u00e2tard Montrachet<\/figcaption><\/figure>\n<h2>Pommard<\/h2>\n<p>La commune produit l&rsquo;AOC Pommard, vin rouge du vignoble de la c\u00f4te de Beaune et dont Flaubert vante les m\u00e9rites dans Madame Bovary. Le c\u00e9page est un pinot noir qui donne une robe grenat.<\/p>\n<p>Le vignoble s&rsquo;\u00e9tend sur 321 hectares dont 122 hectares class\u00e9s en premier cru (28 appellations).<\/p>\n<p>Le nom de l\u2019appellation Pommard peut \u00eatre suivie soit de premier cru ou du nom du climat d\u2019origine ou de l\u2019un et de l\u2019autre, soit du seul nom du climat pour les vins provenant de parcelles non class\u00e9es en premier cru.<\/p>\n<figure id=\"attachment_1274\" aria-describedby=\"caption-attachment-1274\" style=\"width: 1024px\" class=\"wp-caption aligncenter\"><img data-recalc-dims=\"1\" loading=\"lazy\" decoding=\"async\" data-attachment-id=\"1274\" data-permalink=\"https:\/\/voyages-en-france.fr\/index.php\/2018\/08\/21\/la-cote-de-beaune-par-la-voie-des-vignes\/p1950413-35pc\/\" data-orig-file=\"https:\/\/i0.wp.com\/voyages-en-france.fr\/wp-content\/uploads\/2018\/08\/P1950413-35pc.jpg?fit=1915%2C1277&amp;ssl=1\" data-orig-size=\"1915,1277\" data-comments-opened=\"1\" data-image-meta=\"{&quot;aperture&quot;:&quot;3.9&quot;,&quot;credit&quot;:&quot;&quot;,&quot;camera&quot;:&quot;DMC-FZ1000&quot;,&quot;caption&quot;:&quot;&quot;,&quot;created_timestamp&quot;:&quot;1533643832&quot;,&quot;copyright&quot;:&quot;&quot;,&quot;focal_length&quot;:&quot;59.97&quot;,&quot;iso&quot;:&quot;125&quot;,&quot;shutter_speed&quot;:&quot;0.00076923076923077&quot;,&quot;title&quot;:&quot;&quot;,&quot;orientation&quot;:&quot;1&quot;}\" data-image-title=\"P1950413 [35pc]\" data-image-description=\"&lt;p&gt;La voie des vignes &#8211; Pommard&lt;\/p&gt;\n\" data-image-caption=\"&lt;p&gt;La voie des vignes &#8211; Pommard&lt;\/p&gt;\n\" data-medium-file=\"https:\/\/i0.wp.com\/voyages-en-france.fr\/wp-content\/uploads\/2018\/08\/P1950413-35pc.jpg?fit=300%2C200&amp;ssl=1\" data-large-file=\"https:\/\/i0.wp.com\/voyages-en-france.fr\/wp-content\/uploads\/2018\/08\/P1950413-35pc.jpg?fit=1024%2C683&amp;ssl=1\" class=\"size-large wp-image-1274\" src=\"https:\/\/i0.wp.com\/voyages-en-france.fr\/wp-content\/uploads\/2018\/08\/P1950413-35pc.jpg?resize=1024%2C683&#038;ssl=1\" alt=\"La voie des vignes - Pommard\" width=\"1024\" height=\"683\" srcset=\"https:\/\/i0.wp.com\/voyages-en-france.fr\/wp-content\/uploads\/2018\/08\/P1950413-35pc.jpg?resize=1024%2C683&amp;ssl=1 1024w, https:\/\/i0.wp.com\/voyages-en-france.fr\/wp-content\/uploads\/2018\/08\/P1950413-35pc.jpg?resize=300%2C200&amp;ssl=1 300w, https:\/\/i0.wp.com\/voyages-en-france.fr\/wp-content\/uploads\/2018\/08\/P1950413-35pc.jpg?resize=768%2C512&amp;ssl=1 768w, https:\/\/i0.wp.com\/voyages-en-france.fr\/wp-content\/uploads\/2018\/08\/P1950413-35pc.jpg?resize=1200%2C800&amp;ssl=1 1200w, https:\/\/i0.wp.com\/voyages-en-france.fr\/wp-content\/uploads\/2018\/08\/P1950413-35pc.jpg?w=1915&amp;ssl=1 1915w\" sizes=\"auto, (max-width: 1024px) 100vw, 1024px\" \/><figcaption id=\"caption-attachment-1274\" class=\"wp-caption-text\">La voie des vignes &#8211; Pommard<\/figcaption><\/figure>\n<h2>Meursault<\/h2>\n<p>Le ch\u00e2teau fort de Meursault construit en 1337 par le seigneur Robert de Grancey fut d\u00e9mantel\u00e9 en 1474 par d\u00e9cret de Louis XI. Il est restaur\u00e9 puis \u00e0 nouveau d\u00e9mantel\u00e9 en 1633 par ordre de Richelieu. Il a \u00e9t\u00e9 remani\u00e9 depuis en h\u00f4tel de ville avec son toit en tuile verniss\u00e9e de Bourgogne.<\/p>\n<p>Lors de la seconde Guerre mondiale, Meursault se situait toute proche de la zone libre. C&rsquo;est \u00e0 ce titre qu&rsquo;une partie de l&rsquo;intrigue du c\u00e9l\u00e8bre film fictionnel La Grande Vadrouille se situe \u00e0 Meursault, l\u00e0 m\u00eame o\u00f9 les h\u00e9ros du film vont tenter de franchir la ligne de d\u00e9marcation.<\/p>\n<figure id=\"attachment_1279\" aria-describedby=\"caption-attachment-1279\" style=\"width: 1024px\" class=\"wp-caption aligncenter\"><img data-recalc-dims=\"1\" loading=\"lazy\" decoding=\"async\" data-attachment-id=\"1279\" data-permalink=\"https:\/\/voyages-en-france.fr\/index.php\/2018\/08\/21\/la-cote-de-beaune-par-la-voie-des-vignes\/p1950642-35pc\/\" data-orig-file=\"https:\/\/i0.wp.com\/voyages-en-france.fr\/wp-content\/uploads\/2018\/08\/P1950642-35pc.jpg?fit=1915%2C1277&amp;ssl=1\" data-orig-size=\"1915,1277\" data-comments-opened=\"1\" data-image-meta=\"{&quot;aperture&quot;:&quot;3.2&quot;,&quot;credit&quot;:&quot;&quot;,&quot;camera&quot;:&quot;DMC-FZ1000&quot;,&quot;caption&quot;:&quot;&quot;,&quot;created_timestamp&quot;:&quot;1533656023&quot;,&quot;copyright&quot;:&quot;&quot;,&quot;focal_length&quot;:&quot;9.12&quot;,&quot;iso&quot;:&quot;125&quot;,&quot;shutter_speed&quot;:&quot;0.000625&quot;,&quot;title&quot;:&quot;&quot;,&quot;orientation&quot;:&quot;1&quot;}\" data-image-title=\"P1950642 [35pc]\" data-image-description=\"&lt;p&gt;H\u00f4tel de ville de Meursault&lt;\/p&gt;\n\" data-image-caption=\"&lt;p&gt;H\u00f4tel de ville de Meursault&lt;\/p&gt;\n\" data-medium-file=\"https:\/\/i0.wp.com\/voyages-en-france.fr\/wp-content\/uploads\/2018\/08\/P1950642-35pc.jpg?fit=300%2C200&amp;ssl=1\" data-large-file=\"https:\/\/i0.wp.com\/voyages-en-france.fr\/wp-content\/uploads\/2018\/08\/P1950642-35pc.jpg?fit=1024%2C683&amp;ssl=1\" class=\"size-large wp-image-1279\" src=\"https:\/\/i0.wp.com\/voyages-en-france.fr\/wp-content\/uploads\/2018\/08\/P1950642-35pc.jpg?resize=1024%2C683&#038;ssl=1\" alt=\"H\u00f4tel de ville de Meursault\" width=\"1024\" height=\"683\" srcset=\"https:\/\/i0.wp.com\/voyages-en-france.fr\/wp-content\/uploads\/2018\/08\/P1950642-35pc.jpg?resize=1024%2C683&amp;ssl=1 1024w, https:\/\/i0.wp.com\/voyages-en-france.fr\/wp-content\/uploads\/2018\/08\/P1950642-35pc.jpg?resize=300%2C200&amp;ssl=1 300w, https:\/\/i0.wp.com\/voyages-en-france.fr\/wp-content\/uploads\/2018\/08\/P1950642-35pc.jpg?resize=768%2C512&amp;ssl=1 768w, https:\/\/i0.wp.com\/voyages-en-france.fr\/wp-content\/uploads\/2018\/08\/P1950642-35pc.jpg?resize=1200%2C800&amp;ssl=1 1200w, https:\/\/i0.wp.com\/voyages-en-france.fr\/wp-content\/uploads\/2018\/08\/P1950642-35pc.jpg?w=1915&amp;ssl=1 1915w\" sizes=\"auto, (max-width: 1024px) 100vw, 1024px\" \/><figcaption id=\"caption-attachment-1279\" class=\"wp-caption-text\">H\u00f4tel de ville de Meursault<\/figcaption><\/figure>\n<p>&nbsp;<\/p>\n<p style=\"text-align: center;\"><iframe loading=\"lazy\" src=\"https:\/\/www.geoportail.gouv.fr\/embed\/visu.html?c=4.749132687683104,46.97074804657501&amp;z=12&amp;l0=ORTHOIMAGERY.ORTHOPHOTOS::GEOPORTAIL:OGC:WMTS(1)&amp;l1=GEOGRAPHICALGRIDSYSTEMS.MAPS.3D::GEOPORTAIL:OGC:WMTS==aggregate(1)&amp;permalink=yes\" width=\"750\" height=\"500\" frameborder=\"0\" marginwidth=\"0\" marginheight=\"0\" scrolling=\"no\" sandbox=\"allow-forms allow-scripts allow-same-origin\" allowfullscreen=\"allowfullscreen\"><span data-mce-type=\"bookmark\" style=\"display: inline-block; width: 0px; overflow: hidden; line-height: 0;\" class=\"mce_SELRES_start\">\ufeff<\/span><span data-mce-type=\"bookmark\" style=\"display: inline-block; width: 0px; overflow: hidden; line-height: 0;\" class=\"mce_SELRES_start\">\ufeff<\/span><\/iframe><\/p>\n<span>","protected":false},"excerpt":{"rendered":"<p class=\"excerpt\"><span itemprop=\"description\">La c\u00f4te de Beaune Le vignoble de la c\u00f4te de Beaune est un vignoble occupant une zone \u00e9troite de Ladoix-Serrigny au nord, jusqu&rsquo;\u00e0 Cheilly-l\u00e8s-Maranges au sud, dans les d\u00e9partements de la C\u00f4te-d&rsquo;Or et de Sa\u00f4ne-et-Loire. La ville de Beaune se&hellip;<\/span><\/p>\n<p class=\"more-link-p btn-align-right\"><a class=\"blue zoom-btn\" href=\"https:\/\/voyages-en-france.fr\/index.php\/2018\/08\/21\/la-cote-de-beaune-par-la-voie-des-vignes\/\">Lire la suite<\/a><\/p>\n","protected":false},"author":1,"featured_media":1276,"comment_status":"open","ping_status":"open","sticky":false,"template":"","format":"standard","meta":{"pgc_sgb_lightbox_settings":"","jetpack_post_was_ever_published":false,"_bos_mb_destination":[""],"_jetpack_newsletter_access":"","_jetpack_dont_email_post_to_subs":false,"_jetpack_newsletter_tier_id":0,"_jetpack_memberships_contains_paywalled_content":false,"_jetpack_memberships_contains_paid_content":false,"footnotes":"","jetpack_publicize_message":"","jetpack_publicize_feature_enabled":true,"jetpack_social_post_already_shared":true,"jetpack_social_options":{"image_generator_settings":{"template":"highway","default_image_id":0,"font":"","enabled":false},"version":2}},"categories":[12],"tags":[115,113,58,114,205,206,207],"class_list":["post-1272","post","type-post","status-publish","format-standard","has-post-thumbnail","hentry","category-site-naturel","tag-115","tag-beaune","tag-bourgogne","tag-cote-dor","tag-meursault","tag-pommard","tag-volnay","zoom-theme-has-thumb"],"yoast_head":"<!-- This site is optimized with the Yoast SEO plugin v27.1.1 - https:\/\/yoast.com\/product\/yoast-seo-wordpress\/ -->\n<title>La c\u00f4te de Beaune par la voie des vignes - Voyages-en-France.fr<\/title>\n<meta name=\"description\" content=\"La c\u00f4te de Beaune par la voie des vignes Site naturel % -\" \/>\n<meta name=\"robots\" content=\"index, follow, max-snippet:-1, max-image-preview:large, max-video-preview:-1\" \/>\n<link rel=\"canonical\" href=\"https:\/\/voyages-en-france.fr\/index.php\/2018\/08\/21\/la-cote-de-beaune-par-la-voie-des-vignes\/\" \/>\n<meta property=\"og:locale\" content=\"fr_FR\" \/>\n<meta property=\"og:type\" content=\"article\" \/>\n<meta property=\"og:title\" content=\"La c\u00f4te de Beaune par la voie des vignes - Voyages-en-France.fr\" \/>\n<meta property=\"og:description\" content=\"La c\u00f4te de Beaune par la voie des vignes Site naturel % -\" \/>\n<meta property=\"og:url\" content=\"https:\/\/voyages-en-france.fr\/index.php\/2018\/08\/21\/la-cote-de-beaune-par-la-voie-des-vignes\/\" \/>\n<meta property=\"og:site_name\" content=\"Voyages-en-France.fr\" \/>\n<meta property=\"article:publisher\" content=\"https:\/\/www.facebook.com\/voyages.au.coeur.de.la.france\/\" \/>\n<meta property=\"article:author\" content=\"https:\/\/www.facebook.com\/voyages.au.coeur.de.la.france\/\" \/>\n<meta property=\"article:published_time\" content=\"2018-08-21T17:48:00+00:00\" \/>\n<meta property=\"article:modified_time\" content=\"2018-08-21T17:52:01+00:00\" \/>\n<meta property=\"og:image\" content=\"https:\/\/i0.wp.com\/voyages-en-france.fr\/wp-content\/uploads\/2018\/08\/P1950505-35pc.jpg?fit=1915%2C1277&ssl=1\" \/>\n\t<meta property=\"og:image:width\" content=\"1915\" \/>\n\t<meta property=\"og:image:height\" content=\"1277\" \/>\n\t<meta property=\"og:image:type\" content=\"image\/jpeg\" \/>\n<meta name=\"author\" content=\"Christophe\" \/>\n<meta name=\"twitter:card\" content=\"summary_large_image\" \/>\n<meta name=\"twitter:creator\" content=\"@Voyages_France\" \/>\n<meta name=\"twitter:site\" content=\"@Voyages_France\" \/>\n<meta name=\"twitter:label1\" content=\"\u00c9crit par\" \/>\n\t<meta name=\"twitter:data1\" content=\"Christophe\" \/>\n\t<meta name=\"twitter:label2\" content=\"Dur\u00e9e de lecture estim\u00e9e\" \/>\n\t<meta name=\"twitter:data2\" content=\"3 minutes\" \/>\n<script type=\"application\/ld+json\" class=\"yoast-schema-graph\">{\"@context\":\"https:\/\/schema.org\",\"@graph\":[{\"@type\":\"Article\",\"@id\":\"https:\/\/voyages-en-france.fr\/index.php\/2018\/08\/21\/la-cote-de-beaune-par-la-voie-des-vignes\/#article\",\"isPartOf\":{\"@id\":\"https:\/\/voyages-en-france.fr\/index.php\/2018\/08\/21\/la-cote-de-beaune-par-la-voie-des-vignes\/\"},\"author\":{\"name\":\"Christophe\",\"@id\":\"https:\/\/voyages-en-france.fr\/#\/schema\/person\/611a624b57cd68dd2e4c3f7d385420e2\"},\"headline\":\"La c\u00f4te de Beaune par la voie des vignes\",\"datePublished\":\"2018-08-21T17:48:00+00:00\",\"dateModified\":\"2018-08-21T17:52:01+00:00\",\"mainEntityOfPage\":{\"@id\":\"https:\/\/voyages-en-france.fr\/index.php\/2018\/08\/21\/la-cote-de-beaune-par-la-voie-des-vignes\/\"},\"wordCount\":523,\"commentCount\":0,\"publisher\":{\"@id\":\"https:\/\/voyages-en-france.fr\/#\/schema\/person\/611a624b57cd68dd2e4c3f7d385420e2\"},\"image\":{\"@id\":\"https:\/\/voyages-en-france.fr\/index.php\/2018\/08\/21\/la-cote-de-beaune-par-la-voie-des-vignes\/#primaryimage\"},\"thumbnailUrl\":\"https:\/\/i0.wp.com\/voyages-en-france.fr\/wp-content\/uploads\/2018\/08\/P1950505-35pc.jpg?fit=1915%2C1277&ssl=1\",\"keywords\":[\"21\",\"Beaune\",\"Bourgogne\",\"C\u00f4te d'Or\",\"Meursault\",\"Pommard\",\"Volnay\"],\"articleSection\":[\"Site naturel\"],\"inLanguage\":\"fr-FR\",\"potentialAction\":[{\"@type\":\"CommentAction\",\"name\":\"Comment\",\"target\":[\"https:\/\/voyages-en-france.fr\/index.php\/2018\/08\/21\/la-cote-de-beaune-par-la-voie-des-vignes\/#respond\"]}]},{\"@type\":\"WebPage\",\"@id\":\"https:\/\/voyages-en-france.fr\/index.php\/2018\/08\/21\/la-cote-de-beaune-par-la-voie-des-vignes\/\",\"url\":\"https:\/\/voyages-en-france.fr\/index.php\/2018\/08\/21\/la-cote-de-beaune-par-la-voie-des-vignes\/\",\"name\":\"La c\u00f4te de Beaune par la voie des vignes - Voyages-en-France.fr\",\"isPartOf\":{\"@id\":\"https:\/\/voyages-en-france.fr\/#website\"},\"primaryImageOfPage\":{\"@id\":\"https:\/\/voyages-en-france.fr\/index.php\/2018\/08\/21\/la-cote-de-beaune-par-la-voie-des-vignes\/#primaryimage\"},\"image\":{\"@id\":\"https:\/\/voyages-en-france.fr\/index.php\/2018\/08\/21\/la-cote-de-beaune-par-la-voie-des-vignes\/#primaryimage\"},\"thumbnailUrl\":\"https:\/\/i0.wp.com\/voyages-en-france.fr\/wp-content\/uploads\/2018\/08\/P1950505-35pc.jpg?fit=1915%2C1277&ssl=1\",\"datePublished\":\"2018-08-21T17:48:00+00:00\",\"dateModified\":\"2018-08-21T17:52:01+00:00\",\"description\":\"La c\u00f4te de Beaune par la voie des vignes Site naturel % -\",\"breadcrumb\":{\"@id\":\"https:\/\/voyages-en-france.fr\/index.php\/2018\/08\/21\/la-cote-de-beaune-par-la-voie-des-vignes\/#breadcrumb\"},\"inLanguage\":\"fr-FR\",\"potentialAction\":[{\"@type\":\"ReadAction\",\"target\":[\"https:\/\/voyages-en-france.fr\/index.php\/2018\/08\/21\/la-cote-de-beaune-par-la-voie-des-vignes\/\"]}]},{\"@type\":\"ImageObject\",\"inLanguage\":\"fr-FR\",\"@id\":\"https:\/\/voyages-en-france.fr\/index.php\/2018\/08\/21\/la-cote-de-beaune-par-la-voie-des-vignes\/#primaryimage\",\"url\":\"https:\/\/i0.wp.com\/voyages-en-france.fr\/wp-content\/uploads\/2018\/08\/P1950505-35pc.jpg?fit=1915%2C1277&ssl=1\",\"contentUrl\":\"https:\/\/i0.wp.com\/voyages-en-france.fr\/wp-content\/uploads\/2018\/08\/P1950505-35pc.jpg?fit=1915%2C1277&ssl=1\",\"width\":1915,\"height\":1277,\"caption\":\"La voie des vignes - pr\u00e8s de Santenay\"},{\"@type\":\"BreadcrumbList\",\"@id\":\"https:\/\/voyages-en-france.fr\/index.php\/2018\/08\/21\/la-cote-de-beaune-par-la-voie-des-vignes\/#breadcrumb\",\"itemListElement\":[{\"@type\":\"ListItem\",\"position\":1,\"name\":\"Accueil\",\"item\":\"https:\/\/voyages-en-france.fr\/\"},{\"@type\":\"ListItem\",\"position\":2,\"name\":\"La c\u00f4te de Beaune par la voie des vignes\"}]},{\"@type\":\"WebSite\",\"@id\":\"https:\/\/voyages-en-france.fr\/#website\",\"url\":\"https:\/\/voyages-en-france.fr\/\",\"name\":\"Voyages-en-France.fr\",\"description\":\"D\u00e9couvrir la France, son patrimoine, ses richesses naturelles, son histoire...\",\"publisher\":{\"@id\":\"https:\/\/voyages-en-france.fr\/#\/schema\/person\/611a624b57cd68dd2e4c3f7d385420e2\"},\"potentialAction\":[{\"@type\":\"SearchAction\",\"target\":{\"@type\":\"EntryPoint\",\"urlTemplate\":\"https:\/\/voyages-en-france.fr\/?s={search_term_string}\"},\"query-input\":{\"@type\":\"PropertyValueSpecification\",\"valueRequired\":true,\"valueName\":\"search_term_string\"}}],\"inLanguage\":\"fr-FR\"},{\"@type\":[\"Person\",\"Organization\"],\"@id\":\"https:\/\/voyages-en-france.fr\/#\/schema\/person\/611a624b57cd68dd2e4c3f7d385420e2\",\"name\":\"Christophe\",\"image\":{\"@type\":\"ImageObject\",\"inLanguage\":\"fr-FR\",\"@id\":\"https:\/\/voyages-en-france.fr\/#\/schema\/person\/image\/\",\"url\":\"https:\/\/i0.wp.com\/voyages-en-france.fr\/wp-content\/uploads\/2017\/11\/cropped-FRANCE-1.jpg?fit=324%2C324&ssl=1\",\"contentUrl\":\"https:\/\/i0.wp.com\/voyages-en-france.fr\/wp-content\/uploads\/2017\/11\/cropped-FRANCE-1.jpg?fit=324%2C324&ssl=1\",\"width\":324,\"height\":324,\"caption\":\"Christophe\"},\"logo\":{\"@id\":\"https:\/\/voyages-en-france.fr\/#\/schema\/person\/image\/\"},\"sameAs\":[\"http:\/\/voyages-en-france.fr\/\",\"https:\/\/www.facebook.com\/voyages.au.coeur.de.la.france\/\",\"https:\/\/www.instagram.com\/voyages_en_france\/\",\"https:\/\/x.com\/Voyages_France\"]}]}<\/script>\n<!-- \/ Yoast SEO plugin. -->","yoast_head_json":{"title":"La c\u00f4te de Beaune par la voie des vignes - Voyages-en-France.fr","description":"La c\u00f4te de Beaune par la voie des vignes Site naturel % -","robots":{"index":"index","follow":"follow","max-snippet":"max-snippet:-1","max-image-preview":"max-image-preview:large","max-video-preview":"max-video-preview:-1"},"canonical":"https:\/\/voyages-en-france.fr\/index.php\/2018\/08\/21\/la-cote-de-beaune-par-la-voie-des-vignes\/","og_locale":"fr_FR","og_type":"article","og_title":"La c\u00f4te de Beaune par la voie des vignes - Voyages-en-France.fr","og_description":"La c\u00f4te de Beaune par la voie des vignes Site naturel % -","og_url":"https:\/\/voyages-en-france.fr\/index.php\/2018\/08\/21\/la-cote-de-beaune-par-la-voie-des-vignes\/","og_site_name":"Voyages-en-France.fr","article_publisher":"https:\/\/www.facebook.com\/voyages.au.coeur.de.la.france\/","article_author":"https:\/\/www.facebook.com\/voyages.au.coeur.de.la.france\/","article_published_time":"2018-08-21T17:48:00+00:00","article_modified_time":"2018-08-21T17:52:01+00:00","og_image":[{"width":1915,"height":1277,"url":"https:\/\/i0.wp.com\/voyages-en-france.fr\/wp-content\/uploads\/2018\/08\/P1950505-35pc.jpg?fit=1915%2C1277&ssl=1","type":"image\/jpeg"}],"author":"Christophe","twitter_card":"summary_large_image","twitter_creator":"@Voyages_France","twitter_site":"@Voyages_France","twitter_misc":{"\u00c9crit par":"Christophe","Dur\u00e9e de lecture estim\u00e9e":"3 minutes"},"schema":{"@context":"https:\/\/schema.org","@graph":[{"@type":"Article","@id":"https:\/\/voyages-en-france.fr\/index.php\/2018\/08\/21\/la-cote-de-beaune-par-la-voie-des-vignes\/#article","isPartOf":{"@id":"https:\/\/voyages-en-france.fr\/index.php\/2018\/08\/21\/la-cote-de-beaune-par-la-voie-des-vignes\/"},"author":{"name":"Christophe","@id":"https:\/\/voyages-en-france.fr\/#\/schema\/person\/611a624b57cd68dd2e4c3f7d385420e2"},"headline":"La c\u00f4te de Beaune par la voie des vignes","datePublished":"2018-08-21T17:48:00+00:00","dateModified":"2018-08-21T17:52:01+00:00","mainEntityOfPage":{"@id":"https:\/\/voyages-en-france.fr\/index.php\/2018\/08\/21\/la-cote-de-beaune-par-la-voie-des-vignes\/"},"wordCount":523,"commentCount":0,"publisher":{"@id":"https:\/\/voyages-en-france.fr\/#\/schema\/person\/611a624b57cd68dd2e4c3f7d385420e2"},"image":{"@id":"https:\/\/voyages-en-france.fr\/index.php\/2018\/08\/21\/la-cote-de-beaune-par-la-voie-des-vignes\/#primaryimage"},"thumbnailUrl":"https:\/\/i0.wp.com\/voyages-en-france.fr\/wp-content\/uploads\/2018\/08\/P1950505-35pc.jpg?fit=1915%2C1277&ssl=1","keywords":["21","Beaune","Bourgogne","C\u00f4te d'Or","Meursault","Pommard","Volnay"],"articleSection":["Site naturel"],"inLanguage":"fr-FR","potentialAction":[{"@type":"CommentAction","name":"Comment","target":["https:\/\/voyages-en-france.fr\/index.php\/2018\/08\/21\/la-cote-de-beaune-par-la-voie-des-vignes\/#respond"]}]},{"@type":"WebPage","@id":"https:\/\/voyages-en-france.fr\/index.php\/2018\/08\/21\/la-cote-de-beaune-par-la-voie-des-vignes\/","url":"https:\/\/voyages-en-france.fr\/index.php\/2018\/08\/21\/la-cote-de-beaune-par-la-voie-des-vignes\/","name":"La c\u00f4te de Beaune par la voie des vignes - Voyages-en-France.fr","isPartOf":{"@id":"https:\/\/voyages-en-france.fr\/#website"},"primaryImageOfPage":{"@id":"https:\/\/voyages-en-france.fr\/index.php\/2018\/08\/21\/la-cote-de-beaune-par-la-voie-des-vignes\/#primaryimage"},"image":{"@id":"https:\/\/voyages-en-france.fr\/index.php\/2018\/08\/21\/la-cote-de-beaune-par-la-voie-des-vignes\/#primaryimage"},"thumbnailUrl":"https:\/\/i0.wp.com\/voyages-en-france.fr\/wp-content\/uploads\/2018\/08\/P1950505-35pc.jpg?fit=1915%2C1277&ssl=1","datePublished":"2018-08-21T17:48:00+00:00","dateModified":"2018-08-21T17:52:01+00:00","description":"La c\u00f4te de Beaune par la voie des vignes Site naturel % -","breadcrumb":{"@id":"https:\/\/voyages-en-france.fr\/index.php\/2018\/08\/21\/la-cote-de-beaune-par-la-voie-des-vignes\/#breadcrumb"},"inLanguage":"fr-FR","potentialAction":[{"@type":"ReadAction","target":["https:\/\/voyages-en-france.fr\/index.php\/2018\/08\/21\/la-cote-de-beaune-par-la-voie-des-vignes\/"]}]},{"@type":"ImageObject","inLanguage":"fr-FR","@id":"https:\/\/voyages-en-france.fr\/index.php\/2018\/08\/21\/la-cote-de-beaune-par-la-voie-des-vignes\/#primaryimage","url":"https:\/\/i0.wp.com\/voyages-en-france.fr\/wp-content\/uploads\/2018\/08\/P1950505-35pc.jpg?fit=1915%2C1277&ssl=1","contentUrl":"https:\/\/i0.wp.com\/voyages-en-france.fr\/wp-content\/uploads\/2018\/08\/P1950505-35pc.jpg?fit=1915%2C1277&ssl=1","width":1915,"height":1277,"caption":"La voie des vignes - pr\u00e8s de Santenay"},{"@type":"BreadcrumbList","@id":"https:\/\/voyages-en-france.fr\/index.php\/2018\/08\/21\/la-cote-de-beaune-par-la-voie-des-vignes\/#breadcrumb","itemListElement":[{"@type":"ListItem","position":1,"name":"Accueil","item":"https:\/\/voyages-en-france.fr\/"},{"@type":"ListItem","position":2,"name":"La c\u00f4te de Beaune par la voie des vignes"}]},{"@type":"WebSite","@id":"https:\/\/voyages-en-france.fr\/#website","url":"https:\/\/voyages-en-france.fr\/","name":"Voyages-en-France.fr","description":"D\u00e9couvrir la France, son patrimoine, ses richesses naturelles, son histoire...","publisher":{"@id":"https:\/\/voyages-en-france.fr\/#\/schema\/person\/611a624b57cd68dd2e4c3f7d385420e2"},"potentialAction":[{"@type":"SearchAction","target":{"@type":"EntryPoint","urlTemplate":"https:\/\/voyages-en-france.fr\/?s={search_term_string}"},"query-input":{"@type":"PropertyValueSpecification","valueRequired":true,"valueName":"search_term_string"}}],"inLanguage":"fr-FR"},{"@type":["Person","Organization"],"@id":"https:\/\/voyages-en-france.fr\/#\/schema\/person\/611a624b57cd68dd2e4c3f7d385420e2","name":"Christophe","image":{"@type":"ImageObject","inLanguage":"fr-FR","@id":"https:\/\/voyages-en-france.fr\/#\/schema\/person\/image\/","url":"https:\/\/i0.wp.com\/voyages-en-france.fr\/wp-content\/uploads\/2017\/11\/cropped-FRANCE-1.jpg?fit=324%2C324&ssl=1","contentUrl":"https:\/\/i0.wp.com\/voyages-en-france.fr\/wp-content\/uploads\/2017\/11\/cropped-FRANCE-1.jpg?fit=324%2C324&ssl=1","width":324,"height":324,"caption":"Christophe"},"logo":{"@id":"https:\/\/voyages-en-france.fr\/#\/schema\/person\/image\/"},"sameAs":["http:\/\/voyages-en-france.fr\/","https:\/\/www.facebook.com\/voyages.au.coeur.de.la.france\/","https:\/\/www.instagram.com\/voyages_en_france\/","https:\/\/x.com\/Voyages_France"]}]}},"jetpack_publicize_connections":[],"jetpack_featured_media_url":"https:\/\/i0.wp.com\/voyages-en-france.fr\/wp-content\/uploads\/2018\/08\/P1950505-35pc.jpg?fit=1915%2C1277&ssl=1","jetpack_sharing_enabled":true,"jetpack_shortlink":"https:\/\/wp.me\/p9pWxx-kw","jetpack_likes_enabled":true,"_links":{"self":[{"href":"https:\/\/voyages-en-france.fr\/index.php\/wp-json\/wp\/v2\/posts\/1272","targetHints":{"allow":["GET"]}}],"collection":[{"href":"https:\/\/voyages-en-france.fr\/index.php\/wp-json\/wp\/v2\/posts"}],"about":[{"href":"https:\/\/voyages-en-france.fr\/index.php\/wp-json\/wp\/v2\/types\/post"}],"author":[{"embeddable":true,"href":"https:\/\/voyages-en-france.fr\/index.php\/wp-json\/wp\/v2\/users\/1"}],"replies":[{"embeddable":true,"href":"https:\/\/voyages-en-france.fr\/index.php\/wp-json\/wp\/v2\/comments?post=1272"}],"version-history":[{"count":3,"href":"https:\/\/voyages-en-france.fr\/index.php\/wp-json\/wp\/v2\/posts\/1272\/revisions"}],"predecessor-version":[{"id":1282,"href":"https:\/\/voyages-en-france.fr\/index.php\/wp-json\/wp\/v2\/posts\/1272\/revisions\/1282"}],"wp:featuredmedia":[{"embeddable":true,"href":"https:\/\/voyages-en-france.fr\/index.php\/wp-json\/wp\/v2\/media\/1276"}],"wp:attachment":[{"href":"https:\/\/voyages-en-france.fr\/index.php\/wp-json\/wp\/v2\/media?parent=1272"}],"wp:term":[{"taxonomy":"category","embeddable":true,"href":"https:\/\/voyages-en-france.fr\/index.php\/wp-json\/wp\/v2\/categories?post=1272"},{"taxonomy":"post_tag","embeddable":true,"href":"https:\/\/voyages-en-france.fr\/index.php\/wp-json\/wp\/v2\/tags?post=1272"}],"curies":[{"name":"wp","href":"https:\/\/api.w.org\/{rel}","templated":true}]}}