{"id":1213,"date":"2018-08-17T23:36:37","date_gmt":"2018-08-17T21:36:37","guid":{"rendered":"http:\/\/voyages-en-france.fr\/?p=1213"},"modified":"2019-02-02T15:18:54","modified_gmt":"2019-02-02T14:18:54","slug":"abbaye-de-citeaux-fondee-en-1098","status":"publish","type":"post","link":"https:\/\/voyages-en-france.fr\/index.php\/2018\/08\/17\/abbaye-de-citeaux-fondee-en-1098\/","title":{"rendered":"Abbaye de C\u00eeteaux, fond\u00e9e en 1098"},"content":{"rendered":"<span itemprop=\"description\"><h2>Abbaye de C\u00eeteaux fond\u00e9e par Robert de Molesme en 1098<\/h2>\n<p>Robert de Molesme est n\u00e9 \u00e0 Troyes vers 1029, cadet d&rsquo;une riche famille noble de Champagne. Il entre novice \u00e0\u00a0 l&rsquo;abbaye b\u00e9n\u00e9dictine de Mo\u00fbtiers-la-Celle (dans l&rsquo;Aube) \u00e0 15 ans.<\/p>\n<p>Ensuite en 1068, il est appel\u00e9 par les moines de l&rsquo;abbaye Saint-Michel de Tonnerre dans le dioc\u00e8se voisin de Langres pour \u00eatre leur abb\u00e9. Mais il est vite las des intrigues des moines, tr\u00e8s hostiles \u00e0 l&rsquo;application exigeante de la r\u00e8gle b\u00e9n\u00e9dictine et constatant l&rsquo;impossibilit\u00e9 d&rsquo;introduire des r\u00e9formes, il aspire va quitter sa charge.<\/p>\n<p>Il veut r\u00e9former l&rsquo;ordre b\u00e9n\u00e9dictin. Il\u00a0 fonde en 1075 le\u00a0monast\u00e8re de Molesme, pr\u00e8s de Ch\u00e2tillon-sur-Seine. La aussi la discipline se rel\u00e2che et les moines ermites qui l&rsquo;avaient appel\u00e9 se rebellent contre lui.<\/p>\n<p>En 1098, voyant que la r\u00e9forme n&rsquo;est toujours pas possible \u00e0 Molesme, Robert obtient de l&rsquo;archev\u00eaque de Lyon, l\u00e9gat apostolique, l&rsquo;autorisation de fonder un nouvel ordre. Il fonde l&rsquo;abbaye de C\u00eeteaux, dans une for\u00eat profonde et mar\u00e9cageuse &#8211; o\u00f9 poussent de nombreux roseaux type \u00ab\u00a0Cistel\u00a0\u00bb.\u00a0 De ce roseau Cistel vient le nom de C\u00eeteaux et de l&rsquo;ordre cistercien.<\/p>\n<p>Entre temps les moines de Molesme rappellent Robert et lui promettent ob\u00e9issance.<\/p>\n<figure id=\"attachment_1219\" aria-describedby=\"caption-attachment-1219\" style=\"width: 1024px\" class=\"wp-caption aligncenter\"><img data-recalc-dims=\"1\" loading=\"lazy\" decoding=\"async\" data-attachment-id=\"1219\" data-permalink=\"https:\/\/voyages-en-france.fr\/index.php\/2018\/08\/17\/abbaye-de-citeaux-fondee-en-1098\/p1950941-35pc\/\" data-orig-file=\"https:\/\/i0.wp.com\/voyages-en-france.fr\/wp-content\/uploads\/2018\/08\/P1950941-35pc.jpg?fit=1642%2C1094&amp;ssl=1\" data-orig-size=\"1642,1094\" data-comments-opened=\"1\" data-image-meta=\"{&quot;aperture&quot;:&quot;3.2&quot;,&quot;credit&quot;:&quot;&quot;,&quot;camera&quot;:&quot;DMC-FZ1000&quot;,&quot;caption&quot;:&quot;&quot;,&quot;created_timestamp&quot;:&quot;1533752126&quot;,&quot;copyright&quot;:&quot;&quot;,&quot;focal_length&quot;:&quot;16.24&quot;,&quot;iso&quot;:&quot;125&quot;,&quot;shutter_speed&quot;:&quot;0.001&quot;,&quot;title&quot;:&quot;&quot;,&quot;orientation&quot;:&quot;1&quot;}\" data-image-title=\"P1950941 [35pc]\" data-image-description=\"&lt;p&gt;Abbaye de C\u00eeteaux &lt;\/p&gt;\n\" data-image-caption=\"&lt;p&gt;Abbaye de C\u00eeteaux &lt;\/p&gt;\n\" data-medium-file=\"https:\/\/i0.wp.com\/voyages-en-france.fr\/wp-content\/uploads\/2018\/08\/P1950941-35pc.jpg?fit=300%2C200&amp;ssl=1\" data-large-file=\"https:\/\/i0.wp.com\/voyages-en-france.fr\/wp-content\/uploads\/2018\/08\/P1950941-35pc.jpg?fit=1024%2C682&amp;ssl=1\" class=\"size-large wp-image-1219\" src=\"https:\/\/i0.wp.com\/voyages-en-france.fr\/wp-content\/uploads\/2018\/08\/P1950941-35pc.jpg?resize=1024%2C682&#038;ssl=1\" alt=\"Abbaye de C\u00eeteaux\" width=\"1024\" height=\"682\" srcset=\"https:\/\/i0.wp.com\/voyages-en-france.fr\/wp-content\/uploads\/2018\/08\/P1950941-35pc.jpg?resize=1024%2C682&amp;ssl=1 1024w, https:\/\/i0.wp.com\/voyages-en-france.fr\/wp-content\/uploads\/2018\/08\/P1950941-35pc.jpg?resize=300%2C200&amp;ssl=1 300w, https:\/\/i0.wp.com\/voyages-en-france.fr\/wp-content\/uploads\/2018\/08\/P1950941-35pc.jpg?resize=768%2C512&amp;ssl=1 768w, https:\/\/i0.wp.com\/voyages-en-france.fr\/wp-content\/uploads\/2018\/08\/P1950941-35pc.jpg?resize=1200%2C800&amp;ssl=1 1200w, https:\/\/i0.wp.com\/voyages-en-france.fr\/wp-content\/uploads\/2018\/08\/P1950941-35pc.jpg?w=1642&amp;ssl=1 1642w\" sizes=\"auto, (max-width: 1024px) 100vw, 1024px\" \/><figcaption id=\"caption-attachment-1219\" class=\"wp-caption-text\">Abbaye de C\u00eeteaux<\/figcaption><\/figure>\n<h2>L\u2019essor de C\u00eeteaux avec Saint Bernard en 1112<\/h2>\n<p>Plus tard en 1112, <a href=\"https:\/\/voyages-en-france.fr\/index.php\/tag\/saint-bernard\/\">Bernard de Fontaine<\/a> n\u00e9 en 1090, fils d&rsquo;une famille noble de la r\u00e9gion de Dijon et alors \u00e2g\u00e9 de vingt-deux ans d\u00e9cide d\u2019aller \u00e0 la rencontre de Dieu et de vivre dans l\u2019asc\u00e8se monastique la plus stricte.<\/p>\n<p>Il choisit de prendre l\u2019habit de moine \u00e0 C\u00eeteaux. Sa famille tente de le faire revenir . Mais rapidement il retourne \u00e0 C\u00eeteaux avec trente compagnons, parents ou amis, qui le suivent dans son engagement.<\/p>\n<p>D\u00e8s son arriv\u00e9e, la communaut\u00e9 connait un prodigieux essor gr\u00e2ce \u00e0 son extraordinaire rayonnement et \u00e0 son action. La personnalit\u00e9 charismatique de Bernard, le ma\u00eetre spirituel incontest\u00e9 de C\u00eeteaux, marquera l&rsquo;histoire de l&rsquo;Ordre durant la premi\u00e8re moiti\u00e9 du XIIie si\u00e8cle et attirera de nombreux convertis. La communaut\u00e9 devient florissante et l\u2019espace manque pour y loger les religieux. Il faut essaimer. Il va fonder nottament l&rsquo;Abbaye de Clairvaux<\/p>\n<p>En fait toute l&rsquo;Europe va \u00eatre influenc\u00e9e par <a href=\"https:\/\/voyages-en-france.fr\/index.php\/tag\/saint-bernard\/\">Saint Bernard de Clairvaux.<\/a> A la fin de sa vie en 1153, l&rsquo;ordre cistercien compte 341 maisons!<\/p>\n<figure id=\"attachment_1214\" aria-describedby=\"caption-attachment-1214\" style=\"width: 1024px\" class=\"wp-caption aligncenter\"><img data-recalc-dims=\"1\" loading=\"lazy\" decoding=\"async\" data-attachment-id=\"1214\" data-permalink=\"https:\/\/voyages-en-france.fr\/index.php\/2018\/08\/17\/abbaye-de-citeaux-fondee-en-1098\/p1950878-35pc\/\" data-orig-file=\"https:\/\/i0.wp.com\/voyages-en-france.fr\/wp-content\/uploads\/2018\/08\/P1950878-35pc.jpg?fit=1642%2C1094&amp;ssl=1\" data-orig-size=\"1642,1094\" data-comments-opened=\"1\" data-image-meta=\"{&quot;aperture&quot;:&quot;3.2&quot;,&quot;credit&quot;:&quot;&quot;,&quot;camera&quot;:&quot;DMC-FZ1000&quot;,&quot;caption&quot;:&quot;&quot;,&quot;created_timestamp&quot;:&quot;1533749790&quot;,&quot;copyright&quot;:&quot;&quot;,&quot;focal_length&quot;:&quot;15.02&quot;,&quot;iso&quot;:&quot;1000&quot;,&quot;shutter_speed&quot;:&quot;0.0125&quot;,&quot;title&quot;:&quot;&quot;,&quot;orientation&quot;:&quot;1&quot;}\" data-image-title=\"P1950878 [35pc]\" data-image-description=\"&lt;p&gt;Abbaye de C\u00eeteaux &#8211; reproduction du travail de copie des moines&lt;\/p&gt;\n\" data-image-caption=\"&lt;p&gt;Abbaye de C\u00eeteaux &#8211; reproduction du travail de copie des moines&lt;\/p&gt;\n\" data-medium-file=\"https:\/\/i0.wp.com\/voyages-en-france.fr\/wp-content\/uploads\/2018\/08\/P1950878-35pc.jpg?fit=300%2C200&amp;ssl=1\" data-large-file=\"https:\/\/i0.wp.com\/voyages-en-france.fr\/wp-content\/uploads\/2018\/08\/P1950878-35pc.jpg?fit=1024%2C682&amp;ssl=1\" class=\"size-large wp-image-1214\" src=\"https:\/\/i0.wp.com\/voyages-en-france.fr\/wp-content\/uploads\/2018\/08\/P1950878-35pc.jpg?resize=1024%2C682&#038;ssl=1\" alt=\"Abbaye de C\u00eeteaux - reproduction du travail de copie des moines\" width=\"1024\" height=\"682\" srcset=\"https:\/\/i0.wp.com\/voyages-en-france.fr\/wp-content\/uploads\/2018\/08\/P1950878-35pc.jpg?resize=1024%2C682&amp;ssl=1 1024w, https:\/\/i0.wp.com\/voyages-en-france.fr\/wp-content\/uploads\/2018\/08\/P1950878-35pc.jpg?resize=300%2C200&amp;ssl=1 300w, https:\/\/i0.wp.com\/voyages-en-france.fr\/wp-content\/uploads\/2018\/08\/P1950878-35pc.jpg?resize=768%2C512&amp;ssl=1 768w, https:\/\/i0.wp.com\/voyages-en-france.fr\/wp-content\/uploads\/2018\/08\/P1950878-35pc.jpg?resize=1200%2C800&amp;ssl=1 1200w, https:\/\/i0.wp.com\/voyages-en-france.fr\/wp-content\/uploads\/2018\/08\/P1950878-35pc.jpg?w=1642&amp;ssl=1 1642w\" sizes=\"auto, (max-width: 1024px) 100vw, 1024px\" \/><figcaption id=\"caption-attachment-1214\" class=\"wp-caption-text\">Abbaye de C\u00eeteaux &#8211; reproduction du travail de copie des moines<\/figcaption><\/figure>\n<figure id=\"attachment_1215\" aria-describedby=\"caption-attachment-1215\" style=\"width: 1024px\" class=\"wp-caption aligncenter\"><img data-recalc-dims=\"1\" loading=\"lazy\" decoding=\"async\" data-attachment-id=\"1215\" data-permalink=\"https:\/\/voyages-en-france.fr\/index.php\/2018\/08\/17\/abbaye-de-citeaux-fondee-en-1098\/p1950881-35pc\/\" data-orig-file=\"https:\/\/i0.wp.com\/voyages-en-france.fr\/wp-content\/uploads\/2018\/08\/P1950881-35pc.jpg?fit=1642%2C1094&amp;ssl=1\" data-orig-size=\"1642,1094\" data-comments-opened=\"1\" data-image-meta=\"{&quot;aperture&quot;:&quot;2.8&quot;,&quot;credit&quot;:&quot;&quot;,&quot;camera&quot;:&quot;DMC-FZ1000&quot;,&quot;caption&quot;:&quot;&quot;,&quot;created_timestamp&quot;:&quot;1533749944&quot;,&quot;copyright&quot;:&quot;&quot;,&quot;focal_length&quot;:&quot;9.12&quot;,&quot;iso&quot;:&quot;125&quot;,&quot;shutter_speed&quot;:&quot;0.016666666666667&quot;,&quot;title&quot;:&quot;&quot;,&quot;orientation&quot;:&quot;1&quot;}\" data-image-title=\"P1950881 [35pc]\" data-image-description=\"&lt;p&gt;Abbaye de C\u00eeteaux &#8211; biblioth\u00e8que&lt;\/p&gt;\n\" data-image-caption=\"&lt;p&gt;Abbaye de C\u00eeteaux &#8211; biblioth\u00e8que&lt;\/p&gt;\n\" data-medium-file=\"https:\/\/i0.wp.com\/voyages-en-france.fr\/wp-content\/uploads\/2018\/08\/P1950881-35pc.jpg?fit=300%2C200&amp;ssl=1\" data-large-file=\"https:\/\/i0.wp.com\/voyages-en-france.fr\/wp-content\/uploads\/2018\/08\/P1950881-35pc.jpg?fit=1024%2C682&amp;ssl=1\" class=\"size-large wp-image-1215\" src=\"https:\/\/i0.wp.com\/voyages-en-france.fr\/wp-content\/uploads\/2018\/08\/P1950881-35pc.jpg?resize=1024%2C682&#038;ssl=1\" alt=\"Abbaye de C\u00eeteaux - biblioth\u00e8que\" width=\"1024\" height=\"682\" srcset=\"https:\/\/i0.wp.com\/voyages-en-france.fr\/wp-content\/uploads\/2018\/08\/P1950881-35pc.jpg?resize=1024%2C682&amp;ssl=1 1024w, https:\/\/i0.wp.com\/voyages-en-france.fr\/wp-content\/uploads\/2018\/08\/P1950881-35pc.jpg?resize=300%2C200&amp;ssl=1 300w, https:\/\/i0.wp.com\/voyages-en-france.fr\/wp-content\/uploads\/2018\/08\/P1950881-35pc.jpg?resize=768%2C512&amp;ssl=1 768w, https:\/\/i0.wp.com\/voyages-en-france.fr\/wp-content\/uploads\/2018\/08\/P1950881-35pc.jpg?resize=1200%2C800&amp;ssl=1 1200w, https:\/\/i0.wp.com\/voyages-en-france.fr\/wp-content\/uploads\/2018\/08\/P1950881-35pc.jpg?w=1642&amp;ssl=1 1642w\" sizes=\"auto, (max-width: 1024px) 100vw, 1024px\" \/><figcaption id=\"caption-attachment-1215\" class=\"wp-caption-text\">Abbaye de C\u00eeteaux &#8211; biblioth\u00e8que<\/figcaption><\/figure>\n<h2>L&rsquo;\u00e9conomie du monast\u00e8re<\/h2>\n<p>Les moines de l&rsquo;abbaye de C\u00eeteaux on d\u00e9velopp\u00e9 l&rsquo;agriculture, la culture de la vigne, la fabrication du vin, les techniques en tout genres. La plus c\u00e9l\u00e8bre des d\u00e9pendances de C\u00eeteaux est l&rsquo;une de leur annexe o\u00f9 les moines convers \u00e9levaient la vigne et fabriquaient du vin:\u00a0 le <a href=\"https:\/\/voyages-en-france.fr\/index.php\/2018\/08\/18\/chateau-du-clos-de-vougeot\/\">Clos de Vougeot<\/a>.<\/p>\n<p>Les terres agricoles de C\u00eeteaux s&rsquo;\u00e9tendaient sur toute la r\u00e9gion de Dijon \u00e0 <a href=\"https:\/\/voyages-en-france.fr\/index.php\/2018\/01\/11\/hospices-de-beaune-lhopital-moyen-age\/\">Beaune<\/a>.<\/p>\n<figure id=\"attachment_1217\" aria-describedby=\"caption-attachment-1217\" style=\"width: 1024px\" class=\"wp-caption aligncenter\"><img data-recalc-dims=\"1\" loading=\"lazy\" decoding=\"async\" data-attachment-id=\"1217\" data-permalink=\"https:\/\/voyages-en-france.fr\/index.php\/2018\/08\/17\/abbaye-de-citeaux-fondee-en-1098\/p1950903-35pc\/\" data-orig-file=\"https:\/\/i0.wp.com\/voyages-en-france.fr\/wp-content\/uploads\/2018\/08\/P1950903-35pc.jpg?fit=1642%2C1094&amp;ssl=1\" data-orig-size=\"1642,1094\" data-comments-opened=\"1\" data-image-meta=\"{&quot;aperture&quot;:&quot;2.8&quot;,&quot;credit&quot;:&quot;&quot;,&quot;camera&quot;:&quot;DMC-FZ1000&quot;,&quot;caption&quot;:&quot;&quot;,&quot;created_timestamp&quot;:&quot;1533750842&quot;,&quot;copyright&quot;:&quot;&quot;,&quot;focal_length&quot;:&quot;9.12&quot;,&quot;iso&quot;:&quot;125&quot;,&quot;shutter_speed&quot;:&quot;0.0005&quot;,&quot;title&quot;:&quot;&quot;,&quot;orientation&quot;:&quot;1&quot;}\" data-image-title=\"P1950903 [35pc]\" data-image-description=\"&lt;p&gt;Abbaye de C\u00eeteaux &lt;\/p&gt;\n\" data-image-caption=\"&lt;p&gt;Abbaye de C\u00eeteaux &lt;\/p&gt;\n\" data-medium-file=\"https:\/\/i0.wp.com\/voyages-en-france.fr\/wp-content\/uploads\/2018\/08\/P1950903-35pc.jpg?fit=300%2C200&amp;ssl=1\" data-large-file=\"https:\/\/i0.wp.com\/voyages-en-france.fr\/wp-content\/uploads\/2018\/08\/P1950903-35pc.jpg?fit=1024%2C682&amp;ssl=1\" class=\"size-large wp-image-1217\" src=\"https:\/\/i0.wp.com\/voyages-en-france.fr\/wp-content\/uploads\/2018\/08\/P1950903-35pc.jpg?resize=1024%2C682&#038;ssl=1\" alt=\"Abbaye de C\u00eeteaux\" width=\"1024\" height=\"682\" srcset=\"https:\/\/i0.wp.com\/voyages-en-france.fr\/wp-content\/uploads\/2018\/08\/P1950903-35pc.jpg?resize=1024%2C682&amp;ssl=1 1024w, https:\/\/i0.wp.com\/voyages-en-france.fr\/wp-content\/uploads\/2018\/08\/P1950903-35pc.jpg?resize=300%2C200&amp;ssl=1 300w, https:\/\/i0.wp.com\/voyages-en-france.fr\/wp-content\/uploads\/2018\/08\/P1950903-35pc.jpg?resize=768%2C512&amp;ssl=1 768w, https:\/\/i0.wp.com\/voyages-en-france.fr\/wp-content\/uploads\/2018\/08\/P1950903-35pc.jpg?resize=1200%2C800&amp;ssl=1 1200w, https:\/\/i0.wp.com\/voyages-en-france.fr\/wp-content\/uploads\/2018\/08\/P1950903-35pc.jpg?w=1642&amp;ssl=1 1642w\" sizes=\"auto, (max-width: 1024px) 100vw, 1024px\" \/><figcaption id=\"caption-attachment-1217\" class=\"wp-caption-text\">Abbaye de C\u00eeteaux<\/figcaption><\/figure>\n<h2>Destruction du monast\u00e8re de C\u00eeteaux \u00e0 la r\u00e9volution fran\u00e7aise.<\/h2>\n<p>Au cours des si\u00e8cles le monast\u00e8re s&rsquo;est agrandi. Malheureusement seuls quelques b\u00e2timents subsistent aujourd&rsquo;hui.<\/p>\n<p>A la R\u00e9volution, Talleyrand, l&rsquo;\u00e9v\u00eaque d\u2019Autun, d\u00e9put\u00e9 aux \u00c9tats g\u00e9n\u00e9raux, membre du Comit\u00e9 de Constitution de l&rsquo;Assembl\u00e9e nationale, donne le 10 octobre 1789 sa \u00ab Motion sur la nationalisation des biens eccl\u00e9siastiques \u00bb. Cette disposition met tous les biens eccl\u00e9siastiques \u00e0 la disposition de la nation fran\u00e7aise. Puis le 13 f\u00e9vrier 1790 l\u2019Assembl\u00e9e d\u00e9cr\u00e8te l&rsquo;abolition des congr\u00e9gations et ordres religieux, et ordonne de proc\u00e9der \u00e0 la v\u00e9rification des comptes de toutes les maisons religieuses.<\/p>\n<p>En 1791, l&rsquo;abbaye est vendue \u00e0 des particuliers qui utilisent l&rsquo;abbaye comme carri\u00e8re de pierres, menant \u00e0 sa destruction syst\u00e9matiques. Les seuls b\u00e2timents \u00e9pargnes furent ceux qui servaient d&rsquo;usine ou de th\u00e9\u00e2tre par leurs acqu\u00e9reurs.<\/p>\n<h2>L&rsquo;abbaye de C\u00eeteaux aujourd&rsquo;hui<\/h2>\n<p>En 1898, une personne rach\u00e8te l&rsquo;abbaye pour permettre aux moines de revenir. Une refondation d\u00e9bute cette m\u00eame ann\u00e9e par des moines venus de Sept-Fons L&rsquo;abbaye compte aujourd\u2019hui 25 moines.<\/p>\n<p>Une visite tr\u00e8s int\u00e9ressante est possible accompagn\u00e9 par des guides \u00e0 l\u2019int\u00e9rieur de la cl\u00f4ture monastique. Attention chaque visite est limit\u00e9e \u00e0 25 personnes.<\/p>\n<p>L&rsquo;abbaye se trouve en C\u00f4te d&rsquo;Or. Pour s&rsquo;y rendre il faut sortit de l&rsquo;autoroute A31 \u00e0 mi-chemin entre <a href=\"https:\/\/voyages-en-france.fr\/index.php\/2018\/01\/11\/hospices-de-beaune-lhopital-moyen-age\/\">Beaune<\/a> et Dijon, pr\u00e9cis\u00e9ment \u00e0 Nuits-Saint-Georges. L&rsquo;abbaye est \u00e0 10-15 km \u00e0 l&rsquo;est.<\/p>\n<p style=\"text-align: center;\">\u00a0<iframe loading=\"lazy\" style=\"border: 0;\" src=\"https:\/\/www.google.com\/maps\/embed?pb=!1m18!1m12!1m3!1d260277.16191629937!2d4.720841689238027!3d47.1327046359576!2m3!1f0!2f0!3f0!3m2!1i1024!2i768!4f13.1!3m3!1m2!1s0x47f29639980e3929%3A0x12752b99c8528fec!2sAbbaye+Notre-Dame+de+C%C3%AEteaux!5e0!3m2!1sfr!2sfr!4v1534541280013\" width=\"750\" height=\"450\" frameborder=\"0\" allowfullscreen=\"allowfullscreen\"><span data-mce-type=\"bookmark\" style=\"display: inline-block; width: 0px; overflow: hidden; line-height: 0;\" class=\"mce_SELRES_start\">\ufeff<\/span><\/iframe><\/p>\n<figure id=\"attachment_1216\" aria-describedby=\"caption-attachment-1216\" style=\"width: 1024px\" class=\"wp-caption aligncenter\"><img data-recalc-dims=\"1\" loading=\"lazy\" decoding=\"async\" data-attachment-id=\"1216\" data-permalink=\"https:\/\/voyages-en-france.fr\/index.php\/2018\/08\/17\/abbaye-de-citeaux-fondee-en-1098\/p1950890-35pc\/\" data-orig-file=\"https:\/\/i0.wp.com\/voyages-en-france.fr\/wp-content\/uploads\/2018\/08\/P1950890-35pc.jpg?fit=1642%2C1094&amp;ssl=1\" data-orig-size=\"1642,1094\" data-comments-opened=\"1\" data-image-meta=\"{&quot;aperture&quot;:&quot;3.3&quot;,&quot;credit&quot;:&quot;&quot;,&quot;camera&quot;:&quot;DMC-FZ1000&quot;,&quot;caption&quot;:&quot;&quot;,&quot;created_timestamp&quot;:&quot;1533750475&quot;,&quot;copyright&quot;:&quot;&quot;,&quot;focal_length&quot;:&quot;17.27&quot;,&quot;iso&quot;:&quot;125&quot;,&quot;shutter_speed&quot;:&quot;0.0015625&quot;,&quot;title&quot;:&quot;&quot;,&quot;orientation&quot;:&quot;1&quot;}\" data-image-title=\"P1950890 [35pc]\" data-image-description=\"&lt;p&gt;Abbaye de C\u00eeteaux &lt;\/p&gt;\n\" data-image-caption=\"&lt;p&gt;Abbaye de C\u00eeteaux &lt;\/p&gt;\n\" data-medium-file=\"https:\/\/i0.wp.com\/voyages-en-france.fr\/wp-content\/uploads\/2018\/08\/P1950890-35pc.jpg?fit=300%2C200&amp;ssl=1\" data-large-file=\"https:\/\/i0.wp.com\/voyages-en-france.fr\/wp-content\/uploads\/2018\/08\/P1950890-35pc.jpg?fit=1024%2C682&amp;ssl=1\" class=\"size-large wp-image-1216\" src=\"https:\/\/i0.wp.com\/voyages-en-france.fr\/wp-content\/uploads\/2018\/08\/P1950890-35pc.jpg?resize=1024%2C682&#038;ssl=1\" alt=\"Abbaye de C\u00eeteaux\" width=\"1024\" height=\"682\" srcset=\"https:\/\/i0.wp.com\/voyages-en-france.fr\/wp-content\/uploads\/2018\/08\/P1950890-35pc.jpg?resize=1024%2C682&amp;ssl=1 1024w, https:\/\/i0.wp.com\/voyages-en-france.fr\/wp-content\/uploads\/2018\/08\/P1950890-35pc.jpg?resize=300%2C200&amp;ssl=1 300w, https:\/\/i0.wp.com\/voyages-en-france.fr\/wp-content\/uploads\/2018\/08\/P1950890-35pc.jpg?resize=768%2C512&amp;ssl=1 768w, https:\/\/i0.wp.com\/voyages-en-france.fr\/wp-content\/uploads\/2018\/08\/P1950890-35pc.jpg?resize=1200%2C800&amp;ssl=1 1200w, https:\/\/i0.wp.com\/voyages-en-france.fr\/wp-content\/uploads\/2018\/08\/P1950890-35pc.jpg?w=1642&amp;ssl=1 1642w\" sizes=\"auto, (max-width: 1024px) 100vw, 1024px\" \/><figcaption id=\"caption-attachment-1216\" class=\"wp-caption-text\">Abbaye de C\u00eeteaux<\/figcaption><\/figure>\n<span>","protected":false},"excerpt":{"rendered":"<p class=\"excerpt\"><span itemprop=\"description\">Abbaye de C\u00eeteaux fond\u00e9e par Robert de Molesme en 1098 Robert de Molesme est n\u00e9 \u00e0 Troyes vers 1029, cadet d&rsquo;une riche famille noble de Champagne. Il entre novice \u00e0\u00a0 l&rsquo;abbaye b\u00e9n\u00e9dictine de Mo\u00fbtiers-la-Celle (dans l&rsquo;Aube) \u00e0 15 ans. Ensuite&hellip;<\/span><\/p>\n<p class=\"more-link-p btn-align-right\"><a class=\"blue zoom-btn\" href=\"https:\/\/voyages-en-france.fr\/index.php\/2018\/08\/17\/abbaye-de-citeaux-fondee-en-1098\/\">Lire la suite<\/a><\/p>\n","protected":false},"author":1,"featured_media":1218,"comment_status":"open","ping_status":"open","sticky":false,"template":"","format":"standard","meta":{"pgc_sgb_lightbox_settings":"","jetpack_post_was_ever_published":false,"_bos_mb_destination":[""],"_jetpack_newsletter_access":"","_jetpack_dont_email_post_to_subs":false,"_jetpack_newsletter_tier_id":0,"_jetpack_memberships_contains_paywalled_content":false,"_jetpack_memberships_contains_paid_content":false,"footnotes":"","jetpack_publicize_message":"","jetpack_publicize_feature_enabled":true,"jetpack_social_post_already_shared":true,"jetpack_social_options":{"image_generator_settings":{"template":"highway","default_image_id":0,"font":"","enabled":false},"version":2}},"categories":[199],"tags":[115,200,58,114,254],"class_list":["post-1213","post","type-post","status-publish","format-standard","has-post-thumbnail","hentry","category-abbaye","tag-115","tag-abbaye-de-citeaux","tag-bourgogne","tag-cote-dor","tag-saint-bernard","zoom-theme-has-thumb"],"yoast_head":"<!-- This site is optimized with the Yoast SEO plugin v27.1.1 - https:\/\/yoast.com\/product\/yoast-seo-wordpress\/ -->\n<title>Abbaye de C\u00eeteaux, fond\u00e9e en 1098 - Voyages-en-France.fr<\/title>\n<meta name=\"description\" content=\"Abbaye de C\u00eeteaux, fond\u00e9e en 1098 abbaye % -\" \/>\n<meta name=\"robots\" content=\"index, follow, max-snippet:-1, max-image-preview:large, max-video-preview:-1\" \/>\n<link rel=\"canonical\" href=\"https:\/\/voyages-en-france.fr\/index.php\/2018\/08\/17\/abbaye-de-citeaux-fondee-en-1098\/\" \/>\n<meta property=\"og:locale\" content=\"fr_FR\" \/>\n<meta property=\"og:type\" content=\"article\" \/>\n<meta property=\"og:title\" content=\"Abbaye de C\u00eeteaux, fond\u00e9e en 1098 - Voyages-en-France.fr\" \/>\n<meta property=\"og:description\" content=\"Abbaye de C\u00eeteaux, fond\u00e9e en 1098 abbaye % -\" \/>\n<meta property=\"og:url\" content=\"https:\/\/voyages-en-france.fr\/index.php\/2018\/08\/17\/abbaye-de-citeaux-fondee-en-1098\/\" \/>\n<meta property=\"og:site_name\" content=\"Voyages-en-France.fr\" \/>\n<meta property=\"article:publisher\" content=\"https:\/\/www.facebook.com\/voyages.au.coeur.de.la.france\/\" \/>\n<meta property=\"article:author\" content=\"https:\/\/www.facebook.com\/voyages.au.coeur.de.la.france\/\" \/>\n<meta property=\"article:published_time\" content=\"2018-08-17T21:36:37+00:00\" \/>\n<meta property=\"article:modified_time\" content=\"2019-02-02T14:18:54+00:00\" \/>\n<meta property=\"og:image\" content=\"https:\/\/i0.wp.com\/voyages-en-france.fr\/wp-content\/uploads\/2018\/08\/P1950923-35pc.jpg?fit=1642%2C1094&ssl=1\" \/>\n\t<meta property=\"og:image:width\" content=\"1642\" \/>\n\t<meta property=\"og:image:height\" content=\"1094\" \/>\n\t<meta property=\"og:image:type\" content=\"image\/jpeg\" \/>\n<meta name=\"author\" content=\"Christophe\" \/>\n<meta name=\"twitter:card\" content=\"summary_large_image\" \/>\n<meta name=\"twitter:creator\" content=\"@Voyages_France\" \/>\n<meta name=\"twitter:site\" content=\"@Voyages_France\" \/>\n<meta name=\"twitter:label1\" content=\"\u00c9crit par\" \/>\n\t<meta name=\"twitter:data1\" content=\"Christophe\" \/>\n\t<meta name=\"twitter:label2\" content=\"Dur\u00e9e de lecture estim\u00e9e\" \/>\n\t<meta name=\"twitter:data2\" content=\"4 minutes\" \/>\n<script type=\"application\/ld+json\" class=\"yoast-schema-graph\">{\"@context\":\"https:\/\/schema.org\",\"@graph\":[{\"@type\":\"Article\",\"@id\":\"https:\/\/voyages-en-france.fr\/index.php\/2018\/08\/17\/abbaye-de-citeaux-fondee-en-1098\/#article\",\"isPartOf\":{\"@id\":\"https:\/\/voyages-en-france.fr\/index.php\/2018\/08\/17\/abbaye-de-citeaux-fondee-en-1098\/\"},\"author\":{\"name\":\"Christophe\",\"@id\":\"https:\/\/voyages-en-france.fr\/#\/schema\/person\/611a624b57cd68dd2e4c3f7d385420e2\"},\"headline\":\"Abbaye de C\u00eeteaux, fond\u00e9e en 1098\",\"datePublished\":\"2018-08-17T21:36:37+00:00\",\"dateModified\":\"2019-02-02T14:18:54+00:00\",\"mainEntityOfPage\":{\"@id\":\"https:\/\/voyages-en-france.fr\/index.php\/2018\/08\/17\/abbaye-de-citeaux-fondee-en-1098\/\"},\"wordCount\":790,\"commentCount\":0,\"publisher\":{\"@id\":\"https:\/\/voyages-en-france.fr\/#\/schema\/person\/611a624b57cd68dd2e4c3f7d385420e2\"},\"image\":{\"@id\":\"https:\/\/voyages-en-france.fr\/index.php\/2018\/08\/17\/abbaye-de-citeaux-fondee-en-1098\/#primaryimage\"},\"thumbnailUrl\":\"https:\/\/i0.wp.com\/voyages-en-france.fr\/wp-content\/uploads\/2018\/08\/P1950923-35pc.jpg?fit=1642%2C1094&ssl=1\",\"keywords\":[\"21\",\"Abbaye de C\u00eeteaux\",\"Bourgogne\",\"C\u00f4te d'Or\",\"Saint Bernard\"],\"articleSection\":[\"abbaye\"],\"inLanguage\":\"fr-FR\",\"potentialAction\":[{\"@type\":\"CommentAction\",\"name\":\"Comment\",\"target\":[\"https:\/\/voyages-en-france.fr\/index.php\/2018\/08\/17\/abbaye-de-citeaux-fondee-en-1098\/#respond\"]}]},{\"@type\":\"WebPage\",\"@id\":\"https:\/\/voyages-en-france.fr\/index.php\/2018\/08\/17\/abbaye-de-citeaux-fondee-en-1098\/\",\"url\":\"https:\/\/voyages-en-france.fr\/index.php\/2018\/08\/17\/abbaye-de-citeaux-fondee-en-1098\/\",\"name\":\"Abbaye de C\u00eeteaux, fond\u00e9e en 1098 - Voyages-en-France.fr\",\"isPartOf\":{\"@id\":\"https:\/\/voyages-en-france.fr\/#website\"},\"primaryImageOfPage\":{\"@id\":\"https:\/\/voyages-en-france.fr\/index.php\/2018\/08\/17\/abbaye-de-citeaux-fondee-en-1098\/#primaryimage\"},\"image\":{\"@id\":\"https:\/\/voyages-en-france.fr\/index.php\/2018\/08\/17\/abbaye-de-citeaux-fondee-en-1098\/#primaryimage\"},\"thumbnailUrl\":\"https:\/\/i0.wp.com\/voyages-en-france.fr\/wp-content\/uploads\/2018\/08\/P1950923-35pc.jpg?fit=1642%2C1094&ssl=1\",\"datePublished\":\"2018-08-17T21:36:37+00:00\",\"dateModified\":\"2019-02-02T14:18:54+00:00\",\"description\":\"Abbaye de C\u00eeteaux, fond\u00e9e en 1098 abbaye % -\",\"breadcrumb\":{\"@id\":\"https:\/\/voyages-en-france.fr\/index.php\/2018\/08\/17\/abbaye-de-citeaux-fondee-en-1098\/#breadcrumb\"},\"inLanguage\":\"fr-FR\",\"potentialAction\":[{\"@type\":\"ReadAction\",\"target\":[\"https:\/\/voyages-en-france.fr\/index.php\/2018\/08\/17\/abbaye-de-citeaux-fondee-en-1098\/\"]}]},{\"@type\":\"ImageObject\",\"inLanguage\":\"fr-FR\",\"@id\":\"https:\/\/voyages-en-france.fr\/index.php\/2018\/08\/17\/abbaye-de-citeaux-fondee-en-1098\/#primaryimage\",\"url\":\"https:\/\/i0.wp.com\/voyages-en-france.fr\/wp-content\/uploads\/2018\/08\/P1950923-35pc.jpg?fit=1642%2C1094&ssl=1\",\"contentUrl\":\"https:\/\/i0.wp.com\/voyages-en-france.fr\/wp-content\/uploads\/2018\/08\/P1950923-35pc.jpg?fit=1642%2C1094&ssl=1\",\"width\":1642,\"height\":1094,\"caption\":\"Abbaye de C\u00eeteaux\"},{\"@type\":\"BreadcrumbList\",\"@id\":\"https:\/\/voyages-en-france.fr\/index.php\/2018\/08\/17\/abbaye-de-citeaux-fondee-en-1098\/#breadcrumb\",\"itemListElement\":[{\"@type\":\"ListItem\",\"position\":1,\"name\":\"Accueil\",\"item\":\"https:\/\/voyages-en-france.fr\/\"},{\"@type\":\"ListItem\",\"position\":2,\"name\":\"Abbaye de C\u00eeteaux, fond\u00e9e en 1098\"}]},{\"@type\":\"WebSite\",\"@id\":\"https:\/\/voyages-en-france.fr\/#website\",\"url\":\"https:\/\/voyages-en-france.fr\/\",\"name\":\"Voyages-en-France.fr\",\"description\":\"D\u00e9couvrir la France, son patrimoine, ses richesses naturelles, son histoire...\",\"publisher\":{\"@id\":\"https:\/\/voyages-en-france.fr\/#\/schema\/person\/611a624b57cd68dd2e4c3f7d385420e2\"},\"potentialAction\":[{\"@type\":\"SearchAction\",\"target\":{\"@type\":\"EntryPoint\",\"urlTemplate\":\"https:\/\/voyages-en-france.fr\/?s={search_term_string}\"},\"query-input\":{\"@type\":\"PropertyValueSpecification\",\"valueRequired\":true,\"valueName\":\"search_term_string\"}}],\"inLanguage\":\"fr-FR\"},{\"@type\":[\"Person\",\"Organization\"],\"@id\":\"https:\/\/voyages-en-france.fr\/#\/schema\/person\/611a624b57cd68dd2e4c3f7d385420e2\",\"name\":\"Christophe\",\"image\":{\"@type\":\"ImageObject\",\"inLanguage\":\"fr-FR\",\"@id\":\"https:\/\/voyages-en-france.fr\/#\/schema\/person\/image\/\",\"url\":\"https:\/\/i0.wp.com\/voyages-en-france.fr\/wp-content\/uploads\/2017\/11\/cropped-FRANCE-1.jpg?fit=324%2C324&ssl=1\",\"contentUrl\":\"https:\/\/i0.wp.com\/voyages-en-france.fr\/wp-content\/uploads\/2017\/11\/cropped-FRANCE-1.jpg?fit=324%2C324&ssl=1\",\"width\":324,\"height\":324,\"caption\":\"Christophe\"},\"logo\":{\"@id\":\"https:\/\/voyages-en-france.fr\/#\/schema\/person\/image\/\"},\"sameAs\":[\"http:\/\/voyages-en-france.fr\/\",\"https:\/\/www.facebook.com\/voyages.au.coeur.de.la.france\/\",\"https:\/\/www.instagram.com\/voyages_en_france\/\",\"https:\/\/x.com\/Voyages_France\"]}]}<\/script>\n<!-- \/ Yoast SEO plugin. -->","yoast_head_json":{"title":"Abbaye de C\u00eeteaux, fond\u00e9e en 1098 - Voyages-en-France.fr","description":"Abbaye de C\u00eeteaux, fond\u00e9e en 1098 abbaye % -","robots":{"index":"index","follow":"follow","max-snippet":"max-snippet:-1","max-image-preview":"max-image-preview:large","max-video-preview":"max-video-preview:-1"},"canonical":"https:\/\/voyages-en-france.fr\/index.php\/2018\/08\/17\/abbaye-de-citeaux-fondee-en-1098\/","og_locale":"fr_FR","og_type":"article","og_title":"Abbaye de C\u00eeteaux, fond\u00e9e en 1098 - Voyages-en-France.fr","og_description":"Abbaye de C\u00eeteaux, fond\u00e9e en 1098 abbaye % -","og_url":"https:\/\/voyages-en-france.fr\/index.php\/2018\/08\/17\/abbaye-de-citeaux-fondee-en-1098\/","og_site_name":"Voyages-en-France.fr","article_publisher":"https:\/\/www.facebook.com\/voyages.au.coeur.de.la.france\/","article_author":"https:\/\/www.facebook.com\/voyages.au.coeur.de.la.france\/","article_published_time":"2018-08-17T21:36:37+00:00","article_modified_time":"2019-02-02T14:18:54+00:00","og_image":[{"width":1642,"height":1094,"url":"https:\/\/i0.wp.com\/voyages-en-france.fr\/wp-content\/uploads\/2018\/08\/P1950923-35pc.jpg?fit=1642%2C1094&ssl=1","type":"image\/jpeg"}],"author":"Christophe","twitter_card":"summary_large_image","twitter_creator":"@Voyages_France","twitter_site":"@Voyages_France","twitter_misc":{"\u00c9crit par":"Christophe","Dur\u00e9e de lecture estim\u00e9e":"4 minutes"},"schema":{"@context":"https:\/\/schema.org","@graph":[{"@type":"Article","@id":"https:\/\/voyages-en-france.fr\/index.php\/2018\/08\/17\/abbaye-de-citeaux-fondee-en-1098\/#article","isPartOf":{"@id":"https:\/\/voyages-en-france.fr\/index.php\/2018\/08\/17\/abbaye-de-citeaux-fondee-en-1098\/"},"author":{"name":"Christophe","@id":"https:\/\/voyages-en-france.fr\/#\/schema\/person\/611a624b57cd68dd2e4c3f7d385420e2"},"headline":"Abbaye de C\u00eeteaux, fond\u00e9e en 1098","datePublished":"2018-08-17T21:36:37+00:00","dateModified":"2019-02-02T14:18:54+00:00","mainEntityOfPage":{"@id":"https:\/\/voyages-en-france.fr\/index.php\/2018\/08\/17\/abbaye-de-citeaux-fondee-en-1098\/"},"wordCount":790,"commentCount":0,"publisher":{"@id":"https:\/\/voyages-en-france.fr\/#\/schema\/person\/611a624b57cd68dd2e4c3f7d385420e2"},"image":{"@id":"https:\/\/voyages-en-france.fr\/index.php\/2018\/08\/17\/abbaye-de-citeaux-fondee-en-1098\/#primaryimage"},"thumbnailUrl":"https:\/\/i0.wp.com\/voyages-en-france.fr\/wp-content\/uploads\/2018\/08\/P1950923-35pc.jpg?fit=1642%2C1094&ssl=1","keywords":["21","Abbaye de C\u00eeteaux","Bourgogne","C\u00f4te d'Or","Saint Bernard"],"articleSection":["abbaye"],"inLanguage":"fr-FR","potentialAction":[{"@type":"CommentAction","name":"Comment","target":["https:\/\/voyages-en-france.fr\/index.php\/2018\/08\/17\/abbaye-de-citeaux-fondee-en-1098\/#respond"]}]},{"@type":"WebPage","@id":"https:\/\/voyages-en-france.fr\/index.php\/2018\/08\/17\/abbaye-de-citeaux-fondee-en-1098\/","url":"https:\/\/voyages-en-france.fr\/index.php\/2018\/08\/17\/abbaye-de-citeaux-fondee-en-1098\/","name":"Abbaye de C\u00eeteaux, fond\u00e9e en 1098 - Voyages-en-France.fr","isPartOf":{"@id":"https:\/\/voyages-en-france.fr\/#website"},"primaryImageOfPage":{"@id":"https:\/\/voyages-en-france.fr\/index.php\/2018\/08\/17\/abbaye-de-citeaux-fondee-en-1098\/#primaryimage"},"image":{"@id":"https:\/\/voyages-en-france.fr\/index.php\/2018\/08\/17\/abbaye-de-citeaux-fondee-en-1098\/#primaryimage"},"thumbnailUrl":"https:\/\/i0.wp.com\/voyages-en-france.fr\/wp-content\/uploads\/2018\/08\/P1950923-35pc.jpg?fit=1642%2C1094&ssl=1","datePublished":"2018-08-17T21:36:37+00:00","dateModified":"2019-02-02T14:18:54+00:00","description":"Abbaye de C\u00eeteaux, fond\u00e9e en 1098 abbaye % -","breadcrumb":{"@id":"https:\/\/voyages-en-france.fr\/index.php\/2018\/08\/17\/abbaye-de-citeaux-fondee-en-1098\/#breadcrumb"},"inLanguage":"fr-FR","potentialAction":[{"@type":"ReadAction","target":["https:\/\/voyages-en-france.fr\/index.php\/2018\/08\/17\/abbaye-de-citeaux-fondee-en-1098\/"]}]},{"@type":"ImageObject","inLanguage":"fr-FR","@id":"https:\/\/voyages-en-france.fr\/index.php\/2018\/08\/17\/abbaye-de-citeaux-fondee-en-1098\/#primaryimage","url":"https:\/\/i0.wp.com\/voyages-en-france.fr\/wp-content\/uploads\/2018\/08\/P1950923-35pc.jpg?fit=1642%2C1094&ssl=1","contentUrl":"https:\/\/i0.wp.com\/voyages-en-france.fr\/wp-content\/uploads\/2018\/08\/P1950923-35pc.jpg?fit=1642%2C1094&ssl=1","width":1642,"height":1094,"caption":"Abbaye de C\u00eeteaux"},{"@type":"BreadcrumbList","@id":"https:\/\/voyages-en-france.fr\/index.php\/2018\/08\/17\/abbaye-de-citeaux-fondee-en-1098\/#breadcrumb","itemListElement":[{"@type":"ListItem","position":1,"name":"Accueil","item":"https:\/\/voyages-en-france.fr\/"},{"@type":"ListItem","position":2,"name":"Abbaye de C\u00eeteaux, fond\u00e9e en 1098"}]},{"@type":"WebSite","@id":"https:\/\/voyages-en-france.fr\/#website","url":"https:\/\/voyages-en-france.fr\/","name":"Voyages-en-France.fr","description":"D\u00e9couvrir la France, son patrimoine, ses richesses naturelles, son histoire...","publisher":{"@id":"https:\/\/voyages-en-france.fr\/#\/schema\/person\/611a624b57cd68dd2e4c3f7d385420e2"},"potentialAction":[{"@type":"SearchAction","target":{"@type":"EntryPoint","urlTemplate":"https:\/\/voyages-en-france.fr\/?s={search_term_string}"},"query-input":{"@type":"PropertyValueSpecification","valueRequired":true,"valueName":"search_term_string"}}],"inLanguage":"fr-FR"},{"@type":["Person","Organization"],"@id":"https:\/\/voyages-en-france.fr\/#\/schema\/person\/611a624b57cd68dd2e4c3f7d385420e2","name":"Christophe","image":{"@type":"ImageObject","inLanguage":"fr-FR","@id":"https:\/\/voyages-en-france.fr\/#\/schema\/person\/image\/","url":"https:\/\/i0.wp.com\/voyages-en-france.fr\/wp-content\/uploads\/2017\/11\/cropped-FRANCE-1.jpg?fit=324%2C324&ssl=1","contentUrl":"https:\/\/i0.wp.com\/voyages-en-france.fr\/wp-content\/uploads\/2017\/11\/cropped-FRANCE-1.jpg?fit=324%2C324&ssl=1","width":324,"height":324,"caption":"Christophe"},"logo":{"@id":"https:\/\/voyages-en-france.fr\/#\/schema\/person\/image\/"},"sameAs":["http:\/\/voyages-en-france.fr\/","https:\/\/www.facebook.com\/voyages.au.coeur.de.la.france\/","https:\/\/www.instagram.com\/voyages_en_france\/","https:\/\/x.com\/Voyages_France"]}]}},"jetpack_publicize_connections":[],"jetpack_featured_media_url":"https:\/\/i0.wp.com\/voyages-en-france.fr\/wp-content\/uploads\/2018\/08\/P1950923-35pc.jpg?fit=1642%2C1094&ssl=1","jetpack_sharing_enabled":true,"jetpack_shortlink":"https:\/\/wp.me\/p9pWxx-jz","jetpack_likes_enabled":true,"_links":{"self":[{"href":"https:\/\/voyages-en-france.fr\/index.php\/wp-json\/wp\/v2\/posts\/1213","targetHints":{"allow":["GET"]}}],"collection":[{"href":"https:\/\/voyages-en-france.fr\/index.php\/wp-json\/wp\/v2\/posts"}],"about":[{"href":"https:\/\/voyages-en-france.fr\/index.php\/wp-json\/wp\/v2\/types\/post"}],"author":[{"embeddable":true,"href":"https:\/\/voyages-en-france.fr\/index.php\/wp-json\/wp\/v2\/users\/1"}],"replies":[{"embeddable":true,"href":"https:\/\/voyages-en-france.fr\/index.php\/wp-json\/wp\/v2\/comments?post=1213"}],"version-history":[{"count":5,"href":"https:\/\/voyages-en-france.fr\/index.php\/wp-json\/wp\/v2\/posts\/1213\/revisions"}],"predecessor-version":[{"id":1583,"href":"https:\/\/voyages-en-france.fr\/index.php\/wp-json\/wp\/v2\/posts\/1213\/revisions\/1583"}],"wp:featuredmedia":[{"embeddable":true,"href":"https:\/\/voyages-en-france.fr\/index.php\/wp-json\/wp\/v2\/media\/1218"}],"wp:attachment":[{"href":"https:\/\/voyages-en-france.fr\/index.php\/wp-json\/wp\/v2\/media?parent=1213"}],"wp:term":[{"taxonomy":"category","embeddable":true,"href":"https:\/\/voyages-en-france.fr\/index.php\/wp-json\/wp\/v2\/categories?post=1213"},{"taxonomy":"post_tag","embeddable":true,"href":"https:\/\/voyages-en-france.fr\/index.php\/wp-json\/wp\/v2\/tags?post=1213"}],"curies":[{"name":"wp","href":"https:\/\/api.w.org\/{rel}","templated":true}]}}